{"id":2630,"date":"2021-02-22T19:58:51","date_gmt":"2021-02-22T19:58:51","guid":{"rendered":"https:\/\/jbcnews.com.br\/?p=2630"},"modified":"2021-02-22T19:58:52","modified_gmt":"2021-02-22T19:58:52","slug":"pressionada-a-manter-prisao-de-deputado-relatora-diz-que-quer-ouvir-silveira-antes-da-decisao","status":"publish","type":"post","link":"https:\/\/jbcnews.com.br\/index.php\/2021\/02\/22\/pressionada-a-manter-prisao-de-deputado-relatora-diz-que-quer-ouvir-silveira-antes-da-decisao\/","title":{"rendered":"Pressionada a manter pris\u00e3o de deputado, relatora diz que quer ouvir Silveira antes da decis\u00e3o"},"content":{"rendered":"\n<p>(JBCNEWS &#8211; DF 22\/02 &#8211; Pressionada a sugerir a manuten\u00e7\u00e3o da pris\u00e3o do deputado Daniel Silveira (PSL-RJ) em seu parecer, a relatora do caso, Magda Mofatto (PL-GO) afirmou na tarde desta sexta-feira que quer ouvi-lo em plen\u00e1rio antes da decis\u00e3o, ela disse que o momento &#8220;exige cautela&#8221; e o caso \u00e9 &#8220;excepcional&#8221;.<\/p>\n\n\n\n<p>&#8211; Continuo reunida com a assessoria t\u00e9cnica, conversando, analisando, ainda n\u00e3o tenho o parecer definitivo. Inclusive, acho que eu deveria primeiro ouvir as palavras do deputado Daniel Silveira, que vai se defender por internet, por v\u00eddeo, durante a sess\u00e3o. Acho muito importante ouvir ele. Vai ser crucial &#8211; disse Magda a menos de duas horas da sess\u00e3o.<\/p>\n\n\n\n<p>Segundo a deputada, o momento exige &#8220;muita cautela&#8221;, pois o caso \u00e9 excepcional.<\/p>\n\n\n\n<p>&#8211; \u00c9 uma decis\u00e3o pol\u00edtica, um caso excepcional, a excepcionalidade est\u00e1 presente. Temos que analisar profundamente e n\u00e3o tomar uma decis\u00e3o precipitada &#8211; afirmou.<\/p>\n\n\n\n<p>A parlamentar foi indicada hoje pelo presidente da C\u00e2mara, Arthur Lira (PP-AL), e a decis\u00e3o pegou alguns congressistas de surpresa. Ontem, Lira havia sinalizado pelo nome de Carlos Sampaio (PSDB-SP). Assim como Mofatto deve fazer, Sampaio defenderia a manuten\u00e7\u00e3o da pris\u00e3o.<\/p>\n\n\n\n<p>O tucano e promotor licenciado do Minist\u00e9rio P\u00fablico de S\u00e3o Paulo, por\u00e9m, n\u00e3o aceitou a sugest\u00e3o de incluir em seu texto cr\u00edticas ao ativismo judicial e a ministros do Supremo Tribunal Federal (STF), como queriam os l\u00edderes do Centr\u00e3o. A discord\u00e2ncia levou a c\u00fapula da C\u00e2mara a procurar outro nome.<\/p>\n\n\n\n<p>A previs\u00e3o de lideran\u00e7as do Centr\u00e3o \u00e9 de que Mofatto ir\u00e1 delimitar que a pris\u00e3o de um deputado em flagrante \u00e9 uma situa\u00e7\u00e3o excepcional, dando um recado de que o Supremo n\u00e3o pode invadir as atribui\u00e7\u00f5es da C\u00e2mara dos Deputados. A ideia \u00e9 defender a pris\u00e3o, mas fazer uma defesa corporativa dos interesses dos deputados em casos como esses.<\/p>\n\n\n\n<p>Sobre a indica\u00e7\u00e3o, Magda deixou claro que n\u00e3o partiu dela a iniciativa de pleitear o posto:<\/p>\n\n\n\n<p>&#8211; Como deputada federal que sou, eu tenho que estar \u00e0 disposi\u00e7\u00e3o e, sendo escolhida, tenho que fazer a minha parte. N\u00e3o me coloquei \u00e0 disposi\u00e7\u00e3o (nesse caso), mas com certeza meu nome sempre estar\u00e1 \u00e0 disposi\u00e7\u00e3o do Congresso. A tarefa do parlamentar \u00e9 estar presente.<\/p>\n\n\n\n<p>Ao longo do dia, a bancada do PL, partido de Magda, manteve um cen\u00e1rio indefinido sobre a postura na vota\u00e7\u00e3o. Os debates ocorreram por um grupo de WhatsApp da bancada. De acordo com um dos integrantes, a posi\u00e7\u00e3o ser\u00e1 definida at\u00e9 o momento de apresentar o relat\u00f3rio.<\/p>\n","protected":false},"excerpt":{"rendered":"<p>(JBCNEWS &#8211; DF 22\/02 &#8211; Pressionada a sugerir a manuten\u00e7\u00e3o da pris\u00e3o do deputado Daniel Silveira (PSL-RJ) em seu parecer, a relatora do caso, Magda Mofatto<span class=\"excerpt-hellip\"> [\u2026]<\/span><\/p>\n","protected":false},"author":1,"featured_media":2631,"comment_status":"open","ping_status":"open","sticky":false,"template":"","format":"standard","meta":{"footnotes":""},"categories":[20],"tags":[],"yoast_head":"<!-- This site is optimized with the Yoast SEO plugin v22.6 - https:\/\/yoast.com\/wordpress\/plugins\/seo\/ -->\n<title>Pressionada a manter pris\u00e3o de deputado, relatora diz que quer ouvir Silveira antes da decis\u00e3o - JBCNews<\/title>\n<meta name=\"robots\" content=\"index, follow, max-snippet:-1, max-image-preview:large, max-video-preview:-1\" \/>\n<link rel=\"canonical\" href=\"https:\/\/jbcnews.com.br\/index.php\/2021\/02\/22\/pressionada-a-manter-prisao-de-deputado-relatora-diz-que-quer-ouvir-silveira-antes-da-decisao\/\" \/>\n<meta property=\"og:locale\" content=\"pt_BR\" \/>\n<meta property=\"og:type\" content=\"article\" \/>\n<meta property=\"og:title\" content=\"Pressionada a manter pris\u00e3o de deputado, relatora diz que quer ouvir Silveira antes da decis\u00e3o - JBCNews\" \/>\n<meta property=\"og:description\" content=\"(JBCNEWS &#8211; DF 22\/02 &#8211; Pressionada a sugerir a manuten\u00e7\u00e3o da pris\u00e3o do deputado Daniel Silveira (PSL-RJ) em seu parecer, a relatora do caso, Magda Mofatto [\u2026]\" \/>\n<meta property=\"og:url\" content=\"https:\/\/jbcnews.com.br\/index.php\/2021\/02\/22\/pressionada-a-manter-prisao-de-deputado-relatora-diz-que-quer-ouvir-silveira-antes-da-decisao\/\" \/>\n<meta property=\"og:site_name\" content=\"JBCNews\" \/>\n<meta property=\"article:published_time\" content=\"2021-02-22T19:58:51+00:00\" \/>\n<meta property=\"article:modified_time\" content=\"2021-02-22T19:58:52+00:00\" \/>\n<meta property=\"og:image\" content=\"https:\/\/jbcnews.com.br\/wp-content\/uploads\/2021\/02\/imagem-48.png\" \/>\n\t<meta property=\"og:image:width\" content=\"959\" \/>\n\t<meta property=\"og:image:height\" content=\"417\" \/>\n\t<meta property=\"og:image:type\" content=\"image\/png\" \/>\n<meta name=\"author\" content=\"admin\" \/>\n<meta name=\"twitter:card\" content=\"summary_large_image\" \/>\n<meta name=\"twitter:label1\" content=\"Escrito por\" \/>\n\t<meta name=\"twitter:data1\" content=\"admin\" \/>\n\t<meta name=\"twitter:label2\" content=\"Est. tempo de leitura\" \/>\n\t<meta name=\"twitter:data2\" content=\"2 minutos\" \/>\n<script type=\"application\/ld+json\" class=\"yoast-schema-graph\">{\"@context\":\"https:\/\/schema.org\",\"@graph\":[{\"@type\":\"WebPage\",\"@id\":\"https:\/\/jbcnews.com.br\/index.php\/2021\/02\/22\/pressionada-a-manter-prisao-de-deputado-relatora-diz-que-quer-ouvir-silveira-antes-da-decisao\/\",\"url\":\"https:\/\/jbcnews.com.br\/index.php\/2021\/02\/22\/pressionada-a-manter-prisao-de-deputado-relatora-diz-que-quer-ouvir-silveira-antes-da-decisao\/\",\"name\":\"Pressionada a manter pris\u00e3o de deputado, relatora diz que quer ouvir Silveira antes da decis\u00e3o - JBCNews\",\"isPartOf\":{\"@id\":\"https:\/\/jbcnews.com.br\/#website\"},\"primaryImageOfPage\":{\"@id\":\"https:\/\/jbcnews.com.br\/index.php\/2021\/02\/22\/pressionada-a-manter-prisao-de-deputado-relatora-diz-que-quer-ouvir-silveira-antes-da-decisao\/#primaryimage\"},\"image\":{\"@id\":\"https:\/\/jbcnews.com.br\/index.php\/2021\/02\/22\/pressionada-a-manter-prisao-de-deputado-relatora-diz-que-quer-ouvir-silveira-antes-da-decisao\/#primaryimage\"},\"thumbnailUrl\":\"https:\/\/jbcnews.com.br\/wp-content\/uploads\/2021\/02\/imagem-48.png\",\"datePublished\":\"2021-02-22T19:58:51+00:00\",\"dateModified\":\"2021-02-22T19:58:52+00:00\",\"author\":{\"@id\":\"https:\/\/jbcnews.com.br\/#\/schema\/person\/3b597ec20ccf92d0adc436057caf9bbe\"},\"breadcrumb\":{\"@id\":\"https:\/\/jbcnews.com.br\/index.php\/2021\/02\/22\/pressionada-a-manter-prisao-de-deputado-relatora-diz-que-quer-ouvir-silveira-antes-da-decisao\/#breadcrumb\"},\"inLanguage\":\"pt-BR\",\"potentialAction\":[{\"@type\":\"ReadAction\",\"target\":[\"https:\/\/jbcnews.com.br\/index.php\/2021\/02\/22\/pressionada-a-manter-prisao-de-deputado-relatora-diz-que-quer-ouvir-silveira-antes-da-decisao\/\"]}]},{\"@type\":\"ImageObject\",\"inLanguage\":\"pt-BR\",\"@id\":\"https:\/\/jbcnews.com.br\/index.php\/2021\/02\/22\/pressionada-a-manter-prisao-de-deputado-relatora-diz-que-quer-ouvir-silveira-antes-da-decisao\/#primaryimage\",\"url\":\"https:\/\/jbcnews.com.br\/wp-content\/uploads\/2021\/02\/imagem-48.png\",\"contentUrl\":\"https:\/\/jbcnews.com.br\/wp-content\/uploads\/2021\/02\/imagem-48.png\",\"width\":959,\"height\":417},{\"@type\":\"BreadcrumbList\",\"@id\":\"https:\/\/jbcnews.com.br\/index.php\/2021\/02\/22\/pressionada-a-manter-prisao-de-deputado-relatora-diz-que-quer-ouvir-silveira-antes-da-decisao\/#breadcrumb\",\"itemListElement\":[{\"@type\":\"ListItem\",\"position\":1,\"name\":\"In\u00edcio\",\"item\":\"https:\/\/jbcnews.com.br\/\"},{\"@type\":\"ListItem\",\"position\":2,\"name\":\"Pressionada a manter pris\u00e3o de deputado, relatora diz que quer ouvir Silveira antes da decis\u00e3o\"}]},{\"@type\":\"WebSite\",\"@id\":\"https:\/\/jbcnews.com.br\/#website\",\"url\":\"https:\/\/jbcnews.com.br\/\",\"name\":\"JBCNews\",\"description\":\"Comunica\u00e7\u00e3o e Cultura\",\"potentialAction\":[{\"@type\":\"SearchAction\",\"target\":{\"@type\":\"EntryPoint\",\"urlTemplate\":\"https:\/\/jbcnews.com.br\/?s={search_term_string}\"},\"query-input\":\"required name=search_term_string\"}],\"inLanguage\":\"pt-BR\"},{\"@type\":\"Person\",\"@id\":\"https:\/\/jbcnews.com.br\/#\/schema\/person\/3b597ec20ccf92d0adc436057caf9bbe\",\"name\":\"admin\",\"image\":{\"@type\":\"ImageObject\",\"inLanguage\":\"pt-BR\",\"@id\":\"https:\/\/jbcnews.com.br\/#\/schema\/person\/image\/\",\"url\":\"https:\/\/secure.gravatar.com\/avatar\/fe848d2435b65c3ed1cdd3a8e8f3bb2d?s=96&d=mm&r=g\",\"contentUrl\":\"https:\/\/secure.gravatar.com\/avatar\/fe848d2435b65c3ed1cdd3a8e8f3bb2d?s=96&d=mm&r=g\",\"caption\":\"admin\"},\"sameAs\":[\"https:\/\/jbcnews.com.br\"],\"url\":\"https:\/\/jbcnews.com.br\/index.php\/author\/jbcnews\/\"}]}<\/script>\n<!-- \/ Yoast SEO plugin. -->","yoast_head_json":{"title":"Pressionada a manter pris\u00e3o de deputado, relatora diz que quer ouvir Silveira antes da decis\u00e3o - JBCNews","robots":{"index":"index","follow":"follow","max-snippet":"max-snippet:-1","max-image-preview":"max-image-preview:large","max-video-preview":"max-video-preview:-1"},"canonical":"https:\/\/jbcnews.com.br\/index.php\/2021\/02\/22\/pressionada-a-manter-prisao-de-deputado-relatora-diz-que-quer-ouvir-silveira-antes-da-decisao\/","og_locale":"pt_BR","og_type":"article","og_title":"Pressionada a manter pris\u00e3o de deputado, relatora diz que quer ouvir Silveira antes da decis\u00e3o - JBCNews","og_description":"(JBCNEWS &#8211; DF 22\/02 &#8211; Pressionada a sugerir a manuten\u00e7\u00e3o da pris\u00e3o do deputado Daniel Silveira (PSL-RJ) em seu parecer, a relatora do caso, Magda Mofatto [\u2026]","og_url":"https:\/\/jbcnews.com.br\/index.php\/2021\/02\/22\/pressionada-a-manter-prisao-de-deputado-relatora-diz-que-quer-ouvir-silveira-antes-da-decisao\/","og_site_name":"JBCNews","article_published_time":"2021-02-22T19:58:51+00:00","article_modified_time":"2021-02-22T19:58:52+00:00","og_image":[{"width":959,"height":417,"url":"https:\/\/jbcnews.com.br\/wp-content\/uploads\/2021\/02\/imagem-48.png","type":"image\/png"}],"author":"admin","twitter_card":"summary_large_image","twitter_misc":{"Escrito por":"admin","Est. tempo de leitura":"2 minutos"},"schema":{"@context":"https:\/\/schema.org","@graph":[{"@type":"WebPage","@id":"https:\/\/jbcnews.com.br\/index.php\/2021\/02\/22\/pressionada-a-manter-prisao-de-deputado-relatora-diz-que-quer-ouvir-silveira-antes-da-decisao\/","url":"https:\/\/jbcnews.com.br\/index.php\/2021\/02\/22\/pressionada-a-manter-prisao-de-deputado-relatora-diz-que-quer-ouvir-silveira-antes-da-decisao\/","name":"Pressionada a manter pris\u00e3o de deputado, relatora diz que quer ouvir Silveira antes da decis\u00e3o - JBCNews","isPartOf":{"@id":"https:\/\/jbcnews.com.br\/#website"},"primaryImageOfPage":{"@id":"https:\/\/jbcnews.com.br\/index.php\/2021\/02\/22\/pressionada-a-manter-prisao-de-deputado-relatora-diz-que-quer-ouvir-silveira-antes-da-decisao\/#primaryimage"},"image":{"@id":"https:\/\/jbcnews.com.br\/index.php\/2021\/02\/22\/pressionada-a-manter-prisao-de-deputado-relatora-diz-que-quer-ouvir-silveira-antes-da-decisao\/#primaryimage"},"thumbnailUrl":"https:\/\/jbcnews.com.br\/wp-content\/uploads\/2021\/02\/imagem-48.png","datePublished":"2021-02-22T19:58:51+00:00","dateModified":"2021-02-22T19:58:52+00:00","author":{"@id":"https:\/\/jbcnews.com.br\/#\/schema\/person\/3b597ec20ccf92d0adc436057caf9bbe"},"breadcrumb":{"@id":"https:\/\/jbcnews.com.br\/index.php\/2021\/02\/22\/pressionada-a-manter-prisao-de-deputado-relatora-diz-que-quer-ouvir-silveira-antes-da-decisao\/#breadcrumb"},"inLanguage":"pt-BR","potentialAction":[{"@type":"ReadAction","target":["https:\/\/jbcnews.com.br\/index.php\/2021\/02\/22\/pressionada-a-manter-prisao-de-deputado-relatora-diz-que-quer-ouvir-silveira-antes-da-decisao\/"]}]},{"@type":"ImageObject","inLanguage":"pt-BR","@id":"https:\/\/jbcnews.com.br\/index.php\/2021\/02\/22\/pressionada-a-manter-prisao-de-deputado-relatora-diz-que-quer-ouvir-silveira-antes-da-decisao\/#primaryimage","url":"https:\/\/jbcnews.com.br\/wp-content\/uploads\/2021\/02\/imagem-48.png","contentUrl":"https:\/\/jbcnews.com.br\/wp-content\/uploads\/2021\/02\/imagem-48.png","width":959,"height":417},{"@type":"BreadcrumbList","@id":"https:\/\/jbcnews.com.br\/index.php\/2021\/02\/22\/pressionada-a-manter-prisao-de-deputado-relatora-diz-que-quer-ouvir-silveira-antes-da-decisao\/#breadcrumb","itemListElement":[{"@type":"ListItem","position":1,"name":"In\u00edcio","item":"https:\/\/jbcnews.com.br\/"},{"@type":"ListItem","position":2,"name":"Pressionada a manter pris\u00e3o de deputado, relatora diz que quer ouvir Silveira antes da decis\u00e3o"}]},{"@type":"WebSite","@id":"https:\/\/jbcnews.com.br\/#website","url":"https:\/\/jbcnews.com.br\/","name":"JBCNews","description":"Comunica\u00e7\u00e3o e Cultura","potentialAction":[{"@type":"SearchAction","target":{"@type":"EntryPoint","urlTemplate":"https:\/\/jbcnews.com.br\/?s={search_term_string}"},"query-input":"required name=search_term_string"}],"inLanguage":"pt-BR"},{"@type":"Person","@id":"https:\/\/jbcnews.com.br\/#\/schema\/person\/3b597ec20ccf92d0adc436057caf9bbe","name":"admin","image":{"@type":"ImageObject","inLanguage":"pt-BR","@id":"https:\/\/jbcnews.com.br\/#\/schema\/person\/image\/","url":"https:\/\/secure.gravatar.com\/avatar\/fe848d2435b65c3ed1cdd3a8e8f3bb2d?s=96&d=mm&r=g","contentUrl":"https:\/\/secure.gravatar.com\/avatar\/fe848d2435b65c3ed1cdd3a8e8f3bb2d?s=96&d=mm&r=g","caption":"admin"},"sameAs":["https:\/\/jbcnews.com.br"],"url":"https:\/\/jbcnews.com.br\/index.php\/author\/jbcnews\/"}]}},"_links":{"self":[{"href":"https:\/\/jbcnews.com.br\/index.php\/wp-json\/wp\/v2\/posts\/2630"}],"collection":[{"href":"https:\/\/jbcnews.com.br\/index.php\/wp-json\/wp\/v2\/posts"}],"about":[{"href":"https:\/\/jbcnews.com.br\/index.php\/wp-json\/wp\/v2\/types\/post"}],"author":[{"embeddable":true,"href":"https:\/\/jbcnews.com.br\/index.php\/wp-json\/wp\/v2\/users\/1"}],"replies":[{"embeddable":true,"href":"https:\/\/jbcnews.com.br\/index.php\/wp-json\/wp\/v2\/comments?post=2630"}],"version-history":[{"count":1,"href":"https:\/\/jbcnews.com.br\/index.php\/wp-json\/wp\/v2\/posts\/2630\/revisions"}],"predecessor-version":[{"id":2632,"href":"https:\/\/jbcnews.com.br\/index.php\/wp-json\/wp\/v2\/posts\/2630\/revisions\/2632"}],"wp:featuredmedia":[{"embeddable":true,"href":"https:\/\/jbcnews.com.br\/index.php\/wp-json\/wp\/v2\/media\/2631"}],"wp:attachment":[{"href":"https:\/\/jbcnews.com.br\/index.php\/wp-json\/wp\/v2\/media?parent=2630"}],"wp:term":[{"taxonomy":"category","embeddable":true,"href":"https:\/\/jbcnews.com.br\/index.php\/wp-json\/wp\/v2\/categories?post=2630"},{"taxonomy":"post_tag","embeddable":true,"href":"https:\/\/jbcnews.com.br\/index.php\/wp-json\/wp\/v2\/tags?post=2630"}],"curies":[{"name":"wp","href":"https:\/\/api.w.org\/{rel}","templated":true}]}}