{"id":2627,"date":"2021-02-22T19:57:28","date_gmt":"2021-02-22T19:57:28","guid":{"rendered":"https:\/\/jbcnews.com.br\/?p=2627"},"modified":"2021-02-22T19:57:31","modified_gmt":"2021-02-22T19:57:31","slug":"por-que-fala-de-bolsonaro-sobre-petrobras-abre-nova-crise-para-o-presidente","status":"publish","type":"post","link":"https:\/\/jbcnews.com.br\/index.php\/2021\/02\/22\/por-que-fala-de-bolsonaro-sobre-petrobras-abre-nova-crise-para-o-presidente\/","title":{"rendered":"Por que fala de Bolsonaro sobre Petrobras abre nova crise para o presidente"},"content":{"rendered":"\n<p>Ap\u00f3s reafirmar que faria &#8220;mudan\u00e7as&#8221; na Petrobras diante dos reajustes no pre\u00e7o dos combust\u00edveis, o presidente\u00a0<strong>Jair Bolsonaro<\/strong>\u00a0anunciou nesta sexta (19\/02) a substitui\u00e7\u00e3o do atual presidente da companhia, Roberto Castello Branco, pelo general Joaquim Silva e Luna.<\/p>\n\n\n\n<p>Bolsonaro j\u00e1 havia criticado a empresa na quinta, durante uma live nas redes sociais, chamando de &#8220;excessivos&#8221; e &#8220;fora da curva&#8221; os aumentos anunciados horas antes pela estatal, que segue uma pol\u00edtica de pre\u00e7os baseada no mercado internacional.<\/p>\n\n\n\n<p>A gasolina e o \u00f3leo diesel ficaram, respectivamente, R $0,23 e R $0,34 mais caros \u2014 o litro nas refinarias passou a custar R $2,48 no caso do primeiro e, no do diesel, R $2,58. Ao comunicar o reajuste, a Petrobras afirmou que ele &#8220;\u00e9 fundamental para garantir que o mercado brasileiro siga sendo suprido sem riscos de desabastecimento pelos diferentes atores respons\u00e1veis pelo atendimento \u00e0s diversas regi\u00f5es brasileiras&#8221;.<\/p>\n\n\n\n<p>Bolsonaro chegou a dizer na sexta, em visita \u00e0 cidade de Sert\u00e2nia, em Pernambuco, que &#8220;jamais&#8221; interferiria &#8220;nesta grande empresa e na sua pol\u00edtica de pre\u00e7os, mas o povo n\u00e3o pode ser surpreendido com certos reajustes&#8221;.<\/p>\n\n\n\n<p>Os coment\u00e1rios do presidente foram mal recebidos pelo mercado: as a\u00e7\u00f5es da empresa na bolsa fecharam o preg\u00e3o em queda de quase 8%, ainda antes do an\u00fancio do militar como substituto de Castello Branco.<\/p>\n\n\n\n<p>O mau humor se deve em parte \u00e0 experi\u00eancia recente de interfer\u00eancia do governo na estatal.<\/p>\n\n\n\n<p>Entre 2011 e 2015, durante a gest\u00e3o Dilma Rousseff (PT), a varia\u00e7\u00e3o dos pre\u00e7os internacionais era repassada de forma defasada aos combust\u00edveis no pa\u00eds, um mecanismo usado para tentar segurar o aumento da infla\u00e7\u00e3o.<\/p>\n","protected":false},"excerpt":{"rendered":"<p>Ap\u00f3s reafirmar que faria &#8220;mudan\u00e7as&#8221; na Petrobras diante dos reajustes no pre\u00e7o dos combust\u00edveis, o presidente\u00a0Jair Bolsonaro\u00a0anunciou nesta sexta (19\/02) a substitui\u00e7\u00e3o do atual presidente da<span class=\"excerpt-hellip\"> [\u2026]<\/span><\/p>\n","protected":false},"author":1,"featured_media":2628,"comment_status":"open","ping_status":"open","sticky":false,"template":"","format":"standard","meta":{"footnotes":""},"categories":[20],"tags":[],"yoast_head":"<!-- This site is optimized with the Yoast SEO plugin v22.6 - https:\/\/yoast.com\/wordpress\/plugins\/seo\/ -->\n<title>Por que fala de Bolsonaro sobre Petrobras abre nova crise para o presidente - JBCNews<\/title>\n<meta name=\"robots\" content=\"index, follow, max-snippet:-1, max-image-preview:large, max-video-preview:-1\" \/>\n<link rel=\"canonical\" href=\"https:\/\/jbcnews.com.br\/index.php\/2021\/02\/22\/por-que-fala-de-bolsonaro-sobre-petrobras-abre-nova-crise-para-o-presidente\/\" \/>\n<meta property=\"og:locale\" content=\"pt_BR\" \/>\n<meta property=\"og:type\" content=\"article\" \/>\n<meta property=\"og:title\" content=\"Por que fala de Bolsonaro sobre Petrobras abre nova crise para o presidente - JBCNews\" \/>\n<meta property=\"og:description\" content=\"Ap\u00f3s reafirmar que faria &#8220;mudan\u00e7as&#8221; na Petrobras diante dos reajustes no pre\u00e7o dos combust\u00edveis, o presidente\u00a0Jair Bolsonaro\u00a0anunciou nesta sexta (19\/02) a substitui\u00e7\u00e3o do atual presidente da [\u2026]\" \/>\n<meta property=\"og:url\" content=\"https:\/\/jbcnews.com.br\/index.php\/2021\/02\/22\/por-que-fala-de-bolsonaro-sobre-petrobras-abre-nova-crise-para-o-presidente\/\" \/>\n<meta property=\"og:site_name\" content=\"JBCNews\" \/>\n<meta property=\"article:published_time\" content=\"2021-02-22T19:57:28+00:00\" \/>\n<meta property=\"article:modified_time\" content=\"2021-02-22T19:57:31+00:00\" \/>\n<meta property=\"og:image\" content=\"https:\/\/jbcnews.com.br\/wp-content\/uploads\/2021\/02\/imagem-47.png\" \/>\n\t<meta property=\"og:image:width\" content=\"960\" \/>\n\t<meta property=\"og:image:height\" content=\"540\" \/>\n\t<meta property=\"og:image:type\" content=\"image\/png\" \/>\n<meta name=\"author\" content=\"admin\" \/>\n<meta name=\"twitter:card\" content=\"summary_large_image\" \/>\n<meta name=\"twitter:label1\" content=\"Escrito por\" \/>\n\t<meta name=\"twitter:data1\" content=\"admin\" \/>\n\t<meta name=\"twitter:label2\" content=\"Est. tempo de leitura\" \/>\n\t<meta name=\"twitter:data2\" content=\"1 minuto\" \/>\n<script type=\"application\/ld+json\" class=\"yoast-schema-graph\">{\"@context\":\"https:\/\/schema.org\",\"@graph\":[{\"@type\":\"WebPage\",\"@id\":\"https:\/\/jbcnews.com.br\/index.php\/2021\/02\/22\/por-que-fala-de-bolsonaro-sobre-petrobras-abre-nova-crise-para-o-presidente\/\",\"url\":\"https:\/\/jbcnews.com.br\/index.php\/2021\/02\/22\/por-que-fala-de-bolsonaro-sobre-petrobras-abre-nova-crise-para-o-presidente\/\",\"name\":\"Por que fala de Bolsonaro sobre Petrobras abre nova crise para o presidente - JBCNews\",\"isPartOf\":{\"@id\":\"https:\/\/jbcnews.com.br\/#website\"},\"primaryImageOfPage\":{\"@id\":\"https:\/\/jbcnews.com.br\/index.php\/2021\/02\/22\/por-que-fala-de-bolsonaro-sobre-petrobras-abre-nova-crise-para-o-presidente\/#primaryimage\"},\"image\":{\"@id\":\"https:\/\/jbcnews.com.br\/index.php\/2021\/02\/22\/por-que-fala-de-bolsonaro-sobre-petrobras-abre-nova-crise-para-o-presidente\/#primaryimage\"},\"thumbnailUrl\":\"https:\/\/jbcnews.com.br\/wp-content\/uploads\/2021\/02\/imagem-47.png\",\"datePublished\":\"2021-02-22T19:57:28+00:00\",\"dateModified\":\"2021-02-22T19:57:31+00:00\",\"author\":{\"@id\":\"https:\/\/jbcnews.com.br\/#\/schema\/person\/3b597ec20ccf92d0adc436057caf9bbe\"},\"breadcrumb\":{\"@id\":\"https:\/\/jbcnews.com.br\/index.php\/2021\/02\/22\/por-que-fala-de-bolsonaro-sobre-petrobras-abre-nova-crise-para-o-presidente\/#breadcrumb\"},\"inLanguage\":\"pt-BR\",\"potentialAction\":[{\"@type\":\"ReadAction\",\"target\":[\"https:\/\/jbcnews.com.br\/index.php\/2021\/02\/22\/por-que-fala-de-bolsonaro-sobre-petrobras-abre-nova-crise-para-o-presidente\/\"]}]},{\"@type\":\"ImageObject\",\"inLanguage\":\"pt-BR\",\"@id\":\"https:\/\/jbcnews.com.br\/index.php\/2021\/02\/22\/por-que-fala-de-bolsonaro-sobre-petrobras-abre-nova-crise-para-o-presidente\/#primaryimage\",\"url\":\"https:\/\/jbcnews.com.br\/wp-content\/uploads\/2021\/02\/imagem-47.png\",\"contentUrl\":\"https:\/\/jbcnews.com.br\/wp-content\/uploads\/2021\/02\/imagem-47.png\",\"width\":960,\"height\":540},{\"@type\":\"BreadcrumbList\",\"@id\":\"https:\/\/jbcnews.com.br\/index.php\/2021\/02\/22\/por-que-fala-de-bolsonaro-sobre-petrobras-abre-nova-crise-para-o-presidente\/#breadcrumb\",\"itemListElement\":[{\"@type\":\"ListItem\",\"position\":1,\"name\":\"In\u00edcio\",\"item\":\"https:\/\/jbcnews.com.br\/\"},{\"@type\":\"ListItem\",\"position\":2,\"name\":\"Por que fala de Bolsonaro sobre Petrobras abre nova crise para o presidente\"}]},{\"@type\":\"WebSite\",\"@id\":\"https:\/\/jbcnews.com.br\/#website\",\"url\":\"https:\/\/jbcnews.com.br\/\",\"name\":\"JBCNews\",\"description\":\"Comunica\u00e7\u00e3o e Cultura\",\"potentialAction\":[{\"@type\":\"SearchAction\",\"target\":{\"@type\":\"EntryPoint\",\"urlTemplate\":\"https:\/\/jbcnews.com.br\/?s={search_term_string}\"},\"query-input\":\"required name=search_term_string\"}],\"inLanguage\":\"pt-BR\"},{\"@type\":\"Person\",\"@id\":\"https:\/\/jbcnews.com.br\/#\/schema\/person\/3b597ec20ccf92d0adc436057caf9bbe\",\"name\":\"admin\",\"image\":{\"@type\":\"ImageObject\",\"inLanguage\":\"pt-BR\",\"@id\":\"https:\/\/jbcnews.com.br\/#\/schema\/person\/image\/\",\"url\":\"https:\/\/secure.gravatar.com\/avatar\/fe848d2435b65c3ed1cdd3a8e8f3bb2d?s=96&d=mm&r=g\",\"contentUrl\":\"https:\/\/secure.gravatar.com\/avatar\/fe848d2435b65c3ed1cdd3a8e8f3bb2d?s=96&d=mm&r=g\",\"caption\":\"admin\"},\"sameAs\":[\"https:\/\/jbcnews.com.br\"],\"url\":\"https:\/\/jbcnews.com.br\/index.php\/author\/jbcnews\/\"}]}<\/script>\n<!-- \/ Yoast SEO plugin. -->","yoast_head_json":{"title":"Por que fala de Bolsonaro sobre Petrobras abre nova crise para o presidente - JBCNews","robots":{"index":"index","follow":"follow","max-snippet":"max-snippet:-1","max-image-preview":"max-image-preview:large","max-video-preview":"max-video-preview:-1"},"canonical":"https:\/\/jbcnews.com.br\/index.php\/2021\/02\/22\/por-que-fala-de-bolsonaro-sobre-petrobras-abre-nova-crise-para-o-presidente\/","og_locale":"pt_BR","og_type":"article","og_title":"Por que fala de Bolsonaro sobre Petrobras abre nova crise para o presidente - JBCNews","og_description":"Ap\u00f3s reafirmar que faria &#8220;mudan\u00e7as&#8221; na Petrobras diante dos reajustes no pre\u00e7o dos combust\u00edveis, o presidente\u00a0Jair Bolsonaro\u00a0anunciou nesta sexta (19\/02) a substitui\u00e7\u00e3o do atual presidente da [\u2026]","og_url":"https:\/\/jbcnews.com.br\/index.php\/2021\/02\/22\/por-que-fala-de-bolsonaro-sobre-petrobras-abre-nova-crise-para-o-presidente\/","og_site_name":"JBCNews","article_published_time":"2021-02-22T19:57:28+00:00","article_modified_time":"2021-02-22T19:57:31+00:00","og_image":[{"width":960,"height":540,"url":"https:\/\/jbcnews.com.br\/wp-content\/uploads\/2021\/02\/imagem-47.png","type":"image\/png"}],"author":"admin","twitter_card":"summary_large_image","twitter_misc":{"Escrito por":"admin","Est. tempo de leitura":"1 minuto"},"schema":{"@context":"https:\/\/schema.org","@graph":[{"@type":"WebPage","@id":"https:\/\/jbcnews.com.br\/index.php\/2021\/02\/22\/por-que-fala-de-bolsonaro-sobre-petrobras-abre-nova-crise-para-o-presidente\/","url":"https:\/\/jbcnews.com.br\/index.php\/2021\/02\/22\/por-que-fala-de-bolsonaro-sobre-petrobras-abre-nova-crise-para-o-presidente\/","name":"Por que fala de Bolsonaro sobre Petrobras abre nova crise para o presidente - JBCNews","isPartOf":{"@id":"https:\/\/jbcnews.com.br\/#website"},"primaryImageOfPage":{"@id":"https:\/\/jbcnews.com.br\/index.php\/2021\/02\/22\/por-que-fala-de-bolsonaro-sobre-petrobras-abre-nova-crise-para-o-presidente\/#primaryimage"},"image":{"@id":"https:\/\/jbcnews.com.br\/index.php\/2021\/02\/22\/por-que-fala-de-bolsonaro-sobre-petrobras-abre-nova-crise-para-o-presidente\/#primaryimage"},"thumbnailUrl":"https:\/\/jbcnews.com.br\/wp-content\/uploads\/2021\/02\/imagem-47.png","datePublished":"2021-02-22T19:57:28+00:00","dateModified":"2021-02-22T19:57:31+00:00","author":{"@id":"https:\/\/jbcnews.com.br\/#\/schema\/person\/3b597ec20ccf92d0adc436057caf9bbe"},"breadcrumb":{"@id":"https:\/\/jbcnews.com.br\/index.php\/2021\/02\/22\/por-que-fala-de-bolsonaro-sobre-petrobras-abre-nova-crise-para-o-presidente\/#breadcrumb"},"inLanguage":"pt-BR","potentialAction":[{"@type":"ReadAction","target":["https:\/\/jbcnews.com.br\/index.php\/2021\/02\/22\/por-que-fala-de-bolsonaro-sobre-petrobras-abre-nova-crise-para-o-presidente\/"]}]},{"@type":"ImageObject","inLanguage":"pt-BR","@id":"https:\/\/jbcnews.com.br\/index.php\/2021\/02\/22\/por-que-fala-de-bolsonaro-sobre-petrobras-abre-nova-crise-para-o-presidente\/#primaryimage","url":"https:\/\/jbcnews.com.br\/wp-content\/uploads\/2021\/02\/imagem-47.png","contentUrl":"https:\/\/jbcnews.com.br\/wp-content\/uploads\/2021\/02\/imagem-47.png","width":960,"height":540},{"@type":"BreadcrumbList","@id":"https:\/\/jbcnews.com.br\/index.php\/2021\/02\/22\/por-que-fala-de-bolsonaro-sobre-petrobras-abre-nova-crise-para-o-presidente\/#breadcrumb","itemListElement":[{"@type":"ListItem","position":1,"name":"In\u00edcio","item":"https:\/\/jbcnews.com.br\/"},{"@type":"ListItem","position":2,"name":"Por que fala de Bolsonaro sobre Petrobras abre nova crise para o presidente"}]},{"@type":"WebSite","@id":"https:\/\/jbcnews.com.br\/#website","url":"https:\/\/jbcnews.com.br\/","name":"JBCNews","description":"Comunica\u00e7\u00e3o e Cultura","potentialAction":[{"@type":"SearchAction","target":{"@type":"EntryPoint","urlTemplate":"https:\/\/jbcnews.com.br\/?s={search_term_string}"},"query-input":"required name=search_term_string"}],"inLanguage":"pt-BR"},{"@type":"Person","@id":"https:\/\/jbcnews.com.br\/#\/schema\/person\/3b597ec20ccf92d0adc436057caf9bbe","name":"admin","image":{"@type":"ImageObject","inLanguage":"pt-BR","@id":"https:\/\/jbcnews.com.br\/#\/schema\/person\/image\/","url":"https:\/\/secure.gravatar.com\/avatar\/fe848d2435b65c3ed1cdd3a8e8f3bb2d?s=96&d=mm&r=g","contentUrl":"https:\/\/secure.gravatar.com\/avatar\/fe848d2435b65c3ed1cdd3a8e8f3bb2d?s=96&d=mm&r=g","caption":"admin"},"sameAs":["https:\/\/jbcnews.com.br"],"url":"https:\/\/jbcnews.com.br\/index.php\/author\/jbcnews\/"}]}},"_links":{"self":[{"href":"https:\/\/jbcnews.com.br\/index.php\/wp-json\/wp\/v2\/posts\/2627"}],"collection":[{"href":"https:\/\/jbcnews.com.br\/index.php\/wp-json\/wp\/v2\/posts"}],"about":[{"href":"https:\/\/jbcnews.com.br\/index.php\/wp-json\/wp\/v2\/types\/post"}],"author":[{"embeddable":true,"href":"https:\/\/jbcnews.com.br\/index.php\/wp-json\/wp\/v2\/users\/1"}],"replies":[{"embeddable":true,"href":"https:\/\/jbcnews.com.br\/index.php\/wp-json\/wp\/v2\/comments?post=2627"}],"version-history":[{"count":1,"href":"https:\/\/jbcnews.com.br\/index.php\/wp-json\/wp\/v2\/posts\/2627\/revisions"}],"predecessor-version":[{"id":2629,"href":"https:\/\/jbcnews.com.br\/index.php\/wp-json\/wp\/v2\/posts\/2627\/revisions\/2629"}],"wp:featuredmedia":[{"embeddable":true,"href":"https:\/\/jbcnews.com.br\/index.php\/wp-json\/wp\/v2\/media\/2628"}],"wp:attachment":[{"href":"https:\/\/jbcnews.com.br\/index.php\/wp-json\/wp\/v2\/media?parent=2627"}],"wp:term":[{"taxonomy":"category","embeddable":true,"href":"https:\/\/jbcnews.com.br\/index.php\/wp-json\/wp\/v2\/categories?post=2627"},{"taxonomy":"post_tag","embeddable":true,"href":"https:\/\/jbcnews.com.br\/index.php\/wp-json\/wp\/v2\/tags?post=2627"}],"curies":[{"name":"wp","href":"https:\/\/api.w.org\/{rel}","templated":true}]}}