{"id":2624,"date":"2021-02-22T19:51:59","date_gmt":"2021-02-22T19:51:59","guid":{"rendered":"https:\/\/jbcnews.com.br\/?p=2624"},"modified":"2021-05-07T16:36:04","modified_gmt":"2021-05-07T16:36:04","slug":"camara-mantem-prisao-de-deputado-daniel-silveira-por-ataques-a-ministros-do-stf","status":"publish","type":"post","link":"https:\/\/jbcnews.com.br\/index.php\/2021\/02\/22\/camara-mantem-prisao-de-deputado-daniel-silveira-por-ataques-a-ministros-do-stf\/","title":{"rendered":"C\u00e2mara mant\u00e9m pris\u00e3o de deputado Daniel Silveira por ataques a ministros do STF"},"content":{"rendered":"\n<p>A C\u00e2mara dos Deputados manteve nesta sexta-feira, por 364 votos a favor, 130 contra e 3 absten\u00e7\u00f5es, a pris\u00e3o do deputado bolsonarista\u00a0<strong>Daniel Silveira<\/strong>\u00a0(PSL-RJ). Ele foi\u00a0<strong>preso em flagrante na \u00faltima ter\u00e7a-feira<\/strong>\u00a0ap\u00f3s ter\u00a0<strong>publicado um v\u00eddeo insultando, de forma violenta<\/strong>, ministros do\u00a0<strong>STF (Supremo Tribunal Federal)<\/strong>.<\/p>\n\n\n\n<p>O presidente da C\u00e2mara dos Deputados,\u00a0<strong>Arthur Lira (PP-AL), sinalizou nos \u00faltimos dias que a Casa manteria a pris\u00e3o<\/strong>. L\u00edderes do Centr\u00e3o conclu\u00edram que n\u00e3o valia a pena comprar uma briga com a Corte por conta do bolsonarista, considerado radical e isolado em suas posi\u00e7\u00f5es. A oposi\u00e7\u00e3o tamb\u00e9m se uniu contra ele.<\/p>\n\n\n\n<p><strong>Lira chegou a tentar convencer o relator do caso no Supremo<\/strong>, o ministro Alexandre de Moraes, a relaxar a pris\u00e3o para que a C\u00e2mara n\u00e3o tivesse que decidir sobre o assunto. A tratativa n\u00e3o teve sucesso. A Mesa Diretora da C\u00e2mara enviou uma representa\u00e7\u00e3o ao Conselho de \u00c9tica da Casa pedindo a cassa\u00e7\u00e3o do deputado.<\/p>\n\n\n\n<p>No relat\u00f3rio aprovado pela C\u00e2mara, foi inclu\u00eddo um pedido para o Supremo &#8220;reexaminar a necessidade da excepcional e gravosa medida de pris\u00e3o&#8221;. A previs\u00e3o \u00e9 de que Alexandre de Moraes relaxe a pena no futuro pr\u00f3ximo, impondo alguma medida cautelar, como uso de tornozeleira.<\/p>\n\n\n\n<p>Nos discursos que antecederam a vota\u00e7\u00e3o,\u00a0<strong>Daniel Silveira se disse arrependido e pediu desculpas por ter ofendido ministros do Supremo<\/strong>\u00a0e incitado viol\u00eancia f\u00edsica contra eles.<\/p>\n\n\n\n<blockquote class=\"wp-block-quote is-layout-flow wp-block-quote-is-layout-flow\"><p>\u2014 Assisti ao v\u00eddeo tr\u00eas vezes. E vi que minhas palavras foram duras suficientes at\u00e9 para mim mesmo. N\u00e3o consegui compreender o momento da raiva em que me encontrava. Pe\u00e7o desculpas a todo o Brasil. Me excedi de fato na fala. Foi um momento passional. Foram falas impr\u00f3prias. Lamento pelo epis\u00f3dio e por ter tornado esse impasse dentro do Congresso. Me p\u00f4s em posi\u00e7\u00e3o de reflex\u00e3o. Qualquer um pode exagerar \u2014 disse Silveira<\/p><\/blockquote>\n\n\n\n<p>\u2014 J\u00e1 me arrependi. O ser humano vai de zero a 100 em segundos. Quem nunca fez isso na vida? Quem jamais exagerou em suas falas ou errou? Se nao fosse assim, viver\u00edamos em plena harmonia. De maneira alguma me considero um risco \u00e0 democracia como fui classificado pela m\u00eddia \u2014 afirmou.<\/p>\n\n\n\n<p>Silveira disse ainda que o STF \u00e9 &#8220;uma institui\u00e7\u00e3o muito importante&#8221;.<\/p>\n\n\n\n<p>Pol\u00edticos que visitaram Silveira na pris\u00e3o o aconselharam a adotar tom calmo em seu discurso, o que acabou de fato ocorrendo no primeiro pronunciamento direcionado aos deputados nesta sexta-feira.<\/p>\n\n\n\n<p>Ao abrir a sess\u00e3o nesta sexta, o presidente da C\u00e2mara ressaltou que o caso deve ser tratado como um ponto fora da curva, sob risco de &#8220;banalizar excessos&#8221;, e mandou recados ao Supremo. Ele lembrou que a Casa aprovou a Lei do Abuso de Autoridade e &#8220;n\u00e3o pode tolerar o abuso das prerrogativas&#8221;.<\/p>\n\n\n\n<p>Na fala, ele anunciou que vai criar uma Comiss\u00e3o Extraordin\u00e1ria pluripartid\u00e1ria para &#8220;propor altera\u00e7\u00f5es legislativas para que, nunca mais, Judici\u00e1rio e Legislativo corram o risco de trincarem a rela\u00e7\u00e3o de alt\u00edssimo n\u00edvel das duas institui\u00e7\u00f5es, por falta de uma regula\u00e7\u00e3o ainda mais clara e espec\u00edfica do artigo 53 da nossa Carta&#8221;.<\/p>\n\n\n\n<p>Lira afirmou, ainda, que o epis\u00f3dio servir\u00e1 &#8220;como um ponto de inflex\u00e3o para o modo de comportamento e de conviv\u00eancia internos, que trar\u00e3o de volta maior urbanidade, respeito e empoderamento do Conselho de \u00c9tica para que o ambiente da democracia nunca se contamine a ponto de se tornar t\u00f3xico&#8221;.<\/p>\n\n\n\n<p>Al\u00e9m disso, o presidente da C\u00e2mara ressaltou que os deputados v\u00e3o se debru\u00e7ar hoje sobre at\u00e9 que ponto a inviolabilidade do mandato parlamentar pode ser considerada:<\/p>\n\n\n\n<p>\u2014 Neste momento de enorme afli\u00e7\u00e3o do povo brasileiro, clamo para que superemos o quanto antes este impasse, que \u00e9 pontual, um ponto fora da curva, como j\u00e1 declarei. Um ponto fora de curva que precisa estar muito bem definido para todos. Fora da curva dentro do Parlamento, quando ultrapassa o plano do razo\u00e1vel e passa a orbitar a atmosfera da irresponsabilidade, sim.<\/p>\n\n\n\n<p>Lira disse que &#8220;aos que tem responsabilidade, essa interven\u00e7\u00e3o extrema sobre as prerrogativas parlamentares deve ser o que foi: um ponto fora da curva&#8221;. Do contr\u00e1rio, considerou que h\u00e1 risco de &#8220;banalizarmos excessos&#8221;.<\/p>\n\n\n\n<h3 class=\"wp-block-heading\">RELATORA VOTOU POR MANTER PRIS\u00c3O DE DEPUTADO<\/h3>\n\n\n\n<p>(JBCNEWS &#8211; DF 20\/21 &#8211; A\u00a0<strong>deputada Magda Mofatto (PL-GO), relatora do caso, leu relat\u00f3rio favor\u00e1vel \u00e0 manuten\u00e7\u00e3o da pris\u00e3o<\/strong>. Em plen\u00e1rio, ela resgatou trechos da decis\u00e3o do ministro do STF Alexandre de Moraes, que ordenou a pris\u00e3o em flagrante, com posterior endosso dos demais integrantes da Corte.<\/p>\n\n\n\n<p>Mofatto fez quest\u00e3o de ler tamb\u00e9m a transcri\u00e7\u00e3o das amea\u00e7as do parlamentar. Para fundamentar sua posi\u00e7\u00e3o, ela disse que era preciso &#8220;tra\u00e7ar uma linha e deixar claro a diferen\u00e7a entre cr\u00edtica e o ataque \u00e0s institui\u00e7\u00f5es democr\u00e1ticas&#8221;. A deputada disse que n\u00e3o h\u00e1 regime democr\u00e1tico que tolere a ditadura ou a tentativa de instalar o arb\u00edtrio, como defendeu Silveira.<\/p>\n\n\n\n<p>\u2014 Desde o fim dos regimes totalit\u00e1rios e o surgimento de regimes democr\u00e1ticos, n\u00e3o h\u00e1 estado democr\u00e1tico de direito que permita o uso dos seus instrumentos para solapar o estado democr\u00e1tico de direito \u2014 disse Mofatto, que acrescentou:<\/p>\n\n\n\n<p>\u2014 Considerando o quadro, desde j\u00e1 adianto que considero correta, necess\u00e1ria e proporcional a decis\u00e3o do ministro Alexandre de Moraes.<\/p>\n\n\n\n<p>A deputada disse ainda que Silveira &#8220;transformou o mandato para propagar o discurso do \u00f3dio&#8221;.<\/p>\n\n\n\n<p>\u2014 \u00c9 impens\u00e1vel que o constituinte tenha pensando a imunidade parlamentar para a defesa do fechamento do Supremo Tribunal Federal.<\/p>\n\n\n\n<p>Ao analisar o caso, a relatora acrescentou que uma amea\u00e7a pode ser feita por &#8220;gestos, de forma expl\u00edcita ou impl\u00edcita&#8221;. Na ocasi\u00e3o do discurso, ela entendeu que houve clara amea\u00e7a com incita\u00e7\u00e3o a &#8220;meios violentos&#8221; para derrubar a ordem legal. Al\u00e9m disso, identificou a vontade do parlamentar de &#8220;criar animosidade das For\u00e7as Armadas com o Judici\u00e1rio&#8221;.<\/p>\n\n\n\n<p>\u2014 A liberdade de express\u00e3o n\u00e3o alcan\u00e7a aqueles voltados a incitar a pr\u00e1tica de atentado a autoridades p\u00fablicas.<\/p>\n\n\n\n<p>Apesar de recomendar a manuten\u00e7\u00e3o da pris\u00e3o, a deputada &#8220;exortou&#8221; que o Supremo pe\u00e7a que transforme a pris\u00e3o em medidas cautelares. Tamb\u00e9m defendeu a necessidade de o Congresso debater a &#8220;defini\u00e7\u00e3o precisa do conceito e do rol de crimes inafian\u00e7\u00e1veis&#8221; e as possibilidades de pris\u00e3o em flagrante, bem como o alcance de decis\u00f5es monocr\u00e1ticas do Judici\u00e1rio.<\/p>\n\n\n\n<p>Durante a sess\u00e3o, o advogado do deputado, Maurizio Spinelli, afirmou que &#8220;tudo envolvendo a pris\u00e3o at\u00e9 o presente momento se mostra inconstitucional&#8221;. Ele alegou, entre outras coisas, que houve aus\u00eancia do flagrante obrigat\u00f3rio.<\/p>\n\n\n\n<p>\u2014 N\u00e3o h\u00e1 nada no ordenamento jur\u00eddico que seja capaz de sanar essas inconstitucionalidades&nbsp;<\/p>\n","protected":false},"excerpt":{"rendered":"<p>A C\u00e2mara dos Deputados manteve nesta sexta-feira, por 364 votos a favor, 130 contra e 3 absten\u00e7\u00f5es, a pris\u00e3o do deputado bolsonarista\u00a0Daniel Silveira\u00a0(PSL-RJ). Ele foi\u00a0preso em<span class=\"excerpt-hellip\"> [\u2026]<\/span><\/p>\n","protected":false},"author":1,"featured_media":2625,"comment_status":"open","ping_status":"open","sticky":false,"template":"","format":"standard","meta":{"footnotes":""},"categories":[20],"tags":[],"yoast_head":"<!-- This site is optimized with the Yoast SEO plugin v22.6 - https:\/\/yoast.com\/wordpress\/plugins\/seo\/ -->\n<title>C\u00e2mara mant\u00e9m pris\u00e3o de deputado Daniel Silveira por ataques a ministros do STF - JBCNews<\/title>\n<meta name=\"robots\" content=\"index, follow, max-snippet:-1, max-image-preview:large, max-video-preview:-1\" \/>\n<link rel=\"canonical\" href=\"https:\/\/jbcnews.com.br\/index.php\/2021\/02\/22\/camara-mantem-prisao-de-deputado-daniel-silveira-por-ataques-a-ministros-do-stf\/\" \/>\n<meta property=\"og:locale\" content=\"pt_BR\" \/>\n<meta property=\"og:type\" content=\"article\" \/>\n<meta property=\"og:title\" content=\"C\u00e2mara mant\u00e9m pris\u00e3o de deputado Daniel Silveira por ataques a ministros do STF - JBCNews\" \/>\n<meta property=\"og:description\" content=\"A C\u00e2mara dos Deputados manteve nesta sexta-feira, por 364 votos a favor, 130 contra e 3 absten\u00e7\u00f5es, a pris\u00e3o do deputado bolsonarista\u00a0Daniel Silveira\u00a0(PSL-RJ). Ele foi\u00a0preso em [\u2026]\" \/>\n<meta property=\"og:url\" content=\"https:\/\/jbcnews.com.br\/index.php\/2021\/02\/22\/camara-mantem-prisao-de-deputado-daniel-silveira-por-ataques-a-ministros-do-stf\/\" \/>\n<meta property=\"og:site_name\" content=\"JBCNews\" \/>\n<meta property=\"article:published_time\" content=\"2021-02-22T19:51:59+00:00\" \/>\n<meta property=\"article:modified_time\" content=\"2021-05-07T16:36:04+00:00\" \/>\n<meta property=\"og:image\" content=\"https:\/\/jbcnews.com.br\/wp-content\/uploads\/2021\/02\/imagem-46-1.png\" \/>\n\t<meta property=\"og:image:width\" content=\"959\" \/>\n\t<meta property=\"og:image:height\" content=\"417\" \/>\n\t<meta property=\"og:image:type\" content=\"image\/png\" \/>\n<meta name=\"author\" content=\"admin\" \/>\n<meta name=\"twitter:card\" content=\"summary_large_image\" \/>\n<meta name=\"twitter:label1\" content=\"Escrito por\" \/>\n\t<meta name=\"twitter:data1\" content=\"admin\" \/>\n\t<meta name=\"twitter:label2\" content=\"Est. tempo de leitura\" \/>\n\t<meta name=\"twitter:data2\" content=\"6 minutos\" \/>\n<script type=\"application\/ld+json\" class=\"yoast-schema-graph\">{\"@context\":\"https:\/\/schema.org\",\"@graph\":[{\"@type\":\"WebPage\",\"@id\":\"https:\/\/jbcnews.com.br\/index.php\/2021\/02\/22\/camara-mantem-prisao-de-deputado-daniel-silveira-por-ataques-a-ministros-do-stf\/\",\"url\":\"https:\/\/jbcnews.com.br\/index.php\/2021\/02\/22\/camara-mantem-prisao-de-deputado-daniel-silveira-por-ataques-a-ministros-do-stf\/\",\"name\":\"C\u00e2mara mant\u00e9m pris\u00e3o de deputado Daniel Silveira por ataques a ministros do STF - JBCNews\",\"isPartOf\":{\"@id\":\"https:\/\/jbcnews.com.br\/#website\"},\"primaryImageOfPage\":{\"@id\":\"https:\/\/jbcnews.com.br\/index.php\/2021\/02\/22\/camara-mantem-prisao-de-deputado-daniel-silveira-por-ataques-a-ministros-do-stf\/#primaryimage\"},\"image\":{\"@id\":\"https:\/\/jbcnews.com.br\/index.php\/2021\/02\/22\/camara-mantem-prisao-de-deputado-daniel-silveira-por-ataques-a-ministros-do-stf\/#primaryimage\"},\"thumbnailUrl\":\"https:\/\/jbcnews.com.br\/wp-content\/uploads\/2021\/02\/imagem-46-1.png\",\"datePublished\":\"2021-02-22T19:51:59+00:00\",\"dateModified\":\"2021-05-07T16:36:04+00:00\",\"author\":{\"@id\":\"https:\/\/jbcnews.com.br\/#\/schema\/person\/3b597ec20ccf92d0adc436057caf9bbe\"},\"breadcrumb\":{\"@id\":\"https:\/\/jbcnews.com.br\/index.php\/2021\/02\/22\/camara-mantem-prisao-de-deputado-daniel-silveira-por-ataques-a-ministros-do-stf\/#breadcrumb\"},\"inLanguage\":\"pt-BR\",\"potentialAction\":[{\"@type\":\"ReadAction\",\"target\":[\"https:\/\/jbcnews.com.br\/index.php\/2021\/02\/22\/camara-mantem-prisao-de-deputado-daniel-silveira-por-ataques-a-ministros-do-stf\/\"]}]},{\"@type\":\"ImageObject\",\"inLanguage\":\"pt-BR\",\"@id\":\"https:\/\/jbcnews.com.br\/index.php\/2021\/02\/22\/camara-mantem-prisao-de-deputado-daniel-silveira-por-ataques-a-ministros-do-stf\/#primaryimage\",\"url\":\"https:\/\/jbcnews.com.br\/wp-content\/uploads\/2021\/02\/imagem-46-1.png\",\"contentUrl\":\"https:\/\/jbcnews.com.br\/wp-content\/uploads\/2021\/02\/imagem-46-1.png\",\"width\":959,\"height\":417},{\"@type\":\"BreadcrumbList\",\"@id\":\"https:\/\/jbcnews.com.br\/index.php\/2021\/02\/22\/camara-mantem-prisao-de-deputado-daniel-silveira-por-ataques-a-ministros-do-stf\/#breadcrumb\",\"itemListElement\":[{\"@type\":\"ListItem\",\"position\":1,\"name\":\"In\u00edcio\",\"item\":\"https:\/\/jbcnews.com.br\/\"},{\"@type\":\"ListItem\",\"position\":2,\"name\":\"C\u00e2mara mant\u00e9m pris\u00e3o de deputado Daniel Silveira por ataques a ministros do STF\"}]},{\"@type\":\"WebSite\",\"@id\":\"https:\/\/jbcnews.com.br\/#website\",\"url\":\"https:\/\/jbcnews.com.br\/\",\"name\":\"JBCNews\",\"description\":\"Comunica\u00e7\u00e3o e Cultura\",\"potentialAction\":[{\"@type\":\"SearchAction\",\"target\":{\"@type\":\"EntryPoint\",\"urlTemplate\":\"https:\/\/jbcnews.com.br\/?s={search_term_string}\"},\"query-input\":\"required name=search_term_string\"}],\"inLanguage\":\"pt-BR\"},{\"@type\":\"Person\",\"@id\":\"https:\/\/jbcnews.com.br\/#\/schema\/person\/3b597ec20ccf92d0adc436057caf9bbe\",\"name\":\"admin\",\"image\":{\"@type\":\"ImageObject\",\"inLanguage\":\"pt-BR\",\"@id\":\"https:\/\/jbcnews.com.br\/#\/schema\/person\/image\/\",\"url\":\"https:\/\/secure.gravatar.com\/avatar\/fe848d2435b65c3ed1cdd3a8e8f3bb2d?s=96&d=mm&r=g\",\"contentUrl\":\"https:\/\/secure.gravatar.com\/avatar\/fe848d2435b65c3ed1cdd3a8e8f3bb2d?s=96&d=mm&r=g\",\"caption\":\"admin\"},\"sameAs\":[\"https:\/\/jbcnews.com.br\"],\"url\":\"https:\/\/jbcnews.com.br\/index.php\/author\/jbcnews\/\"}]}<\/script>\n<!-- \/ Yoast SEO plugin. -->","yoast_head_json":{"title":"C\u00e2mara mant\u00e9m pris\u00e3o de deputado Daniel Silveira por ataques a ministros do STF - JBCNews","robots":{"index":"index","follow":"follow","max-snippet":"max-snippet:-1","max-image-preview":"max-image-preview:large","max-video-preview":"max-video-preview:-1"},"canonical":"https:\/\/jbcnews.com.br\/index.php\/2021\/02\/22\/camara-mantem-prisao-de-deputado-daniel-silveira-por-ataques-a-ministros-do-stf\/","og_locale":"pt_BR","og_type":"article","og_title":"C\u00e2mara mant\u00e9m pris\u00e3o de deputado Daniel Silveira por ataques a ministros do STF - JBCNews","og_description":"A C\u00e2mara dos Deputados manteve nesta sexta-feira, por 364 votos a favor, 130 contra e 3 absten\u00e7\u00f5es, a pris\u00e3o do deputado bolsonarista\u00a0Daniel Silveira\u00a0(PSL-RJ). Ele foi\u00a0preso em [\u2026]","og_url":"https:\/\/jbcnews.com.br\/index.php\/2021\/02\/22\/camara-mantem-prisao-de-deputado-daniel-silveira-por-ataques-a-ministros-do-stf\/","og_site_name":"JBCNews","article_published_time":"2021-02-22T19:51:59+00:00","article_modified_time":"2021-05-07T16:36:04+00:00","og_image":[{"width":959,"height":417,"url":"https:\/\/jbcnews.com.br\/wp-content\/uploads\/2021\/02\/imagem-46-1.png","type":"image\/png"}],"author":"admin","twitter_card":"summary_large_image","twitter_misc":{"Escrito por":"admin","Est. tempo de leitura":"6 minutos"},"schema":{"@context":"https:\/\/schema.org","@graph":[{"@type":"WebPage","@id":"https:\/\/jbcnews.com.br\/index.php\/2021\/02\/22\/camara-mantem-prisao-de-deputado-daniel-silveira-por-ataques-a-ministros-do-stf\/","url":"https:\/\/jbcnews.com.br\/index.php\/2021\/02\/22\/camara-mantem-prisao-de-deputado-daniel-silveira-por-ataques-a-ministros-do-stf\/","name":"C\u00e2mara mant\u00e9m pris\u00e3o de deputado Daniel Silveira por ataques a ministros do STF - JBCNews","isPartOf":{"@id":"https:\/\/jbcnews.com.br\/#website"},"primaryImageOfPage":{"@id":"https:\/\/jbcnews.com.br\/index.php\/2021\/02\/22\/camara-mantem-prisao-de-deputado-daniel-silveira-por-ataques-a-ministros-do-stf\/#primaryimage"},"image":{"@id":"https:\/\/jbcnews.com.br\/index.php\/2021\/02\/22\/camara-mantem-prisao-de-deputado-daniel-silveira-por-ataques-a-ministros-do-stf\/#primaryimage"},"thumbnailUrl":"https:\/\/jbcnews.com.br\/wp-content\/uploads\/2021\/02\/imagem-46-1.png","datePublished":"2021-02-22T19:51:59+00:00","dateModified":"2021-05-07T16:36:04+00:00","author":{"@id":"https:\/\/jbcnews.com.br\/#\/schema\/person\/3b597ec20ccf92d0adc436057caf9bbe"},"breadcrumb":{"@id":"https:\/\/jbcnews.com.br\/index.php\/2021\/02\/22\/camara-mantem-prisao-de-deputado-daniel-silveira-por-ataques-a-ministros-do-stf\/#breadcrumb"},"inLanguage":"pt-BR","potentialAction":[{"@type":"ReadAction","target":["https:\/\/jbcnews.com.br\/index.php\/2021\/02\/22\/camara-mantem-prisao-de-deputado-daniel-silveira-por-ataques-a-ministros-do-stf\/"]}]},{"@type":"ImageObject","inLanguage":"pt-BR","@id":"https:\/\/jbcnews.com.br\/index.php\/2021\/02\/22\/camara-mantem-prisao-de-deputado-daniel-silveira-por-ataques-a-ministros-do-stf\/#primaryimage","url":"https:\/\/jbcnews.com.br\/wp-content\/uploads\/2021\/02\/imagem-46-1.png","contentUrl":"https:\/\/jbcnews.com.br\/wp-content\/uploads\/2021\/02\/imagem-46-1.png","width":959,"height":417},{"@type":"BreadcrumbList","@id":"https:\/\/jbcnews.com.br\/index.php\/2021\/02\/22\/camara-mantem-prisao-de-deputado-daniel-silveira-por-ataques-a-ministros-do-stf\/#breadcrumb","itemListElement":[{"@type":"ListItem","position":1,"name":"In\u00edcio","item":"https:\/\/jbcnews.com.br\/"},{"@type":"ListItem","position":2,"name":"C\u00e2mara mant\u00e9m pris\u00e3o de deputado Daniel Silveira por ataques a ministros do STF"}]},{"@type":"WebSite","@id":"https:\/\/jbcnews.com.br\/#website","url":"https:\/\/jbcnews.com.br\/","name":"JBCNews","description":"Comunica\u00e7\u00e3o e Cultura","potentialAction":[{"@type":"SearchAction","target":{"@type":"EntryPoint","urlTemplate":"https:\/\/jbcnews.com.br\/?s={search_term_string}"},"query-input":"required name=search_term_string"}],"inLanguage":"pt-BR"},{"@type":"Person","@id":"https:\/\/jbcnews.com.br\/#\/schema\/person\/3b597ec20ccf92d0adc436057caf9bbe","name":"admin","image":{"@type":"ImageObject","inLanguage":"pt-BR","@id":"https:\/\/jbcnews.com.br\/#\/schema\/person\/image\/","url":"https:\/\/secure.gravatar.com\/avatar\/fe848d2435b65c3ed1cdd3a8e8f3bb2d?s=96&d=mm&r=g","contentUrl":"https:\/\/secure.gravatar.com\/avatar\/fe848d2435b65c3ed1cdd3a8e8f3bb2d?s=96&d=mm&r=g","caption":"admin"},"sameAs":["https:\/\/jbcnews.com.br"],"url":"https:\/\/jbcnews.com.br\/index.php\/author\/jbcnews\/"}]}},"_links":{"self":[{"href":"https:\/\/jbcnews.com.br\/index.php\/wp-json\/wp\/v2\/posts\/2624"}],"collection":[{"href":"https:\/\/jbcnews.com.br\/index.php\/wp-json\/wp\/v2\/posts"}],"about":[{"href":"https:\/\/jbcnews.com.br\/index.php\/wp-json\/wp\/v2\/types\/post"}],"author":[{"embeddable":true,"href":"https:\/\/jbcnews.com.br\/index.php\/wp-json\/wp\/v2\/users\/1"}],"replies":[{"embeddable":true,"href":"https:\/\/jbcnews.com.br\/index.php\/wp-json\/wp\/v2\/comments?post=2624"}],"version-history":[{"count":1,"href":"https:\/\/jbcnews.com.br\/index.php\/wp-json\/wp\/v2\/posts\/2624\/revisions"}],"predecessor-version":[{"id":2626,"href":"https:\/\/jbcnews.com.br\/index.php\/wp-json\/wp\/v2\/posts\/2624\/revisions\/2626"}],"wp:featuredmedia":[{"embeddable":true,"href":"https:\/\/jbcnews.com.br\/index.php\/wp-json\/wp\/v2\/media\/2625"}],"wp:attachment":[{"href":"https:\/\/jbcnews.com.br\/index.php\/wp-json\/wp\/v2\/media?parent=2624"}],"wp:term":[{"taxonomy":"category","embeddable":true,"href":"https:\/\/jbcnews.com.br\/index.php\/wp-json\/wp\/v2\/categories?post=2624"},{"taxonomy":"post_tag","embeddable":true,"href":"https:\/\/jbcnews.com.br\/index.php\/wp-json\/wp\/v2\/tags?post=2624"}],"curies":[{"name":"wp","href":"https:\/\/api.w.org\/{rel}","templated":true}]}}