{"id":2615,"date":"2021-02-22T19:38:10","date_gmt":"2021-02-22T19:38:10","guid":{"rendered":"https:\/\/jbcnews.com.br\/?p=2615"},"modified":"2021-02-22T19:38:19","modified_gmt":"2021-02-22T19:38:19","slug":"principe-harry-e-meghan-perdem-seus-ultimos-titulos-oficiais","status":"publish","type":"post","link":"https:\/\/jbcnews.com.br\/index.php\/2021\/02\/22\/principe-harry-e-meghan-perdem-seus-ultimos-titulos-oficiais\/","title":{"rendered":"Pr\u00edncipe Harry e Meghan perdem seus \u00faltimos t\u00edtulos oficiais"},"content":{"rendered":"\n<p>O pr\u00edncipe Harry, neto da rainha Elizabeth II, e sua esposa Meghan perderam seus \u00faltimos t\u00edtulos oficiais, especialmente militares, ap\u00f3s a confirma\u00e7\u00e3o \u00e0 rainha de sua retirada definitiva da fam\u00edlia real brit\u00e2nica, anunciou nesta sexta-feira (19) o Pal\u00e1cio de Buckingham.<\/p>\n\n\n\n<p>Ansioso por conquistar independ\u00eancia financeira e se proteger da press\u00e3o da m\u00eddia, o casal provocou uma forte rea\u00e7\u00e3o no ano passado ao se retirar da vida oficial.<\/p>\n\n\n\n<p>Efetiva no final de mar\u00e7o passado, a decis\u00e3o seria revista ap\u00f3s um ano.<\/p>\n\n\n\n<p>Mas a rainha Elizabeth n\u00e3o esperou para anunciar sua decis\u00e3o, que atinge especialmente o pr\u00edncipe, muito ligado a seus t\u00edtulos militares.<\/p>\n\n\n\n<p>&#8220;O duque e a duquesa de Sussex confirmaram \u00e0 Sua Majestade, a Rainha, que n\u00e3o voltar\u00e3o a ser membros ativos da fam\u00edlia real&#8221;, informou o Pal\u00e1cio em um comunicado.<\/p>\n\n\n\n<p>&#8220;Ap\u00f3s conversas com o duque, a Rainha escreveu para confirmar que, renunciando ao trabalho ligado ao pertencimento \u00e0 fam\u00edlia real, n\u00e3o \u00e9 poss\u00edvel continuar a exercer as responsabilidades e deveres inerentes a uma vida ao servi\u00e7o do p\u00fablico&#8221;, acrescentou.<\/p>\n\n\n\n<p>Os t\u00edtulos ser\u00e3o, portanto, devolvidos e distribu\u00eddos entre os demais membros da fam\u00edlia.<\/p>\n\n\n\n<p>&#8220;Embora todos estejam tristes por sua decis\u00e3o, o duque e a duquesa continuam sendo membros muito queridos da fam\u00edlia&#8221;, enfatizou o Pal\u00e1cio.<\/p>\n\n\n\n<p>Harry, de 36 anos, perder\u00e1 seus t\u00edtulos militares, especialmente na Royal Marines, aos quais era muito apegado ap\u00f3s ter servido no Afeganist\u00e3o, bem como sua fun\u00e7\u00e3o de representante na Federa\u00e7\u00e3o de R\u00fagbi.<\/p>\n\n\n\n<p>Meghan Markle perder\u00e1 suas patronagens de caridade, principalmente no National Theatre de Londres.<\/p>\n\n\n\n<p>A primeira rea\u00e7\u00e3o do casal veio por meio de um porta-voz: independentemente de seu papel oficial, o duque e a duquesa &#8220;permanecem comprometidos com seus deveres e servi\u00e7os no Reino Unido e no resto do mundo&#8221;.<\/p>\n\n\n\n<p>Para a comentarista \u00c2ngela Levin, autora de um livro sobre Harry, a rainha pretende ser representada &#8220;pelo melhor servi\u00e7o, com pessoas dedicadas \u00e0 causa e um elevado sentido de dever&#8221; e &#8220;sentiu que n\u00e3o poderia deixar a situa\u00e7\u00e3o se estender&#8221;.<\/p>\n\n\n\n<p>Harry e Meghan, com seu filho Archie, est\u00e3o estabelecidos na Calif\u00f3rnia e assinaram contratos com as plataformas Netflix e Spotify.<\/p>\n\n\n\n<p>O casal destaca com frequ\u00eancia sua inten\u00e7\u00e3o de trabalhar por causas humanit\u00e1rias por meio de sua nova funda\u00e7\u00e3o, Archwell, inspirada no nome de seu filho.<\/p>\n\n\n\n<p>Depois que a ex-atriz anunciou que sofreu recentemente um aborto espont\u00e2neo, o casal revelou no domingo que est\u00e1 esperando um segundo filho.<\/p>\n\n\n\n<p>Ele deve explicar sua decis\u00e3o de cortar os la\u00e7os com a fam\u00edlia real em uma longa entrevista com Oprah Winfrey, que ser\u00e1 transmitida em 7 de mar\u00e7o na televis\u00e3o americana.<\/p>\n\n\n\n<p>A imprensa brit\u00e2nica aguarda, em transe, as poss\u00edveis revela\u00e7\u00f5es desta entrevista, num pa\u00eds onde a fam\u00edlia real, apelidada de &#8220;a firma&#8221;, tem por lema &#8220;never complain, never explain&#8221; &#8211; &#8220;nunca reclamar, nunca explicar&#8221;.<\/p>\n\n\n\n<p>A ruptura ocorre quando o pr\u00edncipe Philip, de 99 anos, marido da rainha e av\u00f4 de Harry, est\u00e1 hospitalizado em Londres depois de passar mal.<\/p>\n","protected":false},"excerpt":{"rendered":"<p>O pr\u00edncipe Harry, neto da rainha Elizabeth II, e sua esposa Meghan perderam seus \u00faltimos t\u00edtulos oficiais, especialmente militares, ap\u00f3s a confirma\u00e7\u00e3o \u00e0 rainha de sua<span class=\"excerpt-hellip\"> [\u2026]<\/span><\/p>\n","protected":false},"author":1,"featured_media":2616,"comment_status":"open","ping_status":"open","sticky":false,"template":"","format":"standard","meta":{"footnotes":""},"categories":[34],"tags":[],"yoast_head":"<!-- This site is optimized with the Yoast SEO plugin v22.6 - https:\/\/yoast.com\/wordpress\/plugins\/seo\/ -->\n<title>Pr\u00edncipe Harry e Meghan perdem seus \u00faltimos t\u00edtulos oficiais - JBCNews<\/title>\n<meta name=\"robots\" content=\"index, follow, max-snippet:-1, max-image-preview:large, max-video-preview:-1\" \/>\n<link rel=\"canonical\" href=\"https:\/\/jbcnews.com.br\/index.php\/2021\/02\/22\/principe-harry-e-meghan-perdem-seus-ultimos-titulos-oficiais\/\" \/>\n<meta property=\"og:locale\" content=\"pt_BR\" \/>\n<meta property=\"og:type\" content=\"article\" \/>\n<meta property=\"og:title\" content=\"Pr\u00edncipe Harry e Meghan perdem seus \u00faltimos t\u00edtulos oficiais - JBCNews\" \/>\n<meta property=\"og:description\" content=\"O pr\u00edncipe Harry, neto da rainha Elizabeth II, e sua esposa Meghan perderam seus \u00faltimos t\u00edtulos oficiais, especialmente militares, ap\u00f3s a confirma\u00e7\u00e3o \u00e0 rainha de sua [\u2026]\" \/>\n<meta property=\"og:url\" content=\"https:\/\/jbcnews.com.br\/index.php\/2021\/02\/22\/principe-harry-e-meghan-perdem-seus-ultimos-titulos-oficiais\/\" \/>\n<meta property=\"og:site_name\" content=\"JBCNews\" \/>\n<meta property=\"article:published_time\" content=\"2021-02-22T19:38:10+00:00\" \/>\n<meta property=\"article:modified_time\" content=\"2021-02-22T19:38:19+00:00\" \/>\n<meta property=\"og:image\" content=\"https:\/\/jbcnews.com.br\/wp-content\/uploads\/2021\/02\/imagem-43-1.png\" \/>\n\t<meta property=\"og:image:width\" content=\"768\" \/>\n\t<meta property=\"og:image:height\" content=\"512\" \/>\n\t<meta property=\"og:image:type\" content=\"image\/png\" \/>\n<meta name=\"author\" content=\"admin\" \/>\n<meta name=\"twitter:card\" content=\"summary_large_image\" \/>\n<meta name=\"twitter:label1\" content=\"Escrito por\" \/>\n\t<meta name=\"twitter:data1\" content=\"admin\" \/>\n\t<meta name=\"twitter:label2\" content=\"Est. tempo de leitura\" \/>\n\t<meta name=\"twitter:data2\" content=\"3 minutos\" \/>\n<script type=\"application\/ld+json\" class=\"yoast-schema-graph\">{\"@context\":\"https:\/\/schema.org\",\"@graph\":[{\"@type\":\"WebPage\",\"@id\":\"https:\/\/jbcnews.com.br\/index.php\/2021\/02\/22\/principe-harry-e-meghan-perdem-seus-ultimos-titulos-oficiais\/\",\"url\":\"https:\/\/jbcnews.com.br\/index.php\/2021\/02\/22\/principe-harry-e-meghan-perdem-seus-ultimos-titulos-oficiais\/\",\"name\":\"Pr\u00edncipe Harry e Meghan perdem seus \u00faltimos t\u00edtulos oficiais - JBCNews\",\"isPartOf\":{\"@id\":\"https:\/\/jbcnews.com.br\/#website\"},\"primaryImageOfPage\":{\"@id\":\"https:\/\/jbcnews.com.br\/index.php\/2021\/02\/22\/principe-harry-e-meghan-perdem-seus-ultimos-titulos-oficiais\/#primaryimage\"},\"image\":{\"@id\":\"https:\/\/jbcnews.com.br\/index.php\/2021\/02\/22\/principe-harry-e-meghan-perdem-seus-ultimos-titulos-oficiais\/#primaryimage\"},\"thumbnailUrl\":\"https:\/\/jbcnews.com.br\/wp-content\/uploads\/2021\/02\/imagem-43-1.png\",\"datePublished\":\"2021-02-22T19:38:10+00:00\",\"dateModified\":\"2021-02-22T19:38:19+00:00\",\"author\":{\"@id\":\"https:\/\/jbcnews.com.br\/#\/schema\/person\/3b597ec20ccf92d0adc436057caf9bbe\"},\"breadcrumb\":{\"@id\":\"https:\/\/jbcnews.com.br\/index.php\/2021\/02\/22\/principe-harry-e-meghan-perdem-seus-ultimos-titulos-oficiais\/#breadcrumb\"},\"inLanguage\":\"pt-BR\",\"potentialAction\":[{\"@type\":\"ReadAction\",\"target\":[\"https:\/\/jbcnews.com.br\/index.php\/2021\/02\/22\/principe-harry-e-meghan-perdem-seus-ultimos-titulos-oficiais\/\"]}]},{\"@type\":\"ImageObject\",\"inLanguage\":\"pt-BR\",\"@id\":\"https:\/\/jbcnews.com.br\/index.php\/2021\/02\/22\/principe-harry-e-meghan-perdem-seus-ultimos-titulos-oficiais\/#primaryimage\",\"url\":\"https:\/\/jbcnews.com.br\/wp-content\/uploads\/2021\/02\/imagem-43-1.png\",\"contentUrl\":\"https:\/\/jbcnews.com.br\/wp-content\/uploads\/2021\/02\/imagem-43-1.png\",\"width\":768,\"height\":512},{\"@type\":\"BreadcrumbList\",\"@id\":\"https:\/\/jbcnews.com.br\/index.php\/2021\/02\/22\/principe-harry-e-meghan-perdem-seus-ultimos-titulos-oficiais\/#breadcrumb\",\"itemListElement\":[{\"@type\":\"ListItem\",\"position\":1,\"name\":\"In\u00edcio\",\"item\":\"https:\/\/jbcnews.com.br\/\"},{\"@type\":\"ListItem\",\"position\":2,\"name\":\"Pr\u00edncipe Harry e Meghan perdem seus \u00faltimos t\u00edtulos oficiais\"}]},{\"@type\":\"WebSite\",\"@id\":\"https:\/\/jbcnews.com.br\/#website\",\"url\":\"https:\/\/jbcnews.com.br\/\",\"name\":\"JBCNews\",\"description\":\"Comunica\u00e7\u00e3o e Cultura\",\"potentialAction\":[{\"@type\":\"SearchAction\",\"target\":{\"@type\":\"EntryPoint\",\"urlTemplate\":\"https:\/\/jbcnews.com.br\/?s={search_term_string}\"},\"query-input\":\"required name=search_term_string\"}],\"inLanguage\":\"pt-BR\"},{\"@type\":\"Person\",\"@id\":\"https:\/\/jbcnews.com.br\/#\/schema\/person\/3b597ec20ccf92d0adc436057caf9bbe\",\"name\":\"admin\",\"image\":{\"@type\":\"ImageObject\",\"inLanguage\":\"pt-BR\",\"@id\":\"https:\/\/jbcnews.com.br\/#\/schema\/person\/image\/\",\"url\":\"https:\/\/secure.gravatar.com\/avatar\/fe848d2435b65c3ed1cdd3a8e8f3bb2d?s=96&d=mm&r=g\",\"contentUrl\":\"https:\/\/secure.gravatar.com\/avatar\/fe848d2435b65c3ed1cdd3a8e8f3bb2d?s=96&d=mm&r=g\",\"caption\":\"admin\"},\"sameAs\":[\"https:\/\/jbcnews.com.br\"],\"url\":\"https:\/\/jbcnews.com.br\/index.php\/author\/jbcnews\/\"}]}<\/script>\n<!-- \/ Yoast SEO plugin. -->","yoast_head_json":{"title":"Pr\u00edncipe Harry e Meghan perdem seus \u00faltimos t\u00edtulos oficiais - JBCNews","robots":{"index":"index","follow":"follow","max-snippet":"max-snippet:-1","max-image-preview":"max-image-preview:large","max-video-preview":"max-video-preview:-1"},"canonical":"https:\/\/jbcnews.com.br\/index.php\/2021\/02\/22\/principe-harry-e-meghan-perdem-seus-ultimos-titulos-oficiais\/","og_locale":"pt_BR","og_type":"article","og_title":"Pr\u00edncipe Harry e Meghan perdem seus \u00faltimos t\u00edtulos oficiais - JBCNews","og_description":"O pr\u00edncipe Harry, neto da rainha Elizabeth II, e sua esposa Meghan perderam seus \u00faltimos t\u00edtulos oficiais, especialmente militares, ap\u00f3s a confirma\u00e7\u00e3o \u00e0 rainha de sua [\u2026]","og_url":"https:\/\/jbcnews.com.br\/index.php\/2021\/02\/22\/principe-harry-e-meghan-perdem-seus-ultimos-titulos-oficiais\/","og_site_name":"JBCNews","article_published_time":"2021-02-22T19:38:10+00:00","article_modified_time":"2021-02-22T19:38:19+00:00","og_image":[{"width":768,"height":512,"url":"https:\/\/jbcnews.com.br\/wp-content\/uploads\/2021\/02\/imagem-43-1.png","type":"image\/png"}],"author":"admin","twitter_card":"summary_large_image","twitter_misc":{"Escrito por":"admin","Est. tempo de leitura":"3 minutos"},"schema":{"@context":"https:\/\/schema.org","@graph":[{"@type":"WebPage","@id":"https:\/\/jbcnews.com.br\/index.php\/2021\/02\/22\/principe-harry-e-meghan-perdem-seus-ultimos-titulos-oficiais\/","url":"https:\/\/jbcnews.com.br\/index.php\/2021\/02\/22\/principe-harry-e-meghan-perdem-seus-ultimos-titulos-oficiais\/","name":"Pr\u00edncipe Harry e Meghan perdem seus \u00faltimos t\u00edtulos oficiais - JBCNews","isPartOf":{"@id":"https:\/\/jbcnews.com.br\/#website"},"primaryImageOfPage":{"@id":"https:\/\/jbcnews.com.br\/index.php\/2021\/02\/22\/principe-harry-e-meghan-perdem-seus-ultimos-titulos-oficiais\/#primaryimage"},"image":{"@id":"https:\/\/jbcnews.com.br\/index.php\/2021\/02\/22\/principe-harry-e-meghan-perdem-seus-ultimos-titulos-oficiais\/#primaryimage"},"thumbnailUrl":"https:\/\/jbcnews.com.br\/wp-content\/uploads\/2021\/02\/imagem-43-1.png","datePublished":"2021-02-22T19:38:10+00:00","dateModified":"2021-02-22T19:38:19+00:00","author":{"@id":"https:\/\/jbcnews.com.br\/#\/schema\/person\/3b597ec20ccf92d0adc436057caf9bbe"},"breadcrumb":{"@id":"https:\/\/jbcnews.com.br\/index.php\/2021\/02\/22\/principe-harry-e-meghan-perdem-seus-ultimos-titulos-oficiais\/#breadcrumb"},"inLanguage":"pt-BR","potentialAction":[{"@type":"ReadAction","target":["https:\/\/jbcnews.com.br\/index.php\/2021\/02\/22\/principe-harry-e-meghan-perdem-seus-ultimos-titulos-oficiais\/"]}]},{"@type":"ImageObject","inLanguage":"pt-BR","@id":"https:\/\/jbcnews.com.br\/index.php\/2021\/02\/22\/principe-harry-e-meghan-perdem-seus-ultimos-titulos-oficiais\/#primaryimage","url":"https:\/\/jbcnews.com.br\/wp-content\/uploads\/2021\/02\/imagem-43-1.png","contentUrl":"https:\/\/jbcnews.com.br\/wp-content\/uploads\/2021\/02\/imagem-43-1.png","width":768,"height":512},{"@type":"BreadcrumbList","@id":"https:\/\/jbcnews.com.br\/index.php\/2021\/02\/22\/principe-harry-e-meghan-perdem-seus-ultimos-titulos-oficiais\/#breadcrumb","itemListElement":[{"@type":"ListItem","position":1,"name":"In\u00edcio","item":"https:\/\/jbcnews.com.br\/"},{"@type":"ListItem","position":2,"name":"Pr\u00edncipe Harry e Meghan perdem seus \u00faltimos t\u00edtulos oficiais"}]},{"@type":"WebSite","@id":"https:\/\/jbcnews.com.br\/#website","url":"https:\/\/jbcnews.com.br\/","name":"JBCNews","description":"Comunica\u00e7\u00e3o e Cultura","potentialAction":[{"@type":"SearchAction","target":{"@type":"EntryPoint","urlTemplate":"https:\/\/jbcnews.com.br\/?s={search_term_string}"},"query-input":"required name=search_term_string"}],"inLanguage":"pt-BR"},{"@type":"Person","@id":"https:\/\/jbcnews.com.br\/#\/schema\/person\/3b597ec20ccf92d0adc436057caf9bbe","name":"admin","image":{"@type":"ImageObject","inLanguage":"pt-BR","@id":"https:\/\/jbcnews.com.br\/#\/schema\/person\/image\/","url":"https:\/\/secure.gravatar.com\/avatar\/fe848d2435b65c3ed1cdd3a8e8f3bb2d?s=96&d=mm&r=g","contentUrl":"https:\/\/secure.gravatar.com\/avatar\/fe848d2435b65c3ed1cdd3a8e8f3bb2d?s=96&d=mm&r=g","caption":"admin"},"sameAs":["https:\/\/jbcnews.com.br"],"url":"https:\/\/jbcnews.com.br\/index.php\/author\/jbcnews\/"}]}},"_links":{"self":[{"href":"https:\/\/jbcnews.com.br\/index.php\/wp-json\/wp\/v2\/posts\/2615"}],"collection":[{"href":"https:\/\/jbcnews.com.br\/index.php\/wp-json\/wp\/v2\/posts"}],"about":[{"href":"https:\/\/jbcnews.com.br\/index.php\/wp-json\/wp\/v2\/types\/post"}],"author":[{"embeddable":true,"href":"https:\/\/jbcnews.com.br\/index.php\/wp-json\/wp\/v2\/users\/1"}],"replies":[{"embeddable":true,"href":"https:\/\/jbcnews.com.br\/index.php\/wp-json\/wp\/v2\/comments?post=2615"}],"version-history":[{"count":1,"href":"https:\/\/jbcnews.com.br\/index.php\/wp-json\/wp\/v2\/posts\/2615\/revisions"}],"predecessor-version":[{"id":2617,"href":"https:\/\/jbcnews.com.br\/index.php\/wp-json\/wp\/v2\/posts\/2615\/revisions\/2617"}],"wp:featuredmedia":[{"embeddable":true,"href":"https:\/\/jbcnews.com.br\/index.php\/wp-json\/wp\/v2\/media\/2616"}],"wp:attachment":[{"href":"https:\/\/jbcnews.com.br\/index.php\/wp-json\/wp\/v2\/media?parent=2615"}],"wp:term":[{"taxonomy":"category","embeddable":true,"href":"https:\/\/jbcnews.com.br\/index.php\/wp-json\/wp\/v2\/categories?post=2615"},{"taxonomy":"post_tag","embeddable":true,"href":"https:\/\/jbcnews.com.br\/index.php\/wp-json\/wp\/v2\/tags?post=2615"}],"curies":[{"name":"wp","href":"https:\/\/api.w.org\/{rel}","templated":true}]}}