{"id":2612,"date":"2021-02-22T19:36:26","date_gmt":"2021-02-22T19:36:26","guid":{"rendered":"https:\/\/jbcnews.com.br\/?p=2612"},"modified":"2021-02-22T19:36:27","modified_gmt":"2021-02-22T19:36:27","slug":"lira-diz-que-pec-emergencial-levara-tres-meses-para-ser-aprovada-no-congresso","status":"publish","type":"post","link":"https:\/\/jbcnews.com.br\/index.php\/2021\/02\/22\/lira-diz-que-pec-emergencial-levara-tres-meses-para-ser-aprovada-no-congresso\/","title":{"rendered":"Lira diz que PEC emergencial levar\u00e1 tr\u00eas meses para ser aprovada no Congresso"},"content":{"rendered":"\n<p>(JBCNEWS &#8211; DF 20\/21 &#8211; O presidente da C\u00e2mara, Arthur Lira (PP-AL), afirmou na noite desta sexta-feira que a Proposta de Emenda \u00e0 Constitui\u00e7\u00e3o (PEC) Emergencial e do Pacto Federativo, que tem como objetivo abrir espa\u00e7o or\u00e7ament\u00e1rio para uma nova rodada do aux\u00edlio emergencial, levar\u00e1 cerca de tr\u00eas meses para ser aprovada nas duas Casas. Apesar disso, ele espera que a aprova\u00e7\u00e3o inicial no Senado, prevista para o in\u00edcio de mar\u00e7o, garanta um &#8216;bot\u00e3o de calamidade&#8217; para que o benef\u00edcio possa ser retomado com mais agilidade no mesmo m\u00eas, com possibilidade de continuar at\u00e9 junho.<\/p>\n\n\n\n<p>&#8211; Olha, PEC voc\u00ea tem que saber que no Senado tem um rito mais r\u00e1pido do que na C\u00e2mara. Ela deve ser votada l\u00e1 no dia 25 (de fevereiro) em primeiro turno e na outra semana o segundo turno pelo calend\u00e1rio que eu soube. Ela vindo para a C\u00e2mara, se tivermos sem comiss\u00e3o, trazemos ela para o plen\u00e1rio. Se n\u00e3o, ela tem que ter admissibilidade na CCJ e uma comiss\u00e3o especial com prazo m\u00ednimo de dez sess\u00f5es. Ent\u00e3o, n\u00e3o terminaremos a PEC emergencial e do pacto federativo at\u00e9 fevereiro &#8211; declarou Lira a jornalistas.<\/p>\n\n\n\n<p>Segundo ele, ap\u00f3s conversas com o presidente do Senado, Rodrigo Pacheco (DEM-MG), e o ministro da Economia, Paulo Guedes, foi &#8220;fixado&#8221; que o prazo de trabalho para viabilizar a PEC nas duas Casas ser\u00e1 de tr\u00eas meses. A exce\u00e7\u00e3o, ponderou, ser\u00e1 a reforma tribut\u00e1ria, que ter\u00e1 o seu relat\u00f3rio lido no final do m\u00eas de fevereiro na comiss\u00e3o especial, mas ainda n\u00e3o h\u00e1 defini\u00e7\u00e3o sobre onde come\u00e7ar\u00e1 a tramitar.<\/p>\n\n\n\n<p>&#8211; Todo nosso esfor\u00e7o \u00e9 para que o aux\u00edlio seja pago mar\u00e7o, abril, maio e junho, mas esse \u00e9 o esfor\u00e7o. Por isso precisamos de tranquilidade e harmonia. Vamos trabalhar para que a aprova\u00e7\u00e3o no Senado (da PEC emergencial e do pacto federativo) j\u00e1 permita que com o bot\u00e3o de calamidade a gente possa ter isso (aux\u00edlio emergencial) &#8211; afirmou.<\/p>\n\n\n\n<p>Petrobras<\/p>\n\n\n\n<p>Na mesma conversa, Lira disse que &#8220;n\u00e3o acredita&#8221; em interfer\u00eancia na pol\u00edtica de pre\u00e7os dos combust\u00edveis. Lira evitou se manifestar sobre a troca no comando da Petrobras e disse que indica\u00e7\u00f5es de presidentes de companhias s\u00e3o atribui\u00e7\u00f5es exclusivas do presidente Jair Bolsonaro.<\/p>\n\n\n\n<p>&#8211; N\u00e3o acredito em interfer\u00eancia de pre\u00e7os, esse problema \u00e9 mundial, o pre\u00e7o do barril do petr\u00f3leo \u00e9 em d\u00f3lar e ele \u00e9 internacionalmente mantido. L\u00f3gico que a Petrobras pode fazer algum ajuste, ela n\u00e3o precisa fazer aumentos semanais, mas isso \u00e9 uma coisa que o Executivo tratar\u00e1. A n\u00f3s n\u00e3o cabe comentar indica\u00e7\u00e3o de ministros, indica\u00e7\u00e3o de presidentes de companhia, \u00e9 uma atribui\u00e7\u00e3o do presidente da Rep\u00fablica, n\u00e3o do Congresso &#8211; disse o presidente da C\u00e2mara a jornalistas.<\/p>\n\n\n\n<p>Lira admitiu que a C\u00e2mara &#8220;perdeu&#8221; a semana devido ao caso do deputado Daniel Silveira (PSL-RJ), que teve a pris\u00e3o confirmada pelo plen\u00e1rio da Casa na noite de hoje. Ele afirmou que o projeto enviado pelo Congresso que altera a cobran\u00e7a do ICMS sobre o combust\u00edvel ser\u00e1 analisado nas comiss\u00f5es de Constitui\u00e7\u00e3o e Justi\u00e7a e de Tributa\u00e7\u00e3o antes de seguir ao plen\u00e1rio. Para isso, no entanto, os colegiados ainda precisam ser instalados.<\/p>\n\n\n\n<p>&#8211; A gente acabou de envi\u00e1-la para as comiss\u00f5es, vamos esperar que as comiss\u00f5es sejam instaladas na pr\u00f3xima semana. Essa semana perdemos toda a resolver esse problema. Mas na pr\u00f3xima semana trabalharei com os l\u00edderes para que cheguemos a um consenso na escolha das comiss\u00f5es &#8211; afirmou.<\/p>\n\n\n\n<p>Ele tamb\u00e9m voltou a dizer que a aprova\u00e7\u00e3o das medidas econ\u00f4micas ocorrer\u00e1 com facilidade. E acrescentou que, depois de conseguir viabilizar uma nova rodada do aux\u00edlio emergencial, ser\u00e1 necess\u00e1rio trabalhar em um programa &#8220;perene&#8221;, citando como exemplo o Bolsa Fam\u00edlia e o Bolsa Cidad\u00e3.<\/p>\n","protected":false},"excerpt":{"rendered":"<p>(JBCNEWS &#8211; DF 20\/21 &#8211; O presidente da C\u00e2mara, Arthur Lira (PP-AL), afirmou na noite desta sexta-feira que a Proposta de Emenda \u00e0 Constitui\u00e7\u00e3o (PEC) Emergencial<span class=\"excerpt-hellip\"> [\u2026]<\/span><\/p>\n","protected":false},"author":1,"featured_media":2613,"comment_status":"open","ping_status":"open","sticky":false,"template":"","format":"standard","meta":{"footnotes":""},"categories":[22],"tags":[],"yoast_head":"<!-- This site is optimized with the Yoast SEO plugin v22.6 - https:\/\/yoast.com\/wordpress\/plugins\/seo\/ -->\n<title>Lira diz que PEC emergencial levar\u00e1 tr\u00eas meses para ser aprovada no Congresso - JBCNews<\/title>\n<meta name=\"robots\" content=\"index, follow, max-snippet:-1, max-image-preview:large, max-video-preview:-1\" \/>\n<link rel=\"canonical\" href=\"https:\/\/jbcnews.com.br\/index.php\/2021\/02\/22\/lira-diz-que-pec-emergencial-levara-tres-meses-para-ser-aprovada-no-congresso\/\" \/>\n<meta property=\"og:locale\" content=\"pt_BR\" \/>\n<meta property=\"og:type\" content=\"article\" \/>\n<meta property=\"og:title\" content=\"Lira diz que PEC emergencial levar\u00e1 tr\u00eas meses para ser aprovada no Congresso - JBCNews\" \/>\n<meta property=\"og:description\" content=\"(JBCNEWS &#8211; DF 20\/21 &#8211; O presidente da C\u00e2mara, Arthur Lira (PP-AL), afirmou na noite desta sexta-feira que a Proposta de Emenda \u00e0 Constitui\u00e7\u00e3o (PEC) Emergencial [\u2026]\" \/>\n<meta property=\"og:url\" content=\"https:\/\/jbcnews.com.br\/index.php\/2021\/02\/22\/lira-diz-que-pec-emergencial-levara-tres-meses-para-ser-aprovada-no-congresso\/\" \/>\n<meta property=\"og:site_name\" content=\"JBCNews\" \/>\n<meta property=\"article:published_time\" content=\"2021-02-22T19:36:26+00:00\" \/>\n<meta property=\"article:modified_time\" content=\"2021-02-22T19:36:27+00:00\" \/>\n<meta property=\"og:image\" content=\"https:\/\/jbcnews.com.br\/wp-content\/uploads\/2021\/02\/imagem-42-1.png\" \/>\n\t<meta property=\"og:image:width\" content=\"959\" \/>\n\t<meta property=\"og:image:height\" content=\"417\" \/>\n\t<meta property=\"og:image:type\" content=\"image\/png\" \/>\n<meta name=\"author\" content=\"admin\" \/>\n<meta name=\"twitter:card\" content=\"summary_large_image\" \/>\n<meta name=\"twitter:label1\" content=\"Escrito por\" \/>\n\t<meta name=\"twitter:data1\" content=\"admin\" \/>\n\t<meta name=\"twitter:label2\" content=\"Est. tempo de leitura\" \/>\n\t<meta name=\"twitter:data2\" content=\"3 minutos\" \/>\n<script type=\"application\/ld+json\" class=\"yoast-schema-graph\">{\"@context\":\"https:\/\/schema.org\",\"@graph\":[{\"@type\":\"WebPage\",\"@id\":\"https:\/\/jbcnews.com.br\/index.php\/2021\/02\/22\/lira-diz-que-pec-emergencial-levara-tres-meses-para-ser-aprovada-no-congresso\/\",\"url\":\"https:\/\/jbcnews.com.br\/index.php\/2021\/02\/22\/lira-diz-que-pec-emergencial-levara-tres-meses-para-ser-aprovada-no-congresso\/\",\"name\":\"Lira diz que PEC emergencial levar\u00e1 tr\u00eas meses para ser aprovada no Congresso - JBCNews\",\"isPartOf\":{\"@id\":\"https:\/\/jbcnews.com.br\/#website\"},\"primaryImageOfPage\":{\"@id\":\"https:\/\/jbcnews.com.br\/index.php\/2021\/02\/22\/lira-diz-que-pec-emergencial-levara-tres-meses-para-ser-aprovada-no-congresso\/#primaryimage\"},\"image\":{\"@id\":\"https:\/\/jbcnews.com.br\/index.php\/2021\/02\/22\/lira-diz-que-pec-emergencial-levara-tres-meses-para-ser-aprovada-no-congresso\/#primaryimage\"},\"thumbnailUrl\":\"https:\/\/jbcnews.com.br\/wp-content\/uploads\/2021\/02\/imagem-42-1.png\",\"datePublished\":\"2021-02-22T19:36:26+00:00\",\"dateModified\":\"2021-02-22T19:36:27+00:00\",\"author\":{\"@id\":\"https:\/\/jbcnews.com.br\/#\/schema\/person\/3b597ec20ccf92d0adc436057caf9bbe\"},\"breadcrumb\":{\"@id\":\"https:\/\/jbcnews.com.br\/index.php\/2021\/02\/22\/lira-diz-que-pec-emergencial-levara-tres-meses-para-ser-aprovada-no-congresso\/#breadcrumb\"},\"inLanguage\":\"pt-BR\",\"potentialAction\":[{\"@type\":\"ReadAction\",\"target\":[\"https:\/\/jbcnews.com.br\/index.php\/2021\/02\/22\/lira-diz-que-pec-emergencial-levara-tres-meses-para-ser-aprovada-no-congresso\/\"]}]},{\"@type\":\"ImageObject\",\"inLanguage\":\"pt-BR\",\"@id\":\"https:\/\/jbcnews.com.br\/index.php\/2021\/02\/22\/lira-diz-que-pec-emergencial-levara-tres-meses-para-ser-aprovada-no-congresso\/#primaryimage\",\"url\":\"https:\/\/jbcnews.com.br\/wp-content\/uploads\/2021\/02\/imagem-42-1.png\",\"contentUrl\":\"https:\/\/jbcnews.com.br\/wp-content\/uploads\/2021\/02\/imagem-42-1.png\",\"width\":959,\"height\":417},{\"@type\":\"BreadcrumbList\",\"@id\":\"https:\/\/jbcnews.com.br\/index.php\/2021\/02\/22\/lira-diz-que-pec-emergencial-levara-tres-meses-para-ser-aprovada-no-congresso\/#breadcrumb\",\"itemListElement\":[{\"@type\":\"ListItem\",\"position\":1,\"name\":\"In\u00edcio\",\"item\":\"https:\/\/jbcnews.com.br\/\"},{\"@type\":\"ListItem\",\"position\":2,\"name\":\"Lira diz que PEC emergencial levar\u00e1 tr\u00eas meses para ser aprovada no Congresso\"}]},{\"@type\":\"WebSite\",\"@id\":\"https:\/\/jbcnews.com.br\/#website\",\"url\":\"https:\/\/jbcnews.com.br\/\",\"name\":\"JBCNews\",\"description\":\"Comunica\u00e7\u00e3o e Cultura\",\"potentialAction\":[{\"@type\":\"SearchAction\",\"target\":{\"@type\":\"EntryPoint\",\"urlTemplate\":\"https:\/\/jbcnews.com.br\/?s={search_term_string}\"},\"query-input\":\"required name=search_term_string\"}],\"inLanguage\":\"pt-BR\"},{\"@type\":\"Person\",\"@id\":\"https:\/\/jbcnews.com.br\/#\/schema\/person\/3b597ec20ccf92d0adc436057caf9bbe\",\"name\":\"admin\",\"image\":{\"@type\":\"ImageObject\",\"inLanguage\":\"pt-BR\",\"@id\":\"https:\/\/jbcnews.com.br\/#\/schema\/person\/image\/\",\"url\":\"https:\/\/secure.gravatar.com\/avatar\/fe848d2435b65c3ed1cdd3a8e8f3bb2d?s=96&d=mm&r=g\",\"contentUrl\":\"https:\/\/secure.gravatar.com\/avatar\/fe848d2435b65c3ed1cdd3a8e8f3bb2d?s=96&d=mm&r=g\",\"caption\":\"admin\"},\"sameAs\":[\"https:\/\/jbcnews.com.br\"],\"url\":\"https:\/\/jbcnews.com.br\/index.php\/author\/jbcnews\/\"}]}<\/script>\n<!-- \/ Yoast SEO plugin. -->","yoast_head_json":{"title":"Lira diz que PEC emergencial levar\u00e1 tr\u00eas meses para ser aprovada no Congresso - JBCNews","robots":{"index":"index","follow":"follow","max-snippet":"max-snippet:-1","max-image-preview":"max-image-preview:large","max-video-preview":"max-video-preview:-1"},"canonical":"https:\/\/jbcnews.com.br\/index.php\/2021\/02\/22\/lira-diz-que-pec-emergencial-levara-tres-meses-para-ser-aprovada-no-congresso\/","og_locale":"pt_BR","og_type":"article","og_title":"Lira diz que PEC emergencial levar\u00e1 tr\u00eas meses para ser aprovada no Congresso - JBCNews","og_description":"(JBCNEWS &#8211; DF 20\/21 &#8211; O presidente da C\u00e2mara, Arthur Lira (PP-AL), afirmou na noite desta sexta-feira que a Proposta de Emenda \u00e0 Constitui\u00e7\u00e3o (PEC) Emergencial [\u2026]","og_url":"https:\/\/jbcnews.com.br\/index.php\/2021\/02\/22\/lira-diz-que-pec-emergencial-levara-tres-meses-para-ser-aprovada-no-congresso\/","og_site_name":"JBCNews","article_published_time":"2021-02-22T19:36:26+00:00","article_modified_time":"2021-02-22T19:36:27+00:00","og_image":[{"width":959,"height":417,"url":"https:\/\/jbcnews.com.br\/wp-content\/uploads\/2021\/02\/imagem-42-1.png","type":"image\/png"}],"author":"admin","twitter_card":"summary_large_image","twitter_misc":{"Escrito por":"admin","Est. tempo de leitura":"3 minutos"},"schema":{"@context":"https:\/\/schema.org","@graph":[{"@type":"WebPage","@id":"https:\/\/jbcnews.com.br\/index.php\/2021\/02\/22\/lira-diz-que-pec-emergencial-levara-tres-meses-para-ser-aprovada-no-congresso\/","url":"https:\/\/jbcnews.com.br\/index.php\/2021\/02\/22\/lira-diz-que-pec-emergencial-levara-tres-meses-para-ser-aprovada-no-congresso\/","name":"Lira diz que PEC emergencial levar\u00e1 tr\u00eas meses para ser aprovada no Congresso - JBCNews","isPartOf":{"@id":"https:\/\/jbcnews.com.br\/#website"},"primaryImageOfPage":{"@id":"https:\/\/jbcnews.com.br\/index.php\/2021\/02\/22\/lira-diz-que-pec-emergencial-levara-tres-meses-para-ser-aprovada-no-congresso\/#primaryimage"},"image":{"@id":"https:\/\/jbcnews.com.br\/index.php\/2021\/02\/22\/lira-diz-que-pec-emergencial-levara-tres-meses-para-ser-aprovada-no-congresso\/#primaryimage"},"thumbnailUrl":"https:\/\/jbcnews.com.br\/wp-content\/uploads\/2021\/02\/imagem-42-1.png","datePublished":"2021-02-22T19:36:26+00:00","dateModified":"2021-02-22T19:36:27+00:00","author":{"@id":"https:\/\/jbcnews.com.br\/#\/schema\/person\/3b597ec20ccf92d0adc436057caf9bbe"},"breadcrumb":{"@id":"https:\/\/jbcnews.com.br\/index.php\/2021\/02\/22\/lira-diz-que-pec-emergencial-levara-tres-meses-para-ser-aprovada-no-congresso\/#breadcrumb"},"inLanguage":"pt-BR","potentialAction":[{"@type":"ReadAction","target":["https:\/\/jbcnews.com.br\/index.php\/2021\/02\/22\/lira-diz-que-pec-emergencial-levara-tres-meses-para-ser-aprovada-no-congresso\/"]}]},{"@type":"ImageObject","inLanguage":"pt-BR","@id":"https:\/\/jbcnews.com.br\/index.php\/2021\/02\/22\/lira-diz-que-pec-emergencial-levara-tres-meses-para-ser-aprovada-no-congresso\/#primaryimage","url":"https:\/\/jbcnews.com.br\/wp-content\/uploads\/2021\/02\/imagem-42-1.png","contentUrl":"https:\/\/jbcnews.com.br\/wp-content\/uploads\/2021\/02\/imagem-42-1.png","width":959,"height":417},{"@type":"BreadcrumbList","@id":"https:\/\/jbcnews.com.br\/index.php\/2021\/02\/22\/lira-diz-que-pec-emergencial-levara-tres-meses-para-ser-aprovada-no-congresso\/#breadcrumb","itemListElement":[{"@type":"ListItem","position":1,"name":"In\u00edcio","item":"https:\/\/jbcnews.com.br\/"},{"@type":"ListItem","position":2,"name":"Lira diz que PEC emergencial levar\u00e1 tr\u00eas meses para ser aprovada no Congresso"}]},{"@type":"WebSite","@id":"https:\/\/jbcnews.com.br\/#website","url":"https:\/\/jbcnews.com.br\/","name":"JBCNews","description":"Comunica\u00e7\u00e3o e Cultura","potentialAction":[{"@type":"SearchAction","target":{"@type":"EntryPoint","urlTemplate":"https:\/\/jbcnews.com.br\/?s={search_term_string}"},"query-input":"required name=search_term_string"}],"inLanguage":"pt-BR"},{"@type":"Person","@id":"https:\/\/jbcnews.com.br\/#\/schema\/person\/3b597ec20ccf92d0adc436057caf9bbe","name":"admin","image":{"@type":"ImageObject","inLanguage":"pt-BR","@id":"https:\/\/jbcnews.com.br\/#\/schema\/person\/image\/","url":"https:\/\/secure.gravatar.com\/avatar\/fe848d2435b65c3ed1cdd3a8e8f3bb2d?s=96&d=mm&r=g","contentUrl":"https:\/\/secure.gravatar.com\/avatar\/fe848d2435b65c3ed1cdd3a8e8f3bb2d?s=96&d=mm&r=g","caption":"admin"},"sameAs":["https:\/\/jbcnews.com.br"],"url":"https:\/\/jbcnews.com.br\/index.php\/author\/jbcnews\/"}]}},"_links":{"self":[{"href":"https:\/\/jbcnews.com.br\/index.php\/wp-json\/wp\/v2\/posts\/2612"}],"collection":[{"href":"https:\/\/jbcnews.com.br\/index.php\/wp-json\/wp\/v2\/posts"}],"about":[{"href":"https:\/\/jbcnews.com.br\/index.php\/wp-json\/wp\/v2\/types\/post"}],"author":[{"embeddable":true,"href":"https:\/\/jbcnews.com.br\/index.php\/wp-json\/wp\/v2\/users\/1"}],"replies":[{"embeddable":true,"href":"https:\/\/jbcnews.com.br\/index.php\/wp-json\/wp\/v2\/comments?post=2612"}],"version-history":[{"count":1,"href":"https:\/\/jbcnews.com.br\/index.php\/wp-json\/wp\/v2\/posts\/2612\/revisions"}],"predecessor-version":[{"id":2614,"href":"https:\/\/jbcnews.com.br\/index.php\/wp-json\/wp\/v2\/posts\/2612\/revisions\/2614"}],"wp:featuredmedia":[{"embeddable":true,"href":"https:\/\/jbcnews.com.br\/index.php\/wp-json\/wp\/v2\/media\/2613"}],"wp:attachment":[{"href":"https:\/\/jbcnews.com.br\/index.php\/wp-json\/wp\/v2\/media?parent=2612"}],"wp:term":[{"taxonomy":"category","embeddable":true,"href":"https:\/\/jbcnews.com.br\/index.php\/wp-json\/wp\/v2\/categories?post=2612"},{"taxonomy":"post_tag","embeddable":true,"href":"https:\/\/jbcnews.com.br\/index.php\/wp-json\/wp\/v2\/tags?post=2612"}],"curies":[{"name":"wp","href":"https:\/\/api.w.org\/{rel}","templated":true}]}}