{"id":2609,"date":"2021-02-22T19:34:13","date_gmt":"2021-02-22T19:34:13","guid":{"rendered":"https:\/\/jbcnews.com.br\/?p=2609"},"modified":"2021-03-03T16:50:38","modified_gmt":"2021-03-03T16:50:38","slug":"do-centrao-para-a-esplanada-quem-e-joao-roma-o-novo-ministro-de-bolsonaro-que-foi-pupilo-de-acm-neto","status":"publish","type":"post","link":"https:\/\/jbcnews.com.br\/index.php\/2021\/02\/22\/do-centrao-para-a-esplanada-quem-e-joao-roma-o-novo-ministro-de-bolsonaro-que-foi-pupilo-de-acm-neto\/","title":{"rendered":"Do Centr\u00e3o para a Esplanada Quem \u00e9 Jo\u00e3o Roma, o novo ministro de Bolsonaro que foi pupilo de ACM Neto"},"content":{"rendered":"\n<p>O deputado federal&nbsp;Jo\u00e3o Roma&nbsp;(Republicanos-BA), de 48 anos, \u00e9 o novo&nbsp;ministro da Cidadania&nbsp;do governo&nbsp;Jair Bolsonaro. O parlamentar assume a vaga deixada por&nbsp;Onyx Lorenzoni&nbsp;(DEM-RS), que foi deslocado para a Secretaria Geral da Presid\u00eancia, numa primeira fase da&nbsp;reforma ministerial acordada com aliados. A nomea\u00e7\u00e3o foi publicada em edi\u00e7\u00e3o extra do&nbsp;Di\u00e1rio Oficial&nbsp;da Uni\u00e3o nesta sexta-feira (12).<\/p>\n\n\n\n<p>Deputado de primeiro mandato, Jo\u00e3o Roma \u00e9 cat\u00f3lico, embora o partido dele seja um dos mais fortes na bancada evang\u00e9lica. \u00c9 formado em Direito, nascido em Recife (PE), casado e pai de dois filhos.<\/p>\n\n\n\n<p>\u00c9 ainda neto do ex-deputado federal por tr\u00eas mandatos Jo\u00e3o Roma (PE), de quem herdou o nome. Nos anos 1960, o av\u00f4 foi filiado ao PSD e \u00e0 Arena, partido de sustenta\u00e7\u00e3o do regime militar \u2014 ele deixaria a secretaria-geral da Arena em 1968, em discord\u00e2ncia com o Ato Institucional N\u00famero 5 (AI-5).<\/p>\n\n\n\n<p>O atual deputado Roma foi filiado ao antigo PFL, no qual militou na juventude. Nos anos 1990 e 2000, passou por cargos de confian\u00e7a nos governos de Pernambuco, Minist\u00e9rio da Administra\u00e7\u00e3o, Minist\u00e9rio da Cultura e Ag\u00eancia Nacional de Petr\u00f3leo (ANP).<\/p>\n","protected":false},"excerpt":{"rendered":"<p>O deputado federal&nbsp;Jo\u00e3o Roma&nbsp;(Republicanos-BA), de 48 anos, \u00e9 o novo&nbsp;ministro da Cidadania&nbsp;do governo&nbsp;Jair Bolsonaro. O parlamentar assume a vaga deixada por&nbsp;Onyx Lorenzoni&nbsp;(DEM-RS), que foi deslocado para<span class=\"excerpt-hellip\"> [\u2026]<\/span><\/p>\n","protected":false},"author":1,"featured_media":2610,"comment_status":"open","ping_status":"open","sticky":false,"template":"","format":"standard","meta":{"footnotes":""},"categories":[20],"tags":[],"yoast_head":"<!-- This site is optimized with the Yoast SEO plugin v22.6 - https:\/\/yoast.com\/wordpress\/plugins\/seo\/ -->\n<title>Do Centr\u00e3o para a Esplanada Quem \u00e9 Jo\u00e3o Roma, o novo ministro de Bolsonaro que foi pupilo de ACM Neto - JBCNews<\/title>\n<meta name=\"robots\" content=\"index, follow, max-snippet:-1, max-image-preview:large, max-video-preview:-1\" \/>\n<link rel=\"canonical\" href=\"https:\/\/jbcnews.com.br\/index.php\/2021\/02\/22\/do-centrao-para-a-esplanada-quem-e-joao-roma-o-novo-ministro-de-bolsonaro-que-foi-pupilo-de-acm-neto\/\" \/>\n<meta property=\"og:locale\" content=\"pt_BR\" \/>\n<meta property=\"og:type\" content=\"article\" \/>\n<meta property=\"og:title\" content=\"Do Centr\u00e3o para a Esplanada Quem \u00e9 Jo\u00e3o Roma, o novo ministro de Bolsonaro que foi pupilo de ACM Neto - JBCNews\" \/>\n<meta property=\"og:description\" content=\"O deputado federal&nbsp;Jo\u00e3o Roma&nbsp;(Republicanos-BA), de 48 anos, \u00e9 o novo&nbsp;ministro da Cidadania&nbsp;do governo&nbsp;Jair Bolsonaro. O parlamentar assume a vaga deixada por&nbsp;Onyx Lorenzoni&nbsp;(DEM-RS), que foi deslocado para [\u2026]\" \/>\n<meta property=\"og:url\" content=\"https:\/\/jbcnews.com.br\/index.php\/2021\/02\/22\/do-centrao-para-a-esplanada-quem-e-joao-roma-o-novo-ministro-de-bolsonaro-que-foi-pupilo-de-acm-neto\/\" \/>\n<meta property=\"og:site_name\" content=\"JBCNews\" \/>\n<meta property=\"article:published_time\" content=\"2021-02-22T19:34:13+00:00\" \/>\n<meta property=\"article:modified_time\" content=\"2021-03-03T16:50:38+00:00\" \/>\n<meta property=\"og:image\" content=\"https:\/\/jbcnews.com.br\/wp-content\/uploads\/2021\/02\/imagem-41.png\" \/>\n\t<meta property=\"og:image:width\" content=\"660\" \/>\n\t<meta property=\"og:image:height\" content=\"372\" \/>\n\t<meta property=\"og:image:type\" content=\"image\/png\" \/>\n<meta name=\"author\" content=\"admin\" \/>\n<meta name=\"twitter:card\" content=\"summary_large_image\" \/>\n<meta name=\"twitter:label1\" content=\"Escrito por\" \/>\n\t<meta name=\"twitter:data1\" content=\"admin\" \/>\n\t<meta name=\"twitter:label2\" content=\"Est. tempo de leitura\" \/>\n\t<meta name=\"twitter:data2\" content=\"1 minuto\" \/>\n<script type=\"application\/ld+json\" class=\"yoast-schema-graph\">{\"@context\":\"https:\/\/schema.org\",\"@graph\":[{\"@type\":\"WebPage\",\"@id\":\"https:\/\/jbcnews.com.br\/index.php\/2021\/02\/22\/do-centrao-para-a-esplanada-quem-e-joao-roma-o-novo-ministro-de-bolsonaro-que-foi-pupilo-de-acm-neto\/\",\"url\":\"https:\/\/jbcnews.com.br\/index.php\/2021\/02\/22\/do-centrao-para-a-esplanada-quem-e-joao-roma-o-novo-ministro-de-bolsonaro-que-foi-pupilo-de-acm-neto\/\",\"name\":\"Do Centr\u00e3o para a Esplanada Quem \u00e9 Jo\u00e3o Roma, o novo ministro de Bolsonaro que foi pupilo de ACM Neto - JBCNews\",\"isPartOf\":{\"@id\":\"https:\/\/jbcnews.com.br\/#website\"},\"primaryImageOfPage\":{\"@id\":\"https:\/\/jbcnews.com.br\/index.php\/2021\/02\/22\/do-centrao-para-a-esplanada-quem-e-joao-roma-o-novo-ministro-de-bolsonaro-que-foi-pupilo-de-acm-neto\/#primaryimage\"},\"image\":{\"@id\":\"https:\/\/jbcnews.com.br\/index.php\/2021\/02\/22\/do-centrao-para-a-esplanada-quem-e-joao-roma-o-novo-ministro-de-bolsonaro-que-foi-pupilo-de-acm-neto\/#primaryimage\"},\"thumbnailUrl\":\"https:\/\/jbcnews.com.br\/wp-content\/uploads\/2021\/02\/imagem-41.png\",\"datePublished\":\"2021-02-22T19:34:13+00:00\",\"dateModified\":\"2021-03-03T16:50:38+00:00\",\"author\":{\"@id\":\"https:\/\/jbcnews.com.br\/#\/schema\/person\/3b597ec20ccf92d0adc436057caf9bbe\"},\"breadcrumb\":{\"@id\":\"https:\/\/jbcnews.com.br\/index.php\/2021\/02\/22\/do-centrao-para-a-esplanada-quem-e-joao-roma-o-novo-ministro-de-bolsonaro-que-foi-pupilo-de-acm-neto\/#breadcrumb\"},\"inLanguage\":\"pt-BR\",\"potentialAction\":[{\"@type\":\"ReadAction\",\"target\":[\"https:\/\/jbcnews.com.br\/index.php\/2021\/02\/22\/do-centrao-para-a-esplanada-quem-e-joao-roma-o-novo-ministro-de-bolsonaro-que-foi-pupilo-de-acm-neto\/\"]}]},{\"@type\":\"ImageObject\",\"inLanguage\":\"pt-BR\",\"@id\":\"https:\/\/jbcnews.com.br\/index.php\/2021\/02\/22\/do-centrao-para-a-esplanada-quem-e-joao-roma-o-novo-ministro-de-bolsonaro-que-foi-pupilo-de-acm-neto\/#primaryimage\",\"url\":\"https:\/\/jbcnews.com.br\/wp-content\/uploads\/2021\/02\/imagem-41.png\",\"contentUrl\":\"https:\/\/jbcnews.com.br\/wp-content\/uploads\/2021\/02\/imagem-41.png\",\"width\":660,\"height\":372},{\"@type\":\"BreadcrumbList\",\"@id\":\"https:\/\/jbcnews.com.br\/index.php\/2021\/02\/22\/do-centrao-para-a-esplanada-quem-e-joao-roma-o-novo-ministro-de-bolsonaro-que-foi-pupilo-de-acm-neto\/#breadcrumb\",\"itemListElement\":[{\"@type\":\"ListItem\",\"position\":1,\"name\":\"In\u00edcio\",\"item\":\"https:\/\/jbcnews.com.br\/\"},{\"@type\":\"ListItem\",\"position\":2,\"name\":\"Do Centr\u00e3o para a Esplanada Quem \u00e9 Jo\u00e3o Roma, o novo ministro de Bolsonaro que foi pupilo de ACM Neto\"}]},{\"@type\":\"WebSite\",\"@id\":\"https:\/\/jbcnews.com.br\/#website\",\"url\":\"https:\/\/jbcnews.com.br\/\",\"name\":\"JBCNews\",\"description\":\"Comunica\u00e7\u00e3o e Cultura\",\"potentialAction\":[{\"@type\":\"SearchAction\",\"target\":{\"@type\":\"EntryPoint\",\"urlTemplate\":\"https:\/\/jbcnews.com.br\/?s={search_term_string}\"},\"query-input\":\"required name=search_term_string\"}],\"inLanguage\":\"pt-BR\"},{\"@type\":\"Person\",\"@id\":\"https:\/\/jbcnews.com.br\/#\/schema\/person\/3b597ec20ccf92d0adc436057caf9bbe\",\"name\":\"admin\",\"image\":{\"@type\":\"ImageObject\",\"inLanguage\":\"pt-BR\",\"@id\":\"https:\/\/jbcnews.com.br\/#\/schema\/person\/image\/\",\"url\":\"https:\/\/secure.gravatar.com\/avatar\/fe848d2435b65c3ed1cdd3a8e8f3bb2d?s=96&d=mm&r=g\",\"contentUrl\":\"https:\/\/secure.gravatar.com\/avatar\/fe848d2435b65c3ed1cdd3a8e8f3bb2d?s=96&d=mm&r=g\",\"caption\":\"admin\"},\"sameAs\":[\"https:\/\/jbcnews.com.br\"],\"url\":\"https:\/\/jbcnews.com.br\/index.php\/author\/jbcnews\/\"}]}<\/script>\n<!-- \/ Yoast SEO plugin. -->","yoast_head_json":{"title":"Do Centr\u00e3o para a Esplanada Quem \u00e9 Jo\u00e3o Roma, o novo ministro de Bolsonaro que foi pupilo de ACM Neto - JBCNews","robots":{"index":"index","follow":"follow","max-snippet":"max-snippet:-1","max-image-preview":"max-image-preview:large","max-video-preview":"max-video-preview:-1"},"canonical":"https:\/\/jbcnews.com.br\/index.php\/2021\/02\/22\/do-centrao-para-a-esplanada-quem-e-joao-roma-o-novo-ministro-de-bolsonaro-que-foi-pupilo-de-acm-neto\/","og_locale":"pt_BR","og_type":"article","og_title":"Do Centr\u00e3o para a Esplanada Quem \u00e9 Jo\u00e3o Roma, o novo ministro de Bolsonaro que foi pupilo de ACM Neto - JBCNews","og_description":"O deputado federal&nbsp;Jo\u00e3o Roma&nbsp;(Republicanos-BA), de 48 anos, \u00e9 o novo&nbsp;ministro da Cidadania&nbsp;do governo&nbsp;Jair Bolsonaro. O parlamentar assume a vaga deixada por&nbsp;Onyx Lorenzoni&nbsp;(DEM-RS), que foi deslocado para [\u2026]","og_url":"https:\/\/jbcnews.com.br\/index.php\/2021\/02\/22\/do-centrao-para-a-esplanada-quem-e-joao-roma-o-novo-ministro-de-bolsonaro-que-foi-pupilo-de-acm-neto\/","og_site_name":"JBCNews","article_published_time":"2021-02-22T19:34:13+00:00","article_modified_time":"2021-03-03T16:50:38+00:00","og_image":[{"width":660,"height":372,"url":"https:\/\/jbcnews.com.br\/wp-content\/uploads\/2021\/02\/imagem-41.png","type":"image\/png"}],"author":"admin","twitter_card":"summary_large_image","twitter_misc":{"Escrito por":"admin","Est. tempo de leitura":"1 minuto"},"schema":{"@context":"https:\/\/schema.org","@graph":[{"@type":"WebPage","@id":"https:\/\/jbcnews.com.br\/index.php\/2021\/02\/22\/do-centrao-para-a-esplanada-quem-e-joao-roma-o-novo-ministro-de-bolsonaro-que-foi-pupilo-de-acm-neto\/","url":"https:\/\/jbcnews.com.br\/index.php\/2021\/02\/22\/do-centrao-para-a-esplanada-quem-e-joao-roma-o-novo-ministro-de-bolsonaro-que-foi-pupilo-de-acm-neto\/","name":"Do Centr\u00e3o para a Esplanada Quem \u00e9 Jo\u00e3o Roma, o novo ministro de Bolsonaro que foi pupilo de ACM Neto - JBCNews","isPartOf":{"@id":"https:\/\/jbcnews.com.br\/#website"},"primaryImageOfPage":{"@id":"https:\/\/jbcnews.com.br\/index.php\/2021\/02\/22\/do-centrao-para-a-esplanada-quem-e-joao-roma-o-novo-ministro-de-bolsonaro-que-foi-pupilo-de-acm-neto\/#primaryimage"},"image":{"@id":"https:\/\/jbcnews.com.br\/index.php\/2021\/02\/22\/do-centrao-para-a-esplanada-quem-e-joao-roma-o-novo-ministro-de-bolsonaro-que-foi-pupilo-de-acm-neto\/#primaryimage"},"thumbnailUrl":"https:\/\/jbcnews.com.br\/wp-content\/uploads\/2021\/02\/imagem-41.png","datePublished":"2021-02-22T19:34:13+00:00","dateModified":"2021-03-03T16:50:38+00:00","author":{"@id":"https:\/\/jbcnews.com.br\/#\/schema\/person\/3b597ec20ccf92d0adc436057caf9bbe"},"breadcrumb":{"@id":"https:\/\/jbcnews.com.br\/index.php\/2021\/02\/22\/do-centrao-para-a-esplanada-quem-e-joao-roma-o-novo-ministro-de-bolsonaro-que-foi-pupilo-de-acm-neto\/#breadcrumb"},"inLanguage":"pt-BR","potentialAction":[{"@type":"ReadAction","target":["https:\/\/jbcnews.com.br\/index.php\/2021\/02\/22\/do-centrao-para-a-esplanada-quem-e-joao-roma-o-novo-ministro-de-bolsonaro-que-foi-pupilo-de-acm-neto\/"]}]},{"@type":"ImageObject","inLanguage":"pt-BR","@id":"https:\/\/jbcnews.com.br\/index.php\/2021\/02\/22\/do-centrao-para-a-esplanada-quem-e-joao-roma-o-novo-ministro-de-bolsonaro-que-foi-pupilo-de-acm-neto\/#primaryimage","url":"https:\/\/jbcnews.com.br\/wp-content\/uploads\/2021\/02\/imagem-41.png","contentUrl":"https:\/\/jbcnews.com.br\/wp-content\/uploads\/2021\/02\/imagem-41.png","width":660,"height":372},{"@type":"BreadcrumbList","@id":"https:\/\/jbcnews.com.br\/index.php\/2021\/02\/22\/do-centrao-para-a-esplanada-quem-e-joao-roma-o-novo-ministro-de-bolsonaro-que-foi-pupilo-de-acm-neto\/#breadcrumb","itemListElement":[{"@type":"ListItem","position":1,"name":"In\u00edcio","item":"https:\/\/jbcnews.com.br\/"},{"@type":"ListItem","position":2,"name":"Do Centr\u00e3o para a Esplanada Quem \u00e9 Jo\u00e3o Roma, o novo ministro de Bolsonaro que foi pupilo de ACM Neto"}]},{"@type":"WebSite","@id":"https:\/\/jbcnews.com.br\/#website","url":"https:\/\/jbcnews.com.br\/","name":"JBCNews","description":"Comunica\u00e7\u00e3o e Cultura","potentialAction":[{"@type":"SearchAction","target":{"@type":"EntryPoint","urlTemplate":"https:\/\/jbcnews.com.br\/?s={search_term_string}"},"query-input":"required name=search_term_string"}],"inLanguage":"pt-BR"},{"@type":"Person","@id":"https:\/\/jbcnews.com.br\/#\/schema\/person\/3b597ec20ccf92d0adc436057caf9bbe","name":"admin","image":{"@type":"ImageObject","inLanguage":"pt-BR","@id":"https:\/\/jbcnews.com.br\/#\/schema\/person\/image\/","url":"https:\/\/secure.gravatar.com\/avatar\/fe848d2435b65c3ed1cdd3a8e8f3bb2d?s=96&d=mm&r=g","contentUrl":"https:\/\/secure.gravatar.com\/avatar\/fe848d2435b65c3ed1cdd3a8e8f3bb2d?s=96&d=mm&r=g","caption":"admin"},"sameAs":["https:\/\/jbcnews.com.br"],"url":"https:\/\/jbcnews.com.br\/index.php\/author\/jbcnews\/"}]}},"_links":{"self":[{"href":"https:\/\/jbcnews.com.br\/index.php\/wp-json\/wp\/v2\/posts\/2609"}],"collection":[{"href":"https:\/\/jbcnews.com.br\/index.php\/wp-json\/wp\/v2\/posts"}],"about":[{"href":"https:\/\/jbcnews.com.br\/index.php\/wp-json\/wp\/v2\/types\/post"}],"author":[{"embeddable":true,"href":"https:\/\/jbcnews.com.br\/index.php\/wp-json\/wp\/v2\/users\/1"}],"replies":[{"embeddable":true,"href":"https:\/\/jbcnews.com.br\/index.php\/wp-json\/wp\/v2\/comments?post=2609"}],"version-history":[{"count":1,"href":"https:\/\/jbcnews.com.br\/index.php\/wp-json\/wp\/v2\/posts\/2609\/revisions"}],"predecessor-version":[{"id":2611,"href":"https:\/\/jbcnews.com.br\/index.php\/wp-json\/wp\/v2\/posts\/2609\/revisions\/2611"}],"wp:featuredmedia":[{"embeddable":true,"href":"https:\/\/jbcnews.com.br\/index.php\/wp-json\/wp\/v2\/media\/2610"}],"wp:attachment":[{"href":"https:\/\/jbcnews.com.br\/index.php\/wp-json\/wp\/v2\/media?parent=2609"}],"wp:term":[{"taxonomy":"category","embeddable":true,"href":"https:\/\/jbcnews.com.br\/index.php\/wp-json\/wp\/v2\/categories?post=2609"},{"taxonomy":"post_tag","embeddable":true,"href":"https:\/\/jbcnews.com.br\/index.php\/wp-json\/wp\/v2\/tags?post=2609"}],"curies":[{"name":"wp","href":"https:\/\/api.w.org\/{rel}","templated":true}]}}