{"id":2603,"date":"2021-02-18T16:20:10","date_gmt":"2021-02-18T16:20:10","guid":{"rendered":"https:\/\/jbcnews.com.br\/?p=2603"},"modified":"2021-02-18T16:20:12","modified_gmt":"2021-02-18T16:20:12","slug":"lira-convoca-reunioes-na-camara-para-discutir-prisao-de-deputado","status":"publish","type":"post","link":"https:\/\/jbcnews.com.br\/index.php\/2021\/02\/18\/lira-convoca-reunioes-na-camara-para-discutir-prisao-de-deputado\/","title":{"rendered":"Lira convoca reuni\u00f5es na C\u00e2mara para discutir pris\u00e3o de deputado"},"content":{"rendered":"\n<p>(JBCNEWS &#8211; DF 18\/02) &#8211; O presidente da C\u00e2mara dos Deputados, Arthur Lira (PP-AL), anunciou em uma rede social ter convocado reuni\u00f5es nesta quarta-feira no in\u00edcio da tarde para tratar da pris\u00e3o do deputado federal Daniel Silveira (PSL-RJ), determinada na noite de ter\u00e7a-feira pelo ministro do Supremo Tribunal Federal (STF) Alexandre de Moraes ap\u00f3s ele ter gravado e divulgado um v\u00eddeo com ofensas a ministros da corte, defendendo a destitui\u00e7\u00e3o deles.<\/p>\n\n\n\n<p>&#8220;Convoquei reuni\u00e3o extraordin\u00e1ria da Mesa para as 13h e na sequ\u00eancia, Col\u00e9gio de L\u00edderes. Vamos, em conjunto, avaliar e discutir a pris\u00e3o do deputado Daniel Silveira&#8221;, disse Lira na manh\u00e3 de quarta no Twitter. O encontro ser\u00e1 virtual.<\/p>\n\n\n\n<p>O presidente do Supremo, Luiz Fux, tamb\u00e9m incluiu o caso do parlamentar como primeiro item da pauta do plen\u00e1rio nesta tarde. A tend\u00eancia \u00e9 que a deten\u00e7\u00e3o dele determinada por Moraes seja confirmada por unanimidade ou ampla maioria no Supremo, segundo fontes do tribunal relataram \u00e0 Reuters.<\/p>\n\n\n\n<p>Silveira, que est\u00e1 preso na Pol\u00edcia Federal do Rio de Janeiro, \u00e9 um aliado do presidente Jair Bolsonaro no Congresso. Ele \u00e9 conhecido por discursos inflamados contra o STF. At\u00e9 o momento, nenhuma autoridade do governo se pronunciou sobre o caso.<\/p>\n\n\n\n<p>Entre os deputados, inclusive integrantes da Mesa Diretora da C\u00e2mara, pelas manifesta\u00e7\u00f5es p\u00fablicas at\u00e9 agora, a maioria tem sido cr\u00edtica ao que Silveira fez.<\/p>\n\n\n\n<p>&#8220;Parece-me incontest\u00e1vel que o deputado Daniel Silveira cometeu os crimes previstos nos artigos 22 e 23 da Lei de Seguran\u00e7a Nacional. Conduta muito grave porque atentat\u00f3ria \u00e0 ordem democr\u00e1tica e \u00e0 independ\u00eancia dos Poderes. Cabe ao STF e \u00e0 C\u00e2mara decidir, dentro da CF (Constitui\u00e7\u00e3o Federal), a puni\u00e7\u00e3o&#8221;, disse no Twitter o deputado Marcelo Ramos (PL-AM), que \u00e9 o primeiro vice-presidente da C\u00e2mara.<\/p>\n\n\n\n<p>O presidente do PSL e primeiro-secret\u00e1rio da C\u00e2mara, Luciano Bivar (PE), divulgou nota em que repudiou os ataques do parlamentar a ministros do STF.<\/p>\n\n\n\n<p>&#8220;Os ataques, especialmente da maneira como foram feitos, s\u00e3o inaceit\u00e1veis. Esta atitude n\u00e3o pode e jamais ser\u00e1 confundida com liberdade de express\u00e3o, uma conquista t\u00e3o duramente obtida pelos brasileiros e que deve estar no cerne de todo o debate nacional&#8221;, disse Bivar.<\/p>\n\n\n\n<p>O presidente do PSL disse que o partido est\u00e1 tomando todas as medidas judiciais cab\u00edveis para o &#8220;afastamento definitivo&#8221; do deputado da legenda.<\/p>\n","protected":false},"excerpt":{"rendered":"<p>(JBCNEWS &#8211; DF 18\/02) &#8211; O presidente da C\u00e2mara dos Deputados, Arthur Lira (PP-AL), anunciou em uma rede social ter convocado reuni\u00f5es nesta quarta-feira no in\u00edcio<span class=\"excerpt-hellip\"> [\u2026]<\/span><\/p>\n","protected":false},"author":1,"featured_media":2604,"comment_status":"open","ping_status":"open","sticky":false,"template":"","format":"standard","meta":{"footnotes":""},"categories":[20],"tags":[],"yoast_head":"<!-- This site is optimized with the Yoast SEO plugin v22.6 - https:\/\/yoast.com\/wordpress\/plugins\/seo\/ -->\n<title>Lira convoca reuni\u00f5es na C\u00e2mara para discutir pris\u00e3o de deputado - JBCNews<\/title>\n<meta name=\"robots\" content=\"index, follow, max-snippet:-1, max-image-preview:large, max-video-preview:-1\" \/>\n<link rel=\"canonical\" href=\"https:\/\/jbcnews.com.br\/index.php\/2021\/02\/18\/lira-convoca-reunioes-na-camara-para-discutir-prisao-de-deputado\/\" \/>\n<meta property=\"og:locale\" content=\"pt_BR\" \/>\n<meta property=\"og:type\" content=\"article\" \/>\n<meta property=\"og:title\" content=\"Lira convoca reuni\u00f5es na C\u00e2mara para discutir pris\u00e3o de deputado - JBCNews\" \/>\n<meta property=\"og:description\" content=\"(JBCNEWS &#8211; DF 18\/02) &#8211; O presidente da C\u00e2mara dos Deputados, Arthur Lira (PP-AL), anunciou em uma rede social ter convocado reuni\u00f5es nesta quarta-feira no in\u00edcio [\u2026]\" \/>\n<meta property=\"og:url\" content=\"https:\/\/jbcnews.com.br\/index.php\/2021\/02\/18\/lira-convoca-reunioes-na-camara-para-discutir-prisao-de-deputado\/\" \/>\n<meta property=\"og:site_name\" content=\"JBCNews\" \/>\n<meta property=\"article:published_time\" content=\"2021-02-18T16:20:10+00:00\" \/>\n<meta property=\"article:modified_time\" content=\"2021-02-18T16:20:12+00:00\" \/>\n<meta property=\"og:image\" content=\"https:\/\/jbcnews.com.br\/wp-content\/uploads\/2021\/02\/imagem-40-1.png\" \/>\n\t<meta property=\"og:image:width\" content=\"800\" \/>\n\t<meta property=\"og:image:height\" content=\"534\" \/>\n\t<meta property=\"og:image:type\" content=\"image\/png\" \/>\n<meta name=\"author\" content=\"admin\" \/>\n<meta name=\"twitter:card\" content=\"summary_large_image\" \/>\n<meta name=\"twitter:label1\" content=\"Escrito por\" \/>\n\t<meta name=\"twitter:data1\" content=\"admin\" \/>\n\t<meta name=\"twitter:label2\" content=\"Est. tempo de leitura\" \/>\n\t<meta name=\"twitter:data2\" content=\"2 minutos\" \/>\n<script type=\"application\/ld+json\" class=\"yoast-schema-graph\">{\"@context\":\"https:\/\/schema.org\",\"@graph\":[{\"@type\":\"WebPage\",\"@id\":\"https:\/\/jbcnews.com.br\/index.php\/2021\/02\/18\/lira-convoca-reunioes-na-camara-para-discutir-prisao-de-deputado\/\",\"url\":\"https:\/\/jbcnews.com.br\/index.php\/2021\/02\/18\/lira-convoca-reunioes-na-camara-para-discutir-prisao-de-deputado\/\",\"name\":\"Lira convoca reuni\u00f5es na C\u00e2mara para discutir pris\u00e3o de deputado - JBCNews\",\"isPartOf\":{\"@id\":\"https:\/\/jbcnews.com.br\/#website\"},\"primaryImageOfPage\":{\"@id\":\"https:\/\/jbcnews.com.br\/index.php\/2021\/02\/18\/lira-convoca-reunioes-na-camara-para-discutir-prisao-de-deputado\/#primaryimage\"},\"image\":{\"@id\":\"https:\/\/jbcnews.com.br\/index.php\/2021\/02\/18\/lira-convoca-reunioes-na-camara-para-discutir-prisao-de-deputado\/#primaryimage\"},\"thumbnailUrl\":\"https:\/\/jbcnews.com.br\/wp-content\/uploads\/2021\/02\/imagem-40-1.png\",\"datePublished\":\"2021-02-18T16:20:10+00:00\",\"dateModified\":\"2021-02-18T16:20:12+00:00\",\"author\":{\"@id\":\"https:\/\/jbcnews.com.br\/#\/schema\/person\/3b597ec20ccf92d0adc436057caf9bbe\"},\"breadcrumb\":{\"@id\":\"https:\/\/jbcnews.com.br\/index.php\/2021\/02\/18\/lira-convoca-reunioes-na-camara-para-discutir-prisao-de-deputado\/#breadcrumb\"},\"inLanguage\":\"pt-BR\",\"potentialAction\":[{\"@type\":\"ReadAction\",\"target\":[\"https:\/\/jbcnews.com.br\/index.php\/2021\/02\/18\/lira-convoca-reunioes-na-camara-para-discutir-prisao-de-deputado\/\"]}]},{\"@type\":\"ImageObject\",\"inLanguage\":\"pt-BR\",\"@id\":\"https:\/\/jbcnews.com.br\/index.php\/2021\/02\/18\/lira-convoca-reunioes-na-camara-para-discutir-prisao-de-deputado\/#primaryimage\",\"url\":\"https:\/\/jbcnews.com.br\/wp-content\/uploads\/2021\/02\/imagem-40-1.png\",\"contentUrl\":\"https:\/\/jbcnews.com.br\/wp-content\/uploads\/2021\/02\/imagem-40-1.png\",\"width\":800,\"height\":534},{\"@type\":\"BreadcrumbList\",\"@id\":\"https:\/\/jbcnews.com.br\/index.php\/2021\/02\/18\/lira-convoca-reunioes-na-camara-para-discutir-prisao-de-deputado\/#breadcrumb\",\"itemListElement\":[{\"@type\":\"ListItem\",\"position\":1,\"name\":\"In\u00edcio\",\"item\":\"https:\/\/jbcnews.com.br\/\"},{\"@type\":\"ListItem\",\"position\":2,\"name\":\"Lira convoca reuni\u00f5es na C\u00e2mara para discutir pris\u00e3o de deputado\"}]},{\"@type\":\"WebSite\",\"@id\":\"https:\/\/jbcnews.com.br\/#website\",\"url\":\"https:\/\/jbcnews.com.br\/\",\"name\":\"JBCNews\",\"description\":\"Comunica\u00e7\u00e3o e Cultura\",\"potentialAction\":[{\"@type\":\"SearchAction\",\"target\":{\"@type\":\"EntryPoint\",\"urlTemplate\":\"https:\/\/jbcnews.com.br\/?s={search_term_string}\"},\"query-input\":\"required name=search_term_string\"}],\"inLanguage\":\"pt-BR\"},{\"@type\":\"Person\",\"@id\":\"https:\/\/jbcnews.com.br\/#\/schema\/person\/3b597ec20ccf92d0adc436057caf9bbe\",\"name\":\"admin\",\"image\":{\"@type\":\"ImageObject\",\"inLanguage\":\"pt-BR\",\"@id\":\"https:\/\/jbcnews.com.br\/#\/schema\/person\/image\/\",\"url\":\"https:\/\/secure.gravatar.com\/avatar\/fe848d2435b65c3ed1cdd3a8e8f3bb2d?s=96&d=mm&r=g\",\"contentUrl\":\"https:\/\/secure.gravatar.com\/avatar\/fe848d2435b65c3ed1cdd3a8e8f3bb2d?s=96&d=mm&r=g\",\"caption\":\"admin\"},\"sameAs\":[\"https:\/\/jbcnews.com.br\"],\"url\":\"https:\/\/jbcnews.com.br\/index.php\/author\/jbcnews\/\"}]}<\/script>\n<!-- \/ Yoast SEO plugin. -->","yoast_head_json":{"title":"Lira convoca reuni\u00f5es na C\u00e2mara para discutir pris\u00e3o de deputado - JBCNews","robots":{"index":"index","follow":"follow","max-snippet":"max-snippet:-1","max-image-preview":"max-image-preview:large","max-video-preview":"max-video-preview:-1"},"canonical":"https:\/\/jbcnews.com.br\/index.php\/2021\/02\/18\/lira-convoca-reunioes-na-camara-para-discutir-prisao-de-deputado\/","og_locale":"pt_BR","og_type":"article","og_title":"Lira convoca reuni\u00f5es na C\u00e2mara para discutir pris\u00e3o de deputado - JBCNews","og_description":"(JBCNEWS &#8211; DF 18\/02) &#8211; O presidente da C\u00e2mara dos Deputados, Arthur Lira (PP-AL), anunciou em uma rede social ter convocado reuni\u00f5es nesta quarta-feira no in\u00edcio [\u2026]","og_url":"https:\/\/jbcnews.com.br\/index.php\/2021\/02\/18\/lira-convoca-reunioes-na-camara-para-discutir-prisao-de-deputado\/","og_site_name":"JBCNews","article_published_time":"2021-02-18T16:20:10+00:00","article_modified_time":"2021-02-18T16:20:12+00:00","og_image":[{"width":800,"height":534,"url":"https:\/\/jbcnews.com.br\/wp-content\/uploads\/2021\/02\/imagem-40-1.png","type":"image\/png"}],"author":"admin","twitter_card":"summary_large_image","twitter_misc":{"Escrito por":"admin","Est. tempo de leitura":"2 minutos"},"schema":{"@context":"https:\/\/schema.org","@graph":[{"@type":"WebPage","@id":"https:\/\/jbcnews.com.br\/index.php\/2021\/02\/18\/lira-convoca-reunioes-na-camara-para-discutir-prisao-de-deputado\/","url":"https:\/\/jbcnews.com.br\/index.php\/2021\/02\/18\/lira-convoca-reunioes-na-camara-para-discutir-prisao-de-deputado\/","name":"Lira convoca reuni\u00f5es na C\u00e2mara para discutir pris\u00e3o de deputado - JBCNews","isPartOf":{"@id":"https:\/\/jbcnews.com.br\/#website"},"primaryImageOfPage":{"@id":"https:\/\/jbcnews.com.br\/index.php\/2021\/02\/18\/lira-convoca-reunioes-na-camara-para-discutir-prisao-de-deputado\/#primaryimage"},"image":{"@id":"https:\/\/jbcnews.com.br\/index.php\/2021\/02\/18\/lira-convoca-reunioes-na-camara-para-discutir-prisao-de-deputado\/#primaryimage"},"thumbnailUrl":"https:\/\/jbcnews.com.br\/wp-content\/uploads\/2021\/02\/imagem-40-1.png","datePublished":"2021-02-18T16:20:10+00:00","dateModified":"2021-02-18T16:20:12+00:00","author":{"@id":"https:\/\/jbcnews.com.br\/#\/schema\/person\/3b597ec20ccf92d0adc436057caf9bbe"},"breadcrumb":{"@id":"https:\/\/jbcnews.com.br\/index.php\/2021\/02\/18\/lira-convoca-reunioes-na-camara-para-discutir-prisao-de-deputado\/#breadcrumb"},"inLanguage":"pt-BR","potentialAction":[{"@type":"ReadAction","target":["https:\/\/jbcnews.com.br\/index.php\/2021\/02\/18\/lira-convoca-reunioes-na-camara-para-discutir-prisao-de-deputado\/"]}]},{"@type":"ImageObject","inLanguage":"pt-BR","@id":"https:\/\/jbcnews.com.br\/index.php\/2021\/02\/18\/lira-convoca-reunioes-na-camara-para-discutir-prisao-de-deputado\/#primaryimage","url":"https:\/\/jbcnews.com.br\/wp-content\/uploads\/2021\/02\/imagem-40-1.png","contentUrl":"https:\/\/jbcnews.com.br\/wp-content\/uploads\/2021\/02\/imagem-40-1.png","width":800,"height":534},{"@type":"BreadcrumbList","@id":"https:\/\/jbcnews.com.br\/index.php\/2021\/02\/18\/lira-convoca-reunioes-na-camara-para-discutir-prisao-de-deputado\/#breadcrumb","itemListElement":[{"@type":"ListItem","position":1,"name":"In\u00edcio","item":"https:\/\/jbcnews.com.br\/"},{"@type":"ListItem","position":2,"name":"Lira convoca reuni\u00f5es na C\u00e2mara para discutir pris\u00e3o de deputado"}]},{"@type":"WebSite","@id":"https:\/\/jbcnews.com.br\/#website","url":"https:\/\/jbcnews.com.br\/","name":"JBCNews","description":"Comunica\u00e7\u00e3o e Cultura","potentialAction":[{"@type":"SearchAction","target":{"@type":"EntryPoint","urlTemplate":"https:\/\/jbcnews.com.br\/?s={search_term_string}"},"query-input":"required name=search_term_string"}],"inLanguage":"pt-BR"},{"@type":"Person","@id":"https:\/\/jbcnews.com.br\/#\/schema\/person\/3b597ec20ccf92d0adc436057caf9bbe","name":"admin","image":{"@type":"ImageObject","inLanguage":"pt-BR","@id":"https:\/\/jbcnews.com.br\/#\/schema\/person\/image\/","url":"https:\/\/secure.gravatar.com\/avatar\/fe848d2435b65c3ed1cdd3a8e8f3bb2d?s=96&d=mm&r=g","contentUrl":"https:\/\/secure.gravatar.com\/avatar\/fe848d2435b65c3ed1cdd3a8e8f3bb2d?s=96&d=mm&r=g","caption":"admin"},"sameAs":["https:\/\/jbcnews.com.br"],"url":"https:\/\/jbcnews.com.br\/index.php\/author\/jbcnews\/"}]}},"_links":{"self":[{"href":"https:\/\/jbcnews.com.br\/index.php\/wp-json\/wp\/v2\/posts\/2603"}],"collection":[{"href":"https:\/\/jbcnews.com.br\/index.php\/wp-json\/wp\/v2\/posts"}],"about":[{"href":"https:\/\/jbcnews.com.br\/index.php\/wp-json\/wp\/v2\/types\/post"}],"author":[{"embeddable":true,"href":"https:\/\/jbcnews.com.br\/index.php\/wp-json\/wp\/v2\/users\/1"}],"replies":[{"embeddable":true,"href":"https:\/\/jbcnews.com.br\/index.php\/wp-json\/wp\/v2\/comments?post=2603"}],"version-history":[{"count":1,"href":"https:\/\/jbcnews.com.br\/index.php\/wp-json\/wp\/v2\/posts\/2603\/revisions"}],"predecessor-version":[{"id":2605,"href":"https:\/\/jbcnews.com.br\/index.php\/wp-json\/wp\/v2\/posts\/2603\/revisions\/2605"}],"wp:featuredmedia":[{"embeddable":true,"href":"https:\/\/jbcnews.com.br\/index.php\/wp-json\/wp\/v2\/media\/2604"}],"wp:attachment":[{"href":"https:\/\/jbcnews.com.br\/index.php\/wp-json\/wp\/v2\/media?parent=2603"}],"wp:term":[{"taxonomy":"category","embeddable":true,"href":"https:\/\/jbcnews.com.br\/index.php\/wp-json\/wp\/v2\/categories?post=2603"},{"taxonomy":"post_tag","embeddable":true,"href":"https:\/\/jbcnews.com.br\/index.php\/wp-json\/wp\/v2\/tags?post=2603"}],"curies":[{"name":"wp","href":"https:\/\/api.w.org\/{rel}","templated":true}]}}