{"id":2600,"date":"2021-02-18T16:16:34","date_gmt":"2021-02-18T16:16:34","guid":{"rendered":"https:\/\/jbcnews.com.br\/?p=2600"},"modified":"2021-02-18T16:16:37","modified_gmt":"2021-02-18T16:16:37","slug":"presidente-do-congresso-diz-que-caso-de-deputado-preso-nao-pode-ser-elevado-a-crise-institucional","status":"publish","type":"post","link":"https:\/\/jbcnews.com.br\/index.php\/2021\/02\/18\/presidente-do-congresso-diz-que-caso-de-deputado-preso-nao-pode-ser-elevado-a-crise-institucional\/","title":{"rendered":"Presidente do Congresso diz que caso de deputado preso n\u00e3o pode ser elevado a crise institucional"},"content":{"rendered":"\n<p>(JBCNEWS &#8211; DF 18\/02) &#8211; O presidente do Congresso Nacional, senador Rodrigo Pacheco (DEM-MG), afirmou nesta quarta-feira que o caso do deputado preso ap\u00f3s ataques ao Supremo Tribunal Federal (STF) n\u00e3o pode ser escalado a uma situa\u00e7\u00e3o de crise institucional.<\/p>\n\n\n\n<p>O STF decidiu nesta quarta-feira, por unanimidade, manter a decis\u00e3o do ministro Alexandre de Moraes que determinou na v\u00e9spera a pris\u00e3o do deputado Daniel Silveira (PSL-RJ) por divulgar por v\u00eddeo ataques aos ministros da Corte.<\/p>\n\n\n\n<p>&#8220;N\u00e3o levaremos esse epis\u00f3dio a uma crise institucional. Seguimos com as prioridades comuns do Brasil: vacina, aux\u00edlio e reformas&#8221;, afirmou o presidente do Congresso Nacional e do Senado em seu perfil do Twitter.<\/p>\n\n\n\n<p>Ao argumentar que a C\u00e2mara est\u00e1 &#8220;acima do ato de um parlamentar&#8221; e que o STF est\u00e1 &#8220;acima de uma decis\u00e3o espec\u00edfica&#8221;, Pacheco acrescentou que o Estado Democr\u00e1tico de Direito est\u00e1 &#8220;acima de todos&#8221;. O senador defendeu, ainda, que o caso &#8220;deve ser resolvido com procedimentos pr\u00f3prios das duas institui\u00e7\u00f5es e \u00e0 luz da Constitui\u00e7\u00e3o e da Lei&#8221;.<\/p>\n\n\n\n<p>&#8220;Atentar contra a Democracia e suas institui\u00e7\u00f5es \u00e9 grav\u00edssimo, sujeito ao crivo \u00e9tico e judicial. Por outro lado, prender ou manter preso algu\u00e9m antes do julgamento deve continuar a ser tratado como grave exce\u00e7\u00e3o&#8221;, disse o presidente.<\/p>\n\n\n\n<p>Segundo uma fonte, o posicionamento de Pacheco n\u00e3o foi previamente conversado com o presidente da C\u00e2mara, Arthur Lira (PP-AL). Lira anunciou, mais cedo, reuni\u00f5es da Mesa Diretora da Casa e do col\u00e9gio de l\u00edderes para discutir o assunto.<\/p>\n\n\n\n<p>A C\u00e2mara dever\u00e1 decidir, em vota\u00e7\u00e3o do plen\u00e1rio por vota\u00e7\u00e3o da maioria dos membros, se mant\u00e9m ou n\u00e3o a pris\u00e3o.<\/p>\n\n\n\n<p>O l\u00edder do governo na Casa, Ricardo Barros (PP-PR), disse \u00e0 Reuters que n\u00e3o h\u00e1 d\u00favidas sobre a necessidade de soltar o deputado. Mais cedo, no Twitter, Barros afirmou que &#8220;como parlamentar, votou pela soltura do deputado Daniel Silveira; pela liberdade de express\u00e3o, de opini\u00e3o e pela imunidade parlamentar, diretos garantidos na constitui\u00e7\u00e3o federal&#8221;, acrescentando que &#8220;o impasse \u00e9 entre legislativo e judici\u00e1rio&#8221; e que o &#8220;governo n\u00e3o faz parte da quest\u00e3o&#8221;.<\/p>\n\n\n\n<p>\u00c0 Reuters, o l\u00edder negou ainda que o epis\u00f3dio tenha o cond\u00e3o de contaminar vota\u00e7\u00e3o de mat\u00e9rias priorit\u00e1rias.<\/p>\n\n\n\n<p>A den\u00fancia da Procuradoria-Geral da Rep\u00fablica apresentada nesta quarta-feira ao STF contra Daniel Silveira aponta uma s\u00e9rie de crimes que v\u00e3o desde a coa\u00e7\u00e3o no curso do processo \u00e0 incita\u00e7\u00e3o de animosidade entre as For\u00e7as Armadas e a c\u00fapula do Poder Judici\u00e1rio.<\/p>\n\n\n\n<p>Daniel Silveira foi preso em flagrante por crime inafian\u00e7\u00e1vel na noite de ter\u00e7a-feira ap\u00f3s determina\u00e7\u00e3o do ministro Alexandre de Moraes, do STF, no \u00e2mbito de um outro inqu\u00e9rito sobre a divulga\u00e7\u00e3o de not\u00edcias falsas (fake news).<\/p>\n","protected":false},"excerpt":{"rendered":"<p>(JBCNEWS &#8211; DF 18\/02) &#8211; O presidente do Congresso Nacional, senador Rodrigo Pacheco (DEM-MG), afirmou nesta quarta-feira que o caso do deputado preso ap\u00f3s ataques ao<span class=\"excerpt-hellip\"> [\u2026]<\/span><\/p>\n","protected":false},"author":1,"featured_media":2601,"comment_status":"open","ping_status":"open","sticky":false,"template":"","format":"standard","meta":{"footnotes":""},"categories":[20],"tags":[],"yoast_head":"<!-- This site is optimized with the Yoast SEO plugin v22.6 - https:\/\/yoast.com\/wordpress\/plugins\/seo\/ -->\n<title>Presidente do Congresso diz que caso de deputado preso n\u00e3o pode ser elevado a crise institucional - JBCNews<\/title>\n<meta name=\"robots\" content=\"index, follow, max-snippet:-1, max-image-preview:large, max-video-preview:-1\" \/>\n<link rel=\"canonical\" href=\"https:\/\/jbcnews.com.br\/index.php\/2021\/02\/18\/presidente-do-congresso-diz-que-caso-de-deputado-preso-nao-pode-ser-elevado-a-crise-institucional\/\" \/>\n<meta property=\"og:locale\" content=\"pt_BR\" \/>\n<meta property=\"og:type\" content=\"article\" \/>\n<meta property=\"og:title\" content=\"Presidente do Congresso diz que caso de deputado preso n\u00e3o pode ser elevado a crise institucional - JBCNews\" \/>\n<meta property=\"og:description\" content=\"(JBCNEWS &#8211; DF 18\/02) &#8211; O presidente do Congresso Nacional, senador Rodrigo Pacheco (DEM-MG), afirmou nesta quarta-feira que o caso do deputado preso ap\u00f3s ataques ao [\u2026]\" \/>\n<meta property=\"og:url\" content=\"https:\/\/jbcnews.com.br\/index.php\/2021\/02\/18\/presidente-do-congresso-diz-que-caso-de-deputado-preso-nao-pode-ser-elevado-a-crise-institucional\/\" \/>\n<meta property=\"og:site_name\" content=\"JBCNews\" \/>\n<meta property=\"article:published_time\" content=\"2021-02-18T16:16:34+00:00\" \/>\n<meta property=\"article:modified_time\" content=\"2021-02-18T16:16:37+00:00\" \/>\n<meta property=\"og:image\" content=\"https:\/\/jbcnews.com.br\/wp-content\/uploads\/2021\/02\/imagem-39-1.png\" \/>\n\t<meta property=\"og:image:width\" content=\"800\" \/>\n\t<meta property=\"og:image:height\" content=\"533\" \/>\n\t<meta property=\"og:image:type\" content=\"image\/png\" \/>\n<meta name=\"author\" content=\"admin\" \/>\n<meta name=\"twitter:card\" content=\"summary_large_image\" \/>\n<meta name=\"twitter:label1\" content=\"Escrito por\" \/>\n\t<meta name=\"twitter:data1\" content=\"admin\" \/>\n\t<meta name=\"twitter:label2\" content=\"Est. tempo de leitura\" \/>\n\t<meta name=\"twitter:data2\" content=\"2 minutos\" \/>\n<script type=\"application\/ld+json\" class=\"yoast-schema-graph\">{\"@context\":\"https:\/\/schema.org\",\"@graph\":[{\"@type\":\"WebPage\",\"@id\":\"https:\/\/jbcnews.com.br\/index.php\/2021\/02\/18\/presidente-do-congresso-diz-que-caso-de-deputado-preso-nao-pode-ser-elevado-a-crise-institucional\/\",\"url\":\"https:\/\/jbcnews.com.br\/index.php\/2021\/02\/18\/presidente-do-congresso-diz-que-caso-de-deputado-preso-nao-pode-ser-elevado-a-crise-institucional\/\",\"name\":\"Presidente do Congresso diz que caso de deputado preso n\u00e3o pode ser elevado a crise institucional - JBCNews\",\"isPartOf\":{\"@id\":\"https:\/\/jbcnews.com.br\/#website\"},\"primaryImageOfPage\":{\"@id\":\"https:\/\/jbcnews.com.br\/index.php\/2021\/02\/18\/presidente-do-congresso-diz-que-caso-de-deputado-preso-nao-pode-ser-elevado-a-crise-institucional\/#primaryimage\"},\"image\":{\"@id\":\"https:\/\/jbcnews.com.br\/index.php\/2021\/02\/18\/presidente-do-congresso-diz-que-caso-de-deputado-preso-nao-pode-ser-elevado-a-crise-institucional\/#primaryimage\"},\"thumbnailUrl\":\"https:\/\/jbcnews.com.br\/wp-content\/uploads\/2021\/02\/imagem-39-1.png\",\"datePublished\":\"2021-02-18T16:16:34+00:00\",\"dateModified\":\"2021-02-18T16:16:37+00:00\",\"author\":{\"@id\":\"https:\/\/jbcnews.com.br\/#\/schema\/person\/3b597ec20ccf92d0adc436057caf9bbe\"},\"breadcrumb\":{\"@id\":\"https:\/\/jbcnews.com.br\/index.php\/2021\/02\/18\/presidente-do-congresso-diz-que-caso-de-deputado-preso-nao-pode-ser-elevado-a-crise-institucional\/#breadcrumb\"},\"inLanguage\":\"pt-BR\",\"potentialAction\":[{\"@type\":\"ReadAction\",\"target\":[\"https:\/\/jbcnews.com.br\/index.php\/2021\/02\/18\/presidente-do-congresso-diz-que-caso-de-deputado-preso-nao-pode-ser-elevado-a-crise-institucional\/\"]}]},{\"@type\":\"ImageObject\",\"inLanguage\":\"pt-BR\",\"@id\":\"https:\/\/jbcnews.com.br\/index.php\/2021\/02\/18\/presidente-do-congresso-diz-que-caso-de-deputado-preso-nao-pode-ser-elevado-a-crise-institucional\/#primaryimage\",\"url\":\"https:\/\/jbcnews.com.br\/wp-content\/uploads\/2021\/02\/imagem-39-1.png\",\"contentUrl\":\"https:\/\/jbcnews.com.br\/wp-content\/uploads\/2021\/02\/imagem-39-1.png\",\"width\":800,\"height\":533},{\"@type\":\"BreadcrumbList\",\"@id\":\"https:\/\/jbcnews.com.br\/index.php\/2021\/02\/18\/presidente-do-congresso-diz-que-caso-de-deputado-preso-nao-pode-ser-elevado-a-crise-institucional\/#breadcrumb\",\"itemListElement\":[{\"@type\":\"ListItem\",\"position\":1,\"name\":\"In\u00edcio\",\"item\":\"https:\/\/jbcnews.com.br\/\"},{\"@type\":\"ListItem\",\"position\":2,\"name\":\"Presidente do Congresso diz que caso de deputado preso n\u00e3o pode ser elevado a crise institucional\"}]},{\"@type\":\"WebSite\",\"@id\":\"https:\/\/jbcnews.com.br\/#website\",\"url\":\"https:\/\/jbcnews.com.br\/\",\"name\":\"JBCNews\",\"description\":\"Comunica\u00e7\u00e3o e Cultura\",\"potentialAction\":[{\"@type\":\"SearchAction\",\"target\":{\"@type\":\"EntryPoint\",\"urlTemplate\":\"https:\/\/jbcnews.com.br\/?s={search_term_string}\"},\"query-input\":\"required name=search_term_string\"}],\"inLanguage\":\"pt-BR\"},{\"@type\":\"Person\",\"@id\":\"https:\/\/jbcnews.com.br\/#\/schema\/person\/3b597ec20ccf92d0adc436057caf9bbe\",\"name\":\"admin\",\"image\":{\"@type\":\"ImageObject\",\"inLanguage\":\"pt-BR\",\"@id\":\"https:\/\/jbcnews.com.br\/#\/schema\/person\/image\/\",\"url\":\"https:\/\/secure.gravatar.com\/avatar\/fe848d2435b65c3ed1cdd3a8e8f3bb2d?s=96&d=mm&r=g\",\"contentUrl\":\"https:\/\/secure.gravatar.com\/avatar\/fe848d2435b65c3ed1cdd3a8e8f3bb2d?s=96&d=mm&r=g\",\"caption\":\"admin\"},\"sameAs\":[\"https:\/\/jbcnews.com.br\"],\"url\":\"https:\/\/jbcnews.com.br\/index.php\/author\/jbcnews\/\"}]}<\/script>\n<!-- \/ Yoast SEO plugin. -->","yoast_head_json":{"title":"Presidente do Congresso diz que caso de deputado preso n\u00e3o pode ser elevado a crise institucional - JBCNews","robots":{"index":"index","follow":"follow","max-snippet":"max-snippet:-1","max-image-preview":"max-image-preview:large","max-video-preview":"max-video-preview:-1"},"canonical":"https:\/\/jbcnews.com.br\/index.php\/2021\/02\/18\/presidente-do-congresso-diz-que-caso-de-deputado-preso-nao-pode-ser-elevado-a-crise-institucional\/","og_locale":"pt_BR","og_type":"article","og_title":"Presidente do Congresso diz que caso de deputado preso n\u00e3o pode ser elevado a crise institucional - JBCNews","og_description":"(JBCNEWS &#8211; DF 18\/02) &#8211; O presidente do Congresso Nacional, senador Rodrigo Pacheco (DEM-MG), afirmou nesta quarta-feira que o caso do deputado preso ap\u00f3s ataques ao [\u2026]","og_url":"https:\/\/jbcnews.com.br\/index.php\/2021\/02\/18\/presidente-do-congresso-diz-que-caso-de-deputado-preso-nao-pode-ser-elevado-a-crise-institucional\/","og_site_name":"JBCNews","article_published_time":"2021-02-18T16:16:34+00:00","article_modified_time":"2021-02-18T16:16:37+00:00","og_image":[{"width":800,"height":533,"url":"https:\/\/jbcnews.com.br\/wp-content\/uploads\/2021\/02\/imagem-39-1.png","type":"image\/png"}],"author":"admin","twitter_card":"summary_large_image","twitter_misc":{"Escrito por":"admin","Est. tempo de leitura":"2 minutos"},"schema":{"@context":"https:\/\/schema.org","@graph":[{"@type":"WebPage","@id":"https:\/\/jbcnews.com.br\/index.php\/2021\/02\/18\/presidente-do-congresso-diz-que-caso-de-deputado-preso-nao-pode-ser-elevado-a-crise-institucional\/","url":"https:\/\/jbcnews.com.br\/index.php\/2021\/02\/18\/presidente-do-congresso-diz-que-caso-de-deputado-preso-nao-pode-ser-elevado-a-crise-institucional\/","name":"Presidente do Congresso diz que caso de deputado preso n\u00e3o pode ser elevado a crise institucional - JBCNews","isPartOf":{"@id":"https:\/\/jbcnews.com.br\/#website"},"primaryImageOfPage":{"@id":"https:\/\/jbcnews.com.br\/index.php\/2021\/02\/18\/presidente-do-congresso-diz-que-caso-de-deputado-preso-nao-pode-ser-elevado-a-crise-institucional\/#primaryimage"},"image":{"@id":"https:\/\/jbcnews.com.br\/index.php\/2021\/02\/18\/presidente-do-congresso-diz-que-caso-de-deputado-preso-nao-pode-ser-elevado-a-crise-institucional\/#primaryimage"},"thumbnailUrl":"https:\/\/jbcnews.com.br\/wp-content\/uploads\/2021\/02\/imagem-39-1.png","datePublished":"2021-02-18T16:16:34+00:00","dateModified":"2021-02-18T16:16:37+00:00","author":{"@id":"https:\/\/jbcnews.com.br\/#\/schema\/person\/3b597ec20ccf92d0adc436057caf9bbe"},"breadcrumb":{"@id":"https:\/\/jbcnews.com.br\/index.php\/2021\/02\/18\/presidente-do-congresso-diz-que-caso-de-deputado-preso-nao-pode-ser-elevado-a-crise-institucional\/#breadcrumb"},"inLanguage":"pt-BR","potentialAction":[{"@type":"ReadAction","target":["https:\/\/jbcnews.com.br\/index.php\/2021\/02\/18\/presidente-do-congresso-diz-que-caso-de-deputado-preso-nao-pode-ser-elevado-a-crise-institucional\/"]}]},{"@type":"ImageObject","inLanguage":"pt-BR","@id":"https:\/\/jbcnews.com.br\/index.php\/2021\/02\/18\/presidente-do-congresso-diz-que-caso-de-deputado-preso-nao-pode-ser-elevado-a-crise-institucional\/#primaryimage","url":"https:\/\/jbcnews.com.br\/wp-content\/uploads\/2021\/02\/imagem-39-1.png","contentUrl":"https:\/\/jbcnews.com.br\/wp-content\/uploads\/2021\/02\/imagem-39-1.png","width":800,"height":533},{"@type":"BreadcrumbList","@id":"https:\/\/jbcnews.com.br\/index.php\/2021\/02\/18\/presidente-do-congresso-diz-que-caso-de-deputado-preso-nao-pode-ser-elevado-a-crise-institucional\/#breadcrumb","itemListElement":[{"@type":"ListItem","position":1,"name":"In\u00edcio","item":"https:\/\/jbcnews.com.br\/"},{"@type":"ListItem","position":2,"name":"Presidente do Congresso diz que caso de deputado preso n\u00e3o pode ser elevado a crise institucional"}]},{"@type":"WebSite","@id":"https:\/\/jbcnews.com.br\/#website","url":"https:\/\/jbcnews.com.br\/","name":"JBCNews","description":"Comunica\u00e7\u00e3o e Cultura","potentialAction":[{"@type":"SearchAction","target":{"@type":"EntryPoint","urlTemplate":"https:\/\/jbcnews.com.br\/?s={search_term_string}"},"query-input":"required name=search_term_string"}],"inLanguage":"pt-BR"},{"@type":"Person","@id":"https:\/\/jbcnews.com.br\/#\/schema\/person\/3b597ec20ccf92d0adc436057caf9bbe","name":"admin","image":{"@type":"ImageObject","inLanguage":"pt-BR","@id":"https:\/\/jbcnews.com.br\/#\/schema\/person\/image\/","url":"https:\/\/secure.gravatar.com\/avatar\/fe848d2435b65c3ed1cdd3a8e8f3bb2d?s=96&d=mm&r=g","contentUrl":"https:\/\/secure.gravatar.com\/avatar\/fe848d2435b65c3ed1cdd3a8e8f3bb2d?s=96&d=mm&r=g","caption":"admin"},"sameAs":["https:\/\/jbcnews.com.br"],"url":"https:\/\/jbcnews.com.br\/index.php\/author\/jbcnews\/"}]}},"_links":{"self":[{"href":"https:\/\/jbcnews.com.br\/index.php\/wp-json\/wp\/v2\/posts\/2600"}],"collection":[{"href":"https:\/\/jbcnews.com.br\/index.php\/wp-json\/wp\/v2\/posts"}],"about":[{"href":"https:\/\/jbcnews.com.br\/index.php\/wp-json\/wp\/v2\/types\/post"}],"author":[{"embeddable":true,"href":"https:\/\/jbcnews.com.br\/index.php\/wp-json\/wp\/v2\/users\/1"}],"replies":[{"embeddable":true,"href":"https:\/\/jbcnews.com.br\/index.php\/wp-json\/wp\/v2\/comments?post=2600"}],"version-history":[{"count":1,"href":"https:\/\/jbcnews.com.br\/index.php\/wp-json\/wp\/v2\/posts\/2600\/revisions"}],"predecessor-version":[{"id":2602,"href":"https:\/\/jbcnews.com.br\/index.php\/wp-json\/wp\/v2\/posts\/2600\/revisions\/2602"}],"wp:featuredmedia":[{"embeddable":true,"href":"https:\/\/jbcnews.com.br\/index.php\/wp-json\/wp\/v2\/media\/2601"}],"wp:attachment":[{"href":"https:\/\/jbcnews.com.br\/index.php\/wp-json\/wp\/v2\/media?parent=2600"}],"wp:term":[{"taxonomy":"category","embeddable":true,"href":"https:\/\/jbcnews.com.br\/index.php\/wp-json\/wp\/v2\/categories?post=2600"},{"taxonomy":"post_tag","embeddable":true,"href":"https:\/\/jbcnews.com.br\/index.php\/wp-json\/wp\/v2\/tags?post=2600"}],"curies":[{"name":"wp","href":"https:\/\/api.w.org\/{rel}","templated":true}]}}