{"id":2597,"date":"2021-02-18T16:12:44","date_gmt":"2021-02-18T16:12:44","guid":{"rendered":"https:\/\/jbcnews.com.br\/?p=2597"},"modified":"2021-02-18T16:12:47","modified_gmt":"2021-02-18T16:12:47","slug":"apos-prisao-de-deputado-presidente-da-camara-diz-que-conduzira-o-caso-com-serenidade","status":"publish","type":"post","link":"https:\/\/jbcnews.com.br\/index.php\/2021\/02\/18\/apos-prisao-de-deputado-presidente-da-camara-diz-que-conduzira-o-caso-com-serenidade\/","title":{"rendered":"Ap\u00f3s pris\u00e3o de deputado, presidente da C\u00e2mara diz que conduzir\u00e1 o caso com &#8216;serenidade&#8217;"},"content":{"rendered":"\n<p>BRAS\u00cdLIA &#8211; Presidente da C\u00e2mara dos Deputados, Arthur Lira (PP-AL) afirmou nesta quarta-feira que conduzir\u00e1 &#8220;com serenidade&#8221; o caso de Daniel Silveira (PSL-RJ), preso ap\u00f3s insultar ministros do Supremo Tribunal Federal. E deu a entender que o plen\u00e1rio da Casa \u00e9 que decidir\u00e1 a posi\u00e7\u00e3o da Casa. &#8220;Nesta hora de grande apreens\u00e3o, quero tranquilizar a todos e reiterar que irei conduzir o atual epis\u00f3dio com serenidade e consci\u00eancia de minhas responsabilidades para com a institui\u00e7\u00e3o e a democracia&#8221;, escreveu em uma rede social.<\/p>\n\n\n\n<p>Dois deputados do n\u00facleo de Lira ouvidos pelos jornalistas afirmaram, em car\u00e1ter reservado, que a pris\u00e3o em flagrante de Silveira foi justificada por conta das &#8220;ofensas muito graves&#8221;. E dizem que aconselharam o presidente da C\u00e2mara a n\u00e3o articular para retirar Silveira da pris\u00e3o. O n\u00facleo de Lira, contudo, j\u00e1 espera a press\u00e3o de deputados alinhados com o governo para que a C\u00e2mara atue para retirar Silveira da pris\u00e3o.<\/p>\n\n\n\n<p>No Twitter, Lira insinuou que n\u00e3o dever\u00e1 tomar partido. Disse que a vontade do plen\u00e1rio \u00e9 &#8220;soberana&#8221;, dando a entender que incluir\u00e1 os demais parlamentares no processo de escolha.<\/p>\n\n\n\n<p>&#8220;Como sempre disse e acredito, a C\u00e2mara n\u00e3o deve refletir a vontade ou a posi\u00e7\u00e3o de um indiv\u00edduo, mas do coletivo de seus colegiados, de suas inst\u00e2ncias e de sua vontade soberana, o plen\u00e1rio&#8221;, escreveu Lira. Na sequ\u00eancia, completou: &#8220;(&#8230;) Irei me guiar pela \u00fanica b\u00fassola leg\u00edtima no regime democr\u00e1tico, a Constitui\u00e7\u00e3o. E pelo \u00fanico meio civilizado de exerc\u00edcio da democracia, o di\u00e1logo e o respeito \u00e0 opini\u00e3o majorit\u00e1ria da institui\u00e7\u00e3o que represento&#8221;.<\/p>\n","protected":false},"excerpt":{"rendered":"<p>BRAS\u00cdLIA &#8211; Presidente da C\u00e2mara dos Deputados, Arthur Lira (PP-AL) afirmou nesta quarta-feira que conduzir\u00e1 &#8220;com serenidade&#8221; o caso de Daniel Silveira (PSL-RJ), preso ap\u00f3s insultar<span class=\"excerpt-hellip\"> [\u2026]<\/span><\/p>\n","protected":false},"author":1,"featured_media":2598,"comment_status":"open","ping_status":"open","sticky":false,"template":"","format":"standard","meta":{"footnotes":""},"categories":[20],"tags":[],"yoast_head":"<!-- This site is optimized with the Yoast SEO plugin v22.6 - https:\/\/yoast.com\/wordpress\/plugins\/seo\/ -->\n<title>Ap\u00f3s pris\u00e3o de deputado, presidente da C\u00e2mara diz que conduzir\u00e1 o caso com &#039;serenidade&#039; - JBCNews<\/title>\n<meta name=\"robots\" content=\"index, follow, max-snippet:-1, max-image-preview:large, max-video-preview:-1\" \/>\n<link rel=\"canonical\" href=\"https:\/\/jbcnews.com.br\/index.php\/2021\/02\/18\/apos-prisao-de-deputado-presidente-da-camara-diz-que-conduzira-o-caso-com-serenidade\/\" \/>\n<meta property=\"og:locale\" content=\"pt_BR\" \/>\n<meta property=\"og:type\" content=\"article\" \/>\n<meta property=\"og:title\" content=\"Ap\u00f3s pris\u00e3o de deputado, presidente da C\u00e2mara diz que conduzir\u00e1 o caso com &#039;serenidade&#039; - JBCNews\" \/>\n<meta property=\"og:description\" content=\"BRAS\u00cdLIA &#8211; Presidente da C\u00e2mara dos Deputados, Arthur Lira (PP-AL) afirmou nesta quarta-feira que conduzir\u00e1 &#8220;com serenidade&#8221; o caso de Daniel Silveira (PSL-RJ), preso ap\u00f3s insultar [\u2026]\" \/>\n<meta property=\"og:url\" content=\"https:\/\/jbcnews.com.br\/index.php\/2021\/02\/18\/apos-prisao-de-deputado-presidente-da-camara-diz-que-conduzira-o-caso-com-serenidade\/\" \/>\n<meta property=\"og:site_name\" content=\"JBCNews\" \/>\n<meta property=\"article:published_time\" content=\"2021-02-18T16:12:44+00:00\" \/>\n<meta property=\"article:modified_time\" content=\"2021-02-18T16:12:47+00:00\" \/>\n<meta property=\"og:image\" content=\"https:\/\/jbcnews.com.br\/wp-content\/uploads\/2021\/02\/imagem-38-1.png\" \/>\n\t<meta property=\"og:image:width\" content=\"959\" \/>\n\t<meta property=\"og:image:height\" content=\"417\" \/>\n\t<meta property=\"og:image:type\" content=\"image\/png\" \/>\n<meta name=\"author\" content=\"admin\" \/>\n<meta name=\"twitter:card\" content=\"summary_large_image\" \/>\n<meta name=\"twitter:label1\" content=\"Escrito por\" \/>\n\t<meta name=\"twitter:data1\" content=\"admin\" \/>\n\t<meta name=\"twitter:label2\" content=\"Est. tempo de leitura\" \/>\n\t<meta name=\"twitter:data2\" content=\"1 minuto\" \/>\n<script type=\"application\/ld+json\" class=\"yoast-schema-graph\">{\"@context\":\"https:\/\/schema.org\",\"@graph\":[{\"@type\":\"WebPage\",\"@id\":\"https:\/\/jbcnews.com.br\/index.php\/2021\/02\/18\/apos-prisao-de-deputado-presidente-da-camara-diz-que-conduzira-o-caso-com-serenidade\/\",\"url\":\"https:\/\/jbcnews.com.br\/index.php\/2021\/02\/18\/apos-prisao-de-deputado-presidente-da-camara-diz-que-conduzira-o-caso-com-serenidade\/\",\"name\":\"Ap\u00f3s pris\u00e3o de deputado, presidente da C\u00e2mara diz que conduzir\u00e1 o caso com 'serenidade' - JBCNews\",\"isPartOf\":{\"@id\":\"https:\/\/jbcnews.com.br\/#website\"},\"primaryImageOfPage\":{\"@id\":\"https:\/\/jbcnews.com.br\/index.php\/2021\/02\/18\/apos-prisao-de-deputado-presidente-da-camara-diz-que-conduzira-o-caso-com-serenidade\/#primaryimage\"},\"image\":{\"@id\":\"https:\/\/jbcnews.com.br\/index.php\/2021\/02\/18\/apos-prisao-de-deputado-presidente-da-camara-diz-que-conduzira-o-caso-com-serenidade\/#primaryimage\"},\"thumbnailUrl\":\"https:\/\/jbcnews.com.br\/wp-content\/uploads\/2021\/02\/imagem-38-1.png\",\"datePublished\":\"2021-02-18T16:12:44+00:00\",\"dateModified\":\"2021-02-18T16:12:47+00:00\",\"author\":{\"@id\":\"https:\/\/jbcnews.com.br\/#\/schema\/person\/3b597ec20ccf92d0adc436057caf9bbe\"},\"breadcrumb\":{\"@id\":\"https:\/\/jbcnews.com.br\/index.php\/2021\/02\/18\/apos-prisao-de-deputado-presidente-da-camara-diz-que-conduzira-o-caso-com-serenidade\/#breadcrumb\"},\"inLanguage\":\"pt-BR\",\"potentialAction\":[{\"@type\":\"ReadAction\",\"target\":[\"https:\/\/jbcnews.com.br\/index.php\/2021\/02\/18\/apos-prisao-de-deputado-presidente-da-camara-diz-que-conduzira-o-caso-com-serenidade\/\"]}]},{\"@type\":\"ImageObject\",\"inLanguage\":\"pt-BR\",\"@id\":\"https:\/\/jbcnews.com.br\/index.php\/2021\/02\/18\/apos-prisao-de-deputado-presidente-da-camara-diz-que-conduzira-o-caso-com-serenidade\/#primaryimage\",\"url\":\"https:\/\/jbcnews.com.br\/wp-content\/uploads\/2021\/02\/imagem-38-1.png\",\"contentUrl\":\"https:\/\/jbcnews.com.br\/wp-content\/uploads\/2021\/02\/imagem-38-1.png\",\"width\":959,\"height\":417},{\"@type\":\"BreadcrumbList\",\"@id\":\"https:\/\/jbcnews.com.br\/index.php\/2021\/02\/18\/apos-prisao-de-deputado-presidente-da-camara-diz-que-conduzira-o-caso-com-serenidade\/#breadcrumb\",\"itemListElement\":[{\"@type\":\"ListItem\",\"position\":1,\"name\":\"In\u00edcio\",\"item\":\"https:\/\/jbcnews.com.br\/\"},{\"@type\":\"ListItem\",\"position\":2,\"name\":\"Ap\u00f3s pris\u00e3o de deputado, presidente da C\u00e2mara diz que conduzir\u00e1 o caso com &#8216;serenidade&#8217;\"}]},{\"@type\":\"WebSite\",\"@id\":\"https:\/\/jbcnews.com.br\/#website\",\"url\":\"https:\/\/jbcnews.com.br\/\",\"name\":\"JBCNews\",\"description\":\"Comunica\u00e7\u00e3o e Cultura\",\"potentialAction\":[{\"@type\":\"SearchAction\",\"target\":{\"@type\":\"EntryPoint\",\"urlTemplate\":\"https:\/\/jbcnews.com.br\/?s={search_term_string}\"},\"query-input\":\"required name=search_term_string\"}],\"inLanguage\":\"pt-BR\"},{\"@type\":\"Person\",\"@id\":\"https:\/\/jbcnews.com.br\/#\/schema\/person\/3b597ec20ccf92d0adc436057caf9bbe\",\"name\":\"admin\",\"image\":{\"@type\":\"ImageObject\",\"inLanguage\":\"pt-BR\",\"@id\":\"https:\/\/jbcnews.com.br\/#\/schema\/person\/image\/\",\"url\":\"https:\/\/secure.gravatar.com\/avatar\/fe848d2435b65c3ed1cdd3a8e8f3bb2d?s=96&d=mm&r=g\",\"contentUrl\":\"https:\/\/secure.gravatar.com\/avatar\/fe848d2435b65c3ed1cdd3a8e8f3bb2d?s=96&d=mm&r=g\",\"caption\":\"admin\"},\"sameAs\":[\"https:\/\/jbcnews.com.br\"],\"url\":\"https:\/\/jbcnews.com.br\/index.php\/author\/jbcnews\/\"}]}<\/script>\n<!-- \/ Yoast SEO plugin. -->","yoast_head_json":{"title":"Ap\u00f3s pris\u00e3o de deputado, presidente da C\u00e2mara diz que conduzir\u00e1 o caso com 'serenidade' - JBCNews","robots":{"index":"index","follow":"follow","max-snippet":"max-snippet:-1","max-image-preview":"max-image-preview:large","max-video-preview":"max-video-preview:-1"},"canonical":"https:\/\/jbcnews.com.br\/index.php\/2021\/02\/18\/apos-prisao-de-deputado-presidente-da-camara-diz-que-conduzira-o-caso-com-serenidade\/","og_locale":"pt_BR","og_type":"article","og_title":"Ap\u00f3s pris\u00e3o de deputado, presidente da C\u00e2mara diz que conduzir\u00e1 o caso com 'serenidade' - JBCNews","og_description":"BRAS\u00cdLIA &#8211; Presidente da C\u00e2mara dos Deputados, Arthur Lira (PP-AL) afirmou nesta quarta-feira que conduzir\u00e1 &#8220;com serenidade&#8221; o caso de Daniel Silveira (PSL-RJ), preso ap\u00f3s insultar [\u2026]","og_url":"https:\/\/jbcnews.com.br\/index.php\/2021\/02\/18\/apos-prisao-de-deputado-presidente-da-camara-diz-que-conduzira-o-caso-com-serenidade\/","og_site_name":"JBCNews","article_published_time":"2021-02-18T16:12:44+00:00","article_modified_time":"2021-02-18T16:12:47+00:00","og_image":[{"width":959,"height":417,"url":"https:\/\/jbcnews.com.br\/wp-content\/uploads\/2021\/02\/imagem-38-1.png","type":"image\/png"}],"author":"admin","twitter_card":"summary_large_image","twitter_misc":{"Escrito por":"admin","Est. tempo de leitura":"1 minuto"},"schema":{"@context":"https:\/\/schema.org","@graph":[{"@type":"WebPage","@id":"https:\/\/jbcnews.com.br\/index.php\/2021\/02\/18\/apos-prisao-de-deputado-presidente-da-camara-diz-que-conduzira-o-caso-com-serenidade\/","url":"https:\/\/jbcnews.com.br\/index.php\/2021\/02\/18\/apos-prisao-de-deputado-presidente-da-camara-diz-que-conduzira-o-caso-com-serenidade\/","name":"Ap\u00f3s pris\u00e3o de deputado, presidente da C\u00e2mara diz que conduzir\u00e1 o caso com 'serenidade' - JBCNews","isPartOf":{"@id":"https:\/\/jbcnews.com.br\/#website"},"primaryImageOfPage":{"@id":"https:\/\/jbcnews.com.br\/index.php\/2021\/02\/18\/apos-prisao-de-deputado-presidente-da-camara-diz-que-conduzira-o-caso-com-serenidade\/#primaryimage"},"image":{"@id":"https:\/\/jbcnews.com.br\/index.php\/2021\/02\/18\/apos-prisao-de-deputado-presidente-da-camara-diz-que-conduzira-o-caso-com-serenidade\/#primaryimage"},"thumbnailUrl":"https:\/\/jbcnews.com.br\/wp-content\/uploads\/2021\/02\/imagem-38-1.png","datePublished":"2021-02-18T16:12:44+00:00","dateModified":"2021-02-18T16:12:47+00:00","author":{"@id":"https:\/\/jbcnews.com.br\/#\/schema\/person\/3b597ec20ccf92d0adc436057caf9bbe"},"breadcrumb":{"@id":"https:\/\/jbcnews.com.br\/index.php\/2021\/02\/18\/apos-prisao-de-deputado-presidente-da-camara-diz-que-conduzira-o-caso-com-serenidade\/#breadcrumb"},"inLanguage":"pt-BR","potentialAction":[{"@type":"ReadAction","target":["https:\/\/jbcnews.com.br\/index.php\/2021\/02\/18\/apos-prisao-de-deputado-presidente-da-camara-diz-que-conduzira-o-caso-com-serenidade\/"]}]},{"@type":"ImageObject","inLanguage":"pt-BR","@id":"https:\/\/jbcnews.com.br\/index.php\/2021\/02\/18\/apos-prisao-de-deputado-presidente-da-camara-diz-que-conduzira-o-caso-com-serenidade\/#primaryimage","url":"https:\/\/jbcnews.com.br\/wp-content\/uploads\/2021\/02\/imagem-38-1.png","contentUrl":"https:\/\/jbcnews.com.br\/wp-content\/uploads\/2021\/02\/imagem-38-1.png","width":959,"height":417},{"@type":"BreadcrumbList","@id":"https:\/\/jbcnews.com.br\/index.php\/2021\/02\/18\/apos-prisao-de-deputado-presidente-da-camara-diz-que-conduzira-o-caso-com-serenidade\/#breadcrumb","itemListElement":[{"@type":"ListItem","position":1,"name":"In\u00edcio","item":"https:\/\/jbcnews.com.br\/"},{"@type":"ListItem","position":2,"name":"Ap\u00f3s pris\u00e3o de deputado, presidente da C\u00e2mara diz que conduzir\u00e1 o caso com &#8216;serenidade&#8217;"}]},{"@type":"WebSite","@id":"https:\/\/jbcnews.com.br\/#website","url":"https:\/\/jbcnews.com.br\/","name":"JBCNews","description":"Comunica\u00e7\u00e3o e Cultura","potentialAction":[{"@type":"SearchAction","target":{"@type":"EntryPoint","urlTemplate":"https:\/\/jbcnews.com.br\/?s={search_term_string}"},"query-input":"required name=search_term_string"}],"inLanguage":"pt-BR"},{"@type":"Person","@id":"https:\/\/jbcnews.com.br\/#\/schema\/person\/3b597ec20ccf92d0adc436057caf9bbe","name":"admin","image":{"@type":"ImageObject","inLanguage":"pt-BR","@id":"https:\/\/jbcnews.com.br\/#\/schema\/person\/image\/","url":"https:\/\/secure.gravatar.com\/avatar\/fe848d2435b65c3ed1cdd3a8e8f3bb2d?s=96&d=mm&r=g","contentUrl":"https:\/\/secure.gravatar.com\/avatar\/fe848d2435b65c3ed1cdd3a8e8f3bb2d?s=96&d=mm&r=g","caption":"admin"},"sameAs":["https:\/\/jbcnews.com.br"],"url":"https:\/\/jbcnews.com.br\/index.php\/author\/jbcnews\/"}]}},"_links":{"self":[{"href":"https:\/\/jbcnews.com.br\/index.php\/wp-json\/wp\/v2\/posts\/2597"}],"collection":[{"href":"https:\/\/jbcnews.com.br\/index.php\/wp-json\/wp\/v2\/posts"}],"about":[{"href":"https:\/\/jbcnews.com.br\/index.php\/wp-json\/wp\/v2\/types\/post"}],"author":[{"embeddable":true,"href":"https:\/\/jbcnews.com.br\/index.php\/wp-json\/wp\/v2\/users\/1"}],"replies":[{"embeddable":true,"href":"https:\/\/jbcnews.com.br\/index.php\/wp-json\/wp\/v2\/comments?post=2597"}],"version-history":[{"count":1,"href":"https:\/\/jbcnews.com.br\/index.php\/wp-json\/wp\/v2\/posts\/2597\/revisions"}],"predecessor-version":[{"id":2599,"href":"https:\/\/jbcnews.com.br\/index.php\/wp-json\/wp\/v2\/posts\/2597\/revisions\/2599"}],"wp:featuredmedia":[{"embeddable":true,"href":"https:\/\/jbcnews.com.br\/index.php\/wp-json\/wp\/v2\/media\/2598"}],"wp:attachment":[{"href":"https:\/\/jbcnews.com.br\/index.php\/wp-json\/wp\/v2\/media?parent=2597"}],"wp:term":[{"taxonomy":"category","embeddable":true,"href":"https:\/\/jbcnews.com.br\/index.php\/wp-json\/wp\/v2\/categories?post=2597"},{"taxonomy":"post_tag","embeddable":true,"href":"https:\/\/jbcnews.com.br\/index.php\/wp-json\/wp\/v2\/tags?post=2597"}],"curies":[{"name":"wp","href":"https:\/\/api.w.org\/{rel}","templated":true}]}}