{"id":2594,"date":"2021-02-18T16:09:42","date_gmt":"2021-02-18T16:09:42","guid":{"rendered":"https:\/\/jbcnews.com.br\/?p=2594"},"modified":"2021-02-18T16:09:45","modified_gmt":"2021-02-18T16:09:45","slug":"folia-de-carnaval-rainhas-de-bateria-descansam-e-amam-muito-no-feriado","status":"publish","type":"post","link":"https:\/\/jbcnews.com.br\/index.php\/2021\/02\/18\/folia-de-carnaval-rainhas-de-bateria-descansam-e-amam-muito-no-feriado\/","title":{"rendered":"Folia de Carnaval? Rainhas de bateria descansam (e amam) muito no feriado."},"content":{"rendered":"\n<p>(JBCNEWS &#8211; DF &#8211; 17\/02) &#8211; Em fevereiro de 2021 n\u00e3o tem\u00a0Carnaval. A pandemia do novo coronav\u00edrus, que j\u00e1 dura quase um ano, mudou os planos que os brasileiros tinham para essa \u00e9poca do ano. N\u00e3o h\u00e1 festas, blocos nas ruas e nem desfiles de escolas de samba. Esse cen\u00e1rio deixou a rotina das rainhas de escola de samba de cabe\u00e7a para baixo. Elas, que deveriam estar a todo vapor no Samb\u00f3dromo do Anhembi (SP) e na Marqu\u00eas de Sapuca\u00ed (RJ), aproveitam para descansar no feriado.<\/p>\n\n\n\n<p><strong>Viviane Ara\u00fajo<\/strong>,&nbsp;<strong>Aline Riscado<\/strong>,&nbsp;<strong>Gracyanne Barbosa<\/strong>&nbsp;e mais famosas s\u00f3 querem saber de sossego em pleno Carnaval, nada de folia. As rainhas est\u00e3o em casa, viajando, trabalhando normalmente e at\u00e9 mesmo treinando \u2014 sim, todo o dia \u00e9 dia de treino para a maior musa fitness do pa\u00eds, claro. Abaixo, te contamos o que todas elas est\u00e3o fazendo longe das avenidas:<\/p>\n\n\n\n<h2 class=\"wp-block-heading\">Viviane Ara\u00fajo<\/h2>\n\n\n\n<p>A rainha do Salgueiro trocou o Rio de Janeiro pela Bahia neste ano. Ela viaja pelo estado junto com o namorado, o engenheiro&nbsp;<strong>Guilherme Milit\u00e3o<\/strong>, e curte o Carnaval nas praias paradis\u00edacas e em clima de romance.<\/p>\n","protected":false},"excerpt":{"rendered":"<p>(JBCNEWS &#8211; DF &#8211; 17\/02) &#8211; Em fevereiro de 2021 n\u00e3o tem\u00a0Carnaval. A pandemia do novo coronav\u00edrus, que j\u00e1 dura quase um ano, mudou os planos<span class=\"excerpt-hellip\"> [\u2026]<\/span><\/p>\n","protected":false},"author":1,"featured_media":2595,"comment_status":"open","ping_status":"open","sticky":false,"template":"","format":"standard","meta":{"footnotes":""},"categories":[21],"tags":[],"yoast_head":"<!-- This site is optimized with the Yoast SEO plugin v22.6 - https:\/\/yoast.com\/wordpress\/plugins\/seo\/ -->\n<title>Folia de Carnaval? Rainhas de bateria descansam (e amam) muito no feriado. - JBCNews<\/title>\n<meta name=\"robots\" content=\"index, follow, max-snippet:-1, max-image-preview:large, max-video-preview:-1\" \/>\n<link rel=\"canonical\" href=\"https:\/\/jbcnews.com.br\/index.php\/2021\/02\/18\/folia-de-carnaval-rainhas-de-bateria-descansam-e-amam-muito-no-feriado\/\" \/>\n<meta property=\"og:locale\" content=\"pt_BR\" \/>\n<meta property=\"og:type\" content=\"article\" \/>\n<meta property=\"og:title\" content=\"Folia de Carnaval? Rainhas de bateria descansam (e amam) muito no feriado. - JBCNews\" \/>\n<meta property=\"og:description\" content=\"(JBCNEWS &#8211; DF &#8211; 17\/02) &#8211; Em fevereiro de 2021 n\u00e3o tem\u00a0Carnaval. A pandemia do novo coronav\u00edrus, que j\u00e1 dura quase um ano, mudou os planos [\u2026]\" \/>\n<meta property=\"og:url\" content=\"https:\/\/jbcnews.com.br\/index.php\/2021\/02\/18\/folia-de-carnaval-rainhas-de-bateria-descansam-e-amam-muito-no-feriado\/\" \/>\n<meta property=\"og:site_name\" content=\"JBCNews\" \/>\n<meta property=\"article:published_time\" content=\"2021-02-18T16:09:42+00:00\" \/>\n<meta property=\"article:modified_time\" content=\"2021-02-18T16:09:45+00:00\" \/>\n<meta property=\"og:image\" content=\"https:\/\/jbcnews.com.br\/wp-content\/uploads\/2021\/02\/imagem-37.png\" \/>\n\t<meta property=\"og:image:width\" content=\"958\" \/>\n\t<meta property=\"og:image:height\" content=\"516\" \/>\n\t<meta property=\"og:image:type\" content=\"image\/png\" \/>\n<meta name=\"author\" content=\"admin\" \/>\n<meta name=\"twitter:card\" content=\"summary_large_image\" \/>\n<meta name=\"twitter:label1\" content=\"Escrito por\" \/>\n\t<meta name=\"twitter:data1\" content=\"admin\" \/>\n\t<meta name=\"twitter:label2\" content=\"Est. tempo de leitura\" \/>\n\t<meta name=\"twitter:data2\" content=\"1 minuto\" \/>\n<script type=\"application\/ld+json\" class=\"yoast-schema-graph\">{\"@context\":\"https:\/\/schema.org\",\"@graph\":[{\"@type\":\"WebPage\",\"@id\":\"https:\/\/jbcnews.com.br\/index.php\/2021\/02\/18\/folia-de-carnaval-rainhas-de-bateria-descansam-e-amam-muito-no-feriado\/\",\"url\":\"https:\/\/jbcnews.com.br\/index.php\/2021\/02\/18\/folia-de-carnaval-rainhas-de-bateria-descansam-e-amam-muito-no-feriado\/\",\"name\":\"Folia de Carnaval? Rainhas de bateria descansam (e amam) muito no feriado. - JBCNews\",\"isPartOf\":{\"@id\":\"https:\/\/jbcnews.com.br\/#website\"},\"primaryImageOfPage\":{\"@id\":\"https:\/\/jbcnews.com.br\/index.php\/2021\/02\/18\/folia-de-carnaval-rainhas-de-bateria-descansam-e-amam-muito-no-feriado\/#primaryimage\"},\"image\":{\"@id\":\"https:\/\/jbcnews.com.br\/index.php\/2021\/02\/18\/folia-de-carnaval-rainhas-de-bateria-descansam-e-amam-muito-no-feriado\/#primaryimage\"},\"thumbnailUrl\":\"https:\/\/jbcnews.com.br\/wp-content\/uploads\/2021\/02\/imagem-37.png\",\"datePublished\":\"2021-02-18T16:09:42+00:00\",\"dateModified\":\"2021-02-18T16:09:45+00:00\",\"author\":{\"@id\":\"https:\/\/jbcnews.com.br\/#\/schema\/person\/3b597ec20ccf92d0adc436057caf9bbe\"},\"breadcrumb\":{\"@id\":\"https:\/\/jbcnews.com.br\/index.php\/2021\/02\/18\/folia-de-carnaval-rainhas-de-bateria-descansam-e-amam-muito-no-feriado\/#breadcrumb\"},\"inLanguage\":\"pt-BR\",\"potentialAction\":[{\"@type\":\"ReadAction\",\"target\":[\"https:\/\/jbcnews.com.br\/index.php\/2021\/02\/18\/folia-de-carnaval-rainhas-de-bateria-descansam-e-amam-muito-no-feriado\/\"]}]},{\"@type\":\"ImageObject\",\"inLanguage\":\"pt-BR\",\"@id\":\"https:\/\/jbcnews.com.br\/index.php\/2021\/02\/18\/folia-de-carnaval-rainhas-de-bateria-descansam-e-amam-muito-no-feriado\/#primaryimage\",\"url\":\"https:\/\/jbcnews.com.br\/wp-content\/uploads\/2021\/02\/imagem-37.png\",\"contentUrl\":\"https:\/\/jbcnews.com.br\/wp-content\/uploads\/2021\/02\/imagem-37.png\",\"width\":958,\"height\":516},{\"@type\":\"BreadcrumbList\",\"@id\":\"https:\/\/jbcnews.com.br\/index.php\/2021\/02\/18\/folia-de-carnaval-rainhas-de-bateria-descansam-e-amam-muito-no-feriado\/#breadcrumb\",\"itemListElement\":[{\"@type\":\"ListItem\",\"position\":1,\"name\":\"In\u00edcio\",\"item\":\"https:\/\/jbcnews.com.br\/\"},{\"@type\":\"ListItem\",\"position\":2,\"name\":\"Folia de Carnaval? Rainhas de bateria descansam (e amam) muito no feriado.\"}]},{\"@type\":\"WebSite\",\"@id\":\"https:\/\/jbcnews.com.br\/#website\",\"url\":\"https:\/\/jbcnews.com.br\/\",\"name\":\"JBCNews\",\"description\":\"Comunica\u00e7\u00e3o e Cultura\",\"potentialAction\":[{\"@type\":\"SearchAction\",\"target\":{\"@type\":\"EntryPoint\",\"urlTemplate\":\"https:\/\/jbcnews.com.br\/?s={search_term_string}\"},\"query-input\":\"required name=search_term_string\"}],\"inLanguage\":\"pt-BR\"},{\"@type\":\"Person\",\"@id\":\"https:\/\/jbcnews.com.br\/#\/schema\/person\/3b597ec20ccf92d0adc436057caf9bbe\",\"name\":\"admin\",\"image\":{\"@type\":\"ImageObject\",\"inLanguage\":\"pt-BR\",\"@id\":\"https:\/\/jbcnews.com.br\/#\/schema\/person\/image\/\",\"url\":\"https:\/\/secure.gravatar.com\/avatar\/fe848d2435b65c3ed1cdd3a8e8f3bb2d?s=96&d=mm&r=g\",\"contentUrl\":\"https:\/\/secure.gravatar.com\/avatar\/fe848d2435b65c3ed1cdd3a8e8f3bb2d?s=96&d=mm&r=g\",\"caption\":\"admin\"},\"sameAs\":[\"https:\/\/jbcnews.com.br\"],\"url\":\"https:\/\/jbcnews.com.br\/index.php\/author\/jbcnews\/\"}]}<\/script>\n<!-- \/ Yoast SEO plugin. -->","yoast_head_json":{"title":"Folia de Carnaval? Rainhas de bateria descansam (e amam) muito no feriado. - JBCNews","robots":{"index":"index","follow":"follow","max-snippet":"max-snippet:-1","max-image-preview":"max-image-preview:large","max-video-preview":"max-video-preview:-1"},"canonical":"https:\/\/jbcnews.com.br\/index.php\/2021\/02\/18\/folia-de-carnaval-rainhas-de-bateria-descansam-e-amam-muito-no-feriado\/","og_locale":"pt_BR","og_type":"article","og_title":"Folia de Carnaval? Rainhas de bateria descansam (e amam) muito no feriado. - JBCNews","og_description":"(JBCNEWS &#8211; DF &#8211; 17\/02) &#8211; Em fevereiro de 2021 n\u00e3o tem\u00a0Carnaval. A pandemia do novo coronav\u00edrus, que j\u00e1 dura quase um ano, mudou os planos [\u2026]","og_url":"https:\/\/jbcnews.com.br\/index.php\/2021\/02\/18\/folia-de-carnaval-rainhas-de-bateria-descansam-e-amam-muito-no-feriado\/","og_site_name":"JBCNews","article_published_time":"2021-02-18T16:09:42+00:00","article_modified_time":"2021-02-18T16:09:45+00:00","og_image":[{"width":958,"height":516,"url":"https:\/\/jbcnews.com.br\/wp-content\/uploads\/2021\/02\/imagem-37.png","type":"image\/png"}],"author":"admin","twitter_card":"summary_large_image","twitter_misc":{"Escrito por":"admin","Est. tempo de leitura":"1 minuto"},"schema":{"@context":"https:\/\/schema.org","@graph":[{"@type":"WebPage","@id":"https:\/\/jbcnews.com.br\/index.php\/2021\/02\/18\/folia-de-carnaval-rainhas-de-bateria-descansam-e-amam-muito-no-feriado\/","url":"https:\/\/jbcnews.com.br\/index.php\/2021\/02\/18\/folia-de-carnaval-rainhas-de-bateria-descansam-e-amam-muito-no-feriado\/","name":"Folia de Carnaval? Rainhas de bateria descansam (e amam) muito no feriado. - JBCNews","isPartOf":{"@id":"https:\/\/jbcnews.com.br\/#website"},"primaryImageOfPage":{"@id":"https:\/\/jbcnews.com.br\/index.php\/2021\/02\/18\/folia-de-carnaval-rainhas-de-bateria-descansam-e-amam-muito-no-feriado\/#primaryimage"},"image":{"@id":"https:\/\/jbcnews.com.br\/index.php\/2021\/02\/18\/folia-de-carnaval-rainhas-de-bateria-descansam-e-amam-muito-no-feriado\/#primaryimage"},"thumbnailUrl":"https:\/\/jbcnews.com.br\/wp-content\/uploads\/2021\/02\/imagem-37.png","datePublished":"2021-02-18T16:09:42+00:00","dateModified":"2021-02-18T16:09:45+00:00","author":{"@id":"https:\/\/jbcnews.com.br\/#\/schema\/person\/3b597ec20ccf92d0adc436057caf9bbe"},"breadcrumb":{"@id":"https:\/\/jbcnews.com.br\/index.php\/2021\/02\/18\/folia-de-carnaval-rainhas-de-bateria-descansam-e-amam-muito-no-feriado\/#breadcrumb"},"inLanguage":"pt-BR","potentialAction":[{"@type":"ReadAction","target":["https:\/\/jbcnews.com.br\/index.php\/2021\/02\/18\/folia-de-carnaval-rainhas-de-bateria-descansam-e-amam-muito-no-feriado\/"]}]},{"@type":"ImageObject","inLanguage":"pt-BR","@id":"https:\/\/jbcnews.com.br\/index.php\/2021\/02\/18\/folia-de-carnaval-rainhas-de-bateria-descansam-e-amam-muito-no-feriado\/#primaryimage","url":"https:\/\/jbcnews.com.br\/wp-content\/uploads\/2021\/02\/imagem-37.png","contentUrl":"https:\/\/jbcnews.com.br\/wp-content\/uploads\/2021\/02\/imagem-37.png","width":958,"height":516},{"@type":"BreadcrumbList","@id":"https:\/\/jbcnews.com.br\/index.php\/2021\/02\/18\/folia-de-carnaval-rainhas-de-bateria-descansam-e-amam-muito-no-feriado\/#breadcrumb","itemListElement":[{"@type":"ListItem","position":1,"name":"In\u00edcio","item":"https:\/\/jbcnews.com.br\/"},{"@type":"ListItem","position":2,"name":"Folia de Carnaval? Rainhas de bateria descansam (e amam) muito no feriado."}]},{"@type":"WebSite","@id":"https:\/\/jbcnews.com.br\/#website","url":"https:\/\/jbcnews.com.br\/","name":"JBCNews","description":"Comunica\u00e7\u00e3o e Cultura","potentialAction":[{"@type":"SearchAction","target":{"@type":"EntryPoint","urlTemplate":"https:\/\/jbcnews.com.br\/?s={search_term_string}"},"query-input":"required name=search_term_string"}],"inLanguage":"pt-BR"},{"@type":"Person","@id":"https:\/\/jbcnews.com.br\/#\/schema\/person\/3b597ec20ccf92d0adc436057caf9bbe","name":"admin","image":{"@type":"ImageObject","inLanguage":"pt-BR","@id":"https:\/\/jbcnews.com.br\/#\/schema\/person\/image\/","url":"https:\/\/secure.gravatar.com\/avatar\/fe848d2435b65c3ed1cdd3a8e8f3bb2d?s=96&d=mm&r=g","contentUrl":"https:\/\/secure.gravatar.com\/avatar\/fe848d2435b65c3ed1cdd3a8e8f3bb2d?s=96&d=mm&r=g","caption":"admin"},"sameAs":["https:\/\/jbcnews.com.br"],"url":"https:\/\/jbcnews.com.br\/index.php\/author\/jbcnews\/"}]}},"_links":{"self":[{"href":"https:\/\/jbcnews.com.br\/index.php\/wp-json\/wp\/v2\/posts\/2594"}],"collection":[{"href":"https:\/\/jbcnews.com.br\/index.php\/wp-json\/wp\/v2\/posts"}],"about":[{"href":"https:\/\/jbcnews.com.br\/index.php\/wp-json\/wp\/v2\/types\/post"}],"author":[{"embeddable":true,"href":"https:\/\/jbcnews.com.br\/index.php\/wp-json\/wp\/v2\/users\/1"}],"replies":[{"embeddable":true,"href":"https:\/\/jbcnews.com.br\/index.php\/wp-json\/wp\/v2\/comments?post=2594"}],"version-history":[{"count":1,"href":"https:\/\/jbcnews.com.br\/index.php\/wp-json\/wp\/v2\/posts\/2594\/revisions"}],"predecessor-version":[{"id":2596,"href":"https:\/\/jbcnews.com.br\/index.php\/wp-json\/wp\/v2\/posts\/2594\/revisions\/2596"}],"wp:featuredmedia":[{"embeddable":true,"href":"https:\/\/jbcnews.com.br\/index.php\/wp-json\/wp\/v2\/media\/2595"}],"wp:attachment":[{"href":"https:\/\/jbcnews.com.br\/index.php\/wp-json\/wp\/v2\/media?parent=2594"}],"wp:term":[{"taxonomy":"category","embeddable":true,"href":"https:\/\/jbcnews.com.br\/index.php\/wp-json\/wp\/v2\/categories?post=2594"},{"taxonomy":"post_tag","embeddable":true,"href":"https:\/\/jbcnews.com.br\/index.php\/wp-json\/wp\/v2\/tags?post=2594"}],"curies":[{"name":"wp","href":"https:\/\/api.w.org\/{rel}","templated":true}]}}