{"id":2591,"date":"2021-02-18T16:06:19","date_gmt":"2021-02-18T16:06:19","guid":{"rendered":"https:\/\/jbcnews.com.br\/?p=2591"},"modified":"2021-02-18T16:06:21","modified_gmt":"2021-02-18T16:06:21","slug":"leao-na-jaula-como-anda-a-vida-do-ex-presidente-lula-segundo-amigos-proximos","status":"publish","type":"post","link":"https:\/\/jbcnews.com.br\/index.php\/2021\/02\/18\/leao-na-jaula-como-anda-a-vida-do-ex-presidente-lula-segundo-amigos-proximos\/","title":{"rendered":"&#8216;Le\u00e3o na jaula&#8217;: como anda a vida do ex-presidente Lula, segundo amigos pr\u00f3ximos."},"content":{"rendered":"\n<p>(JBCNEWS &#8211; DF 17\/02) &#8211; Um le\u00e3o dentro da jaula. Essa \u00e9 a imagem que um amigo pr\u00f3ximo escolheu para descrever o atual estado de esp\u00edrito do ex-presidente Luiz In\u00e1cio Lula da Silva.<\/p>\n\n\n\n<p>&#8220;Ele ficou confinado l\u00e1 em Curitiba mais de 500 dias. Depois vem a pandemia, fica confinado em casa. Vai para Cuba, pega covid, fica confinado em Cuba&#8221;, diz esse amigo.<\/p>\n\n\n\n<p>&#8220;Ele n\u00e3o aguenta mais o confinamento, est\u00e1 louco para ver gente. Ele \u00e9 o tipo de ser humano para quem o contato com as pessoas \u00e9 essencial. Est\u00e1 louco para tomar a vacina, para poder voltar a ter mobilidade&#8221;, conta o confidente, que prefere falar sob anonimato, pois afirma n\u00e3o ter a pretens\u00e3o de ser um &#8220;int\u00e9rprete&#8221; do ex-presidente.<\/p>\n\n\n\n<p>Diante da expectativa de retomada do julgamento no Supremo Tribunal Federal (STF) sobre a suspei\u00e7\u00e3o do ex-juiz da Lava Jato Sergio Moro no caso do tr\u00edplex do Guaruj\u00e1, a BBC News Brasil ouviu nos \u00faltimos dias seis pessoas pr\u00f3ximas ao ex-presidente.<\/p>\n\n\n\n<p>Entre elas, est\u00e3o o ex-presidente e atual diretor do Instituto Lula, Paulo Okamotto; o senador Jaques Wagner (PT-BA); o deputado federal e ex-ministro da Sa\u00fade Alexandre Padilha (PT-SP) e o advogado Cristiano Zanin Martins, defensor do ex-presidente no Supremo. Outras duas pessoas prefeririam n\u00e3o ter seus nomes citados.<\/p>\n\n\n\n<p>Segundo essas pessoas do c\u00edrculo \u00edntimo de Lula, ele n\u00e3o acredita que poder\u00e1 concorrer \u00e0 Presid\u00eancia em 2022, apesar de ainda nutrir o desejo de ser candidato.<\/p>\n\n\n\n<p>&#8220;O que ele tem repetido para algumas pessoas no particular \u00e9 que n\u00e3o tem como desfazer o mal que fizeram. A mentira foi t\u00e3o grande, que fica dif\u00edcil voltar atr\u00e1s&#8221;, afirma uma das pessoas que optou pelo anonimato. &#8220;Voltar atr\u00e1s e deixar o Lula readquirir os direitos pol\u00edticos dele seria muito dif\u00edcil, porque eles iriam se desmoralizar.&#8221;<\/p>\n\n\n\n<p>Al\u00e9m da expectativa do ex-presidente quanto ao julgamento no STF e quanto ao futuro do PT nas elei\u00e7\u00f5es de 2022, esse c\u00edrculo de pessoas pr\u00f3ximas relata como Lula tem passado os dias; por que desistiu por enquanto de se mudar para a Bahia; por que decidiu viajar para Cuba mesmo em meio \u00e0 pandemia; e o que tem pensando sobre o governo Jair Bolsonaro (sem partido) e a atua\u00e7\u00e3o da oposi\u00e7\u00e3o diante do avan\u00e7o da extrema-direita.<\/p>\n\n\n\n<p>Lula deixou a pris\u00e3o em novembro de 2019, ap\u00f3s 580 dias, beneficiado por uma decis\u00e3o do STF que reconheceu o direito de r\u00e9us condenados a responderem em liberdade at\u00e9 o \u00faltimo recurso. Condenado em duas inst\u00e2ncias no caso do tr\u00edplex no Guaruj\u00e1, no \u00e2mbito da Opera\u00e7\u00e3o Lava Jato, ele cumpria pena de 8 anos, 10 meses e 20 dias.<\/p>\n\n\n\n<p>No caso do s\u00edtio de Atibaia (SP), o TRF-4 (Tribunal Regional Federal da 4\u00aa Regi\u00e3o) condenou o ex-presidente em segunda inst\u00e2ncia a 17 anos, 1 m\u00eas e 10 dias de pris\u00e3o, pela acusa\u00e7\u00e3o de ter sido benefici\u00e1rio de reformas pagas por empreiteiras que obtiveram vantagens indevidas em contratos com a Petrobras.<\/p>\n","protected":false},"excerpt":{"rendered":"<p>(JBCNEWS &#8211; DF 17\/02) &#8211; Um le\u00e3o dentro da jaula. Essa \u00e9 a imagem que um amigo pr\u00f3ximo escolheu para descrever o atual estado de esp\u00edrito<span class=\"excerpt-hellip\"> [\u2026]<\/span><\/p>\n","protected":false},"author":1,"featured_media":2592,"comment_status":"open","ping_status":"open","sticky":false,"template":"","format":"standard","meta":{"footnotes":""},"categories":[20],"tags":[],"yoast_head":"<!-- This site is optimized with the Yoast SEO plugin v22.6 - https:\/\/yoast.com\/wordpress\/plugins\/seo\/ -->\n<title>&#039;Le\u00e3o na jaula&#039;: como anda a vida do ex-presidente Lula, segundo amigos pr\u00f3ximos. - JBCNews<\/title>\n<meta name=\"robots\" content=\"index, follow, max-snippet:-1, max-image-preview:large, max-video-preview:-1\" \/>\n<link rel=\"canonical\" href=\"https:\/\/jbcnews.com.br\/index.php\/2021\/02\/18\/leao-na-jaula-como-anda-a-vida-do-ex-presidente-lula-segundo-amigos-proximos\/\" \/>\n<meta property=\"og:locale\" content=\"pt_BR\" \/>\n<meta property=\"og:type\" content=\"article\" \/>\n<meta property=\"og:title\" content=\"&#039;Le\u00e3o na jaula&#039;: como anda a vida do ex-presidente Lula, segundo amigos pr\u00f3ximos. - JBCNews\" \/>\n<meta property=\"og:description\" content=\"(JBCNEWS &#8211; DF 17\/02) &#8211; Um le\u00e3o dentro da jaula. Essa \u00e9 a imagem que um amigo pr\u00f3ximo escolheu para descrever o atual estado de esp\u00edrito [\u2026]\" \/>\n<meta property=\"og:url\" content=\"https:\/\/jbcnews.com.br\/index.php\/2021\/02\/18\/leao-na-jaula-como-anda-a-vida-do-ex-presidente-lula-segundo-amigos-proximos\/\" \/>\n<meta property=\"og:site_name\" content=\"JBCNews\" \/>\n<meta property=\"article:published_time\" content=\"2021-02-18T16:06:19+00:00\" \/>\n<meta property=\"article:modified_time\" content=\"2021-02-18T16:06:21+00:00\" \/>\n<meta property=\"og:image\" content=\"https:\/\/jbcnews.com.br\/wp-content\/uploads\/2021\/02\/imagem-36-1.png\" \/>\n\t<meta property=\"og:image:width\" content=\"960\" \/>\n\t<meta property=\"og:image:height\" content=\"540\" \/>\n\t<meta property=\"og:image:type\" content=\"image\/png\" \/>\n<meta name=\"author\" content=\"admin\" \/>\n<meta name=\"twitter:card\" content=\"summary_large_image\" \/>\n<meta name=\"twitter:label1\" content=\"Escrito por\" \/>\n\t<meta name=\"twitter:data1\" content=\"admin\" \/>\n\t<meta name=\"twitter:label2\" content=\"Est. tempo de leitura\" \/>\n\t<meta name=\"twitter:data2\" content=\"3 minutos\" \/>\n<script type=\"application\/ld+json\" class=\"yoast-schema-graph\">{\"@context\":\"https:\/\/schema.org\",\"@graph\":[{\"@type\":\"WebPage\",\"@id\":\"https:\/\/jbcnews.com.br\/index.php\/2021\/02\/18\/leao-na-jaula-como-anda-a-vida-do-ex-presidente-lula-segundo-amigos-proximos\/\",\"url\":\"https:\/\/jbcnews.com.br\/index.php\/2021\/02\/18\/leao-na-jaula-como-anda-a-vida-do-ex-presidente-lula-segundo-amigos-proximos\/\",\"name\":\"'Le\u00e3o na jaula': como anda a vida do ex-presidente Lula, segundo amigos pr\u00f3ximos. - JBCNews\",\"isPartOf\":{\"@id\":\"https:\/\/jbcnews.com.br\/#website\"},\"primaryImageOfPage\":{\"@id\":\"https:\/\/jbcnews.com.br\/index.php\/2021\/02\/18\/leao-na-jaula-como-anda-a-vida-do-ex-presidente-lula-segundo-amigos-proximos\/#primaryimage\"},\"image\":{\"@id\":\"https:\/\/jbcnews.com.br\/index.php\/2021\/02\/18\/leao-na-jaula-como-anda-a-vida-do-ex-presidente-lula-segundo-amigos-proximos\/#primaryimage\"},\"thumbnailUrl\":\"https:\/\/jbcnews.com.br\/wp-content\/uploads\/2021\/02\/imagem-36-1.png\",\"datePublished\":\"2021-02-18T16:06:19+00:00\",\"dateModified\":\"2021-02-18T16:06:21+00:00\",\"author\":{\"@id\":\"https:\/\/jbcnews.com.br\/#\/schema\/person\/3b597ec20ccf92d0adc436057caf9bbe\"},\"breadcrumb\":{\"@id\":\"https:\/\/jbcnews.com.br\/index.php\/2021\/02\/18\/leao-na-jaula-como-anda-a-vida-do-ex-presidente-lula-segundo-amigos-proximos\/#breadcrumb\"},\"inLanguage\":\"pt-BR\",\"potentialAction\":[{\"@type\":\"ReadAction\",\"target\":[\"https:\/\/jbcnews.com.br\/index.php\/2021\/02\/18\/leao-na-jaula-como-anda-a-vida-do-ex-presidente-lula-segundo-amigos-proximos\/\"]}]},{\"@type\":\"ImageObject\",\"inLanguage\":\"pt-BR\",\"@id\":\"https:\/\/jbcnews.com.br\/index.php\/2021\/02\/18\/leao-na-jaula-como-anda-a-vida-do-ex-presidente-lula-segundo-amigos-proximos\/#primaryimage\",\"url\":\"https:\/\/jbcnews.com.br\/wp-content\/uploads\/2021\/02\/imagem-36-1.png\",\"contentUrl\":\"https:\/\/jbcnews.com.br\/wp-content\/uploads\/2021\/02\/imagem-36-1.png\",\"width\":960,\"height\":540},{\"@type\":\"BreadcrumbList\",\"@id\":\"https:\/\/jbcnews.com.br\/index.php\/2021\/02\/18\/leao-na-jaula-como-anda-a-vida-do-ex-presidente-lula-segundo-amigos-proximos\/#breadcrumb\",\"itemListElement\":[{\"@type\":\"ListItem\",\"position\":1,\"name\":\"In\u00edcio\",\"item\":\"https:\/\/jbcnews.com.br\/\"},{\"@type\":\"ListItem\",\"position\":2,\"name\":\"&#8216;Le\u00e3o na jaula&#8217;: como anda a vida do ex-presidente Lula, segundo amigos pr\u00f3ximos.\"}]},{\"@type\":\"WebSite\",\"@id\":\"https:\/\/jbcnews.com.br\/#website\",\"url\":\"https:\/\/jbcnews.com.br\/\",\"name\":\"JBCNews\",\"description\":\"Comunica\u00e7\u00e3o e Cultura\",\"potentialAction\":[{\"@type\":\"SearchAction\",\"target\":{\"@type\":\"EntryPoint\",\"urlTemplate\":\"https:\/\/jbcnews.com.br\/?s={search_term_string}\"},\"query-input\":\"required name=search_term_string\"}],\"inLanguage\":\"pt-BR\"},{\"@type\":\"Person\",\"@id\":\"https:\/\/jbcnews.com.br\/#\/schema\/person\/3b597ec20ccf92d0adc436057caf9bbe\",\"name\":\"admin\",\"image\":{\"@type\":\"ImageObject\",\"inLanguage\":\"pt-BR\",\"@id\":\"https:\/\/jbcnews.com.br\/#\/schema\/person\/image\/\",\"url\":\"https:\/\/secure.gravatar.com\/avatar\/fe848d2435b65c3ed1cdd3a8e8f3bb2d?s=96&d=mm&r=g\",\"contentUrl\":\"https:\/\/secure.gravatar.com\/avatar\/fe848d2435b65c3ed1cdd3a8e8f3bb2d?s=96&d=mm&r=g\",\"caption\":\"admin\"},\"sameAs\":[\"https:\/\/jbcnews.com.br\"],\"url\":\"https:\/\/jbcnews.com.br\/index.php\/author\/jbcnews\/\"}]}<\/script>\n<!-- \/ Yoast SEO plugin. -->","yoast_head_json":{"title":"'Le\u00e3o na jaula': como anda a vida do ex-presidente Lula, segundo amigos pr\u00f3ximos. - JBCNews","robots":{"index":"index","follow":"follow","max-snippet":"max-snippet:-1","max-image-preview":"max-image-preview:large","max-video-preview":"max-video-preview:-1"},"canonical":"https:\/\/jbcnews.com.br\/index.php\/2021\/02\/18\/leao-na-jaula-como-anda-a-vida-do-ex-presidente-lula-segundo-amigos-proximos\/","og_locale":"pt_BR","og_type":"article","og_title":"'Le\u00e3o na jaula': como anda a vida do ex-presidente Lula, segundo amigos pr\u00f3ximos. - JBCNews","og_description":"(JBCNEWS &#8211; DF 17\/02) &#8211; Um le\u00e3o dentro da jaula. Essa \u00e9 a imagem que um amigo pr\u00f3ximo escolheu para descrever o atual estado de esp\u00edrito [\u2026]","og_url":"https:\/\/jbcnews.com.br\/index.php\/2021\/02\/18\/leao-na-jaula-como-anda-a-vida-do-ex-presidente-lula-segundo-amigos-proximos\/","og_site_name":"JBCNews","article_published_time":"2021-02-18T16:06:19+00:00","article_modified_time":"2021-02-18T16:06:21+00:00","og_image":[{"width":960,"height":540,"url":"https:\/\/jbcnews.com.br\/wp-content\/uploads\/2021\/02\/imagem-36-1.png","type":"image\/png"}],"author":"admin","twitter_card":"summary_large_image","twitter_misc":{"Escrito por":"admin","Est. tempo de leitura":"3 minutos"},"schema":{"@context":"https:\/\/schema.org","@graph":[{"@type":"WebPage","@id":"https:\/\/jbcnews.com.br\/index.php\/2021\/02\/18\/leao-na-jaula-como-anda-a-vida-do-ex-presidente-lula-segundo-amigos-proximos\/","url":"https:\/\/jbcnews.com.br\/index.php\/2021\/02\/18\/leao-na-jaula-como-anda-a-vida-do-ex-presidente-lula-segundo-amigos-proximos\/","name":"'Le\u00e3o na jaula': como anda a vida do ex-presidente Lula, segundo amigos pr\u00f3ximos. - JBCNews","isPartOf":{"@id":"https:\/\/jbcnews.com.br\/#website"},"primaryImageOfPage":{"@id":"https:\/\/jbcnews.com.br\/index.php\/2021\/02\/18\/leao-na-jaula-como-anda-a-vida-do-ex-presidente-lula-segundo-amigos-proximos\/#primaryimage"},"image":{"@id":"https:\/\/jbcnews.com.br\/index.php\/2021\/02\/18\/leao-na-jaula-como-anda-a-vida-do-ex-presidente-lula-segundo-amigos-proximos\/#primaryimage"},"thumbnailUrl":"https:\/\/jbcnews.com.br\/wp-content\/uploads\/2021\/02\/imagem-36-1.png","datePublished":"2021-02-18T16:06:19+00:00","dateModified":"2021-02-18T16:06:21+00:00","author":{"@id":"https:\/\/jbcnews.com.br\/#\/schema\/person\/3b597ec20ccf92d0adc436057caf9bbe"},"breadcrumb":{"@id":"https:\/\/jbcnews.com.br\/index.php\/2021\/02\/18\/leao-na-jaula-como-anda-a-vida-do-ex-presidente-lula-segundo-amigos-proximos\/#breadcrumb"},"inLanguage":"pt-BR","potentialAction":[{"@type":"ReadAction","target":["https:\/\/jbcnews.com.br\/index.php\/2021\/02\/18\/leao-na-jaula-como-anda-a-vida-do-ex-presidente-lula-segundo-amigos-proximos\/"]}]},{"@type":"ImageObject","inLanguage":"pt-BR","@id":"https:\/\/jbcnews.com.br\/index.php\/2021\/02\/18\/leao-na-jaula-como-anda-a-vida-do-ex-presidente-lula-segundo-amigos-proximos\/#primaryimage","url":"https:\/\/jbcnews.com.br\/wp-content\/uploads\/2021\/02\/imagem-36-1.png","contentUrl":"https:\/\/jbcnews.com.br\/wp-content\/uploads\/2021\/02\/imagem-36-1.png","width":960,"height":540},{"@type":"BreadcrumbList","@id":"https:\/\/jbcnews.com.br\/index.php\/2021\/02\/18\/leao-na-jaula-como-anda-a-vida-do-ex-presidente-lula-segundo-amigos-proximos\/#breadcrumb","itemListElement":[{"@type":"ListItem","position":1,"name":"In\u00edcio","item":"https:\/\/jbcnews.com.br\/"},{"@type":"ListItem","position":2,"name":"&#8216;Le\u00e3o na jaula&#8217;: como anda a vida do ex-presidente Lula, segundo amigos pr\u00f3ximos."}]},{"@type":"WebSite","@id":"https:\/\/jbcnews.com.br\/#website","url":"https:\/\/jbcnews.com.br\/","name":"JBCNews","description":"Comunica\u00e7\u00e3o e Cultura","potentialAction":[{"@type":"SearchAction","target":{"@type":"EntryPoint","urlTemplate":"https:\/\/jbcnews.com.br\/?s={search_term_string}"},"query-input":"required name=search_term_string"}],"inLanguage":"pt-BR"},{"@type":"Person","@id":"https:\/\/jbcnews.com.br\/#\/schema\/person\/3b597ec20ccf92d0adc436057caf9bbe","name":"admin","image":{"@type":"ImageObject","inLanguage":"pt-BR","@id":"https:\/\/jbcnews.com.br\/#\/schema\/person\/image\/","url":"https:\/\/secure.gravatar.com\/avatar\/fe848d2435b65c3ed1cdd3a8e8f3bb2d?s=96&d=mm&r=g","contentUrl":"https:\/\/secure.gravatar.com\/avatar\/fe848d2435b65c3ed1cdd3a8e8f3bb2d?s=96&d=mm&r=g","caption":"admin"},"sameAs":["https:\/\/jbcnews.com.br"],"url":"https:\/\/jbcnews.com.br\/index.php\/author\/jbcnews\/"}]}},"_links":{"self":[{"href":"https:\/\/jbcnews.com.br\/index.php\/wp-json\/wp\/v2\/posts\/2591"}],"collection":[{"href":"https:\/\/jbcnews.com.br\/index.php\/wp-json\/wp\/v2\/posts"}],"about":[{"href":"https:\/\/jbcnews.com.br\/index.php\/wp-json\/wp\/v2\/types\/post"}],"author":[{"embeddable":true,"href":"https:\/\/jbcnews.com.br\/index.php\/wp-json\/wp\/v2\/users\/1"}],"replies":[{"embeddable":true,"href":"https:\/\/jbcnews.com.br\/index.php\/wp-json\/wp\/v2\/comments?post=2591"}],"version-history":[{"count":1,"href":"https:\/\/jbcnews.com.br\/index.php\/wp-json\/wp\/v2\/posts\/2591\/revisions"}],"predecessor-version":[{"id":2593,"href":"https:\/\/jbcnews.com.br\/index.php\/wp-json\/wp\/v2\/posts\/2591\/revisions\/2593"}],"wp:featuredmedia":[{"embeddable":true,"href":"https:\/\/jbcnews.com.br\/index.php\/wp-json\/wp\/v2\/media\/2592"}],"wp:attachment":[{"href":"https:\/\/jbcnews.com.br\/index.php\/wp-json\/wp\/v2\/media?parent=2591"}],"wp:term":[{"taxonomy":"category","embeddable":true,"href":"https:\/\/jbcnews.com.br\/index.php\/wp-json\/wp\/v2\/categories?post=2591"},{"taxonomy":"post_tag","embeddable":true,"href":"https:\/\/jbcnews.com.br\/index.php\/wp-json\/wp\/v2\/tags?post=2591"}],"curies":[{"name":"wp","href":"https:\/\/api.w.org\/{rel}","templated":true}]}}