{"id":2587,"date":"2021-02-18T15:55:12","date_gmt":"2021-02-18T15:55:12","guid":{"rendered":"https:\/\/jbcnews.com.br\/?p=2587"},"modified":"2021-02-18T15:55:16","modified_gmt":"2021-02-18T15:55:16","slug":"entenda-a-prisao-do-deputado-daniel-silveira-a-decisao-do-supremo-e-o-que-acontece-agora-na-camara","status":"publish","type":"post","link":"https:\/\/jbcnews.com.br\/index.php\/2021\/02\/18\/entenda-a-prisao-do-deputado-daniel-silveira-a-decisao-do-supremo-e-o-que-acontece-agora-na-camara\/","title":{"rendered":"Entenda a pris\u00e3o do deputado Daniel Silveira, a decis\u00e3o do Supremo e o que acontece agora na C\u00e2mara."},"content":{"rendered":"\n<p>(JBCNEWS &#8211; DF 17\/02) &#8211; O ministro Alexandre de Moraes, do STF (Supremo Tribunal Federal), mandou prender em flagrante, na noite desta ter\u00e7a-feira (16), o deputado Daniel Silveira (PSL-RJ).<\/p>\n\n\n\n<p>Silveira \u00e9 alvo de dois inqu\u00e9ritos na corte -um apura atos antidemocr\u00e1ticos e o outro, fake news. Moraes \u00e9 relator de ambos os casos, e a ordem de pris\u00e3o contra o deputado bolsonarista foi expedida na investiga\u00e7\u00e3o sobre not\u00edcias falsas.<\/p>\n\n\n\n<p>Nesta ter\u00e7a, Silveira publicou na internet um v\u00eddeo com ataques a ministros do Supremo. Ao ser preso, voltou \u00e0s redes sociais: &#8220;Pol\u00edcia Federal na minha casa neste exato momento com ordem de pris\u00e3o expedida pelo ministro Alexandre de Moraes&#8221;.<\/p>\n\n\n\n<p>Pouco depois, o parlamentar postou um v\u00eddeo: &#8220;Neste momento, 23 horas e 19 minutos, Pol\u00edcia Federal aqui na minha casa, est\u00e3o ali na minha sala&#8221;.<\/p>\n\n\n\n<p>&#8220;Ministro [Alexandre de Moraes], eu quero que voc\u00ea saiba que voc\u00ea est\u00e1 entrando numa queda de bra\u00e7o que voc\u00ea n\u00e3o pode vencer. N\u00e3o adianta voc\u00ea tentar me calar&#8221;, afirmou.<\/p>\n\n\n\n<p>Quando e por que o deputado foi preso?<\/p>\n\n\n\n<p>Silveira foi preso em Petr\u00f3polis (RJ) e seria encaminhado \u00e0 Superintend\u00eancia da PF no Rio de Janeiro, no centro da capital fluminense.<\/p>\n\n\n\n<p>De acordo com a decis\u00e3o, chegou ao conhecimento do STF nesta ter\u00e7a o v\u00eddeo publicado pelo deputado em que ele &#8220;durante 19 minutos e 9 segundos, al\u00e9m de atacar frontalmente os ministros do Supremo Tribunal Federal, por meio de diversas amea\u00e7as e ofensas \u00e0 honra, expressamente propaga a ado\u00e7\u00e3o de medidas antidemocr\u00e1ticas contra o Supremo Tribunal Federal, defendendo o AI-5&#8221;.<\/p>\n\n\n\n<p>O Ato Institucional n\u00ba 5, de dezembro de 1968, marcou o recrudescimento da repress\u00e3o na ditadura militar no Brasil.<\/p>\n\n\n\n<p>Moraes diz ainda que Silveira defendeu &#8220;a substitui\u00e7\u00e3o imediata de todos os ministros [do STF]&#8221; e instigou &#8220;a ado\u00e7\u00e3o de medidas violentas contra a vida e seguran\u00e7a dos mesmos, em clara afronta aos princ\u00edpios democr\u00e1ticos, republicanos e da separa\u00e7\u00e3o de Poderes&#8221;.<\/p>\n","protected":false},"excerpt":{"rendered":"<p>(JBCNEWS &#8211; DF 17\/02) &#8211; O ministro Alexandre de Moraes, do STF (Supremo Tribunal Federal), mandou prender em flagrante, na noite desta ter\u00e7a-feira (16), o deputado<span class=\"excerpt-hellip\"> [\u2026]<\/span><\/p>\n","protected":false},"author":1,"featured_media":2588,"comment_status":"open","ping_status":"open","sticky":false,"template":"","format":"standard","meta":{"footnotes":""},"categories":[20],"tags":[],"yoast_head":"<!-- This site is optimized with the Yoast SEO plugin v22.6 - https:\/\/yoast.com\/wordpress\/plugins\/seo\/ -->\n<title>Entenda a pris\u00e3o do deputado Daniel Silveira, a decis\u00e3o do Supremo e o que acontece agora na C\u00e2mara. - JBCNews<\/title>\n<meta name=\"robots\" content=\"index, follow, max-snippet:-1, max-image-preview:large, max-video-preview:-1\" \/>\n<link rel=\"canonical\" href=\"https:\/\/jbcnews.com.br\/index.php\/2021\/02\/18\/entenda-a-prisao-do-deputado-daniel-silveira-a-decisao-do-supremo-e-o-que-acontece-agora-na-camara\/\" \/>\n<meta property=\"og:locale\" content=\"pt_BR\" \/>\n<meta property=\"og:type\" content=\"article\" \/>\n<meta property=\"og:title\" content=\"Entenda a pris\u00e3o do deputado Daniel Silveira, a decis\u00e3o do Supremo e o que acontece agora na C\u00e2mara. - JBCNews\" \/>\n<meta property=\"og:description\" content=\"(JBCNEWS &#8211; DF 17\/02) &#8211; O ministro Alexandre de Moraes, do STF (Supremo Tribunal Federal), mandou prender em flagrante, na noite desta ter\u00e7a-feira (16), o deputado [\u2026]\" \/>\n<meta property=\"og:url\" content=\"https:\/\/jbcnews.com.br\/index.php\/2021\/02\/18\/entenda-a-prisao-do-deputado-daniel-silveira-a-decisao-do-supremo-e-o-que-acontece-agora-na-camara\/\" \/>\n<meta property=\"og:site_name\" content=\"JBCNews\" \/>\n<meta property=\"article:published_time\" content=\"2021-02-18T15:55:12+00:00\" \/>\n<meta property=\"article:modified_time\" content=\"2021-02-18T15:55:16+00:00\" \/>\n<meta property=\"og:image\" content=\"https:\/\/jbcnews.com.br\/wp-content\/uploads\/2021\/02\/imagem-35-1.png\" \/>\n\t<meta property=\"og:image:width\" content=\"958\" \/>\n\t<meta property=\"og:image:height\" content=\"610\" \/>\n\t<meta property=\"og:image:type\" content=\"image\/png\" \/>\n<meta name=\"author\" content=\"admin\" \/>\n<meta name=\"twitter:card\" content=\"summary_large_image\" \/>\n<meta name=\"twitter:label1\" content=\"Escrito por\" \/>\n\t<meta name=\"twitter:data1\" content=\"admin\" \/>\n\t<meta name=\"twitter:label2\" content=\"Est. tempo de leitura\" \/>\n\t<meta name=\"twitter:data2\" content=\"2 minutos\" \/>\n<script type=\"application\/ld+json\" class=\"yoast-schema-graph\">{\"@context\":\"https:\/\/schema.org\",\"@graph\":[{\"@type\":\"WebPage\",\"@id\":\"https:\/\/jbcnews.com.br\/index.php\/2021\/02\/18\/entenda-a-prisao-do-deputado-daniel-silveira-a-decisao-do-supremo-e-o-que-acontece-agora-na-camara\/\",\"url\":\"https:\/\/jbcnews.com.br\/index.php\/2021\/02\/18\/entenda-a-prisao-do-deputado-daniel-silveira-a-decisao-do-supremo-e-o-que-acontece-agora-na-camara\/\",\"name\":\"Entenda a pris\u00e3o do deputado Daniel Silveira, a decis\u00e3o do Supremo e o que acontece agora na C\u00e2mara. - JBCNews\",\"isPartOf\":{\"@id\":\"https:\/\/jbcnews.com.br\/#website\"},\"primaryImageOfPage\":{\"@id\":\"https:\/\/jbcnews.com.br\/index.php\/2021\/02\/18\/entenda-a-prisao-do-deputado-daniel-silveira-a-decisao-do-supremo-e-o-que-acontece-agora-na-camara\/#primaryimage\"},\"image\":{\"@id\":\"https:\/\/jbcnews.com.br\/index.php\/2021\/02\/18\/entenda-a-prisao-do-deputado-daniel-silveira-a-decisao-do-supremo-e-o-que-acontece-agora-na-camara\/#primaryimage\"},\"thumbnailUrl\":\"https:\/\/jbcnews.com.br\/wp-content\/uploads\/2021\/02\/imagem-35-1.png\",\"datePublished\":\"2021-02-18T15:55:12+00:00\",\"dateModified\":\"2021-02-18T15:55:16+00:00\",\"author\":{\"@id\":\"https:\/\/jbcnews.com.br\/#\/schema\/person\/3b597ec20ccf92d0adc436057caf9bbe\"},\"breadcrumb\":{\"@id\":\"https:\/\/jbcnews.com.br\/index.php\/2021\/02\/18\/entenda-a-prisao-do-deputado-daniel-silveira-a-decisao-do-supremo-e-o-que-acontece-agora-na-camara\/#breadcrumb\"},\"inLanguage\":\"pt-BR\",\"potentialAction\":[{\"@type\":\"ReadAction\",\"target\":[\"https:\/\/jbcnews.com.br\/index.php\/2021\/02\/18\/entenda-a-prisao-do-deputado-daniel-silveira-a-decisao-do-supremo-e-o-que-acontece-agora-na-camara\/\"]}]},{\"@type\":\"ImageObject\",\"inLanguage\":\"pt-BR\",\"@id\":\"https:\/\/jbcnews.com.br\/index.php\/2021\/02\/18\/entenda-a-prisao-do-deputado-daniel-silveira-a-decisao-do-supremo-e-o-que-acontece-agora-na-camara\/#primaryimage\",\"url\":\"https:\/\/jbcnews.com.br\/wp-content\/uploads\/2021\/02\/imagem-35-1.png\",\"contentUrl\":\"https:\/\/jbcnews.com.br\/wp-content\/uploads\/2021\/02\/imagem-35-1.png\",\"width\":958,\"height\":610},{\"@type\":\"BreadcrumbList\",\"@id\":\"https:\/\/jbcnews.com.br\/index.php\/2021\/02\/18\/entenda-a-prisao-do-deputado-daniel-silveira-a-decisao-do-supremo-e-o-que-acontece-agora-na-camara\/#breadcrumb\",\"itemListElement\":[{\"@type\":\"ListItem\",\"position\":1,\"name\":\"In\u00edcio\",\"item\":\"https:\/\/jbcnews.com.br\/\"},{\"@type\":\"ListItem\",\"position\":2,\"name\":\"Entenda a pris\u00e3o do deputado Daniel Silveira, a decis\u00e3o do Supremo e o que acontece agora na C\u00e2mara.\"}]},{\"@type\":\"WebSite\",\"@id\":\"https:\/\/jbcnews.com.br\/#website\",\"url\":\"https:\/\/jbcnews.com.br\/\",\"name\":\"JBCNews\",\"description\":\"Comunica\u00e7\u00e3o e Cultura\",\"potentialAction\":[{\"@type\":\"SearchAction\",\"target\":{\"@type\":\"EntryPoint\",\"urlTemplate\":\"https:\/\/jbcnews.com.br\/?s={search_term_string}\"},\"query-input\":\"required name=search_term_string\"}],\"inLanguage\":\"pt-BR\"},{\"@type\":\"Person\",\"@id\":\"https:\/\/jbcnews.com.br\/#\/schema\/person\/3b597ec20ccf92d0adc436057caf9bbe\",\"name\":\"admin\",\"image\":{\"@type\":\"ImageObject\",\"inLanguage\":\"pt-BR\",\"@id\":\"https:\/\/jbcnews.com.br\/#\/schema\/person\/image\/\",\"url\":\"https:\/\/secure.gravatar.com\/avatar\/fe848d2435b65c3ed1cdd3a8e8f3bb2d?s=96&d=mm&r=g\",\"contentUrl\":\"https:\/\/secure.gravatar.com\/avatar\/fe848d2435b65c3ed1cdd3a8e8f3bb2d?s=96&d=mm&r=g\",\"caption\":\"admin\"},\"sameAs\":[\"https:\/\/jbcnews.com.br\"],\"url\":\"https:\/\/jbcnews.com.br\/index.php\/author\/jbcnews\/\"}]}<\/script>\n<!-- \/ Yoast SEO plugin. -->","yoast_head_json":{"title":"Entenda a pris\u00e3o do deputado Daniel Silveira, a decis\u00e3o do Supremo e o que acontece agora na C\u00e2mara. - JBCNews","robots":{"index":"index","follow":"follow","max-snippet":"max-snippet:-1","max-image-preview":"max-image-preview:large","max-video-preview":"max-video-preview:-1"},"canonical":"https:\/\/jbcnews.com.br\/index.php\/2021\/02\/18\/entenda-a-prisao-do-deputado-daniel-silveira-a-decisao-do-supremo-e-o-que-acontece-agora-na-camara\/","og_locale":"pt_BR","og_type":"article","og_title":"Entenda a pris\u00e3o do deputado Daniel Silveira, a decis\u00e3o do Supremo e o que acontece agora na C\u00e2mara. - JBCNews","og_description":"(JBCNEWS &#8211; DF 17\/02) &#8211; O ministro Alexandre de Moraes, do STF (Supremo Tribunal Federal), mandou prender em flagrante, na noite desta ter\u00e7a-feira (16), o deputado [\u2026]","og_url":"https:\/\/jbcnews.com.br\/index.php\/2021\/02\/18\/entenda-a-prisao-do-deputado-daniel-silveira-a-decisao-do-supremo-e-o-que-acontece-agora-na-camara\/","og_site_name":"JBCNews","article_published_time":"2021-02-18T15:55:12+00:00","article_modified_time":"2021-02-18T15:55:16+00:00","og_image":[{"width":958,"height":610,"url":"https:\/\/jbcnews.com.br\/wp-content\/uploads\/2021\/02\/imagem-35-1.png","type":"image\/png"}],"author":"admin","twitter_card":"summary_large_image","twitter_misc":{"Escrito por":"admin","Est. tempo de leitura":"2 minutos"},"schema":{"@context":"https:\/\/schema.org","@graph":[{"@type":"WebPage","@id":"https:\/\/jbcnews.com.br\/index.php\/2021\/02\/18\/entenda-a-prisao-do-deputado-daniel-silveira-a-decisao-do-supremo-e-o-que-acontece-agora-na-camara\/","url":"https:\/\/jbcnews.com.br\/index.php\/2021\/02\/18\/entenda-a-prisao-do-deputado-daniel-silveira-a-decisao-do-supremo-e-o-que-acontece-agora-na-camara\/","name":"Entenda a pris\u00e3o do deputado Daniel Silveira, a decis\u00e3o do Supremo e o que acontece agora na C\u00e2mara. - JBCNews","isPartOf":{"@id":"https:\/\/jbcnews.com.br\/#website"},"primaryImageOfPage":{"@id":"https:\/\/jbcnews.com.br\/index.php\/2021\/02\/18\/entenda-a-prisao-do-deputado-daniel-silveira-a-decisao-do-supremo-e-o-que-acontece-agora-na-camara\/#primaryimage"},"image":{"@id":"https:\/\/jbcnews.com.br\/index.php\/2021\/02\/18\/entenda-a-prisao-do-deputado-daniel-silveira-a-decisao-do-supremo-e-o-que-acontece-agora-na-camara\/#primaryimage"},"thumbnailUrl":"https:\/\/jbcnews.com.br\/wp-content\/uploads\/2021\/02\/imagem-35-1.png","datePublished":"2021-02-18T15:55:12+00:00","dateModified":"2021-02-18T15:55:16+00:00","author":{"@id":"https:\/\/jbcnews.com.br\/#\/schema\/person\/3b597ec20ccf92d0adc436057caf9bbe"},"breadcrumb":{"@id":"https:\/\/jbcnews.com.br\/index.php\/2021\/02\/18\/entenda-a-prisao-do-deputado-daniel-silveira-a-decisao-do-supremo-e-o-que-acontece-agora-na-camara\/#breadcrumb"},"inLanguage":"pt-BR","potentialAction":[{"@type":"ReadAction","target":["https:\/\/jbcnews.com.br\/index.php\/2021\/02\/18\/entenda-a-prisao-do-deputado-daniel-silveira-a-decisao-do-supremo-e-o-que-acontece-agora-na-camara\/"]}]},{"@type":"ImageObject","inLanguage":"pt-BR","@id":"https:\/\/jbcnews.com.br\/index.php\/2021\/02\/18\/entenda-a-prisao-do-deputado-daniel-silveira-a-decisao-do-supremo-e-o-que-acontece-agora-na-camara\/#primaryimage","url":"https:\/\/jbcnews.com.br\/wp-content\/uploads\/2021\/02\/imagem-35-1.png","contentUrl":"https:\/\/jbcnews.com.br\/wp-content\/uploads\/2021\/02\/imagem-35-1.png","width":958,"height":610},{"@type":"BreadcrumbList","@id":"https:\/\/jbcnews.com.br\/index.php\/2021\/02\/18\/entenda-a-prisao-do-deputado-daniel-silveira-a-decisao-do-supremo-e-o-que-acontece-agora-na-camara\/#breadcrumb","itemListElement":[{"@type":"ListItem","position":1,"name":"In\u00edcio","item":"https:\/\/jbcnews.com.br\/"},{"@type":"ListItem","position":2,"name":"Entenda a pris\u00e3o do deputado Daniel Silveira, a decis\u00e3o do Supremo e o que acontece agora na C\u00e2mara."}]},{"@type":"WebSite","@id":"https:\/\/jbcnews.com.br\/#website","url":"https:\/\/jbcnews.com.br\/","name":"JBCNews","description":"Comunica\u00e7\u00e3o e Cultura","potentialAction":[{"@type":"SearchAction","target":{"@type":"EntryPoint","urlTemplate":"https:\/\/jbcnews.com.br\/?s={search_term_string}"},"query-input":"required name=search_term_string"}],"inLanguage":"pt-BR"},{"@type":"Person","@id":"https:\/\/jbcnews.com.br\/#\/schema\/person\/3b597ec20ccf92d0adc436057caf9bbe","name":"admin","image":{"@type":"ImageObject","inLanguage":"pt-BR","@id":"https:\/\/jbcnews.com.br\/#\/schema\/person\/image\/","url":"https:\/\/secure.gravatar.com\/avatar\/fe848d2435b65c3ed1cdd3a8e8f3bb2d?s=96&d=mm&r=g","contentUrl":"https:\/\/secure.gravatar.com\/avatar\/fe848d2435b65c3ed1cdd3a8e8f3bb2d?s=96&d=mm&r=g","caption":"admin"},"sameAs":["https:\/\/jbcnews.com.br"],"url":"https:\/\/jbcnews.com.br\/index.php\/author\/jbcnews\/"}]}},"_links":{"self":[{"href":"https:\/\/jbcnews.com.br\/index.php\/wp-json\/wp\/v2\/posts\/2587"}],"collection":[{"href":"https:\/\/jbcnews.com.br\/index.php\/wp-json\/wp\/v2\/posts"}],"about":[{"href":"https:\/\/jbcnews.com.br\/index.php\/wp-json\/wp\/v2\/types\/post"}],"author":[{"embeddable":true,"href":"https:\/\/jbcnews.com.br\/index.php\/wp-json\/wp\/v2\/users\/1"}],"replies":[{"embeddable":true,"href":"https:\/\/jbcnews.com.br\/index.php\/wp-json\/wp\/v2\/comments?post=2587"}],"version-history":[{"count":1,"href":"https:\/\/jbcnews.com.br\/index.php\/wp-json\/wp\/v2\/posts\/2587\/revisions"}],"predecessor-version":[{"id":2589,"href":"https:\/\/jbcnews.com.br\/index.php\/wp-json\/wp\/v2\/posts\/2587\/revisions\/2589"}],"wp:featuredmedia":[{"embeddable":true,"href":"https:\/\/jbcnews.com.br\/index.php\/wp-json\/wp\/v2\/media\/2588"}],"wp:attachment":[{"href":"https:\/\/jbcnews.com.br\/index.php\/wp-json\/wp\/v2\/media?parent=2587"}],"wp:term":[{"taxonomy":"category","embeddable":true,"href":"https:\/\/jbcnews.com.br\/index.php\/wp-json\/wp\/v2\/categories?post=2587"},{"taxonomy":"post_tag","embeddable":true,"href":"https:\/\/jbcnews.com.br\/index.php\/wp-json\/wp\/v2\/tags?post=2587"}],"curies":[{"name":"wp","href":"https:\/\/api.w.org\/{rel}","templated":true}]}}