{"id":2584,"date":"2021-02-13T14:53:46","date_gmt":"2021-02-13T14:53:46","guid":{"rendered":"https:\/\/jbcnews.com.br\/?p=2584"},"modified":"2021-02-13T14:53:48","modified_gmt":"2021-02-13T14:53:48","slug":"luciano-camargo-responde-sobre-perdoar-filho-mais-velho-nao-convivo-com-quem-me-tem-como-inimigo","status":"publish","type":"post","link":"https:\/\/jbcnews.com.br\/index.php\/2021\/02\/13\/luciano-camargo-responde-sobre-perdoar-filho-mais-velho-nao-convivo-com-quem-me-tem-como-inimigo\/","title":{"rendered":"Luciano Camargo responde sobre perdoar filho mais velho: &#8216;N\u00e3o convivo com quem me tem como inimigo&#8217;"},"content":{"rendered":"\n<p>(JBCNEWS &#8211; DF 13\/02) &#8211; Agora tamb\u00e9m cantor gospel, Luciano Camargo foi questionado por uma seguidora no Instagram sobre perd\u00e3o. A internauta deixou um coment\u00e1rio numa foto em que o cantor aparece com a mulher e tr\u00eas dos quatro filhos, e aconselhou o artista a perdoar o filho mais velho, Wesley Camargo, com que Luciano est\u00e1 brigado e sem falar desde 2017.<\/p>\n\n\n\n<p>&#8220;Levando a palavra de Deus para as pessoas. S\u00f3 falta aprender a perdoar. Que o Esp\u00edrito Sanrto toque seu cora\u00e7\u00e3o&#8221;, cutucou a seguidora. &#8220;Voc\u00ea est\u00e1 enganada. Eu perdoa antes mesmo da ofensa e at\u00e9 aqueles que me ofenderam e voltaram a ofender. Eu s\u00f3 n\u00e3o convido com aqueles que me tem como inimigo&#8221;, respondeu o irm\u00e3o de Zez\u00e9.<\/p>\n\n\n\n<p>Wesley Camargo, de 32 anos, \u00e9 filho de Luciano com Cleo Loyola. O cantor deixou de se dar bem com o filho em 2014, quando Wesley foi detido na Delegacia da Mulher de Goi\u00e2nia, acusado de agredir a prima e a tia em uma discuss\u00e3o. Ap\u00f3s pagamento de fian\u00e7a no valor de R$ 10 mil, feito pelo pai, ele foi solto.<\/p>\n\n\n\n<p>Em 2018, Luciano relembrou a confus\u00e3o em um post no Instagram. &#8220;Paguei (a fian\u00e7a) em 2014 contra a minha vontade, para mim, ele cometeu crime, sim. Mas, infelizmente no Brasil, esse tipo de crime n\u00e3o d\u00e1 em nada. Wesley foi condenado a prestar servi\u00e7o para a sociedade. Isso \u00e9 pena para quem bateu na tia?&#8221;, escreveu o cantor, revelando um clim\u00e3o entre pai e filho. Os dois n\u00e3o se falam desde ent\u00e3o.<\/p>\n\n\n\n<p>Na \u00e9poca, Wesley disse que j\u00e1 tinha cumprido a pena e revelou que estava brigado com o pai desde 2017, quando se desentendeu com um cunhado de Luciano, irm\u00e3o da mulher do cantor, Flavia Camargo.<\/p>\n\n\n\n<p>Em agosto do ano passado, durante a comemora\u00e7\u00e3o do Dia dos Pais, Wesley postou nas redes sociais uma carta aberta falando sobre do afastamento entre eles e demonstrando querer se reaproximar do pai<\/p>\n\n\n\n<p>&#8220;Oi, pai. N\u00e3o sei se a gente vai se reencontrar nessa vida. Lembrei de um poema do Ferreira Gullar e queria, de alguma forma, que ele chegasse a ti&#8221;, postou Wesley, se referindo a um texto sobre esquecimento.<\/p>\n\n\n\n<p>Ao EXTRA, Wesley informou na ocasi\u00e3o que n\u00e3o fala com o pai desde 2017 por conta de um desentendimento familiar e disse que gostaria de fazer as pazes com o cantor.<\/p>\n\n\n\n<p>&#8220;Faz tr\u00eas anos que a gente n\u00e3o se fala. Toda fam\u00edlia tem diferen\u00e7as, mas \u00e9 percept\u00edvel o afastamento dele, n\u00e3o somente com minha pessoa, mas com v\u00e1rios outros membros da fam\u00edlia. J\u00e1 tive diferen\u00e7as demais com ele na adolesc\u00eancia, mas nunca ficamos tanto tempo sem nos falarmos. Toda a fam\u00edlia me trata normal, com maior amor. At\u00e9 reencontrar com familiares em janeiro eu reencontrei. Tenho um \u00f3timo h\u00e1bito com tios, tias e primas&#8230; Somente com ele existe esse afastamento. Sinceramente, j\u00e1 venho perdendo as esperan\u00e7as de ganhar ao menos um abra\u00e7o&#8221;, disse.<\/p>\n","protected":false},"excerpt":{"rendered":"<p>(JBCNEWS &#8211; DF 13\/02) &#8211; Agora tamb\u00e9m cantor gospel, Luciano Camargo foi questionado por uma seguidora no Instagram sobre perd\u00e3o. A internauta deixou um coment\u00e1rio numa<span class=\"excerpt-hellip\"> [\u2026]<\/span><\/p>\n","protected":false},"author":1,"featured_media":2585,"comment_status":"open","ping_status":"open","sticky":false,"template":"","format":"standard","meta":{"footnotes":""},"categories":[21],"tags":[],"yoast_head":"<!-- This site is optimized with the Yoast SEO plugin v22.6 - https:\/\/yoast.com\/wordpress\/plugins\/seo\/ -->\n<title>Luciano Camargo responde sobre perdoar filho mais velho: &#039;N\u00e3o convivo com quem me tem como inimigo&#039; - JBCNews<\/title>\n<meta name=\"robots\" content=\"index, follow, max-snippet:-1, max-image-preview:large, max-video-preview:-1\" \/>\n<link rel=\"canonical\" href=\"https:\/\/jbcnews.com.br\/index.php\/2021\/02\/13\/luciano-camargo-responde-sobre-perdoar-filho-mais-velho-nao-convivo-com-quem-me-tem-como-inimigo\/\" \/>\n<meta property=\"og:locale\" content=\"pt_BR\" \/>\n<meta property=\"og:type\" content=\"article\" \/>\n<meta property=\"og:title\" content=\"Luciano Camargo responde sobre perdoar filho mais velho: &#039;N\u00e3o convivo com quem me tem como inimigo&#039; - JBCNews\" \/>\n<meta property=\"og:description\" content=\"(JBCNEWS &#8211; DF 13\/02) &#8211; Agora tamb\u00e9m cantor gospel, Luciano Camargo foi questionado por uma seguidora no Instagram sobre perd\u00e3o. A internauta deixou um coment\u00e1rio numa [\u2026]\" \/>\n<meta property=\"og:url\" content=\"https:\/\/jbcnews.com.br\/index.php\/2021\/02\/13\/luciano-camargo-responde-sobre-perdoar-filho-mais-velho-nao-convivo-com-quem-me-tem-como-inimigo\/\" \/>\n<meta property=\"og:site_name\" content=\"JBCNews\" \/>\n<meta property=\"article:published_time\" content=\"2021-02-13T14:53:46+00:00\" \/>\n<meta property=\"article:modified_time\" content=\"2021-02-13T14:53:48+00:00\" \/>\n<meta property=\"og:image\" content=\"https:\/\/jbcnews.com.br\/wp-content\/uploads\/2021\/02\/imagem-34-1.png\" \/>\n\t<meta property=\"og:image:width\" content=\"448\" \/>\n\t<meta property=\"og:image:height\" content=\"560\" \/>\n\t<meta property=\"og:image:type\" content=\"image\/png\" \/>\n<meta name=\"author\" content=\"admin\" \/>\n<meta name=\"twitter:card\" content=\"summary_large_image\" \/>\n<meta name=\"twitter:label1\" content=\"Escrito por\" \/>\n\t<meta name=\"twitter:data1\" content=\"admin\" \/>\n\t<meta name=\"twitter:label2\" content=\"Est. tempo de leitura\" \/>\n\t<meta name=\"twitter:data2\" content=\"3 minutos\" \/>\n<script type=\"application\/ld+json\" class=\"yoast-schema-graph\">{\"@context\":\"https:\/\/schema.org\",\"@graph\":[{\"@type\":\"WebPage\",\"@id\":\"https:\/\/jbcnews.com.br\/index.php\/2021\/02\/13\/luciano-camargo-responde-sobre-perdoar-filho-mais-velho-nao-convivo-com-quem-me-tem-como-inimigo\/\",\"url\":\"https:\/\/jbcnews.com.br\/index.php\/2021\/02\/13\/luciano-camargo-responde-sobre-perdoar-filho-mais-velho-nao-convivo-com-quem-me-tem-como-inimigo\/\",\"name\":\"Luciano Camargo responde sobre perdoar filho mais velho: 'N\u00e3o convivo com quem me tem como inimigo' - JBCNews\",\"isPartOf\":{\"@id\":\"https:\/\/jbcnews.com.br\/#website\"},\"primaryImageOfPage\":{\"@id\":\"https:\/\/jbcnews.com.br\/index.php\/2021\/02\/13\/luciano-camargo-responde-sobre-perdoar-filho-mais-velho-nao-convivo-com-quem-me-tem-como-inimigo\/#primaryimage\"},\"image\":{\"@id\":\"https:\/\/jbcnews.com.br\/index.php\/2021\/02\/13\/luciano-camargo-responde-sobre-perdoar-filho-mais-velho-nao-convivo-com-quem-me-tem-como-inimigo\/#primaryimage\"},\"thumbnailUrl\":\"https:\/\/jbcnews.com.br\/wp-content\/uploads\/2021\/02\/imagem-34-1.png\",\"datePublished\":\"2021-02-13T14:53:46+00:00\",\"dateModified\":\"2021-02-13T14:53:48+00:00\",\"author\":{\"@id\":\"https:\/\/jbcnews.com.br\/#\/schema\/person\/3b597ec20ccf92d0adc436057caf9bbe\"},\"breadcrumb\":{\"@id\":\"https:\/\/jbcnews.com.br\/index.php\/2021\/02\/13\/luciano-camargo-responde-sobre-perdoar-filho-mais-velho-nao-convivo-com-quem-me-tem-como-inimigo\/#breadcrumb\"},\"inLanguage\":\"pt-BR\",\"potentialAction\":[{\"@type\":\"ReadAction\",\"target\":[\"https:\/\/jbcnews.com.br\/index.php\/2021\/02\/13\/luciano-camargo-responde-sobre-perdoar-filho-mais-velho-nao-convivo-com-quem-me-tem-como-inimigo\/\"]}]},{\"@type\":\"ImageObject\",\"inLanguage\":\"pt-BR\",\"@id\":\"https:\/\/jbcnews.com.br\/index.php\/2021\/02\/13\/luciano-camargo-responde-sobre-perdoar-filho-mais-velho-nao-convivo-com-quem-me-tem-como-inimigo\/#primaryimage\",\"url\":\"https:\/\/jbcnews.com.br\/wp-content\/uploads\/2021\/02\/imagem-34-1.png\",\"contentUrl\":\"https:\/\/jbcnews.com.br\/wp-content\/uploads\/2021\/02\/imagem-34-1.png\",\"width\":448,\"height\":560},{\"@type\":\"BreadcrumbList\",\"@id\":\"https:\/\/jbcnews.com.br\/index.php\/2021\/02\/13\/luciano-camargo-responde-sobre-perdoar-filho-mais-velho-nao-convivo-com-quem-me-tem-como-inimigo\/#breadcrumb\",\"itemListElement\":[{\"@type\":\"ListItem\",\"position\":1,\"name\":\"In\u00edcio\",\"item\":\"https:\/\/jbcnews.com.br\/\"},{\"@type\":\"ListItem\",\"position\":2,\"name\":\"Luciano Camargo responde sobre perdoar filho mais velho: &#8216;N\u00e3o convivo com quem me tem como inimigo&#8217;\"}]},{\"@type\":\"WebSite\",\"@id\":\"https:\/\/jbcnews.com.br\/#website\",\"url\":\"https:\/\/jbcnews.com.br\/\",\"name\":\"JBCNews\",\"description\":\"Comunica\u00e7\u00e3o e Cultura\",\"potentialAction\":[{\"@type\":\"SearchAction\",\"target\":{\"@type\":\"EntryPoint\",\"urlTemplate\":\"https:\/\/jbcnews.com.br\/?s={search_term_string}\"},\"query-input\":\"required name=search_term_string\"}],\"inLanguage\":\"pt-BR\"},{\"@type\":\"Person\",\"@id\":\"https:\/\/jbcnews.com.br\/#\/schema\/person\/3b597ec20ccf92d0adc436057caf9bbe\",\"name\":\"admin\",\"image\":{\"@type\":\"ImageObject\",\"inLanguage\":\"pt-BR\",\"@id\":\"https:\/\/jbcnews.com.br\/#\/schema\/person\/image\/\",\"url\":\"https:\/\/secure.gravatar.com\/avatar\/fe848d2435b65c3ed1cdd3a8e8f3bb2d?s=96&d=mm&r=g\",\"contentUrl\":\"https:\/\/secure.gravatar.com\/avatar\/fe848d2435b65c3ed1cdd3a8e8f3bb2d?s=96&d=mm&r=g\",\"caption\":\"admin\"},\"sameAs\":[\"https:\/\/jbcnews.com.br\"],\"url\":\"https:\/\/jbcnews.com.br\/index.php\/author\/jbcnews\/\"}]}<\/script>\n<!-- \/ Yoast SEO plugin. -->","yoast_head_json":{"title":"Luciano Camargo responde sobre perdoar filho mais velho: 'N\u00e3o convivo com quem me tem como inimigo' - JBCNews","robots":{"index":"index","follow":"follow","max-snippet":"max-snippet:-1","max-image-preview":"max-image-preview:large","max-video-preview":"max-video-preview:-1"},"canonical":"https:\/\/jbcnews.com.br\/index.php\/2021\/02\/13\/luciano-camargo-responde-sobre-perdoar-filho-mais-velho-nao-convivo-com-quem-me-tem-como-inimigo\/","og_locale":"pt_BR","og_type":"article","og_title":"Luciano Camargo responde sobre perdoar filho mais velho: 'N\u00e3o convivo com quem me tem como inimigo' - JBCNews","og_description":"(JBCNEWS &#8211; DF 13\/02) &#8211; Agora tamb\u00e9m cantor gospel, Luciano Camargo foi questionado por uma seguidora no Instagram sobre perd\u00e3o. A internauta deixou um coment\u00e1rio numa [\u2026]","og_url":"https:\/\/jbcnews.com.br\/index.php\/2021\/02\/13\/luciano-camargo-responde-sobre-perdoar-filho-mais-velho-nao-convivo-com-quem-me-tem-como-inimigo\/","og_site_name":"JBCNews","article_published_time":"2021-02-13T14:53:46+00:00","article_modified_time":"2021-02-13T14:53:48+00:00","og_image":[{"width":448,"height":560,"url":"https:\/\/jbcnews.com.br\/wp-content\/uploads\/2021\/02\/imagem-34-1.png","type":"image\/png"}],"author":"admin","twitter_card":"summary_large_image","twitter_misc":{"Escrito por":"admin","Est. tempo de leitura":"3 minutos"},"schema":{"@context":"https:\/\/schema.org","@graph":[{"@type":"WebPage","@id":"https:\/\/jbcnews.com.br\/index.php\/2021\/02\/13\/luciano-camargo-responde-sobre-perdoar-filho-mais-velho-nao-convivo-com-quem-me-tem-como-inimigo\/","url":"https:\/\/jbcnews.com.br\/index.php\/2021\/02\/13\/luciano-camargo-responde-sobre-perdoar-filho-mais-velho-nao-convivo-com-quem-me-tem-como-inimigo\/","name":"Luciano Camargo responde sobre perdoar filho mais velho: 'N\u00e3o convivo com quem me tem como inimigo' - JBCNews","isPartOf":{"@id":"https:\/\/jbcnews.com.br\/#website"},"primaryImageOfPage":{"@id":"https:\/\/jbcnews.com.br\/index.php\/2021\/02\/13\/luciano-camargo-responde-sobre-perdoar-filho-mais-velho-nao-convivo-com-quem-me-tem-como-inimigo\/#primaryimage"},"image":{"@id":"https:\/\/jbcnews.com.br\/index.php\/2021\/02\/13\/luciano-camargo-responde-sobre-perdoar-filho-mais-velho-nao-convivo-com-quem-me-tem-como-inimigo\/#primaryimage"},"thumbnailUrl":"https:\/\/jbcnews.com.br\/wp-content\/uploads\/2021\/02\/imagem-34-1.png","datePublished":"2021-02-13T14:53:46+00:00","dateModified":"2021-02-13T14:53:48+00:00","author":{"@id":"https:\/\/jbcnews.com.br\/#\/schema\/person\/3b597ec20ccf92d0adc436057caf9bbe"},"breadcrumb":{"@id":"https:\/\/jbcnews.com.br\/index.php\/2021\/02\/13\/luciano-camargo-responde-sobre-perdoar-filho-mais-velho-nao-convivo-com-quem-me-tem-como-inimigo\/#breadcrumb"},"inLanguage":"pt-BR","potentialAction":[{"@type":"ReadAction","target":["https:\/\/jbcnews.com.br\/index.php\/2021\/02\/13\/luciano-camargo-responde-sobre-perdoar-filho-mais-velho-nao-convivo-com-quem-me-tem-como-inimigo\/"]}]},{"@type":"ImageObject","inLanguage":"pt-BR","@id":"https:\/\/jbcnews.com.br\/index.php\/2021\/02\/13\/luciano-camargo-responde-sobre-perdoar-filho-mais-velho-nao-convivo-com-quem-me-tem-como-inimigo\/#primaryimage","url":"https:\/\/jbcnews.com.br\/wp-content\/uploads\/2021\/02\/imagem-34-1.png","contentUrl":"https:\/\/jbcnews.com.br\/wp-content\/uploads\/2021\/02\/imagem-34-1.png","width":448,"height":560},{"@type":"BreadcrumbList","@id":"https:\/\/jbcnews.com.br\/index.php\/2021\/02\/13\/luciano-camargo-responde-sobre-perdoar-filho-mais-velho-nao-convivo-com-quem-me-tem-como-inimigo\/#breadcrumb","itemListElement":[{"@type":"ListItem","position":1,"name":"In\u00edcio","item":"https:\/\/jbcnews.com.br\/"},{"@type":"ListItem","position":2,"name":"Luciano Camargo responde sobre perdoar filho mais velho: &#8216;N\u00e3o convivo com quem me tem como inimigo&#8217;"}]},{"@type":"WebSite","@id":"https:\/\/jbcnews.com.br\/#website","url":"https:\/\/jbcnews.com.br\/","name":"JBCNews","description":"Comunica\u00e7\u00e3o e Cultura","potentialAction":[{"@type":"SearchAction","target":{"@type":"EntryPoint","urlTemplate":"https:\/\/jbcnews.com.br\/?s={search_term_string}"},"query-input":"required name=search_term_string"}],"inLanguage":"pt-BR"},{"@type":"Person","@id":"https:\/\/jbcnews.com.br\/#\/schema\/person\/3b597ec20ccf92d0adc436057caf9bbe","name":"admin","image":{"@type":"ImageObject","inLanguage":"pt-BR","@id":"https:\/\/jbcnews.com.br\/#\/schema\/person\/image\/","url":"https:\/\/secure.gravatar.com\/avatar\/fe848d2435b65c3ed1cdd3a8e8f3bb2d?s=96&d=mm&r=g","contentUrl":"https:\/\/secure.gravatar.com\/avatar\/fe848d2435b65c3ed1cdd3a8e8f3bb2d?s=96&d=mm&r=g","caption":"admin"},"sameAs":["https:\/\/jbcnews.com.br"],"url":"https:\/\/jbcnews.com.br\/index.php\/author\/jbcnews\/"}]}},"_links":{"self":[{"href":"https:\/\/jbcnews.com.br\/index.php\/wp-json\/wp\/v2\/posts\/2584"}],"collection":[{"href":"https:\/\/jbcnews.com.br\/index.php\/wp-json\/wp\/v2\/posts"}],"about":[{"href":"https:\/\/jbcnews.com.br\/index.php\/wp-json\/wp\/v2\/types\/post"}],"author":[{"embeddable":true,"href":"https:\/\/jbcnews.com.br\/index.php\/wp-json\/wp\/v2\/users\/1"}],"replies":[{"embeddable":true,"href":"https:\/\/jbcnews.com.br\/index.php\/wp-json\/wp\/v2\/comments?post=2584"}],"version-history":[{"count":1,"href":"https:\/\/jbcnews.com.br\/index.php\/wp-json\/wp\/v2\/posts\/2584\/revisions"}],"predecessor-version":[{"id":2586,"href":"https:\/\/jbcnews.com.br\/index.php\/wp-json\/wp\/v2\/posts\/2584\/revisions\/2586"}],"wp:featuredmedia":[{"embeddable":true,"href":"https:\/\/jbcnews.com.br\/index.php\/wp-json\/wp\/v2\/media\/2585"}],"wp:attachment":[{"href":"https:\/\/jbcnews.com.br\/index.php\/wp-json\/wp\/v2\/media?parent=2584"}],"wp:term":[{"taxonomy":"category","embeddable":true,"href":"https:\/\/jbcnews.com.br\/index.php\/wp-json\/wp\/v2\/categories?post=2584"},{"taxonomy":"post_tag","embeddable":true,"href":"https:\/\/jbcnews.com.br\/index.php\/wp-json\/wp\/v2\/tags?post=2584"}],"curies":[{"name":"wp","href":"https:\/\/api.w.org\/{rel}","templated":true}]}}