{"id":2581,"date":"2021-02-13T14:51:12","date_gmt":"2021-02-13T14:51:12","guid":{"rendered":"https:\/\/jbcnews.com.br\/?p=2581"},"modified":"2021-02-13T14:51:13","modified_gmt":"2021-02-13T14:51:13","slug":"republica-democratica-alema","status":"publish","type":"post","link":"https:\/\/jbcnews.com.br\/index.php\/2021\/02\/13\/republica-democratica-alema\/","title":{"rendered":"Rep\u00fablica Democr\u00e1tica Alem\u00e3"},"content":{"rendered":"\n<p>O FKK, como costuma ser abreviado, est\u00e1 intimamente associado \u00e0 vida na Rep\u00fablica Democr\u00e1tica Alem\u00e3 (Alemanha Oriental ou &#8220;RDA&#8221;), mas o nudismo como pr\u00e1tica p\u00fablica na Alemanha remonta ao fim do s\u00e9culo 19.<\/p>\n\n\n\n<p>E diferentemente de, digamos, fazer topless em uma praia na Espanha, o FKK engloba um movimento alem\u00e3o mais amplo com um esp\u00edrito distinto, onde se despir at\u00e9 sua ess\u00eancia no mundo natural \u00e9 historicamente um ato de resist\u00eancia e al\u00edvio.<\/p>\n\n\n\n<p>&#8220;O nudismo tem uma longa tradi\u00e7\u00e3o na Alemanha&#8221;, diz Arnd Bauerk\u00e4mper, professor associado de hist\u00f3ria moderna da Freie University, em Berlim.<\/p>\n\n\n\n<p>Na virada do s\u00e9culo 20, pairava no ar a&nbsp;<em>Lebensreform<\/em>&nbsp;(&#8220;reforma da vida&#8221;), uma filosofia que defendia a alimenta\u00e7\u00e3o org\u00e2nica, a libera\u00e7\u00e3o sexual, a medicina alternativa e uma vida mais simples e mais pr\u00f3xima da natureza.<\/p>\n\n\n\n<p>&#8220;O nudismo \u00e9 parte desse movimento mais amplo, que foi direcionado contra a modernidade industrial, contra a nova sociedade que surgiu no fim do s\u00e9culo 19&#8221;, afirma Bauerk\u00e4mper.<\/p>\n\n\n\n<p>De acordo com Hanno Hochmuth, historiador do Centro Leibniz de Hist\u00f3ria Contempor\u00e2nea, em Potsdam, esse movimento de reforma ganhou espa\u00e7o sobretudo em cidades maiores, incluindo Berlim, apesar de sua romantiza\u00e7\u00e3o da vida no campo.<\/p>\n","protected":false},"excerpt":{"rendered":"<p>O FKK, como costuma ser abreviado, est\u00e1 intimamente associado \u00e0 vida na Rep\u00fablica Democr\u00e1tica Alem\u00e3 (Alemanha Oriental ou &#8220;RDA&#8221;), mas o nudismo como pr\u00e1tica p\u00fablica na<span class=\"excerpt-hellip\"> [\u2026]<\/span><\/p>\n","protected":false},"author":1,"featured_media":2582,"comment_status":"open","ping_status":"open","sticky":false,"template":"","format":"standard","meta":{"footnotes":""},"categories":[34],"tags":[],"yoast_head":"<!-- This site is optimized with the Yoast SEO plugin v22.6 - https:\/\/yoast.com\/wordpress\/plugins\/seo\/ -->\n<title>Rep\u00fablica Democr\u00e1tica Alem\u00e3 - JBCNews<\/title>\n<meta name=\"robots\" content=\"index, follow, max-snippet:-1, max-image-preview:large, max-video-preview:-1\" \/>\n<link rel=\"canonical\" href=\"https:\/\/jbcnews.com.br\/index.php\/2021\/02\/13\/republica-democratica-alema\/\" \/>\n<meta property=\"og:locale\" content=\"pt_BR\" \/>\n<meta property=\"og:type\" content=\"article\" \/>\n<meta property=\"og:title\" content=\"Rep\u00fablica Democr\u00e1tica Alem\u00e3 - JBCNews\" \/>\n<meta property=\"og:description\" content=\"O FKK, como costuma ser abreviado, est\u00e1 intimamente associado \u00e0 vida na Rep\u00fablica Democr\u00e1tica Alem\u00e3 (Alemanha Oriental ou &#8220;RDA&#8221;), mas o nudismo como pr\u00e1tica p\u00fablica na [\u2026]\" \/>\n<meta property=\"og:url\" content=\"https:\/\/jbcnews.com.br\/index.php\/2021\/02\/13\/republica-democratica-alema\/\" \/>\n<meta property=\"og:site_name\" content=\"JBCNews\" \/>\n<meta property=\"article:published_time\" content=\"2021-02-13T14:51:12+00:00\" \/>\n<meta property=\"article:modified_time\" content=\"2021-02-13T14:51:13+00:00\" \/>\n<meta property=\"og:image\" content=\"https:\/\/jbcnews.com.br\/wp-content\/uploads\/2021\/02\/imagem-33-1.png\" \/>\n\t<meta property=\"og:image:width\" content=\"960\" \/>\n\t<meta property=\"og:image:height\" content=\"540\" \/>\n\t<meta property=\"og:image:type\" content=\"image\/png\" \/>\n<meta name=\"author\" content=\"admin\" \/>\n<meta name=\"twitter:card\" content=\"summary_large_image\" \/>\n<meta name=\"twitter:label1\" content=\"Escrito por\" \/>\n\t<meta name=\"twitter:data1\" content=\"admin\" \/>\n\t<meta name=\"twitter:label2\" content=\"Est. tempo de leitura\" \/>\n\t<meta name=\"twitter:data2\" content=\"1 minuto\" \/>\n<script type=\"application\/ld+json\" class=\"yoast-schema-graph\">{\"@context\":\"https:\/\/schema.org\",\"@graph\":[{\"@type\":\"WebPage\",\"@id\":\"https:\/\/jbcnews.com.br\/index.php\/2021\/02\/13\/republica-democratica-alema\/\",\"url\":\"https:\/\/jbcnews.com.br\/index.php\/2021\/02\/13\/republica-democratica-alema\/\",\"name\":\"Rep\u00fablica Democr\u00e1tica Alem\u00e3 - JBCNews\",\"isPartOf\":{\"@id\":\"https:\/\/jbcnews.com.br\/#website\"},\"primaryImageOfPage\":{\"@id\":\"https:\/\/jbcnews.com.br\/index.php\/2021\/02\/13\/republica-democratica-alema\/#primaryimage\"},\"image\":{\"@id\":\"https:\/\/jbcnews.com.br\/index.php\/2021\/02\/13\/republica-democratica-alema\/#primaryimage\"},\"thumbnailUrl\":\"https:\/\/jbcnews.com.br\/wp-content\/uploads\/2021\/02\/imagem-33-1.png\",\"datePublished\":\"2021-02-13T14:51:12+00:00\",\"dateModified\":\"2021-02-13T14:51:13+00:00\",\"author\":{\"@id\":\"https:\/\/jbcnews.com.br\/#\/schema\/person\/3b597ec20ccf92d0adc436057caf9bbe\"},\"breadcrumb\":{\"@id\":\"https:\/\/jbcnews.com.br\/index.php\/2021\/02\/13\/republica-democratica-alema\/#breadcrumb\"},\"inLanguage\":\"pt-BR\",\"potentialAction\":[{\"@type\":\"ReadAction\",\"target\":[\"https:\/\/jbcnews.com.br\/index.php\/2021\/02\/13\/republica-democratica-alema\/\"]}]},{\"@type\":\"ImageObject\",\"inLanguage\":\"pt-BR\",\"@id\":\"https:\/\/jbcnews.com.br\/index.php\/2021\/02\/13\/republica-democratica-alema\/#primaryimage\",\"url\":\"https:\/\/jbcnews.com.br\/wp-content\/uploads\/2021\/02\/imagem-33-1.png\",\"contentUrl\":\"https:\/\/jbcnews.com.br\/wp-content\/uploads\/2021\/02\/imagem-33-1.png\",\"width\":960,\"height\":540},{\"@type\":\"BreadcrumbList\",\"@id\":\"https:\/\/jbcnews.com.br\/index.php\/2021\/02\/13\/republica-democratica-alema\/#breadcrumb\",\"itemListElement\":[{\"@type\":\"ListItem\",\"position\":1,\"name\":\"In\u00edcio\",\"item\":\"https:\/\/jbcnews.com.br\/\"},{\"@type\":\"ListItem\",\"position\":2,\"name\":\"Rep\u00fablica Democr\u00e1tica Alem\u00e3\"}]},{\"@type\":\"WebSite\",\"@id\":\"https:\/\/jbcnews.com.br\/#website\",\"url\":\"https:\/\/jbcnews.com.br\/\",\"name\":\"JBCNews\",\"description\":\"Comunica\u00e7\u00e3o e Cultura\",\"potentialAction\":[{\"@type\":\"SearchAction\",\"target\":{\"@type\":\"EntryPoint\",\"urlTemplate\":\"https:\/\/jbcnews.com.br\/?s={search_term_string}\"},\"query-input\":\"required name=search_term_string\"}],\"inLanguage\":\"pt-BR\"},{\"@type\":\"Person\",\"@id\":\"https:\/\/jbcnews.com.br\/#\/schema\/person\/3b597ec20ccf92d0adc436057caf9bbe\",\"name\":\"admin\",\"image\":{\"@type\":\"ImageObject\",\"inLanguage\":\"pt-BR\",\"@id\":\"https:\/\/jbcnews.com.br\/#\/schema\/person\/image\/\",\"url\":\"https:\/\/secure.gravatar.com\/avatar\/fe848d2435b65c3ed1cdd3a8e8f3bb2d?s=96&d=mm&r=g\",\"contentUrl\":\"https:\/\/secure.gravatar.com\/avatar\/fe848d2435b65c3ed1cdd3a8e8f3bb2d?s=96&d=mm&r=g\",\"caption\":\"admin\"},\"sameAs\":[\"https:\/\/jbcnews.com.br\"],\"url\":\"https:\/\/jbcnews.com.br\/index.php\/author\/jbcnews\/\"}]}<\/script>\n<!-- \/ Yoast SEO plugin. -->","yoast_head_json":{"title":"Rep\u00fablica Democr\u00e1tica Alem\u00e3 - JBCNews","robots":{"index":"index","follow":"follow","max-snippet":"max-snippet:-1","max-image-preview":"max-image-preview:large","max-video-preview":"max-video-preview:-1"},"canonical":"https:\/\/jbcnews.com.br\/index.php\/2021\/02\/13\/republica-democratica-alema\/","og_locale":"pt_BR","og_type":"article","og_title":"Rep\u00fablica Democr\u00e1tica Alem\u00e3 - JBCNews","og_description":"O FKK, como costuma ser abreviado, est\u00e1 intimamente associado \u00e0 vida na Rep\u00fablica Democr\u00e1tica Alem\u00e3 (Alemanha Oriental ou &#8220;RDA&#8221;), mas o nudismo como pr\u00e1tica p\u00fablica na [\u2026]","og_url":"https:\/\/jbcnews.com.br\/index.php\/2021\/02\/13\/republica-democratica-alema\/","og_site_name":"JBCNews","article_published_time":"2021-02-13T14:51:12+00:00","article_modified_time":"2021-02-13T14:51:13+00:00","og_image":[{"width":960,"height":540,"url":"https:\/\/jbcnews.com.br\/wp-content\/uploads\/2021\/02\/imagem-33-1.png","type":"image\/png"}],"author":"admin","twitter_card":"summary_large_image","twitter_misc":{"Escrito por":"admin","Est. tempo de leitura":"1 minuto"},"schema":{"@context":"https:\/\/schema.org","@graph":[{"@type":"WebPage","@id":"https:\/\/jbcnews.com.br\/index.php\/2021\/02\/13\/republica-democratica-alema\/","url":"https:\/\/jbcnews.com.br\/index.php\/2021\/02\/13\/republica-democratica-alema\/","name":"Rep\u00fablica Democr\u00e1tica Alem\u00e3 - JBCNews","isPartOf":{"@id":"https:\/\/jbcnews.com.br\/#website"},"primaryImageOfPage":{"@id":"https:\/\/jbcnews.com.br\/index.php\/2021\/02\/13\/republica-democratica-alema\/#primaryimage"},"image":{"@id":"https:\/\/jbcnews.com.br\/index.php\/2021\/02\/13\/republica-democratica-alema\/#primaryimage"},"thumbnailUrl":"https:\/\/jbcnews.com.br\/wp-content\/uploads\/2021\/02\/imagem-33-1.png","datePublished":"2021-02-13T14:51:12+00:00","dateModified":"2021-02-13T14:51:13+00:00","author":{"@id":"https:\/\/jbcnews.com.br\/#\/schema\/person\/3b597ec20ccf92d0adc436057caf9bbe"},"breadcrumb":{"@id":"https:\/\/jbcnews.com.br\/index.php\/2021\/02\/13\/republica-democratica-alema\/#breadcrumb"},"inLanguage":"pt-BR","potentialAction":[{"@type":"ReadAction","target":["https:\/\/jbcnews.com.br\/index.php\/2021\/02\/13\/republica-democratica-alema\/"]}]},{"@type":"ImageObject","inLanguage":"pt-BR","@id":"https:\/\/jbcnews.com.br\/index.php\/2021\/02\/13\/republica-democratica-alema\/#primaryimage","url":"https:\/\/jbcnews.com.br\/wp-content\/uploads\/2021\/02\/imagem-33-1.png","contentUrl":"https:\/\/jbcnews.com.br\/wp-content\/uploads\/2021\/02\/imagem-33-1.png","width":960,"height":540},{"@type":"BreadcrumbList","@id":"https:\/\/jbcnews.com.br\/index.php\/2021\/02\/13\/republica-democratica-alema\/#breadcrumb","itemListElement":[{"@type":"ListItem","position":1,"name":"In\u00edcio","item":"https:\/\/jbcnews.com.br\/"},{"@type":"ListItem","position":2,"name":"Rep\u00fablica Democr\u00e1tica Alem\u00e3"}]},{"@type":"WebSite","@id":"https:\/\/jbcnews.com.br\/#website","url":"https:\/\/jbcnews.com.br\/","name":"JBCNews","description":"Comunica\u00e7\u00e3o e Cultura","potentialAction":[{"@type":"SearchAction","target":{"@type":"EntryPoint","urlTemplate":"https:\/\/jbcnews.com.br\/?s={search_term_string}"},"query-input":"required name=search_term_string"}],"inLanguage":"pt-BR"},{"@type":"Person","@id":"https:\/\/jbcnews.com.br\/#\/schema\/person\/3b597ec20ccf92d0adc436057caf9bbe","name":"admin","image":{"@type":"ImageObject","inLanguage":"pt-BR","@id":"https:\/\/jbcnews.com.br\/#\/schema\/person\/image\/","url":"https:\/\/secure.gravatar.com\/avatar\/fe848d2435b65c3ed1cdd3a8e8f3bb2d?s=96&d=mm&r=g","contentUrl":"https:\/\/secure.gravatar.com\/avatar\/fe848d2435b65c3ed1cdd3a8e8f3bb2d?s=96&d=mm&r=g","caption":"admin"},"sameAs":["https:\/\/jbcnews.com.br"],"url":"https:\/\/jbcnews.com.br\/index.php\/author\/jbcnews\/"}]}},"_links":{"self":[{"href":"https:\/\/jbcnews.com.br\/index.php\/wp-json\/wp\/v2\/posts\/2581"}],"collection":[{"href":"https:\/\/jbcnews.com.br\/index.php\/wp-json\/wp\/v2\/posts"}],"about":[{"href":"https:\/\/jbcnews.com.br\/index.php\/wp-json\/wp\/v2\/types\/post"}],"author":[{"embeddable":true,"href":"https:\/\/jbcnews.com.br\/index.php\/wp-json\/wp\/v2\/users\/1"}],"replies":[{"embeddable":true,"href":"https:\/\/jbcnews.com.br\/index.php\/wp-json\/wp\/v2\/comments?post=2581"}],"version-history":[{"count":1,"href":"https:\/\/jbcnews.com.br\/index.php\/wp-json\/wp\/v2\/posts\/2581\/revisions"}],"predecessor-version":[{"id":2583,"href":"https:\/\/jbcnews.com.br\/index.php\/wp-json\/wp\/v2\/posts\/2581\/revisions\/2583"}],"wp:featuredmedia":[{"embeddable":true,"href":"https:\/\/jbcnews.com.br\/index.php\/wp-json\/wp\/v2\/media\/2582"}],"wp:attachment":[{"href":"https:\/\/jbcnews.com.br\/index.php\/wp-json\/wp\/v2\/media?parent=2581"}],"wp:term":[{"taxonomy":"category","embeddable":true,"href":"https:\/\/jbcnews.com.br\/index.php\/wp-json\/wp\/v2\/categories?post=2581"},{"taxonomy":"post_tag","embeddable":true,"href":"https:\/\/jbcnews.com.br\/index.php\/wp-json\/wp\/v2\/tags?post=2581"}],"curies":[{"name":"wp","href":"https:\/\/api.w.org\/{rel}","templated":true}]}}