{"id":2578,"date":"2021-02-13T14:49:43","date_gmt":"2021-02-13T14:49:43","guid":{"rendered":"https:\/\/jbcnews.com.br\/?p=2578"},"modified":"2021-02-13T14:51:40","modified_gmt":"2021-02-13T14:51:40","slug":"o-pais-que-adora-a-nudez-publica","status":"publish","type":"post","link":"https:\/\/jbcnews.com.br\/index.php\/2021\/02\/13\/o-pais-que-adora-a-nudez-publica\/","title":{"rendered":"O pa\u00eds que adora a nudez p\u00fablica"},"content":{"rendered":"\n<p>(JBCNEWS &#8211; DF 13\/02) &#8211; Depois de quatro anos morando em Berlim, aprendi a abra\u00e7ar certos costumes alem\u00e3es, como a abordagem mais casual da nudez \u2014 bem diferente de onde cresci, no meio-oeste dos Estados Unidos.<\/p>\n\n\n\n<p>Enquanto a nudez na cultura&nbsp;<em>mainstream<\/em>&nbsp;americana geralmente tem conota\u00e7\u00e3o sexual, aqui na Alemanha, n\u00e3o \u00e9 incomum se despir em certas situa\u00e7\u00f5es cotidianas.<\/p>\n\n\n\n<p>Me acostumei com a nudez padr\u00e3o nas saunas; a mergulhar em piscinas sem mai\u00f4 ou biqu\u00edni; e surpreendi um massagista quando me despi antes de um tratamento \u2014 ele disse que geralmente precisa pedir aos americanos para tirar a roupa.<\/p>\n\n\n\n<p>Mas, como diz o ditado, a primeira vez a gente nunca esquece, sobretudo quando se trata de ser confrontado com a nudez p\u00fablica.<\/p>\n\n\n\n<p>A minha aconteceu durante uma corrida pelo Hasenheide, um parque no distrito de Neuk\u00f6lln, ao sul de Berlim, quando me deparei com um grupo de corpos nus tomando banho de sol \u00e0 tarde.<\/p>\n\n\n\n<p>Mais tarde, depois de conversar com amigos e adquirir um hist\u00f3rico de busca no Google bastante question\u00e1vel, descobri que esbarrar com um enclave&nbsp;<em>au naturel<\/em>&nbsp;em um parque ou praia da cidade \u00e9 praticamente um rito de passagem em Berlim.<\/p>\n\n\n\n<p>O que eu vi n\u00e3o era parte de um lado hedonista de Berlim, mas um exemplo de&nbsp;<em>Freik\u00f6rperkultur<\/em>&nbsp;ou &#8220;cultura de corpo livre&#8221;.<\/p>\n","protected":false},"excerpt":{"rendered":"<p>(JBCNEWS &#8211; DF 13\/02) &#8211; Depois de quatro anos morando em Berlim, aprendi a abra\u00e7ar certos costumes alem\u00e3es, como a abordagem mais casual da nudez \u2014<span class=\"excerpt-hellip\"> [\u2026]<\/span><\/p>\n","protected":false},"author":1,"featured_media":2579,"comment_status":"open","ping_status":"open","sticky":false,"template":"","format":"standard","meta":{"footnotes":""},"categories":[34],"tags":[],"yoast_head":"<!-- This site is optimized with the Yoast SEO plugin v22.6 - https:\/\/yoast.com\/wordpress\/plugins\/seo\/ -->\n<title>O pa\u00eds que adora a nudez p\u00fablica - JBCNews<\/title>\n<meta name=\"robots\" content=\"index, follow, max-snippet:-1, max-image-preview:large, max-video-preview:-1\" \/>\n<link rel=\"canonical\" href=\"https:\/\/jbcnews.com.br\/index.php\/2021\/02\/13\/o-pais-que-adora-a-nudez-publica\/\" \/>\n<meta property=\"og:locale\" content=\"pt_BR\" \/>\n<meta property=\"og:type\" content=\"article\" \/>\n<meta property=\"og:title\" content=\"O pa\u00eds que adora a nudez p\u00fablica - JBCNews\" \/>\n<meta property=\"og:description\" content=\"(JBCNEWS &#8211; DF 13\/02) &#8211; Depois de quatro anos morando em Berlim, aprendi a abra\u00e7ar certos costumes alem\u00e3es, como a abordagem mais casual da nudez \u2014 [\u2026]\" \/>\n<meta property=\"og:url\" content=\"https:\/\/jbcnews.com.br\/index.php\/2021\/02\/13\/o-pais-que-adora-a-nudez-publica\/\" \/>\n<meta property=\"og:site_name\" content=\"JBCNews\" \/>\n<meta property=\"article:published_time\" content=\"2021-02-13T14:49:43+00:00\" \/>\n<meta property=\"article:modified_time\" content=\"2021-02-13T14:51:40+00:00\" \/>\n<meta property=\"og:image\" content=\"https:\/\/jbcnews.com.br\/wp-content\/uploads\/2021\/02\/imagem-32-1.png\" \/>\n\t<meta property=\"og:image:width\" content=\"960\" \/>\n\t<meta property=\"og:image:height\" content=\"540\" \/>\n\t<meta property=\"og:image:type\" content=\"image\/png\" \/>\n<meta name=\"author\" content=\"admin\" \/>\n<meta name=\"twitter:card\" content=\"summary_large_image\" \/>\n<meta name=\"twitter:label1\" content=\"Escrito por\" \/>\n\t<meta name=\"twitter:data1\" content=\"admin\" \/>\n\t<meta name=\"twitter:label2\" content=\"Est. tempo de leitura\" \/>\n\t<meta name=\"twitter:data2\" content=\"1 minuto\" \/>\n<script type=\"application\/ld+json\" class=\"yoast-schema-graph\">{\"@context\":\"https:\/\/schema.org\",\"@graph\":[{\"@type\":\"WebPage\",\"@id\":\"https:\/\/jbcnews.com.br\/index.php\/2021\/02\/13\/o-pais-que-adora-a-nudez-publica\/\",\"url\":\"https:\/\/jbcnews.com.br\/index.php\/2021\/02\/13\/o-pais-que-adora-a-nudez-publica\/\",\"name\":\"O pa\u00eds que adora a nudez p\u00fablica - JBCNews\",\"isPartOf\":{\"@id\":\"https:\/\/jbcnews.com.br\/#website\"},\"primaryImageOfPage\":{\"@id\":\"https:\/\/jbcnews.com.br\/index.php\/2021\/02\/13\/o-pais-que-adora-a-nudez-publica\/#primaryimage\"},\"image\":{\"@id\":\"https:\/\/jbcnews.com.br\/index.php\/2021\/02\/13\/o-pais-que-adora-a-nudez-publica\/#primaryimage\"},\"thumbnailUrl\":\"https:\/\/jbcnews.com.br\/wp-content\/uploads\/2021\/02\/imagem-32-1.png\",\"datePublished\":\"2021-02-13T14:49:43+00:00\",\"dateModified\":\"2021-02-13T14:51:40+00:00\",\"author\":{\"@id\":\"https:\/\/jbcnews.com.br\/#\/schema\/person\/3b597ec20ccf92d0adc436057caf9bbe\"},\"breadcrumb\":{\"@id\":\"https:\/\/jbcnews.com.br\/index.php\/2021\/02\/13\/o-pais-que-adora-a-nudez-publica\/#breadcrumb\"},\"inLanguage\":\"pt-BR\",\"potentialAction\":[{\"@type\":\"ReadAction\",\"target\":[\"https:\/\/jbcnews.com.br\/index.php\/2021\/02\/13\/o-pais-que-adora-a-nudez-publica\/\"]}]},{\"@type\":\"ImageObject\",\"inLanguage\":\"pt-BR\",\"@id\":\"https:\/\/jbcnews.com.br\/index.php\/2021\/02\/13\/o-pais-que-adora-a-nudez-publica\/#primaryimage\",\"url\":\"https:\/\/jbcnews.com.br\/wp-content\/uploads\/2021\/02\/imagem-32-1.png\",\"contentUrl\":\"https:\/\/jbcnews.com.br\/wp-content\/uploads\/2021\/02\/imagem-32-1.png\",\"width\":960,\"height\":540},{\"@type\":\"BreadcrumbList\",\"@id\":\"https:\/\/jbcnews.com.br\/index.php\/2021\/02\/13\/o-pais-que-adora-a-nudez-publica\/#breadcrumb\",\"itemListElement\":[{\"@type\":\"ListItem\",\"position\":1,\"name\":\"In\u00edcio\",\"item\":\"https:\/\/jbcnews.com.br\/\"},{\"@type\":\"ListItem\",\"position\":2,\"name\":\"O pa\u00eds que adora a nudez p\u00fablica\"}]},{\"@type\":\"WebSite\",\"@id\":\"https:\/\/jbcnews.com.br\/#website\",\"url\":\"https:\/\/jbcnews.com.br\/\",\"name\":\"JBCNews\",\"description\":\"Comunica\u00e7\u00e3o e Cultura\",\"potentialAction\":[{\"@type\":\"SearchAction\",\"target\":{\"@type\":\"EntryPoint\",\"urlTemplate\":\"https:\/\/jbcnews.com.br\/?s={search_term_string}\"},\"query-input\":\"required name=search_term_string\"}],\"inLanguage\":\"pt-BR\"},{\"@type\":\"Person\",\"@id\":\"https:\/\/jbcnews.com.br\/#\/schema\/person\/3b597ec20ccf92d0adc436057caf9bbe\",\"name\":\"admin\",\"image\":{\"@type\":\"ImageObject\",\"inLanguage\":\"pt-BR\",\"@id\":\"https:\/\/jbcnews.com.br\/#\/schema\/person\/image\/\",\"url\":\"https:\/\/secure.gravatar.com\/avatar\/fe848d2435b65c3ed1cdd3a8e8f3bb2d?s=96&d=mm&r=g\",\"contentUrl\":\"https:\/\/secure.gravatar.com\/avatar\/fe848d2435b65c3ed1cdd3a8e8f3bb2d?s=96&d=mm&r=g\",\"caption\":\"admin\"},\"sameAs\":[\"https:\/\/jbcnews.com.br\"],\"url\":\"https:\/\/jbcnews.com.br\/index.php\/author\/jbcnews\/\"}]}<\/script>\n<!-- \/ Yoast SEO plugin. -->","yoast_head_json":{"title":"O pa\u00eds que adora a nudez p\u00fablica - JBCNews","robots":{"index":"index","follow":"follow","max-snippet":"max-snippet:-1","max-image-preview":"max-image-preview:large","max-video-preview":"max-video-preview:-1"},"canonical":"https:\/\/jbcnews.com.br\/index.php\/2021\/02\/13\/o-pais-que-adora-a-nudez-publica\/","og_locale":"pt_BR","og_type":"article","og_title":"O pa\u00eds que adora a nudez p\u00fablica - JBCNews","og_description":"(JBCNEWS &#8211; DF 13\/02) &#8211; Depois de quatro anos morando em Berlim, aprendi a abra\u00e7ar certos costumes alem\u00e3es, como a abordagem mais casual da nudez \u2014 [\u2026]","og_url":"https:\/\/jbcnews.com.br\/index.php\/2021\/02\/13\/o-pais-que-adora-a-nudez-publica\/","og_site_name":"JBCNews","article_published_time":"2021-02-13T14:49:43+00:00","article_modified_time":"2021-02-13T14:51:40+00:00","og_image":[{"width":960,"height":540,"url":"https:\/\/jbcnews.com.br\/wp-content\/uploads\/2021\/02\/imagem-32-1.png","type":"image\/png"}],"author":"admin","twitter_card":"summary_large_image","twitter_misc":{"Escrito por":"admin","Est. tempo de leitura":"1 minuto"},"schema":{"@context":"https:\/\/schema.org","@graph":[{"@type":"WebPage","@id":"https:\/\/jbcnews.com.br\/index.php\/2021\/02\/13\/o-pais-que-adora-a-nudez-publica\/","url":"https:\/\/jbcnews.com.br\/index.php\/2021\/02\/13\/o-pais-que-adora-a-nudez-publica\/","name":"O pa\u00eds que adora a nudez p\u00fablica - JBCNews","isPartOf":{"@id":"https:\/\/jbcnews.com.br\/#website"},"primaryImageOfPage":{"@id":"https:\/\/jbcnews.com.br\/index.php\/2021\/02\/13\/o-pais-que-adora-a-nudez-publica\/#primaryimage"},"image":{"@id":"https:\/\/jbcnews.com.br\/index.php\/2021\/02\/13\/o-pais-que-adora-a-nudez-publica\/#primaryimage"},"thumbnailUrl":"https:\/\/jbcnews.com.br\/wp-content\/uploads\/2021\/02\/imagem-32-1.png","datePublished":"2021-02-13T14:49:43+00:00","dateModified":"2021-02-13T14:51:40+00:00","author":{"@id":"https:\/\/jbcnews.com.br\/#\/schema\/person\/3b597ec20ccf92d0adc436057caf9bbe"},"breadcrumb":{"@id":"https:\/\/jbcnews.com.br\/index.php\/2021\/02\/13\/o-pais-que-adora-a-nudez-publica\/#breadcrumb"},"inLanguage":"pt-BR","potentialAction":[{"@type":"ReadAction","target":["https:\/\/jbcnews.com.br\/index.php\/2021\/02\/13\/o-pais-que-adora-a-nudez-publica\/"]}]},{"@type":"ImageObject","inLanguage":"pt-BR","@id":"https:\/\/jbcnews.com.br\/index.php\/2021\/02\/13\/o-pais-que-adora-a-nudez-publica\/#primaryimage","url":"https:\/\/jbcnews.com.br\/wp-content\/uploads\/2021\/02\/imagem-32-1.png","contentUrl":"https:\/\/jbcnews.com.br\/wp-content\/uploads\/2021\/02\/imagem-32-1.png","width":960,"height":540},{"@type":"BreadcrumbList","@id":"https:\/\/jbcnews.com.br\/index.php\/2021\/02\/13\/o-pais-que-adora-a-nudez-publica\/#breadcrumb","itemListElement":[{"@type":"ListItem","position":1,"name":"In\u00edcio","item":"https:\/\/jbcnews.com.br\/"},{"@type":"ListItem","position":2,"name":"O pa\u00eds que adora a nudez p\u00fablica"}]},{"@type":"WebSite","@id":"https:\/\/jbcnews.com.br\/#website","url":"https:\/\/jbcnews.com.br\/","name":"JBCNews","description":"Comunica\u00e7\u00e3o e Cultura","potentialAction":[{"@type":"SearchAction","target":{"@type":"EntryPoint","urlTemplate":"https:\/\/jbcnews.com.br\/?s={search_term_string}"},"query-input":"required name=search_term_string"}],"inLanguage":"pt-BR"},{"@type":"Person","@id":"https:\/\/jbcnews.com.br\/#\/schema\/person\/3b597ec20ccf92d0adc436057caf9bbe","name":"admin","image":{"@type":"ImageObject","inLanguage":"pt-BR","@id":"https:\/\/jbcnews.com.br\/#\/schema\/person\/image\/","url":"https:\/\/secure.gravatar.com\/avatar\/fe848d2435b65c3ed1cdd3a8e8f3bb2d?s=96&d=mm&r=g","contentUrl":"https:\/\/secure.gravatar.com\/avatar\/fe848d2435b65c3ed1cdd3a8e8f3bb2d?s=96&d=mm&r=g","caption":"admin"},"sameAs":["https:\/\/jbcnews.com.br"],"url":"https:\/\/jbcnews.com.br\/index.php\/author\/jbcnews\/"}]}},"_links":{"self":[{"href":"https:\/\/jbcnews.com.br\/index.php\/wp-json\/wp\/v2\/posts\/2578"}],"collection":[{"href":"https:\/\/jbcnews.com.br\/index.php\/wp-json\/wp\/v2\/posts"}],"about":[{"href":"https:\/\/jbcnews.com.br\/index.php\/wp-json\/wp\/v2\/types\/post"}],"author":[{"embeddable":true,"href":"https:\/\/jbcnews.com.br\/index.php\/wp-json\/wp\/v2\/users\/1"}],"replies":[{"embeddable":true,"href":"https:\/\/jbcnews.com.br\/index.php\/wp-json\/wp\/v2\/comments?post=2578"}],"version-history":[{"count":1,"href":"https:\/\/jbcnews.com.br\/index.php\/wp-json\/wp\/v2\/posts\/2578\/revisions"}],"predecessor-version":[{"id":2580,"href":"https:\/\/jbcnews.com.br\/index.php\/wp-json\/wp\/v2\/posts\/2578\/revisions\/2580"}],"wp:featuredmedia":[{"embeddable":true,"href":"https:\/\/jbcnews.com.br\/index.php\/wp-json\/wp\/v2\/media\/2579"}],"wp:attachment":[{"href":"https:\/\/jbcnews.com.br\/index.php\/wp-json\/wp\/v2\/media?parent=2578"}],"wp:term":[{"taxonomy":"category","embeddable":true,"href":"https:\/\/jbcnews.com.br\/index.php\/wp-json\/wp\/v2\/categories?post=2578"},{"taxonomy":"post_tag","embeddable":true,"href":"https:\/\/jbcnews.com.br\/index.php\/wp-json\/wp\/v2\/tags?post=2578"}],"curies":[{"name":"wp","href":"https:\/\/api.w.org\/{rel}","templated":true}]}}