{"id":2572,"date":"2021-02-13T14:39:40","date_gmt":"2021-02-13T14:39:40","guid":{"rendered":"https:\/\/jbcnews.com.br\/?p=2572"},"modified":"2021-02-13T14:39:42","modified_gmt":"2021-02-13T14:39:42","slug":"auxilio-emergencial-governo-e-congresso-chegam-a-acordo-por-medidas-de-ajuste-fiscal-para-retomada-do-pagamento","status":"publish","type":"post","link":"https:\/\/jbcnews.com.br\/index.php\/2021\/02\/13\/auxilio-emergencial-governo-e-congresso-chegam-a-acordo-por-medidas-de-ajuste-fiscal-para-retomada-do-pagamento\/","title":{"rendered":"Aux\u00edlio emergencial: governo e Congresso chegam a acordo por medidas de ajuste fiscal para retomada do pagamento"},"content":{"rendered":"\n<p>(JBCNEWS &#8211; DF 13\/03 &#8211; O governo e a c\u00fapula do Congresso Nacional fecharam, nesta sexta-feira, um acordo para destravar a prorroga\u00e7\u00e3o do aux\u00edlio emergencial. Ap\u00f3s uma reuni\u00e3o, o ministro da Economia, Paulo Guedes, e os presidentes da C\u00e2mara, Arthur Lira (PP-AL) e do Senado, Rodrigo Pacheco (DEM-MG), afirmaram que o benef\u00edcio ser\u00e1 viabilizado por meio de uma &#8220;cl\u00e1usula de calamidade&#8221; a ser inclu\u00edda em medidas de ajuste fiscal defendidas pela equipe econ\u00f4mica.<\/p>\n\n\n\n<p>\u2014 \u00c9 fundamental que haja cl\u00e1usula de calamidade p\u00fablica para que possamos fazer flexibiliza\u00e7\u00e3o necess\u00e1ria para o aux\u00edlio \u2014 disse Pacheco, em pronunciamento \u00e0 imprensa.<\/p>\n\n\n\n<p>O parlamentar disse ainda que o aux\u00edlio emergencial e a vacina\u00e7\u00e3o s\u00f3 deixar\u00e3o de ser prioridades ap\u00f3s o fim da pandemia de Covid-19.<\/p>\n\n\n\n<p>\u2014 Nessa reuni\u00e3o externamos ao ministro Guedes e ao ministro Ramos (Eduardo Ramos, ministro da Secretaria de Governo) o que \u00e9 o desejo e expectativa do Congresso em rela\u00e7\u00e3o a esse momento. A prioridade absoluta \u00e9 vacina e aux\u00edlio emergencial, que s\u00f3 deixar\u00e3o de ser prioridade quando a pandemia acabar.<\/p>\n\n\n\n<p>Guedes tem cobrado do Congresso a aprova\u00e7\u00e3o de medidas de corte de gastos como compensa\u00e7\u00e3o para uma nova rodada do aux\u00edlio emergencial. Nesta quinta-feira, ele indicou que o programa pode durar at\u00e9 quatro meses com uma mensalidade de R$ 250.<\/p>\n\n\n\n<p>Pacheco disse ser &#8220;fundamental&#8221; que o Congresso tamb\u00e9m fa\u00e7a sua parte e h\u00e1 um cronograma de reformas, citando como exemplo a reforma tribut\u00e1ria. Ele afirmou que a expectativa \u00e9 que o aux\u00edlio seja pago a partir de mar\u00e7o.<\/p>\n\n\n\n<p>\u2014 H\u00e1 uma expectativa do Congresso, que \u00e9 da sociedade, de que seja aprovado o aux\u00edlio. Que seja um aux\u00edlio suficiente para alcan\u00e7ar o maior n\u00famero de pessoas com a responsabilidade fiscal que \u00e9 preciso ter no Brasil. A expectativa \u00e9 que possamos ter (o aux\u00edlio) no m\u00eas de mar\u00e7o, abril, maio e eventualmente no m\u00eas de junho \u2014 disse o presidente do Senado.<\/p>\n\n\n\n<p>A &#8220;cl\u00e1usula de guerra&#8221; que permitir\u00e1 ao governo gastar mais durante a pandemia em 2021 e abrir\u00e1 caminho para o aux\u00edlio emergencial deve ser inserida no Pacto Federativo, proposta por meio da qual Guedes pretende fazer um ajuste fiscal com corte de gastos.<\/p>\n\n\n\n<p>Pacheco disse que ir\u00e1 submeter o assunto \u00e0 reuni\u00e3o de l\u00edderes da pr\u00f3xima quinta-feira, al\u00e9m de conversar com o relator da proposta, o senador M\u00e1rcio Bittar (MDB-AC).<\/p>\n\n\n\n<p>J\u00e1 o presidente da C\u00e2mara afirmou que o Congresso ir\u00e1 cumprir uma &#8220;agenda b\u00e1sica, m\u00ednima&#8221; ap\u00f3s o carnaval.<\/p>\n\n\n\n<p>\u2014 H\u00e1 uma perspectiva de retorno de alguns dispositivos que s\u00e3o inerentes a momentos de dificuldade, e o mais r\u00e1pido poss\u00edvel para que tenhamos tranquilidade no brasil de enfrentar o problema da vacina\u00e7\u00e3o \u2014 disse Lira.<\/p>\n\n\n\n<p>O ministro Paulo Guedes refor\u00e7ou a necessidade de corte de ajuste fiscal.<\/p>\n\n\n\n<p>\u2014 Avan\u00e7amos bastante exatamente no que foi dito aqui, o compromisso com a sa\u00fade, com vacina\u00e7\u00e3o e aux\u00edlio, e com a responsabilidade fiscal, o novo marco fiscal que representa o Pacto Federativo com essa cl\u00e1usula de guerra. Vacina em massa, aux\u00edlio emergencial o mais r\u00e1pido o poss\u00edvel e reformas. N\u00f3s temos o senso de responsabilidade fiscal \u2014 disse Guedes.<\/p>\n","protected":false},"excerpt":{"rendered":"<p>(JBCNEWS &#8211; DF 13\/03 &#8211; O governo e a c\u00fapula do Congresso Nacional fecharam, nesta sexta-feira, um acordo para destravar a prorroga\u00e7\u00e3o do aux\u00edlio emergencial. Ap\u00f3s<span class=\"excerpt-hellip\"> [\u2026]<\/span><\/p>\n","protected":false},"author":1,"featured_media":2573,"comment_status":"open","ping_status":"open","sticky":false,"template":"","format":"standard","meta":{"footnotes":""},"categories":[20],"tags":[],"yoast_head":"<!-- This site is optimized with the Yoast SEO plugin v22.6 - https:\/\/yoast.com\/wordpress\/plugins\/seo\/ -->\n<title>Aux\u00edlio emergencial: governo e Congresso chegam a acordo por medidas de ajuste fiscal para retomada do pagamento - JBCNews<\/title>\n<meta name=\"robots\" content=\"index, follow, max-snippet:-1, max-image-preview:large, max-video-preview:-1\" \/>\n<link rel=\"canonical\" href=\"https:\/\/jbcnews.com.br\/index.php\/2021\/02\/13\/auxilio-emergencial-governo-e-congresso-chegam-a-acordo-por-medidas-de-ajuste-fiscal-para-retomada-do-pagamento\/\" \/>\n<meta property=\"og:locale\" content=\"pt_BR\" \/>\n<meta property=\"og:type\" content=\"article\" \/>\n<meta property=\"og:title\" content=\"Aux\u00edlio emergencial: governo e Congresso chegam a acordo por medidas de ajuste fiscal para retomada do pagamento - JBCNews\" \/>\n<meta property=\"og:description\" content=\"(JBCNEWS &#8211; DF 13\/03 &#8211; O governo e a c\u00fapula do Congresso Nacional fecharam, nesta sexta-feira, um acordo para destravar a prorroga\u00e7\u00e3o do aux\u00edlio emergencial. Ap\u00f3s [\u2026]\" \/>\n<meta property=\"og:url\" content=\"https:\/\/jbcnews.com.br\/index.php\/2021\/02\/13\/auxilio-emergencial-governo-e-congresso-chegam-a-acordo-por-medidas-de-ajuste-fiscal-para-retomada-do-pagamento\/\" \/>\n<meta property=\"og:site_name\" content=\"JBCNews\" \/>\n<meta property=\"article:published_time\" content=\"2021-02-13T14:39:40+00:00\" \/>\n<meta property=\"article:modified_time\" content=\"2021-02-13T14:39:42+00:00\" \/>\n<meta property=\"og:image\" content=\"https:\/\/jbcnews.com.br\/wp-content\/uploads\/2021\/02\/imagem-30-1.png\" \/>\n\t<meta property=\"og:image:width\" content=\"448\" \/>\n\t<meta property=\"og:image:height\" content=\"269\" \/>\n\t<meta property=\"og:image:type\" content=\"image\/png\" \/>\n<meta name=\"author\" content=\"admin\" \/>\n<meta name=\"twitter:card\" content=\"summary_large_image\" \/>\n<meta name=\"twitter:label1\" content=\"Escrito por\" \/>\n\t<meta name=\"twitter:data1\" content=\"admin\" \/>\n\t<meta name=\"twitter:label2\" content=\"Est. tempo de leitura\" \/>\n\t<meta name=\"twitter:data2\" content=\"3 minutos\" \/>\n<script type=\"application\/ld+json\" class=\"yoast-schema-graph\">{\"@context\":\"https:\/\/schema.org\",\"@graph\":[{\"@type\":\"WebPage\",\"@id\":\"https:\/\/jbcnews.com.br\/index.php\/2021\/02\/13\/auxilio-emergencial-governo-e-congresso-chegam-a-acordo-por-medidas-de-ajuste-fiscal-para-retomada-do-pagamento\/\",\"url\":\"https:\/\/jbcnews.com.br\/index.php\/2021\/02\/13\/auxilio-emergencial-governo-e-congresso-chegam-a-acordo-por-medidas-de-ajuste-fiscal-para-retomada-do-pagamento\/\",\"name\":\"Aux\u00edlio emergencial: governo e Congresso chegam a acordo por medidas de ajuste fiscal para retomada do pagamento - JBCNews\",\"isPartOf\":{\"@id\":\"https:\/\/jbcnews.com.br\/#website\"},\"primaryImageOfPage\":{\"@id\":\"https:\/\/jbcnews.com.br\/index.php\/2021\/02\/13\/auxilio-emergencial-governo-e-congresso-chegam-a-acordo-por-medidas-de-ajuste-fiscal-para-retomada-do-pagamento\/#primaryimage\"},\"image\":{\"@id\":\"https:\/\/jbcnews.com.br\/index.php\/2021\/02\/13\/auxilio-emergencial-governo-e-congresso-chegam-a-acordo-por-medidas-de-ajuste-fiscal-para-retomada-do-pagamento\/#primaryimage\"},\"thumbnailUrl\":\"https:\/\/jbcnews.com.br\/wp-content\/uploads\/2021\/02\/imagem-30-1.png\",\"datePublished\":\"2021-02-13T14:39:40+00:00\",\"dateModified\":\"2021-02-13T14:39:42+00:00\",\"author\":{\"@id\":\"https:\/\/jbcnews.com.br\/#\/schema\/person\/3b597ec20ccf92d0adc436057caf9bbe\"},\"breadcrumb\":{\"@id\":\"https:\/\/jbcnews.com.br\/index.php\/2021\/02\/13\/auxilio-emergencial-governo-e-congresso-chegam-a-acordo-por-medidas-de-ajuste-fiscal-para-retomada-do-pagamento\/#breadcrumb\"},\"inLanguage\":\"pt-BR\",\"potentialAction\":[{\"@type\":\"ReadAction\",\"target\":[\"https:\/\/jbcnews.com.br\/index.php\/2021\/02\/13\/auxilio-emergencial-governo-e-congresso-chegam-a-acordo-por-medidas-de-ajuste-fiscal-para-retomada-do-pagamento\/\"]}]},{\"@type\":\"ImageObject\",\"inLanguage\":\"pt-BR\",\"@id\":\"https:\/\/jbcnews.com.br\/index.php\/2021\/02\/13\/auxilio-emergencial-governo-e-congresso-chegam-a-acordo-por-medidas-de-ajuste-fiscal-para-retomada-do-pagamento\/#primaryimage\",\"url\":\"https:\/\/jbcnews.com.br\/wp-content\/uploads\/2021\/02\/imagem-30-1.png\",\"contentUrl\":\"https:\/\/jbcnews.com.br\/wp-content\/uploads\/2021\/02\/imagem-30-1.png\",\"width\":448,\"height\":269},{\"@type\":\"BreadcrumbList\",\"@id\":\"https:\/\/jbcnews.com.br\/index.php\/2021\/02\/13\/auxilio-emergencial-governo-e-congresso-chegam-a-acordo-por-medidas-de-ajuste-fiscal-para-retomada-do-pagamento\/#breadcrumb\",\"itemListElement\":[{\"@type\":\"ListItem\",\"position\":1,\"name\":\"In\u00edcio\",\"item\":\"https:\/\/jbcnews.com.br\/\"},{\"@type\":\"ListItem\",\"position\":2,\"name\":\"Aux\u00edlio emergencial: governo e Congresso chegam a acordo por medidas de ajuste fiscal para retomada do pagamento\"}]},{\"@type\":\"WebSite\",\"@id\":\"https:\/\/jbcnews.com.br\/#website\",\"url\":\"https:\/\/jbcnews.com.br\/\",\"name\":\"JBCNews\",\"description\":\"Comunica\u00e7\u00e3o e Cultura\",\"potentialAction\":[{\"@type\":\"SearchAction\",\"target\":{\"@type\":\"EntryPoint\",\"urlTemplate\":\"https:\/\/jbcnews.com.br\/?s={search_term_string}\"},\"query-input\":\"required name=search_term_string\"}],\"inLanguage\":\"pt-BR\"},{\"@type\":\"Person\",\"@id\":\"https:\/\/jbcnews.com.br\/#\/schema\/person\/3b597ec20ccf92d0adc436057caf9bbe\",\"name\":\"admin\",\"image\":{\"@type\":\"ImageObject\",\"inLanguage\":\"pt-BR\",\"@id\":\"https:\/\/jbcnews.com.br\/#\/schema\/person\/image\/\",\"url\":\"https:\/\/secure.gravatar.com\/avatar\/fe848d2435b65c3ed1cdd3a8e8f3bb2d?s=96&d=mm&r=g\",\"contentUrl\":\"https:\/\/secure.gravatar.com\/avatar\/fe848d2435b65c3ed1cdd3a8e8f3bb2d?s=96&d=mm&r=g\",\"caption\":\"admin\"},\"sameAs\":[\"https:\/\/jbcnews.com.br\"],\"url\":\"https:\/\/jbcnews.com.br\/index.php\/author\/jbcnews\/\"}]}<\/script>\n<!-- \/ Yoast SEO plugin. -->","yoast_head_json":{"title":"Aux\u00edlio emergencial: governo e Congresso chegam a acordo por medidas de ajuste fiscal para retomada do pagamento - JBCNews","robots":{"index":"index","follow":"follow","max-snippet":"max-snippet:-1","max-image-preview":"max-image-preview:large","max-video-preview":"max-video-preview:-1"},"canonical":"https:\/\/jbcnews.com.br\/index.php\/2021\/02\/13\/auxilio-emergencial-governo-e-congresso-chegam-a-acordo-por-medidas-de-ajuste-fiscal-para-retomada-do-pagamento\/","og_locale":"pt_BR","og_type":"article","og_title":"Aux\u00edlio emergencial: governo e Congresso chegam a acordo por medidas de ajuste fiscal para retomada do pagamento - JBCNews","og_description":"(JBCNEWS &#8211; DF 13\/03 &#8211; O governo e a c\u00fapula do Congresso Nacional fecharam, nesta sexta-feira, um acordo para destravar a prorroga\u00e7\u00e3o do aux\u00edlio emergencial. Ap\u00f3s [\u2026]","og_url":"https:\/\/jbcnews.com.br\/index.php\/2021\/02\/13\/auxilio-emergencial-governo-e-congresso-chegam-a-acordo-por-medidas-de-ajuste-fiscal-para-retomada-do-pagamento\/","og_site_name":"JBCNews","article_published_time":"2021-02-13T14:39:40+00:00","article_modified_time":"2021-02-13T14:39:42+00:00","og_image":[{"width":448,"height":269,"url":"https:\/\/jbcnews.com.br\/wp-content\/uploads\/2021\/02\/imagem-30-1.png","type":"image\/png"}],"author":"admin","twitter_card":"summary_large_image","twitter_misc":{"Escrito por":"admin","Est. tempo de leitura":"3 minutos"},"schema":{"@context":"https:\/\/schema.org","@graph":[{"@type":"WebPage","@id":"https:\/\/jbcnews.com.br\/index.php\/2021\/02\/13\/auxilio-emergencial-governo-e-congresso-chegam-a-acordo-por-medidas-de-ajuste-fiscal-para-retomada-do-pagamento\/","url":"https:\/\/jbcnews.com.br\/index.php\/2021\/02\/13\/auxilio-emergencial-governo-e-congresso-chegam-a-acordo-por-medidas-de-ajuste-fiscal-para-retomada-do-pagamento\/","name":"Aux\u00edlio emergencial: governo e Congresso chegam a acordo por medidas de ajuste fiscal para retomada do pagamento - JBCNews","isPartOf":{"@id":"https:\/\/jbcnews.com.br\/#website"},"primaryImageOfPage":{"@id":"https:\/\/jbcnews.com.br\/index.php\/2021\/02\/13\/auxilio-emergencial-governo-e-congresso-chegam-a-acordo-por-medidas-de-ajuste-fiscal-para-retomada-do-pagamento\/#primaryimage"},"image":{"@id":"https:\/\/jbcnews.com.br\/index.php\/2021\/02\/13\/auxilio-emergencial-governo-e-congresso-chegam-a-acordo-por-medidas-de-ajuste-fiscal-para-retomada-do-pagamento\/#primaryimage"},"thumbnailUrl":"https:\/\/jbcnews.com.br\/wp-content\/uploads\/2021\/02\/imagem-30-1.png","datePublished":"2021-02-13T14:39:40+00:00","dateModified":"2021-02-13T14:39:42+00:00","author":{"@id":"https:\/\/jbcnews.com.br\/#\/schema\/person\/3b597ec20ccf92d0adc436057caf9bbe"},"breadcrumb":{"@id":"https:\/\/jbcnews.com.br\/index.php\/2021\/02\/13\/auxilio-emergencial-governo-e-congresso-chegam-a-acordo-por-medidas-de-ajuste-fiscal-para-retomada-do-pagamento\/#breadcrumb"},"inLanguage":"pt-BR","potentialAction":[{"@type":"ReadAction","target":["https:\/\/jbcnews.com.br\/index.php\/2021\/02\/13\/auxilio-emergencial-governo-e-congresso-chegam-a-acordo-por-medidas-de-ajuste-fiscal-para-retomada-do-pagamento\/"]}]},{"@type":"ImageObject","inLanguage":"pt-BR","@id":"https:\/\/jbcnews.com.br\/index.php\/2021\/02\/13\/auxilio-emergencial-governo-e-congresso-chegam-a-acordo-por-medidas-de-ajuste-fiscal-para-retomada-do-pagamento\/#primaryimage","url":"https:\/\/jbcnews.com.br\/wp-content\/uploads\/2021\/02\/imagem-30-1.png","contentUrl":"https:\/\/jbcnews.com.br\/wp-content\/uploads\/2021\/02\/imagem-30-1.png","width":448,"height":269},{"@type":"BreadcrumbList","@id":"https:\/\/jbcnews.com.br\/index.php\/2021\/02\/13\/auxilio-emergencial-governo-e-congresso-chegam-a-acordo-por-medidas-de-ajuste-fiscal-para-retomada-do-pagamento\/#breadcrumb","itemListElement":[{"@type":"ListItem","position":1,"name":"In\u00edcio","item":"https:\/\/jbcnews.com.br\/"},{"@type":"ListItem","position":2,"name":"Aux\u00edlio emergencial: governo e Congresso chegam a acordo por medidas de ajuste fiscal para retomada do pagamento"}]},{"@type":"WebSite","@id":"https:\/\/jbcnews.com.br\/#website","url":"https:\/\/jbcnews.com.br\/","name":"JBCNews","description":"Comunica\u00e7\u00e3o e Cultura","potentialAction":[{"@type":"SearchAction","target":{"@type":"EntryPoint","urlTemplate":"https:\/\/jbcnews.com.br\/?s={search_term_string}"},"query-input":"required name=search_term_string"}],"inLanguage":"pt-BR"},{"@type":"Person","@id":"https:\/\/jbcnews.com.br\/#\/schema\/person\/3b597ec20ccf92d0adc436057caf9bbe","name":"admin","image":{"@type":"ImageObject","inLanguage":"pt-BR","@id":"https:\/\/jbcnews.com.br\/#\/schema\/person\/image\/","url":"https:\/\/secure.gravatar.com\/avatar\/fe848d2435b65c3ed1cdd3a8e8f3bb2d?s=96&d=mm&r=g","contentUrl":"https:\/\/secure.gravatar.com\/avatar\/fe848d2435b65c3ed1cdd3a8e8f3bb2d?s=96&d=mm&r=g","caption":"admin"},"sameAs":["https:\/\/jbcnews.com.br"],"url":"https:\/\/jbcnews.com.br\/index.php\/author\/jbcnews\/"}]}},"_links":{"self":[{"href":"https:\/\/jbcnews.com.br\/index.php\/wp-json\/wp\/v2\/posts\/2572"}],"collection":[{"href":"https:\/\/jbcnews.com.br\/index.php\/wp-json\/wp\/v2\/posts"}],"about":[{"href":"https:\/\/jbcnews.com.br\/index.php\/wp-json\/wp\/v2\/types\/post"}],"author":[{"embeddable":true,"href":"https:\/\/jbcnews.com.br\/index.php\/wp-json\/wp\/v2\/users\/1"}],"replies":[{"embeddable":true,"href":"https:\/\/jbcnews.com.br\/index.php\/wp-json\/wp\/v2\/comments?post=2572"}],"version-history":[{"count":1,"href":"https:\/\/jbcnews.com.br\/index.php\/wp-json\/wp\/v2\/posts\/2572\/revisions"}],"predecessor-version":[{"id":2574,"href":"https:\/\/jbcnews.com.br\/index.php\/wp-json\/wp\/v2\/posts\/2572\/revisions\/2574"}],"wp:featuredmedia":[{"embeddable":true,"href":"https:\/\/jbcnews.com.br\/index.php\/wp-json\/wp\/v2\/media\/2573"}],"wp:attachment":[{"href":"https:\/\/jbcnews.com.br\/index.php\/wp-json\/wp\/v2\/media?parent=2572"}],"wp:term":[{"taxonomy":"category","embeddable":true,"href":"https:\/\/jbcnews.com.br\/index.php\/wp-json\/wp\/v2\/categories?post=2572"},{"taxonomy":"post_tag","embeddable":true,"href":"https:\/\/jbcnews.com.br\/index.php\/wp-json\/wp\/v2\/tags?post=2572"}],"curies":[{"name":"wp","href":"https:\/\/api.w.org\/{rel}","templated":true}]}}