{"id":2569,"date":"2021-02-13T14:38:18","date_gmt":"2021-02-13T14:38:18","guid":{"rendered":"https:\/\/jbcnews.com.br\/?p=2569"},"modified":"2021-02-13T14:38:20","modified_gmt":"2021-02-13T14:38:20","slug":"doria-enfrenta-dissidencia-de-alckmin-em-sp-em-meio-a-crise-nacional-no-psdb","status":"publish","type":"post","link":"https:\/\/jbcnews.com.br\/index.php\/2021\/02\/13\/doria-enfrenta-dissidencia-de-alckmin-em-sp-em-meio-a-crise-nacional-no-psdb\/","title":{"rendered":"Doria enfrenta dissid\u00eancia de Alckmin em SP em meio a crise nacional no PSDB"},"content":{"rendered":"\n<p>(JBCNEWS &#8211; DF 13\/02) &#8211;&nbsp; Se nacionalmente o governador Jo\u00e3o Doria (PSDB) enfrenta uma esp\u00e9cie de rebeli\u00e3o interna do partido contra sua articula\u00e7\u00e3o para presidir a sigla e concorrer ao Planalto em 2022, em S\u00e3o Paulo tamb\u00e9m h\u00e1 um n\u00facleo de oposi\u00e7\u00e3o a seus planos, formado por entusiastas de Geraldo Alckmin (PSDB).<\/p>\n\n\n\n<p>A diferen\u00e7a \u00e9 que Doria n\u00e3o det\u00e9m maioria no diret\u00f3rio nacional do PSDB, enquanto controla o partido em S\u00e3o Paulo por meio de seu aliado e secret\u00e1rio de Desenvolvimento Regional, Marco Vinholi.<\/p>\n\n\n\n<p>Mas, mesmo em seu terreno, o estado de S\u00e3o Paulo, Doria n\u00e3o poder\u00e1 implementar seu projeto para 2022 sem que haja uma composi\u00e7\u00e3o com o ex-governador ou at\u00e9 mesmo um enfrentamento num cen\u00e1rio de pr\u00e9vias.<\/p>\n\n\n\n<p>Doria trabalha para que seu vice, Rodrigo Garcia (DEM), assuma o governo do estado em abril de 2022, quando ele teria que se afastar do cargo para concorrer \u00e0 Presid\u00eancia da Rep\u00fablica e, depois, em outubro, seja eleito governador.<\/p>\n\n\n\n<p>J\u00e1 Alckmin quer voltar para o Pal\u00e1cio dos Bandeirantes, segundo seus aliados, mesmo j\u00e1 tendo ocupado a cadeira de governador por mais de 12 anos.<\/p>\n\n\n\n<p>Para Doria, o lugar de seu padrinho pol\u00edtico agora \u00e9 no Congresso. Mas tucanos pr\u00f3ximos a Alckmin afirmam que ele n\u00e3o tem essa vontade, que ele se encaixa no Executivo e que tem o direito de pleitear o governo.<\/p>\n\n\n\n<p>As chances de Alckmin dependem da migra\u00e7\u00e3o ou n\u00e3o de Garcia para o PSDB. Com a implos\u00e3o no DEM ap\u00f3s a elei\u00e7\u00e3o para a presid\u00eancia da C\u00e2mara, as portas do PSDB foram abertas para o vice de Doria e para Rodrigo Maia (DEM-RJ), esse \u00faltimo derrotado na tentativa de eleger um aliado ao comando da Casa.<\/p>\n\n\n\n<p>A op\u00e7\u00e3o por Alckmin ao Governo de S\u00e3o Paulo ganhou for\u00e7a j\u00e1 que o DEM se aproximou do presidente Jair Bolsonaro (sem partido) e pode n\u00e3o embarcar na candidatura de Doria, o que enfraquece a alian\u00e7a entre o governador e vice como contrapartida.<\/p>\n\n\n\n<p>Um almo\u00e7o no \u00faltimo dia 3, que reuniu Doria e Alckmin na sede do governo paulista, deu o tom da situa\u00e7\u00e3o entre eles: cientes do impasse, precisam dialogar, mas n\u00e3o h\u00e1 concord\u00e2ncia por ora.<\/p>\n\n\n\n<p>Com Garcia tamb\u00e9m \u00e0 mesa, o tema sens\u00edvel da disputa pelo governo do estado n\u00e3o apareceu de forma expl\u00edcita nem era essa a inten\u00e7\u00e3o. O convite partiu de Doria, e a ideia foi a de manter a aproxima\u00e7\u00e3o para que a decis\u00e3o sobre 2022, quando tiver que ser feita, seja mais negociada e menos traum\u00e1tica.<\/p>\n\n\n\n<p>No almo\u00e7o, Alckmin falou sobre a import\u00e2ncia de que o PSDB mantenha o Governo de S\u00e3o Paulo em 2022 para que o partido preserve sua relev\u00e2ncia nacional, considerando que a sigla murchou em estados como Rio de Janeiro e Minas Gerais.<\/p>\n\n\n\n<p>Enquanto aliados de Alckmin viram na fala uma defesa de sua pr\u00f3pria candidatura, o entorno de Garcia entendeu que o ex-governador incentiva sua entrada no partido para concorrer como tucano.<\/p>\n\n\n\n<p>De l\u00e1 pra c\u00e1, as costuras de Doria degringolaram. Foram mal digeridos entre os tucanos os planos do governador, revelados em jantar no Bandeirantes no \u00faltimo dia 8, de suceder Bruno Ara\u00fajo (PSDB) na presid\u00eancia da sigla e de fazer oposi\u00e7\u00e3o declarada a Bolsonaro.<\/p>\n\n\n\n<p>Doria acusou A\u00e9cio Neves (PSDB-MG) de trabalhar pelo racha na bancada de deputados, o que ensejou dura troca de farpas entre eles. O governador ainda viu, nesta semana, a movimenta\u00e7\u00e3o de diret\u00f3rios estaduais, deputados e senadores a favor da perman\u00eancia de Ara\u00fajo e de que o governador Eduardo Leite (PSDB-RS) se candidate ao Planalto.<\/p>\n\n\n\n<p>O resultado da desastrosa articula\u00e7\u00e3o pol\u00edtica do governador atingiu S\u00e3o Paulo. O ex-deputado Pedro Tobias (PSDB), hist\u00f3rico defensor de Alckmin, j\u00e1 fala em disputar o diret\u00f3rio estadual, organizar pr\u00e9vias e at\u00e9 deixar o PSDB, se n\u00e3o houver espa\u00e7o para que o ex-governador concorra.<\/p>\n\n\n\n<p>&#8220;Geraldo \u00e9 o nosso candidato a governador. O PSDB n\u00e3o vai ficar sem candidato, vamos fazer de tudo para ter pr\u00e9vias&#8221;, disse \u00e0 reportagem, reclamando de postura fechada e n\u00e3o democr\u00e1tica do partido, em uma cr\u00edtica a Doria.<\/p>\n\n\n\n<p>Por\u00e9m, mesmo tucanos pr\u00f3ximos a Alckmin o veem com pouca for\u00e7a partid\u00e1ria diante de Doria em S\u00e3o Paulo e descartam a possibilidade de que ele banque uma disputa pelo diret\u00f3rio estadual. Afirmam, contudo, que Alckmin \u00e9 mais querido entre os prefeitos do que Doria.<\/p>\n\n\n\n<p>A avalia\u00e7\u00e3o geral \u00e9 a de que o equil\u00edbrio de for\u00e7as do tucanato paulista passa pelo prefeito Bruno Covas, a quem Tobias chamou de principal l\u00edder no estado e disse que consultaria.<\/p>\n\n\n\n<p>Outro entrave da candidatura de Alckmin \u00e9 o processo em que se tornou r\u00e9u, em julho passado, na Justi\u00e7a Eleitoral de S\u00e3o Paulo, sob acusa\u00e7\u00e3o de corrup\u00e7\u00e3o e lavagem de dinheiro, al\u00e9m de caixa dois de campanha via Odebrecht.<\/p>\n\n\n\n<p>A acusa\u00e7\u00e3o se refere a pagamentos para as campanhas eleitorais de 2010 e 2014, quando ele venceu elei\u00e7\u00f5es para o governo do estado. Segundo a Promotoria, o ex-governador recebeu R$ 2 milh\u00f5es em esp\u00e9cie da Odebrecht na campanha de 2010 e R$ 9,3 milh\u00f5es quando disputou a reelei\u00e7\u00e3o.<\/p>\n\n\n\n<p>A defesa do ex-governador afirma que ele nunca recebeu valores que n\u00e3o tenham sido declarados e que as acusa\u00e7\u00f5es s\u00e3o falsas e injustas.<\/p>\n\n\n\n<p>Enquanto isso, Alckmin trabalha pela candidatura em seu estilo discreto -est\u00e1 circulando no meio pol\u00edtico e mantendo conversas com prefeitos. Quando defende a candidatura tucana em S\u00e3o Paulo n\u00e3o fala de si, mas cita nomes como Duarte Nogueira, prefeito de Ribeir\u00e3o Preto, e Orlando Morando, prefeito de S\u00e3o Bernardo do Campo.<\/p>\n\n\n\n<p>Se depender do grupo de Alckmin, as pr\u00e9vias ser\u00e3o necess\u00e1rias mesmo que Garcia migre para o tucanato. Nesse cen\u00e1rio, por\u00e9m, as chances do ex-governador s\u00e3o pequenas. J\u00e1 com Garcia no DEM, a milit\u00e2ncia do PSDB fica mais sujeita a abra\u00e7ar a tese da candidatura pr\u00f3pria.<\/p>\n\n\n\n<p>Interlocutores de Garcia afirmam que ele deve esperar baixar a poeira no DEM e no PSDB antes de decidir. Entre suas pondera\u00e7\u00f5es est\u00e1 o desgaste eleitoral do PSDB em S\u00e3o Paulo, sobretudo quando as pesquisas mencionam o nome de Doria.<\/p>\n\n\n\n<p>A chapa de Garcia necessariamente teria um vice tucano. No entorno de Doria, os nomes cotados s\u00e3o Vinholi, o presidente da Assembleia, Cau\u00ea Macris, e a secret\u00e1ria de Desenvolvimento Econ\u00f4mico, Patricia Ellen.<\/p>\n\n\n\n<p>\u00c9 poss\u00edvel, no entanto, que a vice tenha que abrigar indica\u00e7\u00f5es de outros caciques paulistas, como o pr\u00f3prio Alckmin, Covas e os ex-senadores Aloysio Nunes e Jos\u00e9 An\u00edbal.<\/p>\n\n\n\n<p>Alckmin tenta voltar \u00e0s urnas ap\u00f3s um baque em 2018, quando terminou a elei\u00e7\u00e3o presidencial com 4,8%, o pior resultado tucano da hist\u00f3ria. Logo ap\u00f3s a derrota, em reuni\u00e3o do PSDB, o ex-governador chegou a interromper Doria e afirmar &#8220;traidor eu n\u00e3o sou&#8221;.<\/p>\n\n\n\n<p>Ele foi o padrinho da candidatura de Doria \u00e0 Prefeitura de S\u00e3o Paulo em 2016, mas j\u00e1 em 2018 teve que contornar a pretens\u00e3o presidencial do atual governador.<\/p>\n\n\n\n<p>Em rela\u00e7\u00e3o a Bolsonaro, tamb\u00e9m houve mudan\u00e7a. Se hoje Doria \u00e9 o antagonista do presidente, h\u00e1 dois anos foi Alckmin quem destoou do governador para criticar o presidente, chamando-o de oportunista, enquanto o mandat\u00e1rio do Bandeirantes minimizou a fala.<\/p>\n\n\n\n<p>&#8220;Onde \u00e9 que est\u00e1 a agenda de competitividade desse governo? Vamos ter coragem de criticar. P\u00f4r o dedo na ferida&#8221;, disse Alckmin na conven\u00e7\u00e3o nacional tucana, em maio de 2019.<\/p>\n","protected":false},"excerpt":{"rendered":"<p>(JBCNEWS &#8211; DF 13\/02) &#8211;&nbsp; Se nacionalmente o governador Jo\u00e3o Doria (PSDB) enfrenta uma esp\u00e9cie de rebeli\u00e3o interna do partido contra sua articula\u00e7\u00e3o para presidir a<span class=\"excerpt-hellip\"> [\u2026]<\/span><\/p>\n","protected":false},"author":1,"featured_media":2570,"comment_status":"open","ping_status":"open","sticky":false,"template":"","format":"standard","meta":{"footnotes":""},"categories":[20],"tags":[],"yoast_head":"<!-- This site is optimized with the Yoast SEO plugin v22.6 - https:\/\/yoast.com\/wordpress\/plugins\/seo\/ -->\n<title>Doria enfrenta dissid\u00eancia de Alckmin em SP em meio a crise nacional no PSDB - JBCNews<\/title>\n<meta name=\"robots\" content=\"index, follow, max-snippet:-1, max-image-preview:large, max-video-preview:-1\" \/>\n<link rel=\"canonical\" href=\"https:\/\/jbcnews.com.br\/index.php\/2021\/02\/13\/doria-enfrenta-dissidencia-de-alckmin-em-sp-em-meio-a-crise-nacional-no-psdb\/\" \/>\n<meta property=\"og:locale\" content=\"pt_BR\" \/>\n<meta property=\"og:type\" content=\"article\" \/>\n<meta property=\"og:title\" content=\"Doria enfrenta dissid\u00eancia de Alckmin em SP em meio a crise nacional no PSDB - JBCNews\" \/>\n<meta property=\"og:description\" content=\"(JBCNEWS &#8211; DF 13\/02) &#8211;&nbsp; Se nacionalmente o governador Jo\u00e3o Doria (PSDB) enfrenta uma esp\u00e9cie de rebeli\u00e3o interna do partido contra sua articula\u00e7\u00e3o para presidir a [\u2026]\" \/>\n<meta property=\"og:url\" content=\"https:\/\/jbcnews.com.br\/index.php\/2021\/02\/13\/doria-enfrenta-dissidencia-de-alckmin-em-sp-em-meio-a-crise-nacional-no-psdb\/\" \/>\n<meta property=\"og:site_name\" content=\"JBCNews\" \/>\n<meta property=\"article:published_time\" content=\"2021-02-13T14:38:18+00:00\" \/>\n<meta property=\"article:modified_time\" content=\"2021-02-13T14:38:20+00:00\" \/>\n<meta property=\"og:image\" content=\"https:\/\/jbcnews.com.br\/wp-content\/uploads\/2021\/02\/imagem-29-1.png\" \/>\n\t<meta property=\"og:image:width\" content=\"959\" \/>\n\t<meta property=\"og:image:height\" content=\"603\" \/>\n\t<meta property=\"og:image:type\" content=\"image\/png\" \/>\n<meta name=\"author\" content=\"admin\" \/>\n<meta name=\"twitter:card\" content=\"summary_large_image\" \/>\n<meta name=\"twitter:label1\" content=\"Escrito por\" \/>\n\t<meta name=\"twitter:data1\" content=\"admin\" \/>\n\t<meta name=\"twitter:label2\" content=\"Est. tempo de leitura\" \/>\n\t<meta name=\"twitter:data2\" content=\"6 minutos\" \/>\n<script type=\"application\/ld+json\" class=\"yoast-schema-graph\">{\"@context\":\"https:\/\/schema.org\",\"@graph\":[{\"@type\":\"WebPage\",\"@id\":\"https:\/\/jbcnews.com.br\/index.php\/2021\/02\/13\/doria-enfrenta-dissidencia-de-alckmin-em-sp-em-meio-a-crise-nacional-no-psdb\/\",\"url\":\"https:\/\/jbcnews.com.br\/index.php\/2021\/02\/13\/doria-enfrenta-dissidencia-de-alckmin-em-sp-em-meio-a-crise-nacional-no-psdb\/\",\"name\":\"Doria enfrenta dissid\u00eancia de Alckmin em SP em meio a crise nacional no PSDB - JBCNews\",\"isPartOf\":{\"@id\":\"https:\/\/jbcnews.com.br\/#website\"},\"primaryImageOfPage\":{\"@id\":\"https:\/\/jbcnews.com.br\/index.php\/2021\/02\/13\/doria-enfrenta-dissidencia-de-alckmin-em-sp-em-meio-a-crise-nacional-no-psdb\/#primaryimage\"},\"image\":{\"@id\":\"https:\/\/jbcnews.com.br\/index.php\/2021\/02\/13\/doria-enfrenta-dissidencia-de-alckmin-em-sp-em-meio-a-crise-nacional-no-psdb\/#primaryimage\"},\"thumbnailUrl\":\"https:\/\/jbcnews.com.br\/wp-content\/uploads\/2021\/02\/imagem-29-1.png\",\"datePublished\":\"2021-02-13T14:38:18+00:00\",\"dateModified\":\"2021-02-13T14:38:20+00:00\",\"author\":{\"@id\":\"https:\/\/jbcnews.com.br\/#\/schema\/person\/3b597ec20ccf92d0adc436057caf9bbe\"},\"breadcrumb\":{\"@id\":\"https:\/\/jbcnews.com.br\/index.php\/2021\/02\/13\/doria-enfrenta-dissidencia-de-alckmin-em-sp-em-meio-a-crise-nacional-no-psdb\/#breadcrumb\"},\"inLanguage\":\"pt-BR\",\"potentialAction\":[{\"@type\":\"ReadAction\",\"target\":[\"https:\/\/jbcnews.com.br\/index.php\/2021\/02\/13\/doria-enfrenta-dissidencia-de-alckmin-em-sp-em-meio-a-crise-nacional-no-psdb\/\"]}]},{\"@type\":\"ImageObject\",\"inLanguage\":\"pt-BR\",\"@id\":\"https:\/\/jbcnews.com.br\/index.php\/2021\/02\/13\/doria-enfrenta-dissidencia-de-alckmin-em-sp-em-meio-a-crise-nacional-no-psdb\/#primaryimage\",\"url\":\"https:\/\/jbcnews.com.br\/wp-content\/uploads\/2021\/02\/imagem-29-1.png\",\"contentUrl\":\"https:\/\/jbcnews.com.br\/wp-content\/uploads\/2021\/02\/imagem-29-1.png\",\"width\":959,\"height\":603},{\"@type\":\"BreadcrumbList\",\"@id\":\"https:\/\/jbcnews.com.br\/index.php\/2021\/02\/13\/doria-enfrenta-dissidencia-de-alckmin-em-sp-em-meio-a-crise-nacional-no-psdb\/#breadcrumb\",\"itemListElement\":[{\"@type\":\"ListItem\",\"position\":1,\"name\":\"In\u00edcio\",\"item\":\"https:\/\/jbcnews.com.br\/\"},{\"@type\":\"ListItem\",\"position\":2,\"name\":\"Doria enfrenta dissid\u00eancia de Alckmin em SP em meio a crise nacional no PSDB\"}]},{\"@type\":\"WebSite\",\"@id\":\"https:\/\/jbcnews.com.br\/#website\",\"url\":\"https:\/\/jbcnews.com.br\/\",\"name\":\"JBCNews\",\"description\":\"Comunica\u00e7\u00e3o e Cultura\",\"potentialAction\":[{\"@type\":\"SearchAction\",\"target\":{\"@type\":\"EntryPoint\",\"urlTemplate\":\"https:\/\/jbcnews.com.br\/?s={search_term_string}\"},\"query-input\":\"required name=search_term_string\"}],\"inLanguage\":\"pt-BR\"},{\"@type\":\"Person\",\"@id\":\"https:\/\/jbcnews.com.br\/#\/schema\/person\/3b597ec20ccf92d0adc436057caf9bbe\",\"name\":\"admin\",\"image\":{\"@type\":\"ImageObject\",\"inLanguage\":\"pt-BR\",\"@id\":\"https:\/\/jbcnews.com.br\/#\/schema\/person\/image\/\",\"url\":\"https:\/\/secure.gravatar.com\/avatar\/fe848d2435b65c3ed1cdd3a8e8f3bb2d?s=96&d=mm&r=g\",\"contentUrl\":\"https:\/\/secure.gravatar.com\/avatar\/fe848d2435b65c3ed1cdd3a8e8f3bb2d?s=96&d=mm&r=g\",\"caption\":\"admin\"},\"sameAs\":[\"https:\/\/jbcnews.com.br\"],\"url\":\"https:\/\/jbcnews.com.br\/index.php\/author\/jbcnews\/\"}]}<\/script>\n<!-- \/ Yoast SEO plugin. -->","yoast_head_json":{"title":"Doria enfrenta dissid\u00eancia de Alckmin em SP em meio a crise nacional no PSDB - JBCNews","robots":{"index":"index","follow":"follow","max-snippet":"max-snippet:-1","max-image-preview":"max-image-preview:large","max-video-preview":"max-video-preview:-1"},"canonical":"https:\/\/jbcnews.com.br\/index.php\/2021\/02\/13\/doria-enfrenta-dissidencia-de-alckmin-em-sp-em-meio-a-crise-nacional-no-psdb\/","og_locale":"pt_BR","og_type":"article","og_title":"Doria enfrenta dissid\u00eancia de Alckmin em SP em meio a crise nacional no PSDB - JBCNews","og_description":"(JBCNEWS &#8211; DF 13\/02) &#8211;&nbsp; Se nacionalmente o governador Jo\u00e3o Doria (PSDB) enfrenta uma esp\u00e9cie de rebeli\u00e3o interna do partido contra sua articula\u00e7\u00e3o para presidir a [\u2026]","og_url":"https:\/\/jbcnews.com.br\/index.php\/2021\/02\/13\/doria-enfrenta-dissidencia-de-alckmin-em-sp-em-meio-a-crise-nacional-no-psdb\/","og_site_name":"JBCNews","article_published_time":"2021-02-13T14:38:18+00:00","article_modified_time":"2021-02-13T14:38:20+00:00","og_image":[{"width":959,"height":603,"url":"https:\/\/jbcnews.com.br\/wp-content\/uploads\/2021\/02\/imagem-29-1.png","type":"image\/png"}],"author":"admin","twitter_card":"summary_large_image","twitter_misc":{"Escrito por":"admin","Est. tempo de leitura":"6 minutos"},"schema":{"@context":"https:\/\/schema.org","@graph":[{"@type":"WebPage","@id":"https:\/\/jbcnews.com.br\/index.php\/2021\/02\/13\/doria-enfrenta-dissidencia-de-alckmin-em-sp-em-meio-a-crise-nacional-no-psdb\/","url":"https:\/\/jbcnews.com.br\/index.php\/2021\/02\/13\/doria-enfrenta-dissidencia-de-alckmin-em-sp-em-meio-a-crise-nacional-no-psdb\/","name":"Doria enfrenta dissid\u00eancia de Alckmin em SP em meio a crise nacional no PSDB - JBCNews","isPartOf":{"@id":"https:\/\/jbcnews.com.br\/#website"},"primaryImageOfPage":{"@id":"https:\/\/jbcnews.com.br\/index.php\/2021\/02\/13\/doria-enfrenta-dissidencia-de-alckmin-em-sp-em-meio-a-crise-nacional-no-psdb\/#primaryimage"},"image":{"@id":"https:\/\/jbcnews.com.br\/index.php\/2021\/02\/13\/doria-enfrenta-dissidencia-de-alckmin-em-sp-em-meio-a-crise-nacional-no-psdb\/#primaryimage"},"thumbnailUrl":"https:\/\/jbcnews.com.br\/wp-content\/uploads\/2021\/02\/imagem-29-1.png","datePublished":"2021-02-13T14:38:18+00:00","dateModified":"2021-02-13T14:38:20+00:00","author":{"@id":"https:\/\/jbcnews.com.br\/#\/schema\/person\/3b597ec20ccf92d0adc436057caf9bbe"},"breadcrumb":{"@id":"https:\/\/jbcnews.com.br\/index.php\/2021\/02\/13\/doria-enfrenta-dissidencia-de-alckmin-em-sp-em-meio-a-crise-nacional-no-psdb\/#breadcrumb"},"inLanguage":"pt-BR","potentialAction":[{"@type":"ReadAction","target":["https:\/\/jbcnews.com.br\/index.php\/2021\/02\/13\/doria-enfrenta-dissidencia-de-alckmin-em-sp-em-meio-a-crise-nacional-no-psdb\/"]}]},{"@type":"ImageObject","inLanguage":"pt-BR","@id":"https:\/\/jbcnews.com.br\/index.php\/2021\/02\/13\/doria-enfrenta-dissidencia-de-alckmin-em-sp-em-meio-a-crise-nacional-no-psdb\/#primaryimage","url":"https:\/\/jbcnews.com.br\/wp-content\/uploads\/2021\/02\/imagem-29-1.png","contentUrl":"https:\/\/jbcnews.com.br\/wp-content\/uploads\/2021\/02\/imagem-29-1.png","width":959,"height":603},{"@type":"BreadcrumbList","@id":"https:\/\/jbcnews.com.br\/index.php\/2021\/02\/13\/doria-enfrenta-dissidencia-de-alckmin-em-sp-em-meio-a-crise-nacional-no-psdb\/#breadcrumb","itemListElement":[{"@type":"ListItem","position":1,"name":"In\u00edcio","item":"https:\/\/jbcnews.com.br\/"},{"@type":"ListItem","position":2,"name":"Doria enfrenta dissid\u00eancia de Alckmin em SP em meio a crise nacional no PSDB"}]},{"@type":"WebSite","@id":"https:\/\/jbcnews.com.br\/#website","url":"https:\/\/jbcnews.com.br\/","name":"JBCNews","description":"Comunica\u00e7\u00e3o e Cultura","potentialAction":[{"@type":"SearchAction","target":{"@type":"EntryPoint","urlTemplate":"https:\/\/jbcnews.com.br\/?s={search_term_string}"},"query-input":"required name=search_term_string"}],"inLanguage":"pt-BR"},{"@type":"Person","@id":"https:\/\/jbcnews.com.br\/#\/schema\/person\/3b597ec20ccf92d0adc436057caf9bbe","name":"admin","image":{"@type":"ImageObject","inLanguage":"pt-BR","@id":"https:\/\/jbcnews.com.br\/#\/schema\/person\/image\/","url":"https:\/\/secure.gravatar.com\/avatar\/fe848d2435b65c3ed1cdd3a8e8f3bb2d?s=96&d=mm&r=g","contentUrl":"https:\/\/secure.gravatar.com\/avatar\/fe848d2435b65c3ed1cdd3a8e8f3bb2d?s=96&d=mm&r=g","caption":"admin"},"sameAs":["https:\/\/jbcnews.com.br"],"url":"https:\/\/jbcnews.com.br\/index.php\/author\/jbcnews\/"}]}},"_links":{"self":[{"href":"https:\/\/jbcnews.com.br\/index.php\/wp-json\/wp\/v2\/posts\/2569"}],"collection":[{"href":"https:\/\/jbcnews.com.br\/index.php\/wp-json\/wp\/v2\/posts"}],"about":[{"href":"https:\/\/jbcnews.com.br\/index.php\/wp-json\/wp\/v2\/types\/post"}],"author":[{"embeddable":true,"href":"https:\/\/jbcnews.com.br\/index.php\/wp-json\/wp\/v2\/users\/1"}],"replies":[{"embeddable":true,"href":"https:\/\/jbcnews.com.br\/index.php\/wp-json\/wp\/v2\/comments?post=2569"}],"version-history":[{"count":1,"href":"https:\/\/jbcnews.com.br\/index.php\/wp-json\/wp\/v2\/posts\/2569\/revisions"}],"predecessor-version":[{"id":2571,"href":"https:\/\/jbcnews.com.br\/index.php\/wp-json\/wp\/v2\/posts\/2569\/revisions\/2571"}],"wp:featuredmedia":[{"embeddable":true,"href":"https:\/\/jbcnews.com.br\/index.php\/wp-json\/wp\/v2\/media\/2570"}],"wp:attachment":[{"href":"https:\/\/jbcnews.com.br\/index.php\/wp-json\/wp\/v2\/media?parent=2569"}],"wp:term":[{"taxonomy":"category","embeddable":true,"href":"https:\/\/jbcnews.com.br\/index.php\/wp-json\/wp\/v2\/categories?post=2569"},{"taxonomy":"post_tag","embeddable":true,"href":"https:\/\/jbcnews.com.br\/index.php\/wp-json\/wp\/v2\/tags?post=2569"}],"curies":[{"name":"wp","href":"https:\/\/api.w.org\/{rel}","templated":true}]}}