{"id":2563,"date":"2021-02-12T16:29:35","date_gmt":"2021-02-12T16:29:35","guid":{"rendered":"https:\/\/jbcnews.com.br\/?p=2563"},"modified":"2021-05-07T16:36:13","modified_gmt":"2021-05-07T16:36:13","slug":"alckmin-e-vacinado-comemora-com-cafezinho-e-nao-comenta-disputa-no-psdb-aberta-por-doria","status":"publish","type":"post","link":"https:\/\/jbcnews.com.br\/index.php\/2021\/02\/12\/alckmin-e-vacinado-comemora-com-cafezinho-e-nao-comenta-disputa-no-psdb-aberta-por-doria\/","title":{"rendered":"Alckmin \u00e9 vacinado, comemora com cafezinho e n\u00e3o comenta disputa no PSDB aberta por Doria"},"content":{"rendered":"\n<p>(JBCNEWS &#8211; DF 12\/02) &#8211; O ex-governador Geraldo Alckmin (PSDB), 68, recebeu sua primeira dose da vacina contra a Covid-19 nesta quarta-feira (10). M\u00e9dico, ele faz curso de acupuntura no Hospital das Cl\u00ednicas e, por isso, atende no ambulat\u00f3rio. Ele tamb\u00e9m d\u00e1 aulas na Uninove (onde faz doutorado) e na Unimes (Universidade Metropolitana de Santos).<\/p>\n\n\n\n<p>A Prefeitura de S\u00e3o Paulo come\u00e7ou na ter\u00e7a-feira (9) a vacina\u00e7\u00e3o de profissionais de sa\u00fade aut\u00f4nomos com mais de 60 anos.<\/p>\n\n\n\n<p>&#8220;Estou me dedicando \u00e0 medicina, estou terminando o doutorado, e hoje [quinta-feira] \u00e9 meu dia no Hospital das Cl\u00ednicas. Vou falar de pol\u00edtica s\u00f3 daqui a uns tr\u00eas meses&#8221;, diz o tucano \u00e0 reportagem.<\/p>\n\n\n\n<p>Ele n\u00e3o quis comentar a crise deflagrada no PSDB pelo atual governador de S\u00e3o Paulo, Jo\u00e3o Doria, cujos aliados iniciaram articula\u00e7\u00e3o para que ele assumisse a presid\u00eancia do partido e geraram imediata rea\u00e7\u00e3o de Bruno Ara\u00fajo, que pretende ser reconduzido ao cargo, e de Eduardo Leite, governador do RS, que deseja ser o candidato tucano ao Planalto em 2022.<\/p>\n\n\n\n<p>&#8220;Tirei um per\u00edodo dedicado \u00e0 medicina e ao magist\u00e9rio, ent\u00e3o n\u00e3o tenho participado muito [da pol\u00edtica]. N\u00e3o tenho comentado, tenho observado&#8221;, disse Alckmin.<\/p>\n\n\n\n<p>&#8220;Como eu estou no Hospital das Cl\u00ednicas, m\u00e9dico tem prioridade. Tomei a vacina no Conselho Regional de Medicina [Cremesp]. Foi uma turma de 65 a 70 anos. Tomei a Corona Vac. \u00c9 a que tem no dia. S\u00f3 fiquei sabendo depois que tomei. \u00c9 importante, estamos em contato direto com pacientes no HC&#8221;, explicou.<\/p>\n\n\n\n<p>&#8220;A gente se sente super bem. A vacina \u00e9 uma seguran\u00e7a enorme. Tanto que eu estava com amigos e falei &#8216;vamos na esquina comemorar tomando um cafezinho&#8217;. O Cremesp fica no centro, ent\u00e3o fomos ali do lado. Agora tenho que tomar a segunda. J\u00e1 est\u00e1 marcada para 3 de mar\u00e7o&#8221;, continuou Alckmin.<\/p>\n\n\n\n<p>O ex-governador ainda exaltou o que apontou como grandes pontos de virada na medicina contempor\u00e2nea.<\/p>\n\n\n\n<p>&#8220;No Brasil, as pessoas viviam em torno de 45 anos de idade. Hoje, a expectativa de vida j\u00e1 passa de 75. Tr\u00eas fatos tiveram papel fundamental: \u00e1gua tratada, vacina e antibi\u00f3tico. Essas tr\u00eas coisas quase dobraram a expectativa de vida no mundo&#8221;.<\/p>\n","protected":false},"excerpt":{"rendered":"<p>(JBCNEWS &#8211; DF 12\/02) &#8211; O ex-governador Geraldo Alckmin (PSDB), 68, recebeu sua primeira dose da vacina contra a Covid-19 nesta quarta-feira (10). M\u00e9dico, ele faz<span class=\"excerpt-hellip\"> [\u2026]<\/span><\/p>\n","protected":false},"author":1,"featured_media":2564,"comment_status":"open","ping_status":"open","sticky":false,"template":"","format":"standard","meta":{"footnotes":""},"categories":[33],"tags":[],"yoast_head":"<!-- This site is optimized with the Yoast SEO plugin v22.6 - https:\/\/yoast.com\/wordpress\/plugins\/seo\/ -->\n<title>Alckmin \u00e9 vacinado, comemora com cafezinho e n\u00e3o comenta disputa no PSDB aberta por Doria - JBCNews<\/title>\n<meta name=\"robots\" content=\"index, follow, max-snippet:-1, max-image-preview:large, max-video-preview:-1\" \/>\n<link rel=\"canonical\" href=\"https:\/\/jbcnews.com.br\/index.php\/2021\/02\/12\/alckmin-e-vacinado-comemora-com-cafezinho-e-nao-comenta-disputa-no-psdb-aberta-por-doria\/\" \/>\n<meta property=\"og:locale\" content=\"pt_BR\" \/>\n<meta property=\"og:type\" content=\"article\" \/>\n<meta property=\"og:title\" content=\"Alckmin \u00e9 vacinado, comemora com cafezinho e n\u00e3o comenta disputa no PSDB aberta por Doria - JBCNews\" \/>\n<meta property=\"og:description\" content=\"(JBCNEWS &#8211; DF 12\/02) &#8211; O ex-governador Geraldo Alckmin (PSDB), 68, recebeu sua primeira dose da vacina contra a Covid-19 nesta quarta-feira (10). M\u00e9dico, ele faz [\u2026]\" \/>\n<meta property=\"og:url\" content=\"https:\/\/jbcnews.com.br\/index.php\/2021\/02\/12\/alckmin-e-vacinado-comemora-com-cafezinho-e-nao-comenta-disputa-no-psdb-aberta-por-doria\/\" \/>\n<meta property=\"og:site_name\" content=\"JBCNews\" \/>\n<meta property=\"article:published_time\" content=\"2021-02-12T16:29:35+00:00\" \/>\n<meta property=\"article:modified_time\" content=\"2021-05-07T16:36:13+00:00\" \/>\n<meta property=\"og:image\" content=\"https:\/\/jbcnews.com.br\/wp-content\/uploads\/2021\/02\/imagem-28-1.png\" \/>\n\t<meta property=\"og:image:width\" content=\"960\" \/>\n\t<meta property=\"og:image:height\" content=\"640\" \/>\n\t<meta property=\"og:image:type\" content=\"image\/png\" \/>\n<meta name=\"author\" content=\"admin\" \/>\n<meta name=\"twitter:card\" content=\"summary_large_image\" \/>\n<meta name=\"twitter:label1\" content=\"Escrito por\" \/>\n\t<meta name=\"twitter:data1\" content=\"admin\" \/>\n\t<meta name=\"twitter:label2\" content=\"Est. tempo de leitura\" \/>\n\t<meta name=\"twitter:data2\" content=\"2 minutos\" \/>\n<script type=\"application\/ld+json\" class=\"yoast-schema-graph\">{\"@context\":\"https:\/\/schema.org\",\"@graph\":[{\"@type\":\"WebPage\",\"@id\":\"https:\/\/jbcnews.com.br\/index.php\/2021\/02\/12\/alckmin-e-vacinado-comemora-com-cafezinho-e-nao-comenta-disputa-no-psdb-aberta-por-doria\/\",\"url\":\"https:\/\/jbcnews.com.br\/index.php\/2021\/02\/12\/alckmin-e-vacinado-comemora-com-cafezinho-e-nao-comenta-disputa-no-psdb-aberta-por-doria\/\",\"name\":\"Alckmin \u00e9 vacinado, comemora com cafezinho e n\u00e3o comenta disputa no PSDB aberta por Doria - JBCNews\",\"isPartOf\":{\"@id\":\"https:\/\/jbcnews.com.br\/#website\"},\"primaryImageOfPage\":{\"@id\":\"https:\/\/jbcnews.com.br\/index.php\/2021\/02\/12\/alckmin-e-vacinado-comemora-com-cafezinho-e-nao-comenta-disputa-no-psdb-aberta-por-doria\/#primaryimage\"},\"image\":{\"@id\":\"https:\/\/jbcnews.com.br\/index.php\/2021\/02\/12\/alckmin-e-vacinado-comemora-com-cafezinho-e-nao-comenta-disputa-no-psdb-aberta-por-doria\/#primaryimage\"},\"thumbnailUrl\":\"https:\/\/jbcnews.com.br\/wp-content\/uploads\/2021\/02\/imagem-28-1.png\",\"datePublished\":\"2021-02-12T16:29:35+00:00\",\"dateModified\":\"2021-05-07T16:36:13+00:00\",\"author\":{\"@id\":\"https:\/\/jbcnews.com.br\/#\/schema\/person\/3b597ec20ccf92d0adc436057caf9bbe\"},\"breadcrumb\":{\"@id\":\"https:\/\/jbcnews.com.br\/index.php\/2021\/02\/12\/alckmin-e-vacinado-comemora-com-cafezinho-e-nao-comenta-disputa-no-psdb-aberta-por-doria\/#breadcrumb\"},\"inLanguage\":\"pt-BR\",\"potentialAction\":[{\"@type\":\"ReadAction\",\"target\":[\"https:\/\/jbcnews.com.br\/index.php\/2021\/02\/12\/alckmin-e-vacinado-comemora-com-cafezinho-e-nao-comenta-disputa-no-psdb-aberta-por-doria\/\"]}]},{\"@type\":\"ImageObject\",\"inLanguage\":\"pt-BR\",\"@id\":\"https:\/\/jbcnews.com.br\/index.php\/2021\/02\/12\/alckmin-e-vacinado-comemora-com-cafezinho-e-nao-comenta-disputa-no-psdb-aberta-por-doria\/#primaryimage\",\"url\":\"https:\/\/jbcnews.com.br\/wp-content\/uploads\/2021\/02\/imagem-28-1.png\",\"contentUrl\":\"https:\/\/jbcnews.com.br\/wp-content\/uploads\/2021\/02\/imagem-28-1.png\",\"width\":960,\"height\":640},{\"@type\":\"BreadcrumbList\",\"@id\":\"https:\/\/jbcnews.com.br\/index.php\/2021\/02\/12\/alckmin-e-vacinado-comemora-com-cafezinho-e-nao-comenta-disputa-no-psdb-aberta-por-doria\/#breadcrumb\",\"itemListElement\":[{\"@type\":\"ListItem\",\"position\":1,\"name\":\"In\u00edcio\",\"item\":\"https:\/\/jbcnews.com.br\/\"},{\"@type\":\"ListItem\",\"position\":2,\"name\":\"Alckmin \u00e9 vacinado, comemora com cafezinho e n\u00e3o comenta disputa no PSDB aberta por Doria\"}]},{\"@type\":\"WebSite\",\"@id\":\"https:\/\/jbcnews.com.br\/#website\",\"url\":\"https:\/\/jbcnews.com.br\/\",\"name\":\"JBCNews\",\"description\":\"Comunica\u00e7\u00e3o e Cultura\",\"potentialAction\":[{\"@type\":\"SearchAction\",\"target\":{\"@type\":\"EntryPoint\",\"urlTemplate\":\"https:\/\/jbcnews.com.br\/?s={search_term_string}\"},\"query-input\":\"required name=search_term_string\"}],\"inLanguage\":\"pt-BR\"},{\"@type\":\"Person\",\"@id\":\"https:\/\/jbcnews.com.br\/#\/schema\/person\/3b597ec20ccf92d0adc436057caf9bbe\",\"name\":\"admin\",\"image\":{\"@type\":\"ImageObject\",\"inLanguage\":\"pt-BR\",\"@id\":\"https:\/\/jbcnews.com.br\/#\/schema\/person\/image\/\",\"url\":\"https:\/\/secure.gravatar.com\/avatar\/fe848d2435b65c3ed1cdd3a8e8f3bb2d?s=96&d=mm&r=g\",\"contentUrl\":\"https:\/\/secure.gravatar.com\/avatar\/fe848d2435b65c3ed1cdd3a8e8f3bb2d?s=96&d=mm&r=g\",\"caption\":\"admin\"},\"sameAs\":[\"https:\/\/jbcnews.com.br\"],\"url\":\"https:\/\/jbcnews.com.br\/index.php\/author\/jbcnews\/\"}]}<\/script>\n<!-- \/ Yoast SEO plugin. -->","yoast_head_json":{"title":"Alckmin \u00e9 vacinado, comemora com cafezinho e n\u00e3o comenta disputa no PSDB aberta por Doria - JBCNews","robots":{"index":"index","follow":"follow","max-snippet":"max-snippet:-1","max-image-preview":"max-image-preview:large","max-video-preview":"max-video-preview:-1"},"canonical":"https:\/\/jbcnews.com.br\/index.php\/2021\/02\/12\/alckmin-e-vacinado-comemora-com-cafezinho-e-nao-comenta-disputa-no-psdb-aberta-por-doria\/","og_locale":"pt_BR","og_type":"article","og_title":"Alckmin \u00e9 vacinado, comemora com cafezinho e n\u00e3o comenta disputa no PSDB aberta por Doria - JBCNews","og_description":"(JBCNEWS &#8211; DF 12\/02) &#8211; O ex-governador Geraldo Alckmin (PSDB), 68, recebeu sua primeira dose da vacina contra a Covid-19 nesta quarta-feira (10). M\u00e9dico, ele faz [\u2026]","og_url":"https:\/\/jbcnews.com.br\/index.php\/2021\/02\/12\/alckmin-e-vacinado-comemora-com-cafezinho-e-nao-comenta-disputa-no-psdb-aberta-por-doria\/","og_site_name":"JBCNews","article_published_time":"2021-02-12T16:29:35+00:00","article_modified_time":"2021-05-07T16:36:13+00:00","og_image":[{"width":960,"height":640,"url":"https:\/\/jbcnews.com.br\/wp-content\/uploads\/2021\/02\/imagem-28-1.png","type":"image\/png"}],"author":"admin","twitter_card":"summary_large_image","twitter_misc":{"Escrito por":"admin","Est. tempo de leitura":"2 minutos"},"schema":{"@context":"https:\/\/schema.org","@graph":[{"@type":"WebPage","@id":"https:\/\/jbcnews.com.br\/index.php\/2021\/02\/12\/alckmin-e-vacinado-comemora-com-cafezinho-e-nao-comenta-disputa-no-psdb-aberta-por-doria\/","url":"https:\/\/jbcnews.com.br\/index.php\/2021\/02\/12\/alckmin-e-vacinado-comemora-com-cafezinho-e-nao-comenta-disputa-no-psdb-aberta-por-doria\/","name":"Alckmin \u00e9 vacinado, comemora com cafezinho e n\u00e3o comenta disputa no PSDB aberta por Doria - JBCNews","isPartOf":{"@id":"https:\/\/jbcnews.com.br\/#website"},"primaryImageOfPage":{"@id":"https:\/\/jbcnews.com.br\/index.php\/2021\/02\/12\/alckmin-e-vacinado-comemora-com-cafezinho-e-nao-comenta-disputa-no-psdb-aberta-por-doria\/#primaryimage"},"image":{"@id":"https:\/\/jbcnews.com.br\/index.php\/2021\/02\/12\/alckmin-e-vacinado-comemora-com-cafezinho-e-nao-comenta-disputa-no-psdb-aberta-por-doria\/#primaryimage"},"thumbnailUrl":"https:\/\/jbcnews.com.br\/wp-content\/uploads\/2021\/02\/imagem-28-1.png","datePublished":"2021-02-12T16:29:35+00:00","dateModified":"2021-05-07T16:36:13+00:00","author":{"@id":"https:\/\/jbcnews.com.br\/#\/schema\/person\/3b597ec20ccf92d0adc436057caf9bbe"},"breadcrumb":{"@id":"https:\/\/jbcnews.com.br\/index.php\/2021\/02\/12\/alckmin-e-vacinado-comemora-com-cafezinho-e-nao-comenta-disputa-no-psdb-aberta-por-doria\/#breadcrumb"},"inLanguage":"pt-BR","potentialAction":[{"@type":"ReadAction","target":["https:\/\/jbcnews.com.br\/index.php\/2021\/02\/12\/alckmin-e-vacinado-comemora-com-cafezinho-e-nao-comenta-disputa-no-psdb-aberta-por-doria\/"]}]},{"@type":"ImageObject","inLanguage":"pt-BR","@id":"https:\/\/jbcnews.com.br\/index.php\/2021\/02\/12\/alckmin-e-vacinado-comemora-com-cafezinho-e-nao-comenta-disputa-no-psdb-aberta-por-doria\/#primaryimage","url":"https:\/\/jbcnews.com.br\/wp-content\/uploads\/2021\/02\/imagem-28-1.png","contentUrl":"https:\/\/jbcnews.com.br\/wp-content\/uploads\/2021\/02\/imagem-28-1.png","width":960,"height":640},{"@type":"BreadcrumbList","@id":"https:\/\/jbcnews.com.br\/index.php\/2021\/02\/12\/alckmin-e-vacinado-comemora-com-cafezinho-e-nao-comenta-disputa-no-psdb-aberta-por-doria\/#breadcrumb","itemListElement":[{"@type":"ListItem","position":1,"name":"In\u00edcio","item":"https:\/\/jbcnews.com.br\/"},{"@type":"ListItem","position":2,"name":"Alckmin \u00e9 vacinado, comemora com cafezinho e n\u00e3o comenta disputa no PSDB aberta por Doria"}]},{"@type":"WebSite","@id":"https:\/\/jbcnews.com.br\/#website","url":"https:\/\/jbcnews.com.br\/","name":"JBCNews","description":"Comunica\u00e7\u00e3o e Cultura","potentialAction":[{"@type":"SearchAction","target":{"@type":"EntryPoint","urlTemplate":"https:\/\/jbcnews.com.br\/?s={search_term_string}"},"query-input":"required name=search_term_string"}],"inLanguage":"pt-BR"},{"@type":"Person","@id":"https:\/\/jbcnews.com.br\/#\/schema\/person\/3b597ec20ccf92d0adc436057caf9bbe","name":"admin","image":{"@type":"ImageObject","inLanguage":"pt-BR","@id":"https:\/\/jbcnews.com.br\/#\/schema\/person\/image\/","url":"https:\/\/secure.gravatar.com\/avatar\/fe848d2435b65c3ed1cdd3a8e8f3bb2d?s=96&d=mm&r=g","contentUrl":"https:\/\/secure.gravatar.com\/avatar\/fe848d2435b65c3ed1cdd3a8e8f3bb2d?s=96&d=mm&r=g","caption":"admin"},"sameAs":["https:\/\/jbcnews.com.br"],"url":"https:\/\/jbcnews.com.br\/index.php\/author\/jbcnews\/"}]}},"_links":{"self":[{"href":"https:\/\/jbcnews.com.br\/index.php\/wp-json\/wp\/v2\/posts\/2563"}],"collection":[{"href":"https:\/\/jbcnews.com.br\/index.php\/wp-json\/wp\/v2\/posts"}],"about":[{"href":"https:\/\/jbcnews.com.br\/index.php\/wp-json\/wp\/v2\/types\/post"}],"author":[{"embeddable":true,"href":"https:\/\/jbcnews.com.br\/index.php\/wp-json\/wp\/v2\/users\/1"}],"replies":[{"embeddable":true,"href":"https:\/\/jbcnews.com.br\/index.php\/wp-json\/wp\/v2\/comments?post=2563"}],"version-history":[{"count":1,"href":"https:\/\/jbcnews.com.br\/index.php\/wp-json\/wp\/v2\/posts\/2563\/revisions"}],"predecessor-version":[{"id":2565,"href":"https:\/\/jbcnews.com.br\/index.php\/wp-json\/wp\/v2\/posts\/2563\/revisions\/2565"}],"wp:featuredmedia":[{"embeddable":true,"href":"https:\/\/jbcnews.com.br\/index.php\/wp-json\/wp\/v2\/media\/2564"}],"wp:attachment":[{"href":"https:\/\/jbcnews.com.br\/index.php\/wp-json\/wp\/v2\/media?parent=2563"}],"wp:term":[{"taxonomy":"category","embeddable":true,"href":"https:\/\/jbcnews.com.br\/index.php\/wp-json\/wp\/v2\/categories?post=2563"},{"taxonomy":"post_tag","embeddable":true,"href":"https:\/\/jbcnews.com.br\/index.php\/wp-json\/wp\/v2\/tags?post=2563"}],"curies":[{"name":"wp","href":"https:\/\/api.w.org\/{rel}","templated":true}]}}