{"id":2560,"date":"2021-02-12T16:28:10","date_gmt":"2021-02-12T16:28:10","guid":{"rendered":"https:\/\/jbcnews.com.br\/?p=2560"},"modified":"2021-05-07T16:37:41","modified_gmt":"2021-05-07T16:37:41","slug":"maioria-do-stf-vota-contra-direito-ao-esquecimento","status":"publish","type":"post","link":"https:\/\/jbcnews.com.br\/index.php\/2021\/02\/12\/maioria-do-stf-vota-contra-direito-ao-esquecimento\/","title":{"rendered":"Maioria do STF vota contra direito ao esquecimento"},"content":{"rendered":"\n<p>(JBCNEWS &#8211; DF 12\/02) &#8211; Seis dos onze ministros do Supremo Tribunal Federal (STF) votaram contra o chamado direito ao esquecimento &#8211; ou seja, a possibilidade de proibir empresas de internet e ve\u00edculos de comunica\u00e7\u00e3o de exporem um fato sobre determinada pessoa, mesmo que ele seja ver\u00eddico. Apenas um ministro, Edson Fachin, votou no sentido contr\u00e1rio. O julgamento, que come\u00e7ou na semana passada, deve ser conclu\u00eddo ainda nesta quinta-feira.<\/p>\n\n\n\n<p>Os ministros Dias Toffoli, relator do processo, Alexandre de Moraes, Rosa Weber, Kassio Nunes Marques, C\u00e1rmen L\u00facia e Ricardo Lewandowski votaram no sentido de que o direito ao esquecimento n\u00e3o deve se sobrepor ao direito \u00e0 intimidade e \u00e0 informa\u00e7\u00e3o.<\/p>\n\n\n\n<p>\u2014 A minha gera\u00e7\u00e3o lutou pelo direito de lembrar. A gente luta no Brasil pelo direito de lembrar, at\u00e9 para esquecer, para refazer a hist\u00f3ria, para n\u00e3o repetir o que tenha sido cruel, desventuroso, humanamente impr\u00f3prio. Sil\u00eancios, omiss\u00f5es e segredos que n\u00e3o s\u00e3o mostrados com transpar\u00eancia podem ser instrumentos de pr\u00e1ticas ditatoriais. Cada um tem o direito de deslembrar o que se quer, mas n\u00e3o de impor isso ao outro, ou que o outro n\u00e3o saiba. N\u00e3o pode haver censura presente sobre fato passado \u2014 disse C\u00e1rmen L\u00facia.<\/p>\n\n\n\n<p>Ontem, Moraes disse que o direito ao esquecimento significaria censura pr\u00e9via. E que eventuais abusos devem ser analisados caso a caso, ap\u00f3s a publica\u00e7\u00e3o ou veicula\u00e7\u00e3o da not\u00edcia ou informa\u00e7\u00e3o. Rosa Weber concordou. Para ela, &#8220;o direito \u00e0 privacidade n\u00e3o significa passar a vida inteira sem ser incomodado&#8221;. Ela ressaltou que a imprensa n\u00e3o pode sofrer censura pr\u00e9via &#8211; o que ocorreria se tivesse que pedir autoriza\u00e7\u00e3o aos envolvidos em determinado epis\u00f3dio toda vez que fosse publicar uma not\u00edcia.<\/p>\n\n\n\n<p>Kassio Nunes Marques tamb\u00e9m defendeu que o direito ao esquecimento n\u00e3o existe. No entanto, concordou que a fam\u00edlia da v\u00edtima do caso em julgamento seja indenizada por dano moral, j\u00e1 que a hist\u00f3ria do crime foi divulgada por programa de televis\u00e3o.<\/p>\n\n\n\n<p>Edson Fachin foi o \u00fanico voto divergente at\u00e9 agora. Ele reconheceu a exist\u00eancia do direito ao esquecimento, embora tenha destacado que haja uma prefer\u00eancia na legisla\u00e7\u00e3o brasileira \u00e0 liberdade de informa\u00e7\u00e3o. Ele tamb\u00e9m avaliou que, no caso espec\u00edfico julgado, n\u00e3o houve abuso por parte da TV Globo. Assim, negou o pedido da fam\u00edlia da v\u00edtima retratado no programa.<\/p>\n\n\n\n<p>O caso op\u00f5e dois direitos: de um lado, a liberdade de express\u00e3o e de imprensa, e, do outro, o direito \u00e0 intimidade. O processo em discuss\u00e3o \u00e9 de autoria da fam\u00edlia de A\u00edda Curi, morta em 1958 no Rio de Janeiro ap\u00f3s uma tentativa de estupro. Os parentes pedem a repara\u00e7\u00e3o de danos em raz\u00e3o de o assassinato ter sido relembrado pelo programa &#8220;Linha Direta&#8221;, da TV Globo, em 2004. O caso tem repercuss\u00e3o geral. Logo, a decis\u00e3o tomada pelo Supremo ser\u00e1 seguida por ju\u00edzes e tribunais de todo o pa\u00eds.<\/p>\n\n\n\n<p>O direito ao esquecimento ganhou notoriedade em maio de 2014, quando o Tribunal de Justi\u00e7a da Uni\u00e3o Europeia (TJUE) deu ganho de causa a um cidad\u00e3o espanhol que queria que seus dados pessoais desaparecessem das buscas do Google. Mario Costeja Gonz\u00e1lez n\u00e3o queria que os internautas vissem o link para a p\u00e1gina do jornal &#8220;La Vanguardia&#8221; de 1998, que continha avisos do Minist\u00e9rio do Trabalho espanhol sobre leil\u00e3o de im\u00f3veis realizado para sanar d\u00edvidas de Gonz\u00e1lez. A informa\u00e7\u00e3o n\u00e3o foi retirada do site, mas n\u00e3o pode mais ser acessada por meio do Google.<\/p>\n","protected":false},"excerpt":{"rendered":"<p>(JBCNEWS &#8211; DF 12\/02) &#8211; Seis dos onze ministros do Supremo Tribunal Federal (STF) votaram contra o chamado direito ao esquecimento &#8211; ou seja, a possibilidade<span class=\"excerpt-hellip\"> [\u2026]<\/span><\/p>\n","protected":false},"author":1,"featured_media":2561,"comment_status":"open","ping_status":"open","sticky":false,"template":"","format":"standard","meta":{"footnotes":""},"categories":[20],"tags":[],"yoast_head":"<!-- This site is optimized with the Yoast SEO plugin v22.6 - https:\/\/yoast.com\/wordpress\/plugins\/seo\/ -->\n<title>Maioria do STF vota contra direito ao esquecimento - JBCNews<\/title>\n<meta name=\"robots\" content=\"index, follow, max-snippet:-1, max-image-preview:large, max-video-preview:-1\" \/>\n<link rel=\"canonical\" href=\"https:\/\/jbcnews.com.br\/index.php\/2021\/02\/12\/maioria-do-stf-vota-contra-direito-ao-esquecimento\/\" \/>\n<meta property=\"og:locale\" content=\"pt_BR\" \/>\n<meta property=\"og:type\" content=\"article\" \/>\n<meta property=\"og:title\" content=\"Maioria do STF vota contra direito ao esquecimento - JBCNews\" \/>\n<meta property=\"og:description\" content=\"(JBCNEWS &#8211; DF 12\/02) &#8211; Seis dos onze ministros do Supremo Tribunal Federal (STF) votaram contra o chamado direito ao esquecimento &#8211; ou seja, a possibilidade [\u2026]\" \/>\n<meta property=\"og:url\" content=\"https:\/\/jbcnews.com.br\/index.php\/2021\/02\/12\/maioria-do-stf-vota-contra-direito-ao-esquecimento\/\" \/>\n<meta property=\"og:site_name\" content=\"JBCNews\" \/>\n<meta property=\"article:published_time\" content=\"2021-02-12T16:28:10+00:00\" \/>\n<meta property=\"article:modified_time\" content=\"2021-05-07T16:37:41+00:00\" \/>\n<meta property=\"og:image\" content=\"https:\/\/jbcnews.com.br\/wp-content\/uploads\/2021\/02\/imagem-27-1.png\" \/>\n\t<meta property=\"og:image:width\" content=\"448\" \/>\n\t<meta property=\"og:image:height\" content=\"269\" \/>\n\t<meta property=\"og:image:type\" content=\"image\/png\" \/>\n<meta name=\"author\" content=\"admin\" \/>\n<meta name=\"twitter:card\" content=\"summary_large_image\" \/>\n<meta name=\"twitter:label1\" content=\"Escrito por\" \/>\n\t<meta name=\"twitter:data1\" content=\"admin\" \/>\n\t<meta name=\"twitter:label2\" content=\"Est. tempo de leitura\" \/>\n\t<meta name=\"twitter:data2\" content=\"3 minutos\" \/>\n<script type=\"application\/ld+json\" class=\"yoast-schema-graph\">{\"@context\":\"https:\/\/schema.org\",\"@graph\":[{\"@type\":\"WebPage\",\"@id\":\"https:\/\/jbcnews.com.br\/index.php\/2021\/02\/12\/maioria-do-stf-vota-contra-direito-ao-esquecimento\/\",\"url\":\"https:\/\/jbcnews.com.br\/index.php\/2021\/02\/12\/maioria-do-stf-vota-contra-direito-ao-esquecimento\/\",\"name\":\"Maioria do STF vota contra direito ao esquecimento - JBCNews\",\"isPartOf\":{\"@id\":\"https:\/\/jbcnews.com.br\/#website\"},\"primaryImageOfPage\":{\"@id\":\"https:\/\/jbcnews.com.br\/index.php\/2021\/02\/12\/maioria-do-stf-vota-contra-direito-ao-esquecimento\/#primaryimage\"},\"image\":{\"@id\":\"https:\/\/jbcnews.com.br\/index.php\/2021\/02\/12\/maioria-do-stf-vota-contra-direito-ao-esquecimento\/#primaryimage\"},\"thumbnailUrl\":\"https:\/\/jbcnews.com.br\/wp-content\/uploads\/2021\/02\/imagem-27-1.png\",\"datePublished\":\"2021-02-12T16:28:10+00:00\",\"dateModified\":\"2021-05-07T16:37:41+00:00\",\"author\":{\"@id\":\"https:\/\/jbcnews.com.br\/#\/schema\/person\/3b597ec20ccf92d0adc436057caf9bbe\"},\"breadcrumb\":{\"@id\":\"https:\/\/jbcnews.com.br\/index.php\/2021\/02\/12\/maioria-do-stf-vota-contra-direito-ao-esquecimento\/#breadcrumb\"},\"inLanguage\":\"pt-BR\",\"potentialAction\":[{\"@type\":\"ReadAction\",\"target\":[\"https:\/\/jbcnews.com.br\/index.php\/2021\/02\/12\/maioria-do-stf-vota-contra-direito-ao-esquecimento\/\"]}]},{\"@type\":\"ImageObject\",\"inLanguage\":\"pt-BR\",\"@id\":\"https:\/\/jbcnews.com.br\/index.php\/2021\/02\/12\/maioria-do-stf-vota-contra-direito-ao-esquecimento\/#primaryimage\",\"url\":\"https:\/\/jbcnews.com.br\/wp-content\/uploads\/2021\/02\/imagem-27-1.png\",\"contentUrl\":\"https:\/\/jbcnews.com.br\/wp-content\/uploads\/2021\/02\/imagem-27-1.png\",\"width\":448,\"height\":269},{\"@type\":\"BreadcrumbList\",\"@id\":\"https:\/\/jbcnews.com.br\/index.php\/2021\/02\/12\/maioria-do-stf-vota-contra-direito-ao-esquecimento\/#breadcrumb\",\"itemListElement\":[{\"@type\":\"ListItem\",\"position\":1,\"name\":\"In\u00edcio\",\"item\":\"https:\/\/jbcnews.com.br\/\"},{\"@type\":\"ListItem\",\"position\":2,\"name\":\"Maioria do STF vota contra direito ao esquecimento\"}]},{\"@type\":\"WebSite\",\"@id\":\"https:\/\/jbcnews.com.br\/#website\",\"url\":\"https:\/\/jbcnews.com.br\/\",\"name\":\"JBCNews\",\"description\":\"Comunica\u00e7\u00e3o e Cultura\",\"potentialAction\":[{\"@type\":\"SearchAction\",\"target\":{\"@type\":\"EntryPoint\",\"urlTemplate\":\"https:\/\/jbcnews.com.br\/?s={search_term_string}\"},\"query-input\":\"required name=search_term_string\"}],\"inLanguage\":\"pt-BR\"},{\"@type\":\"Person\",\"@id\":\"https:\/\/jbcnews.com.br\/#\/schema\/person\/3b597ec20ccf92d0adc436057caf9bbe\",\"name\":\"admin\",\"image\":{\"@type\":\"ImageObject\",\"inLanguage\":\"pt-BR\",\"@id\":\"https:\/\/jbcnews.com.br\/#\/schema\/person\/image\/\",\"url\":\"https:\/\/secure.gravatar.com\/avatar\/fe848d2435b65c3ed1cdd3a8e8f3bb2d?s=96&d=mm&r=g\",\"contentUrl\":\"https:\/\/secure.gravatar.com\/avatar\/fe848d2435b65c3ed1cdd3a8e8f3bb2d?s=96&d=mm&r=g\",\"caption\":\"admin\"},\"sameAs\":[\"https:\/\/jbcnews.com.br\"],\"url\":\"https:\/\/jbcnews.com.br\/index.php\/author\/jbcnews\/\"}]}<\/script>\n<!-- \/ Yoast SEO plugin. -->","yoast_head_json":{"title":"Maioria do STF vota contra direito ao esquecimento - JBCNews","robots":{"index":"index","follow":"follow","max-snippet":"max-snippet:-1","max-image-preview":"max-image-preview:large","max-video-preview":"max-video-preview:-1"},"canonical":"https:\/\/jbcnews.com.br\/index.php\/2021\/02\/12\/maioria-do-stf-vota-contra-direito-ao-esquecimento\/","og_locale":"pt_BR","og_type":"article","og_title":"Maioria do STF vota contra direito ao esquecimento - JBCNews","og_description":"(JBCNEWS &#8211; DF 12\/02) &#8211; Seis dos onze ministros do Supremo Tribunal Federal (STF) votaram contra o chamado direito ao esquecimento &#8211; ou seja, a possibilidade [\u2026]","og_url":"https:\/\/jbcnews.com.br\/index.php\/2021\/02\/12\/maioria-do-stf-vota-contra-direito-ao-esquecimento\/","og_site_name":"JBCNews","article_published_time":"2021-02-12T16:28:10+00:00","article_modified_time":"2021-05-07T16:37:41+00:00","og_image":[{"width":448,"height":269,"url":"https:\/\/jbcnews.com.br\/wp-content\/uploads\/2021\/02\/imagem-27-1.png","type":"image\/png"}],"author":"admin","twitter_card":"summary_large_image","twitter_misc":{"Escrito por":"admin","Est. tempo de leitura":"3 minutos"},"schema":{"@context":"https:\/\/schema.org","@graph":[{"@type":"WebPage","@id":"https:\/\/jbcnews.com.br\/index.php\/2021\/02\/12\/maioria-do-stf-vota-contra-direito-ao-esquecimento\/","url":"https:\/\/jbcnews.com.br\/index.php\/2021\/02\/12\/maioria-do-stf-vota-contra-direito-ao-esquecimento\/","name":"Maioria do STF vota contra direito ao esquecimento - JBCNews","isPartOf":{"@id":"https:\/\/jbcnews.com.br\/#website"},"primaryImageOfPage":{"@id":"https:\/\/jbcnews.com.br\/index.php\/2021\/02\/12\/maioria-do-stf-vota-contra-direito-ao-esquecimento\/#primaryimage"},"image":{"@id":"https:\/\/jbcnews.com.br\/index.php\/2021\/02\/12\/maioria-do-stf-vota-contra-direito-ao-esquecimento\/#primaryimage"},"thumbnailUrl":"https:\/\/jbcnews.com.br\/wp-content\/uploads\/2021\/02\/imagem-27-1.png","datePublished":"2021-02-12T16:28:10+00:00","dateModified":"2021-05-07T16:37:41+00:00","author":{"@id":"https:\/\/jbcnews.com.br\/#\/schema\/person\/3b597ec20ccf92d0adc436057caf9bbe"},"breadcrumb":{"@id":"https:\/\/jbcnews.com.br\/index.php\/2021\/02\/12\/maioria-do-stf-vota-contra-direito-ao-esquecimento\/#breadcrumb"},"inLanguage":"pt-BR","potentialAction":[{"@type":"ReadAction","target":["https:\/\/jbcnews.com.br\/index.php\/2021\/02\/12\/maioria-do-stf-vota-contra-direito-ao-esquecimento\/"]}]},{"@type":"ImageObject","inLanguage":"pt-BR","@id":"https:\/\/jbcnews.com.br\/index.php\/2021\/02\/12\/maioria-do-stf-vota-contra-direito-ao-esquecimento\/#primaryimage","url":"https:\/\/jbcnews.com.br\/wp-content\/uploads\/2021\/02\/imagem-27-1.png","contentUrl":"https:\/\/jbcnews.com.br\/wp-content\/uploads\/2021\/02\/imagem-27-1.png","width":448,"height":269},{"@type":"BreadcrumbList","@id":"https:\/\/jbcnews.com.br\/index.php\/2021\/02\/12\/maioria-do-stf-vota-contra-direito-ao-esquecimento\/#breadcrumb","itemListElement":[{"@type":"ListItem","position":1,"name":"In\u00edcio","item":"https:\/\/jbcnews.com.br\/"},{"@type":"ListItem","position":2,"name":"Maioria do STF vota contra direito ao esquecimento"}]},{"@type":"WebSite","@id":"https:\/\/jbcnews.com.br\/#website","url":"https:\/\/jbcnews.com.br\/","name":"JBCNews","description":"Comunica\u00e7\u00e3o e Cultura","potentialAction":[{"@type":"SearchAction","target":{"@type":"EntryPoint","urlTemplate":"https:\/\/jbcnews.com.br\/?s={search_term_string}"},"query-input":"required name=search_term_string"}],"inLanguage":"pt-BR"},{"@type":"Person","@id":"https:\/\/jbcnews.com.br\/#\/schema\/person\/3b597ec20ccf92d0adc436057caf9bbe","name":"admin","image":{"@type":"ImageObject","inLanguage":"pt-BR","@id":"https:\/\/jbcnews.com.br\/#\/schema\/person\/image\/","url":"https:\/\/secure.gravatar.com\/avatar\/fe848d2435b65c3ed1cdd3a8e8f3bb2d?s=96&d=mm&r=g","contentUrl":"https:\/\/secure.gravatar.com\/avatar\/fe848d2435b65c3ed1cdd3a8e8f3bb2d?s=96&d=mm&r=g","caption":"admin"},"sameAs":["https:\/\/jbcnews.com.br"],"url":"https:\/\/jbcnews.com.br\/index.php\/author\/jbcnews\/"}]}},"_links":{"self":[{"href":"https:\/\/jbcnews.com.br\/index.php\/wp-json\/wp\/v2\/posts\/2560"}],"collection":[{"href":"https:\/\/jbcnews.com.br\/index.php\/wp-json\/wp\/v2\/posts"}],"about":[{"href":"https:\/\/jbcnews.com.br\/index.php\/wp-json\/wp\/v2\/types\/post"}],"author":[{"embeddable":true,"href":"https:\/\/jbcnews.com.br\/index.php\/wp-json\/wp\/v2\/users\/1"}],"replies":[{"embeddable":true,"href":"https:\/\/jbcnews.com.br\/index.php\/wp-json\/wp\/v2\/comments?post=2560"}],"version-history":[{"count":1,"href":"https:\/\/jbcnews.com.br\/index.php\/wp-json\/wp\/v2\/posts\/2560\/revisions"}],"predecessor-version":[{"id":2562,"href":"https:\/\/jbcnews.com.br\/index.php\/wp-json\/wp\/v2\/posts\/2560\/revisions\/2562"}],"wp:featuredmedia":[{"embeddable":true,"href":"https:\/\/jbcnews.com.br\/index.php\/wp-json\/wp\/v2\/media\/2561"}],"wp:attachment":[{"href":"https:\/\/jbcnews.com.br\/index.php\/wp-json\/wp\/v2\/media?parent=2560"}],"wp:term":[{"taxonomy":"category","embeddable":true,"href":"https:\/\/jbcnews.com.br\/index.php\/wp-json\/wp\/v2\/categories?post=2560"},{"taxonomy":"post_tag","embeddable":true,"href":"https:\/\/jbcnews.com.br\/index.php\/wp-json\/wp\/v2\/tags?post=2560"}],"curies":[{"name":"wp","href":"https:\/\/api.w.org\/{rel}","templated":true}]}}