{"id":2557,"date":"2021-02-12T16:26:41","date_gmt":"2021-02-12T16:26:41","guid":{"rendered":"https:\/\/jbcnews.com.br\/?p=2557"},"modified":"2021-05-07T16:37:57","modified_gmt":"2021-05-07T16:37:57","slug":"chefe-da-diplomacia-americana-liga-para-chanceler-brasileiro","status":"publish","type":"post","link":"https:\/\/jbcnews.com.br\/index.php\/2021\/02\/12\/chefe-da-diplomacia-americana-liga-para-chanceler-brasileiro\/","title":{"rendered":"Chefe da diplomacia americana liga para chanceler brasileiro"},"content":{"rendered":"\n<p>(JBCNEWS &#8211; DF 12\/02 &#8211; O chefe da diplomacia americana, Antony Blinken, conversou nesta quinta-feira (11) com o chanceler brasileiro, Ernesto Ara\u00fajo, em um telefonema no qual reafirmou a &#8220;import\u00e2ncia de uma colabora\u00e7\u00e3o produtiva entre os dois pa\u00edses&#8221;.<\/p>\n\n\n\n<p>O Departamento de Estado americano informou em um comunicado que os dois altos diplomatas expressaram seu &#8220;compromisso para lutar contra a pandemia de covid-19 e as mudan\u00e7as clim\u00e1ticas e a crescente coopera\u00e7\u00e3o regional, o apoio \u00e0 preserva\u00e7\u00e3o ambiental e a promo\u00e7\u00e3o dos direitos humanos&#8221;.<\/p>\n\n\n\n<p>Desde sua campanha \u00e0 Presid\u00eancia em setembro do ano passado, o presidente democrata, Joe Biden, estabeleceu como prioridade a luta contra o desmatamento da Amaz\u00f4nia, no \u00e2mbito de sua agenda para combater as mudan\u00e7as clim\u00e1ticas.<\/p>\n\n\n\n<p>Naquele momento, Biden prometeu que, se vencesse, reuniria 20 bilh\u00f5es de d\u00f3lares de v\u00e1rios pa\u00edses para entregar ao Brasil em troca de que parasse de desmatar e advertiu para &#8220;consequ\u00eancias econ\u00f4micas significativas&#8221; se n\u00e3o o fizesse.<\/p>\n\n\n\n<p>As declara\u00e7\u00f5es n\u00e3o foram bem recebidas em Bras\u00edlia pelo presidente Jair Bolsonaro, um aliado pr\u00f3ximo do antecessor de Biden, o republicano Donald Trump.<\/p>\n\n\n\n<p>Bolsonaro qualificou a declara\u00e7\u00e3o como &#8220;desastrosa e gratuita&#8221; e afirmou na ocasi\u00e3o que poria em risco a &#8220;conviv\u00eancia cordial&#8221; entre os dois pa\u00edses.<\/p>\n\n\n\n<p>Em uma s\u00e9rie de tu\u00edtes, Ara\u00fajo destacou nesta quinta que teve uma conversa &#8220;longa e produtiva&#8221; com o colega americano.<\/p>\n\n\n\n<p>&#8220;Encontramos converg\u00eancia de vis\u00f5es sobre a centralidade da democracia e grande empenho em trabalhar juntos nas quest\u00f5es do com\u00e9rcio, do clima e promo\u00e7\u00e3o dos direitos humanos&#8221;, destacou o chanceler.<\/p>\n\n\n\n<p>&#8220;(Os) EUA seguem sendo parceiros-chave na transforma\u00e7\u00e3o do Brasil em torno da liberdade econ\u00f4mica e pol\u00edtica&#8221;, acrescentou Ara\u00fajo.<\/p>\n\n\n\n<p>Bolsonaro foi o \u00faltimo chefe de Estado do G20 a cumprimentar Biden, em 15 de janeiro, cinco dias antes de o americano ser empossado presidente.<\/p>\n","protected":false},"excerpt":{"rendered":"<p>(JBCNEWS &#8211; DF 12\/02 &#8211; O chefe da diplomacia americana, Antony Blinken, conversou nesta quinta-feira (11) com o chanceler brasileiro, Ernesto Ara\u00fajo, em um telefonema no<span class=\"excerpt-hellip\"> [\u2026]<\/span><\/p>\n","protected":false},"author":1,"featured_media":2558,"comment_status":"open","ping_status":"open","sticky":false,"template":"","format":"standard","meta":{"footnotes":""},"categories":[34],"tags":[],"yoast_head":"<!-- This site is optimized with the Yoast SEO plugin v22.6 - https:\/\/yoast.com\/wordpress\/plugins\/seo\/ -->\n<title>Chefe da diplomacia americana liga para chanceler brasileiro - JBCNews<\/title>\n<meta name=\"robots\" content=\"index, follow, max-snippet:-1, max-image-preview:large, max-video-preview:-1\" \/>\n<link rel=\"canonical\" href=\"https:\/\/jbcnews.com.br\/index.php\/2021\/02\/12\/chefe-da-diplomacia-americana-liga-para-chanceler-brasileiro\/\" \/>\n<meta property=\"og:locale\" content=\"pt_BR\" \/>\n<meta property=\"og:type\" content=\"article\" \/>\n<meta property=\"og:title\" content=\"Chefe da diplomacia americana liga para chanceler brasileiro - JBCNews\" \/>\n<meta property=\"og:description\" content=\"(JBCNEWS &#8211; DF 12\/02 &#8211; O chefe da diplomacia americana, Antony Blinken, conversou nesta quinta-feira (11) com o chanceler brasileiro, Ernesto Ara\u00fajo, em um telefonema no [\u2026]\" \/>\n<meta property=\"og:url\" content=\"https:\/\/jbcnews.com.br\/index.php\/2021\/02\/12\/chefe-da-diplomacia-americana-liga-para-chanceler-brasileiro\/\" \/>\n<meta property=\"og:site_name\" content=\"JBCNews\" \/>\n<meta property=\"article:published_time\" content=\"2021-02-12T16:26:41+00:00\" \/>\n<meta property=\"article:modified_time\" content=\"2021-05-07T16:37:57+00:00\" \/>\n<meta property=\"og:image\" content=\"https:\/\/jbcnews.com.br\/wp-content\/uploads\/2021\/02\/imagem-26-1.png\" \/>\n\t<meta property=\"og:image:width\" content=\"768\" \/>\n\t<meta property=\"og:image:height\" content=\"511\" \/>\n\t<meta property=\"og:image:type\" content=\"image\/png\" \/>\n<meta name=\"author\" content=\"admin\" \/>\n<meta name=\"twitter:card\" content=\"summary_large_image\" \/>\n<meta name=\"twitter:label1\" content=\"Escrito por\" \/>\n\t<meta name=\"twitter:data1\" content=\"admin\" \/>\n\t<meta name=\"twitter:label2\" content=\"Est. tempo de leitura\" \/>\n\t<meta name=\"twitter:data2\" content=\"2 minutos\" \/>\n<script type=\"application\/ld+json\" class=\"yoast-schema-graph\">{\"@context\":\"https:\/\/schema.org\",\"@graph\":[{\"@type\":\"WebPage\",\"@id\":\"https:\/\/jbcnews.com.br\/index.php\/2021\/02\/12\/chefe-da-diplomacia-americana-liga-para-chanceler-brasileiro\/\",\"url\":\"https:\/\/jbcnews.com.br\/index.php\/2021\/02\/12\/chefe-da-diplomacia-americana-liga-para-chanceler-brasileiro\/\",\"name\":\"Chefe da diplomacia americana liga para chanceler brasileiro - JBCNews\",\"isPartOf\":{\"@id\":\"https:\/\/jbcnews.com.br\/#website\"},\"primaryImageOfPage\":{\"@id\":\"https:\/\/jbcnews.com.br\/index.php\/2021\/02\/12\/chefe-da-diplomacia-americana-liga-para-chanceler-brasileiro\/#primaryimage\"},\"image\":{\"@id\":\"https:\/\/jbcnews.com.br\/index.php\/2021\/02\/12\/chefe-da-diplomacia-americana-liga-para-chanceler-brasileiro\/#primaryimage\"},\"thumbnailUrl\":\"https:\/\/jbcnews.com.br\/wp-content\/uploads\/2021\/02\/imagem-26-1.png\",\"datePublished\":\"2021-02-12T16:26:41+00:00\",\"dateModified\":\"2021-05-07T16:37:57+00:00\",\"author\":{\"@id\":\"https:\/\/jbcnews.com.br\/#\/schema\/person\/3b597ec20ccf92d0adc436057caf9bbe\"},\"breadcrumb\":{\"@id\":\"https:\/\/jbcnews.com.br\/index.php\/2021\/02\/12\/chefe-da-diplomacia-americana-liga-para-chanceler-brasileiro\/#breadcrumb\"},\"inLanguage\":\"pt-BR\",\"potentialAction\":[{\"@type\":\"ReadAction\",\"target\":[\"https:\/\/jbcnews.com.br\/index.php\/2021\/02\/12\/chefe-da-diplomacia-americana-liga-para-chanceler-brasileiro\/\"]}]},{\"@type\":\"ImageObject\",\"inLanguage\":\"pt-BR\",\"@id\":\"https:\/\/jbcnews.com.br\/index.php\/2021\/02\/12\/chefe-da-diplomacia-americana-liga-para-chanceler-brasileiro\/#primaryimage\",\"url\":\"https:\/\/jbcnews.com.br\/wp-content\/uploads\/2021\/02\/imagem-26-1.png\",\"contentUrl\":\"https:\/\/jbcnews.com.br\/wp-content\/uploads\/2021\/02\/imagem-26-1.png\",\"width\":768,\"height\":511},{\"@type\":\"BreadcrumbList\",\"@id\":\"https:\/\/jbcnews.com.br\/index.php\/2021\/02\/12\/chefe-da-diplomacia-americana-liga-para-chanceler-brasileiro\/#breadcrumb\",\"itemListElement\":[{\"@type\":\"ListItem\",\"position\":1,\"name\":\"In\u00edcio\",\"item\":\"https:\/\/jbcnews.com.br\/\"},{\"@type\":\"ListItem\",\"position\":2,\"name\":\"Chefe da diplomacia americana liga para chanceler brasileiro\"}]},{\"@type\":\"WebSite\",\"@id\":\"https:\/\/jbcnews.com.br\/#website\",\"url\":\"https:\/\/jbcnews.com.br\/\",\"name\":\"JBCNews\",\"description\":\"Comunica\u00e7\u00e3o e Cultura\",\"potentialAction\":[{\"@type\":\"SearchAction\",\"target\":{\"@type\":\"EntryPoint\",\"urlTemplate\":\"https:\/\/jbcnews.com.br\/?s={search_term_string}\"},\"query-input\":\"required name=search_term_string\"}],\"inLanguage\":\"pt-BR\"},{\"@type\":\"Person\",\"@id\":\"https:\/\/jbcnews.com.br\/#\/schema\/person\/3b597ec20ccf92d0adc436057caf9bbe\",\"name\":\"admin\",\"image\":{\"@type\":\"ImageObject\",\"inLanguage\":\"pt-BR\",\"@id\":\"https:\/\/jbcnews.com.br\/#\/schema\/person\/image\/\",\"url\":\"https:\/\/secure.gravatar.com\/avatar\/fe848d2435b65c3ed1cdd3a8e8f3bb2d?s=96&d=mm&r=g\",\"contentUrl\":\"https:\/\/secure.gravatar.com\/avatar\/fe848d2435b65c3ed1cdd3a8e8f3bb2d?s=96&d=mm&r=g\",\"caption\":\"admin\"},\"sameAs\":[\"https:\/\/jbcnews.com.br\"],\"url\":\"https:\/\/jbcnews.com.br\/index.php\/author\/jbcnews\/\"}]}<\/script>\n<!-- \/ Yoast SEO plugin. -->","yoast_head_json":{"title":"Chefe da diplomacia americana liga para chanceler brasileiro - JBCNews","robots":{"index":"index","follow":"follow","max-snippet":"max-snippet:-1","max-image-preview":"max-image-preview:large","max-video-preview":"max-video-preview:-1"},"canonical":"https:\/\/jbcnews.com.br\/index.php\/2021\/02\/12\/chefe-da-diplomacia-americana-liga-para-chanceler-brasileiro\/","og_locale":"pt_BR","og_type":"article","og_title":"Chefe da diplomacia americana liga para chanceler brasileiro - JBCNews","og_description":"(JBCNEWS &#8211; DF 12\/02 &#8211; O chefe da diplomacia americana, Antony Blinken, conversou nesta quinta-feira (11) com o chanceler brasileiro, Ernesto Ara\u00fajo, em um telefonema no [\u2026]","og_url":"https:\/\/jbcnews.com.br\/index.php\/2021\/02\/12\/chefe-da-diplomacia-americana-liga-para-chanceler-brasileiro\/","og_site_name":"JBCNews","article_published_time":"2021-02-12T16:26:41+00:00","article_modified_time":"2021-05-07T16:37:57+00:00","og_image":[{"width":768,"height":511,"url":"https:\/\/jbcnews.com.br\/wp-content\/uploads\/2021\/02\/imagem-26-1.png","type":"image\/png"}],"author":"admin","twitter_card":"summary_large_image","twitter_misc":{"Escrito por":"admin","Est. tempo de leitura":"2 minutos"},"schema":{"@context":"https:\/\/schema.org","@graph":[{"@type":"WebPage","@id":"https:\/\/jbcnews.com.br\/index.php\/2021\/02\/12\/chefe-da-diplomacia-americana-liga-para-chanceler-brasileiro\/","url":"https:\/\/jbcnews.com.br\/index.php\/2021\/02\/12\/chefe-da-diplomacia-americana-liga-para-chanceler-brasileiro\/","name":"Chefe da diplomacia americana liga para chanceler brasileiro - JBCNews","isPartOf":{"@id":"https:\/\/jbcnews.com.br\/#website"},"primaryImageOfPage":{"@id":"https:\/\/jbcnews.com.br\/index.php\/2021\/02\/12\/chefe-da-diplomacia-americana-liga-para-chanceler-brasileiro\/#primaryimage"},"image":{"@id":"https:\/\/jbcnews.com.br\/index.php\/2021\/02\/12\/chefe-da-diplomacia-americana-liga-para-chanceler-brasileiro\/#primaryimage"},"thumbnailUrl":"https:\/\/jbcnews.com.br\/wp-content\/uploads\/2021\/02\/imagem-26-1.png","datePublished":"2021-02-12T16:26:41+00:00","dateModified":"2021-05-07T16:37:57+00:00","author":{"@id":"https:\/\/jbcnews.com.br\/#\/schema\/person\/3b597ec20ccf92d0adc436057caf9bbe"},"breadcrumb":{"@id":"https:\/\/jbcnews.com.br\/index.php\/2021\/02\/12\/chefe-da-diplomacia-americana-liga-para-chanceler-brasileiro\/#breadcrumb"},"inLanguage":"pt-BR","potentialAction":[{"@type":"ReadAction","target":["https:\/\/jbcnews.com.br\/index.php\/2021\/02\/12\/chefe-da-diplomacia-americana-liga-para-chanceler-brasileiro\/"]}]},{"@type":"ImageObject","inLanguage":"pt-BR","@id":"https:\/\/jbcnews.com.br\/index.php\/2021\/02\/12\/chefe-da-diplomacia-americana-liga-para-chanceler-brasileiro\/#primaryimage","url":"https:\/\/jbcnews.com.br\/wp-content\/uploads\/2021\/02\/imagem-26-1.png","contentUrl":"https:\/\/jbcnews.com.br\/wp-content\/uploads\/2021\/02\/imagem-26-1.png","width":768,"height":511},{"@type":"BreadcrumbList","@id":"https:\/\/jbcnews.com.br\/index.php\/2021\/02\/12\/chefe-da-diplomacia-americana-liga-para-chanceler-brasileiro\/#breadcrumb","itemListElement":[{"@type":"ListItem","position":1,"name":"In\u00edcio","item":"https:\/\/jbcnews.com.br\/"},{"@type":"ListItem","position":2,"name":"Chefe da diplomacia americana liga para chanceler brasileiro"}]},{"@type":"WebSite","@id":"https:\/\/jbcnews.com.br\/#website","url":"https:\/\/jbcnews.com.br\/","name":"JBCNews","description":"Comunica\u00e7\u00e3o e Cultura","potentialAction":[{"@type":"SearchAction","target":{"@type":"EntryPoint","urlTemplate":"https:\/\/jbcnews.com.br\/?s={search_term_string}"},"query-input":"required name=search_term_string"}],"inLanguage":"pt-BR"},{"@type":"Person","@id":"https:\/\/jbcnews.com.br\/#\/schema\/person\/3b597ec20ccf92d0adc436057caf9bbe","name":"admin","image":{"@type":"ImageObject","inLanguage":"pt-BR","@id":"https:\/\/jbcnews.com.br\/#\/schema\/person\/image\/","url":"https:\/\/secure.gravatar.com\/avatar\/fe848d2435b65c3ed1cdd3a8e8f3bb2d?s=96&d=mm&r=g","contentUrl":"https:\/\/secure.gravatar.com\/avatar\/fe848d2435b65c3ed1cdd3a8e8f3bb2d?s=96&d=mm&r=g","caption":"admin"},"sameAs":["https:\/\/jbcnews.com.br"],"url":"https:\/\/jbcnews.com.br\/index.php\/author\/jbcnews\/"}]}},"_links":{"self":[{"href":"https:\/\/jbcnews.com.br\/index.php\/wp-json\/wp\/v2\/posts\/2557"}],"collection":[{"href":"https:\/\/jbcnews.com.br\/index.php\/wp-json\/wp\/v2\/posts"}],"about":[{"href":"https:\/\/jbcnews.com.br\/index.php\/wp-json\/wp\/v2\/types\/post"}],"author":[{"embeddable":true,"href":"https:\/\/jbcnews.com.br\/index.php\/wp-json\/wp\/v2\/users\/1"}],"replies":[{"embeddable":true,"href":"https:\/\/jbcnews.com.br\/index.php\/wp-json\/wp\/v2\/comments?post=2557"}],"version-history":[{"count":1,"href":"https:\/\/jbcnews.com.br\/index.php\/wp-json\/wp\/v2\/posts\/2557\/revisions"}],"predecessor-version":[{"id":2559,"href":"https:\/\/jbcnews.com.br\/index.php\/wp-json\/wp\/v2\/posts\/2557\/revisions\/2559"}],"wp:featuredmedia":[{"embeddable":true,"href":"https:\/\/jbcnews.com.br\/index.php\/wp-json\/wp\/v2\/media\/2558"}],"wp:attachment":[{"href":"https:\/\/jbcnews.com.br\/index.php\/wp-json\/wp\/v2\/media?parent=2557"}],"wp:term":[{"taxonomy":"category","embeddable":true,"href":"https:\/\/jbcnews.com.br\/index.php\/wp-json\/wp\/v2\/categories?post=2557"},{"taxonomy":"post_tag","embeddable":true,"href":"https:\/\/jbcnews.com.br\/index.php\/wp-json\/wp\/v2\/tags?post=2557"}],"curies":[{"name":"wp","href":"https:\/\/api.w.org\/{rel}","templated":true}]}}