{"id":2554,"date":"2021-02-12T16:24:53","date_gmt":"2021-02-12T16:24:53","guid":{"rendered":"https:\/\/jbcnews.com.br\/?p=2554"},"modified":"2021-05-07T16:38:07","modified_gmt":"2021-05-07T16:38:07","slug":"em-conversa-com-fhc-doria-busca-esfriar-temperatura-da-crise-no-psdb","status":"publish","type":"post","link":"https:\/\/jbcnews.com.br\/index.php\/2021\/02\/12\/em-conversa-com-fhc-doria-busca-esfriar-temperatura-da-crise-no-psdb\/","title":{"rendered":"Em conversa com FHC, Doria busca esfriar temperatura da crise no PSDB"},"content":{"rendered":"\n<p>(JBCNEWS &#8211; DF 12\/02) &#8211; O governador Jo\u00e3o Doria (PSDB) quer abaixar a temperatura da crise aberta em seu partido nesta semana, visando retomar a discuss\u00e3o sobre sua candidatura \u00e0 Presid\u00eancia em 2022 um pouco mais \u00e0 frente.<\/p>\n\n\n\n<p>O pol\u00edtico conversou na manh\u00e3 desta quinta (11) com o patrono do tucanato, o ex-presidente Fernando Henrique Cardoso, sobre a turbul\u00eancia que afetou a sigla desde a elei\u00e7\u00e3o ao comando da C\u00e2mara dos Deputados, na semana passada.<\/p>\n\n\n\n<p>A bancada de 33 deputados do PSDB rachou, e estima-se que pelo menos a metade dela votou no candidato do presidente Jair Bolsonaro, advers\u00e1rio figadal de Doria, Arthur Lira (PP-AL).<\/p>\n\n\n\n<p>Na reuni\u00e3o, ocorrida no apartamento de FHC no bairro paulistano de Higien\u00f3polis, os dois pol\u00edticos concordaram que ningu\u00e9m ganhou com a confus\u00e3o que se deu a seguir -mas tamb\u00e9m que o PSDB precisa se firmar como oposi\u00e7\u00e3o a Bolsonaro se quiser ter chances no ano que vem.<\/p>\n\n\n\n<p>Com efeito, ningu\u00e9m comentou o teor da conversa oficialmente.<\/p>\n\n\n\n<p>FHC foi fiel ao seu estilo de &#8220;crise que entra no meu gabinete sai menor&#8221;, sem recrimina\u00e7\u00f5es. Isso n\u00e3o significa que, para Doria, a quest\u00e3o central do apoio de seu partido \u00e0 sua postula\u00e7\u00e3o esteja encerrada, ao contr\u00e1rio.<\/p>\n\n\n\n<p>Como rea\u00e7\u00e3o ao movimento na C\u00e2mara, que ele acusou publicamente ser obra do deputado A\u00e9cio Neves (PSDB-MG), Doria chamou membros da c\u00fapula tucana para jantar na segunda (8), como o jornal Folha de S.Paulo revelou.<\/p>\n\n\n\n<p>No encontro, v\u00e1rios aliados seus presentes abriram o jogo: queriam ver Doria na presid\u00eancia do PSDB, uma forma de criar uma ordem unida no partido, a exemplo do que o pr\u00f3prio A\u00e9cio fizeram em 2014, quando perdeu no olho mec\u00e2nico a elei\u00e7\u00e3o presidencial para Dilma Rousseff (PT).<\/p>\n\n\n\n<p>S\u00f3 que a forma com que a quest\u00e3o foi colocada, sem discuss\u00e3o interna pr\u00e9via, chocou alguns -a come\u00e7ar pelo presidente atual da sigla, Bruno Ara\u00fajo (PE), que esperava ser reconduzido na conven\u00e7\u00e3o de maio.<\/p>\n\n\n\n<p>Al\u00e9m disso, o plano de Doria inclu\u00eda um expurgo no PSDB, com um movimento para for\u00e7ar a sa\u00edda de A\u00e9cio de seus aliados, agregando em seus lugares Rodrigo Maia (DEM-RJ) e aliados.<\/p>\n\n\n\n<p>O DEM desmoronou ap\u00f3s a vit\u00f3ria de Lira, desafeto de Maia, quando seu presidente, ACM Neto (BA), liberou a sigla para votar em quem quisesse na C\u00e2mara -ent\u00e3o presidente da Casa, o deputado fluminense apoiava Baleia Rossi (MDB-SP).<\/p>\n\n\n\n<p>O rearranjo proposto por Doria resolvia a eventual aus\u00eancia do DEM de sua equa\u00e7\u00e3o com a sigla e o MDB para 2022.<\/p>\n\n\n\n<p>Na ter\u00e7a (9), o governador jantou com ACM Neto e foi averbada uma suposta independ\u00eancia do partido do baiano em rela\u00e7\u00e3o a Bolsonaro -ningu\u00e9m no Pal\u00e1cio dos Bandeirantes a comprou pelo valor de face.<\/p>\n\n\n\n<p>O estrago no PSDB estava feito. Deputados incentivados por A\u00e9cio marcaram um evento de apoio ao lan\u00e7amento do governador ga\u00facho, Eduardo Leite, como presidenci\u00e1vel tucano nesta quinta.<\/p>\n\n\n\n<p>A ideia desagradou a FHC e a seus aliados, a chamada velha guarda do tucanato. Leite \u00e9 bem visto como gestor e pol\u00edtico promissor por eles, mas sua posi\u00e7\u00e3o de antagonismo a Doria neste momento foi interpretada como vaidade dispens\u00e1vel para um partido em frangalhos.<\/p>\n\n\n\n<p>Repercutiu no grupo especialmente mal a entrevista dada pelo ga\u00facho ao jornal O Globo, na qual ele reverberou os ataques de A\u00e9cio a Doria, lembrando que o tucano associou-se a Bolsonaro no segundo turno de 2018 -depois, afirmou ter se arrependido e hoje \u00e9 o maior rival do presidente com cargo eletivo.<\/p>\n\n\n\n<p>Tamb\u00e9m foi visto como um erro de Doria ter alimentado um bate-boca com A\u00e9cio, que havia submergido da pol\u00edtica nacional desde que foi divulgada a conversa na qual ele pedia R$ 2 milh\u00f5es do empres\u00e1rio Joesley Batista, que lhe rendeu uma a\u00e7\u00e3o no Supremo Tribunal Federal.<\/p>\n\n\n\n<p>A\u00e9cio retomou o caso BolsoDoria, o apelido do voto sugerido em S\u00e3o Paulo em 2018, para irrita\u00e7\u00e3o dos aliados do governador. Ambos trocaram notas duras, e Doria pediu publicamente o afastamento do mineiro do PSDB, o chamando de adesista.<\/p>\n\n\n\n<p>A isso se somou a coloca\u00e7\u00e3o em evid\u00eancia de Leite, pouco conhecido nacionalmente, e o movimento interno do PSDB para a perman\u00eancia de Bruno Ara\u00fajo na chefia da sigla por pelo menos mais um ano.<\/p>\n\n\n\n<p>Para a sorte de todos os defensores dos panos quentes, o feriado do Carnaval, que ocorrer\u00e1 na pr\u00e1tica no mundo pol\u00edtico, est\u00e1 \u00e0s portas. Isso pode ajudar a esfriar os \u00e2nimos, embora n\u00e3o resolva o problema de Doria e do PSDB.<\/p>\n\n\n\n<p>Seus aliados sustentam que seu nome em 2022 \u00e9 incontorn\u00e1vel, dada a densidade do cargo e o papel de destaque no combate \u00e0 pandemia, com o investimento na vacina chinesa Corona Vac. Seus advers\u00e1rios o descartam, citando voluntarismo pouco afeito aos ritos tradicionais da pol\u00edtica e sua imagem, que seria excessivamente paulista.<\/p>\n","protected":false},"excerpt":{"rendered":"<p>(JBCNEWS &#8211; DF 12\/02) &#8211; O governador Jo\u00e3o Doria (PSDB) quer abaixar a temperatura da crise aberta em seu partido nesta semana, visando retomar a discuss\u00e3o<span class=\"excerpt-hellip\"> [\u2026]<\/span><\/p>\n","protected":false},"author":1,"featured_media":2555,"comment_status":"open","ping_status":"open","sticky":false,"template":"","format":"standard","meta":{"footnotes":""},"categories":[20],"tags":[],"yoast_head":"<!-- This site is optimized with the Yoast SEO plugin v22.6 - https:\/\/yoast.com\/wordpress\/plugins\/seo\/ -->\n<title>Em conversa com FHC, Doria busca esfriar temperatura da crise no PSDB - JBCNews<\/title>\n<meta name=\"robots\" content=\"index, follow, max-snippet:-1, max-image-preview:large, max-video-preview:-1\" \/>\n<link rel=\"canonical\" href=\"https:\/\/jbcnews.com.br\/index.php\/2021\/02\/12\/em-conversa-com-fhc-doria-busca-esfriar-temperatura-da-crise-no-psdb\/\" \/>\n<meta property=\"og:locale\" content=\"pt_BR\" \/>\n<meta property=\"og:type\" content=\"article\" \/>\n<meta property=\"og:title\" content=\"Em conversa com FHC, Doria busca esfriar temperatura da crise no PSDB - JBCNews\" \/>\n<meta property=\"og:description\" content=\"(JBCNEWS &#8211; DF 12\/02) &#8211; O governador Jo\u00e3o Doria (PSDB) quer abaixar a temperatura da crise aberta em seu partido nesta semana, visando retomar a discuss\u00e3o [\u2026]\" \/>\n<meta property=\"og:url\" content=\"https:\/\/jbcnews.com.br\/index.php\/2021\/02\/12\/em-conversa-com-fhc-doria-busca-esfriar-temperatura-da-crise-no-psdb\/\" \/>\n<meta property=\"og:site_name\" content=\"JBCNews\" \/>\n<meta property=\"article:published_time\" content=\"2021-02-12T16:24:53+00:00\" \/>\n<meta property=\"article:modified_time\" content=\"2021-05-07T16:38:07+00:00\" \/>\n<meta property=\"og:image\" content=\"https:\/\/jbcnews.com.br\/wp-content\/uploads\/2021\/02\/imagem-25-1.png\" \/>\n\t<meta property=\"og:image:width\" content=\"959\" \/>\n\t<meta property=\"og:image:height\" content=\"640\" \/>\n\t<meta property=\"og:image:type\" content=\"image\/png\" \/>\n<meta name=\"author\" content=\"admin\" \/>\n<meta name=\"twitter:card\" content=\"summary_large_image\" \/>\n<meta name=\"twitter:label1\" content=\"Escrito por\" \/>\n\t<meta name=\"twitter:data1\" content=\"admin\" \/>\n\t<meta name=\"twitter:label2\" content=\"Est. tempo de leitura\" \/>\n\t<meta name=\"twitter:data2\" content=\"4 minutos\" \/>\n<script type=\"application\/ld+json\" class=\"yoast-schema-graph\">{\"@context\":\"https:\/\/schema.org\",\"@graph\":[{\"@type\":\"WebPage\",\"@id\":\"https:\/\/jbcnews.com.br\/index.php\/2021\/02\/12\/em-conversa-com-fhc-doria-busca-esfriar-temperatura-da-crise-no-psdb\/\",\"url\":\"https:\/\/jbcnews.com.br\/index.php\/2021\/02\/12\/em-conversa-com-fhc-doria-busca-esfriar-temperatura-da-crise-no-psdb\/\",\"name\":\"Em conversa com FHC, Doria busca esfriar temperatura da crise no PSDB - JBCNews\",\"isPartOf\":{\"@id\":\"https:\/\/jbcnews.com.br\/#website\"},\"primaryImageOfPage\":{\"@id\":\"https:\/\/jbcnews.com.br\/index.php\/2021\/02\/12\/em-conversa-com-fhc-doria-busca-esfriar-temperatura-da-crise-no-psdb\/#primaryimage\"},\"image\":{\"@id\":\"https:\/\/jbcnews.com.br\/index.php\/2021\/02\/12\/em-conversa-com-fhc-doria-busca-esfriar-temperatura-da-crise-no-psdb\/#primaryimage\"},\"thumbnailUrl\":\"https:\/\/jbcnews.com.br\/wp-content\/uploads\/2021\/02\/imagem-25-1.png\",\"datePublished\":\"2021-02-12T16:24:53+00:00\",\"dateModified\":\"2021-05-07T16:38:07+00:00\",\"author\":{\"@id\":\"https:\/\/jbcnews.com.br\/#\/schema\/person\/3b597ec20ccf92d0adc436057caf9bbe\"},\"breadcrumb\":{\"@id\":\"https:\/\/jbcnews.com.br\/index.php\/2021\/02\/12\/em-conversa-com-fhc-doria-busca-esfriar-temperatura-da-crise-no-psdb\/#breadcrumb\"},\"inLanguage\":\"pt-BR\",\"potentialAction\":[{\"@type\":\"ReadAction\",\"target\":[\"https:\/\/jbcnews.com.br\/index.php\/2021\/02\/12\/em-conversa-com-fhc-doria-busca-esfriar-temperatura-da-crise-no-psdb\/\"]}]},{\"@type\":\"ImageObject\",\"inLanguage\":\"pt-BR\",\"@id\":\"https:\/\/jbcnews.com.br\/index.php\/2021\/02\/12\/em-conversa-com-fhc-doria-busca-esfriar-temperatura-da-crise-no-psdb\/#primaryimage\",\"url\":\"https:\/\/jbcnews.com.br\/wp-content\/uploads\/2021\/02\/imagem-25-1.png\",\"contentUrl\":\"https:\/\/jbcnews.com.br\/wp-content\/uploads\/2021\/02\/imagem-25-1.png\",\"width\":959,\"height\":640},{\"@type\":\"BreadcrumbList\",\"@id\":\"https:\/\/jbcnews.com.br\/index.php\/2021\/02\/12\/em-conversa-com-fhc-doria-busca-esfriar-temperatura-da-crise-no-psdb\/#breadcrumb\",\"itemListElement\":[{\"@type\":\"ListItem\",\"position\":1,\"name\":\"In\u00edcio\",\"item\":\"https:\/\/jbcnews.com.br\/\"},{\"@type\":\"ListItem\",\"position\":2,\"name\":\"Em conversa com FHC, Doria busca esfriar temperatura da crise no PSDB\"}]},{\"@type\":\"WebSite\",\"@id\":\"https:\/\/jbcnews.com.br\/#website\",\"url\":\"https:\/\/jbcnews.com.br\/\",\"name\":\"JBCNews\",\"description\":\"Comunica\u00e7\u00e3o e Cultura\",\"potentialAction\":[{\"@type\":\"SearchAction\",\"target\":{\"@type\":\"EntryPoint\",\"urlTemplate\":\"https:\/\/jbcnews.com.br\/?s={search_term_string}\"},\"query-input\":\"required name=search_term_string\"}],\"inLanguage\":\"pt-BR\"},{\"@type\":\"Person\",\"@id\":\"https:\/\/jbcnews.com.br\/#\/schema\/person\/3b597ec20ccf92d0adc436057caf9bbe\",\"name\":\"admin\",\"image\":{\"@type\":\"ImageObject\",\"inLanguage\":\"pt-BR\",\"@id\":\"https:\/\/jbcnews.com.br\/#\/schema\/person\/image\/\",\"url\":\"https:\/\/secure.gravatar.com\/avatar\/fe848d2435b65c3ed1cdd3a8e8f3bb2d?s=96&d=mm&r=g\",\"contentUrl\":\"https:\/\/secure.gravatar.com\/avatar\/fe848d2435b65c3ed1cdd3a8e8f3bb2d?s=96&d=mm&r=g\",\"caption\":\"admin\"},\"sameAs\":[\"https:\/\/jbcnews.com.br\"],\"url\":\"https:\/\/jbcnews.com.br\/index.php\/author\/jbcnews\/\"}]}<\/script>\n<!-- \/ Yoast SEO plugin. -->","yoast_head_json":{"title":"Em conversa com FHC, Doria busca esfriar temperatura da crise no PSDB - JBCNews","robots":{"index":"index","follow":"follow","max-snippet":"max-snippet:-1","max-image-preview":"max-image-preview:large","max-video-preview":"max-video-preview:-1"},"canonical":"https:\/\/jbcnews.com.br\/index.php\/2021\/02\/12\/em-conversa-com-fhc-doria-busca-esfriar-temperatura-da-crise-no-psdb\/","og_locale":"pt_BR","og_type":"article","og_title":"Em conversa com FHC, Doria busca esfriar temperatura da crise no PSDB - JBCNews","og_description":"(JBCNEWS &#8211; DF 12\/02) &#8211; O governador Jo\u00e3o Doria (PSDB) quer abaixar a temperatura da crise aberta em seu partido nesta semana, visando retomar a discuss\u00e3o [\u2026]","og_url":"https:\/\/jbcnews.com.br\/index.php\/2021\/02\/12\/em-conversa-com-fhc-doria-busca-esfriar-temperatura-da-crise-no-psdb\/","og_site_name":"JBCNews","article_published_time":"2021-02-12T16:24:53+00:00","article_modified_time":"2021-05-07T16:38:07+00:00","og_image":[{"width":959,"height":640,"url":"https:\/\/jbcnews.com.br\/wp-content\/uploads\/2021\/02\/imagem-25-1.png","type":"image\/png"}],"author":"admin","twitter_card":"summary_large_image","twitter_misc":{"Escrito por":"admin","Est. tempo de leitura":"4 minutos"},"schema":{"@context":"https:\/\/schema.org","@graph":[{"@type":"WebPage","@id":"https:\/\/jbcnews.com.br\/index.php\/2021\/02\/12\/em-conversa-com-fhc-doria-busca-esfriar-temperatura-da-crise-no-psdb\/","url":"https:\/\/jbcnews.com.br\/index.php\/2021\/02\/12\/em-conversa-com-fhc-doria-busca-esfriar-temperatura-da-crise-no-psdb\/","name":"Em conversa com FHC, Doria busca esfriar temperatura da crise no PSDB - JBCNews","isPartOf":{"@id":"https:\/\/jbcnews.com.br\/#website"},"primaryImageOfPage":{"@id":"https:\/\/jbcnews.com.br\/index.php\/2021\/02\/12\/em-conversa-com-fhc-doria-busca-esfriar-temperatura-da-crise-no-psdb\/#primaryimage"},"image":{"@id":"https:\/\/jbcnews.com.br\/index.php\/2021\/02\/12\/em-conversa-com-fhc-doria-busca-esfriar-temperatura-da-crise-no-psdb\/#primaryimage"},"thumbnailUrl":"https:\/\/jbcnews.com.br\/wp-content\/uploads\/2021\/02\/imagem-25-1.png","datePublished":"2021-02-12T16:24:53+00:00","dateModified":"2021-05-07T16:38:07+00:00","author":{"@id":"https:\/\/jbcnews.com.br\/#\/schema\/person\/3b597ec20ccf92d0adc436057caf9bbe"},"breadcrumb":{"@id":"https:\/\/jbcnews.com.br\/index.php\/2021\/02\/12\/em-conversa-com-fhc-doria-busca-esfriar-temperatura-da-crise-no-psdb\/#breadcrumb"},"inLanguage":"pt-BR","potentialAction":[{"@type":"ReadAction","target":["https:\/\/jbcnews.com.br\/index.php\/2021\/02\/12\/em-conversa-com-fhc-doria-busca-esfriar-temperatura-da-crise-no-psdb\/"]}]},{"@type":"ImageObject","inLanguage":"pt-BR","@id":"https:\/\/jbcnews.com.br\/index.php\/2021\/02\/12\/em-conversa-com-fhc-doria-busca-esfriar-temperatura-da-crise-no-psdb\/#primaryimage","url":"https:\/\/jbcnews.com.br\/wp-content\/uploads\/2021\/02\/imagem-25-1.png","contentUrl":"https:\/\/jbcnews.com.br\/wp-content\/uploads\/2021\/02\/imagem-25-1.png","width":959,"height":640},{"@type":"BreadcrumbList","@id":"https:\/\/jbcnews.com.br\/index.php\/2021\/02\/12\/em-conversa-com-fhc-doria-busca-esfriar-temperatura-da-crise-no-psdb\/#breadcrumb","itemListElement":[{"@type":"ListItem","position":1,"name":"In\u00edcio","item":"https:\/\/jbcnews.com.br\/"},{"@type":"ListItem","position":2,"name":"Em conversa com FHC, Doria busca esfriar temperatura da crise no PSDB"}]},{"@type":"WebSite","@id":"https:\/\/jbcnews.com.br\/#website","url":"https:\/\/jbcnews.com.br\/","name":"JBCNews","description":"Comunica\u00e7\u00e3o e Cultura","potentialAction":[{"@type":"SearchAction","target":{"@type":"EntryPoint","urlTemplate":"https:\/\/jbcnews.com.br\/?s={search_term_string}"},"query-input":"required name=search_term_string"}],"inLanguage":"pt-BR"},{"@type":"Person","@id":"https:\/\/jbcnews.com.br\/#\/schema\/person\/3b597ec20ccf92d0adc436057caf9bbe","name":"admin","image":{"@type":"ImageObject","inLanguage":"pt-BR","@id":"https:\/\/jbcnews.com.br\/#\/schema\/person\/image\/","url":"https:\/\/secure.gravatar.com\/avatar\/fe848d2435b65c3ed1cdd3a8e8f3bb2d?s=96&d=mm&r=g","contentUrl":"https:\/\/secure.gravatar.com\/avatar\/fe848d2435b65c3ed1cdd3a8e8f3bb2d?s=96&d=mm&r=g","caption":"admin"},"sameAs":["https:\/\/jbcnews.com.br"],"url":"https:\/\/jbcnews.com.br\/index.php\/author\/jbcnews\/"}]}},"_links":{"self":[{"href":"https:\/\/jbcnews.com.br\/index.php\/wp-json\/wp\/v2\/posts\/2554"}],"collection":[{"href":"https:\/\/jbcnews.com.br\/index.php\/wp-json\/wp\/v2\/posts"}],"about":[{"href":"https:\/\/jbcnews.com.br\/index.php\/wp-json\/wp\/v2\/types\/post"}],"author":[{"embeddable":true,"href":"https:\/\/jbcnews.com.br\/index.php\/wp-json\/wp\/v2\/users\/1"}],"replies":[{"embeddable":true,"href":"https:\/\/jbcnews.com.br\/index.php\/wp-json\/wp\/v2\/comments?post=2554"}],"version-history":[{"count":1,"href":"https:\/\/jbcnews.com.br\/index.php\/wp-json\/wp\/v2\/posts\/2554\/revisions"}],"predecessor-version":[{"id":2556,"href":"https:\/\/jbcnews.com.br\/index.php\/wp-json\/wp\/v2\/posts\/2554\/revisions\/2556"}],"wp:featuredmedia":[{"embeddable":true,"href":"https:\/\/jbcnews.com.br\/index.php\/wp-json\/wp\/v2\/media\/2555"}],"wp:attachment":[{"href":"https:\/\/jbcnews.com.br\/index.php\/wp-json\/wp\/v2\/media?parent=2554"}],"wp:term":[{"taxonomy":"category","embeddable":true,"href":"https:\/\/jbcnews.com.br\/index.php\/wp-json\/wp\/v2\/categories?post=2554"},{"taxonomy":"post_tag","embeddable":true,"href":"https:\/\/jbcnews.com.br\/index.php\/wp-json\/wp\/v2\/tags?post=2554"}],"curies":[{"name":"wp","href":"https:\/\/api.w.org\/{rel}","templated":true}]}}