{"id":2547,"date":"2021-02-12T16:16:23","date_gmt":"2021-02-12T16:16:23","guid":{"rendered":"https:\/\/jbcnews.com.br\/?p=2547"},"modified":"2021-05-07T16:38:31","modified_gmt":"2021-05-07T16:38:31","slug":"eduardo-leite-sinaliza-que-esta-disposto-a-disputar-a-presidencia-em-2022","status":"publish","type":"post","link":"https:\/\/jbcnews.com.br\/index.php\/2021\/02\/12\/eduardo-leite-sinaliza-que-esta-disposto-a-disputar-a-presidencia-em-2022\/","title":{"rendered":"Eduardo Leite sinaliza que est\u00e1 disposto a disputar a Presid\u00eancia em 2022"},"content":{"rendered":"\n<p>(JBCNEWS &#8211; DF 12\/02) &#8211; O governador do Rio Grande do Sul,&nbsp;<a href=\"https:\/\/br.yahoo.com\/noticias\/o-psdb-se-desconectou-dos-091000484.html\" target=\"_blank\" rel=\"noreferrer noopener\"><strong>Eduardo Leite<\/strong><\/a>, sinalizou nesta quinta-feira (11) que est\u00e1 disposto a disputar a vaga de candidato do PSDB \u00e0 Presid\u00eancia da Rep\u00fablica em 2022. Em almo\u00e7o com parlamentares e dirigentes tucanos, ele refor\u00e7ou a necessidade de haver di\u00e1logo pol\u00edtico para que reformas sejam aprovadas.<\/p>\n\n\n\n<p>O evento foi uma rea\u00e7\u00e3o \u00e0 tentativa de Jo\u00e3o Doria, governador de S\u00e3o Paulo, de tomar controle do partido em um movimento para&nbsp;<a href=\"https:\/\/br.yahoo.com\/noticias\/como-anda-tabuleiro-de-xadrez-para-eleicao-de-2022-165650525.html\" target=\"_blank\" rel=\"noreferrer noopener\"><strong>consolidar sua candidatura<\/strong><\/a>.<\/p>\n\n\n\n<h4 class=\"wp-block-heading\">Leia tamb\u00e9m<\/h4>\n\n\n\n<p>No entanto, Eduardo Leite atraiu o interesse de congressistas de diversos estados e reuniu cerca de 20 participantes no almo\u00e7o de hoje.<\/p>\n\n\n\n<p>Em entrevista a jornalistas, nesta quinta, o governador ga\u00facho alfinetou Doria ao lembrar do voto &#8220;Bolso Doria&#8221; em 2018. O governador paulista quer se apresentar na pr\u00f3xima elei\u00e7\u00e3o como&nbsp;<a href=\"https:\/\/br.yahoo.com\/noticias\/doria-destaca-que-psdb-e-oposicao-ao-governo-negacionista-e-incompetente-de-bolsonaro-170900100.html\" target=\"_blank\" rel=\"noreferrer noopener\"><strong>candidato de oposi\u00e7\u00e3o<\/strong><\/a>&nbsp;ao governo&nbsp;<a href=\"https:\/\/br.yahoo.com\/topics\/ultimas-noticias-presidente-jair-bolsonaro\" target=\"_blank\" rel=\"noreferrer noopener\"><strong>Jair Bolsonaro<\/strong><\/a>.<\/p>\n\n\n\n<p>&#8220;Diferentemente do governador Doria, eu n\u00e3o fiz campanha casada com Bolsonaro, n\u00e3o manifestei apoio ao candidato. Em nenhum momento misturei o meu sobrenome ao dele. Pelo contr\u00e1rio, me manifestei como eleitor entre duas alternativas, para que logo depois de tantos esc\u00e2ndalos de corrup\u00e7\u00e3o, n\u00e3o houvesse o retorno ao poder do PT&#8221;, disse.<\/p>\n\n\n\n<p>Em mais um recado indireto a Jo\u00e3o Doria, Eduardo Leite destacou que &#8220;Presid\u00eancia da Rep\u00fablica n\u00e3o se d\u00e1 por aspira\u00e7\u00e3o pessoal apenas&#8221;.<\/p>\n\n\n\n<p>&#8220;\u00c9 leg\u00edtimo que tenha a aspira\u00e7\u00e3o de ascender \u00e0 posi\u00e7\u00e3o da Presid\u00eancia da Rep\u00fablica. Mas n\u00e3o pode de qualquer maneira, se tem verdadeira inten\u00e7\u00e3o de contribuir com o pa\u00eds, fazer a sua aspira\u00e7\u00e3o pessoal maior do que a necessidade de encontrar uma maior converg\u00eancia, em torno de uma candidatura que represente aquilo que n\u00f3s entendemos que o Brasil precisa&#8221;, afirmou.<\/p>\n\n\n\n<p>&#8220;Porque a candidatura de um partido, especialmente como o PSDB, n\u00e3o \u00e9 para atender aspira\u00e7\u00f5es pessoais, mas sim um projeto que o pa\u00eds precisa&#8221;, ressaltou o governador, que representa a nova pol\u00edtica brasileira no momento.<\/p>\n","protected":false},"excerpt":{"rendered":"<p>(JBCNEWS &#8211; DF 12\/02) &#8211; O governador do Rio Grande do Sul,&nbsp;Eduardo Leite, sinalizou nesta quinta-feira (11) que est\u00e1 disposto a disputar a vaga de candidato<span class=\"excerpt-hellip\"> [\u2026]<\/span><\/p>\n","protected":false},"author":1,"featured_media":2548,"comment_status":"open","ping_status":"open","sticky":false,"template":"","format":"standard","meta":{"footnotes":""},"categories":[33,20],"tags":[],"yoast_head":"<!-- This site is optimized with the Yoast SEO plugin v22.6 - https:\/\/yoast.com\/wordpress\/plugins\/seo\/ -->\n<title>Eduardo Leite sinaliza que est\u00e1 disposto a disputar a Presid\u00eancia em 2022 - JBCNews<\/title>\n<meta name=\"robots\" content=\"index, follow, max-snippet:-1, max-image-preview:large, max-video-preview:-1\" \/>\n<link rel=\"canonical\" href=\"https:\/\/jbcnews.com.br\/index.php\/2021\/02\/12\/eduardo-leite-sinaliza-que-esta-disposto-a-disputar-a-presidencia-em-2022\/\" \/>\n<meta property=\"og:locale\" content=\"pt_BR\" \/>\n<meta property=\"og:type\" content=\"article\" \/>\n<meta property=\"og:title\" content=\"Eduardo Leite sinaliza que est\u00e1 disposto a disputar a Presid\u00eancia em 2022 - JBCNews\" \/>\n<meta property=\"og:description\" content=\"(JBCNEWS &#8211; DF 12\/02) &#8211; O governador do Rio Grande do Sul,&nbsp;Eduardo Leite, sinalizou nesta quinta-feira (11) que est\u00e1 disposto a disputar a vaga de candidato [\u2026]\" \/>\n<meta property=\"og:url\" content=\"https:\/\/jbcnews.com.br\/index.php\/2021\/02\/12\/eduardo-leite-sinaliza-que-esta-disposto-a-disputar-a-presidencia-em-2022\/\" \/>\n<meta property=\"og:site_name\" content=\"JBCNews\" \/>\n<meta property=\"article:published_time\" content=\"2021-02-12T16:16:23+00:00\" \/>\n<meta property=\"article:modified_time\" content=\"2021-05-07T16:38:31+00:00\" \/>\n<meta property=\"og:image\" content=\"https:\/\/jbcnews.com.br\/wp-content\/uploads\/2021\/02\/imagem-23.png\" \/>\n\t<meta property=\"og:image:width\" content=\"800\" \/>\n\t<meta property=\"og:image:height\" content=\"533\" \/>\n\t<meta property=\"og:image:type\" content=\"image\/png\" \/>\n<meta name=\"author\" content=\"admin\" \/>\n<meta name=\"twitter:card\" content=\"summary_large_image\" \/>\n<meta name=\"twitter:label1\" content=\"Escrito por\" \/>\n\t<meta name=\"twitter:data1\" content=\"admin\" \/>\n\t<meta name=\"twitter:label2\" content=\"Est. tempo de leitura\" \/>\n\t<meta name=\"twitter:data2\" content=\"2 minutos\" \/>\n<script type=\"application\/ld+json\" class=\"yoast-schema-graph\">{\"@context\":\"https:\/\/schema.org\",\"@graph\":[{\"@type\":\"WebPage\",\"@id\":\"https:\/\/jbcnews.com.br\/index.php\/2021\/02\/12\/eduardo-leite-sinaliza-que-esta-disposto-a-disputar-a-presidencia-em-2022\/\",\"url\":\"https:\/\/jbcnews.com.br\/index.php\/2021\/02\/12\/eduardo-leite-sinaliza-que-esta-disposto-a-disputar-a-presidencia-em-2022\/\",\"name\":\"Eduardo Leite sinaliza que est\u00e1 disposto a disputar a Presid\u00eancia em 2022 - JBCNews\",\"isPartOf\":{\"@id\":\"https:\/\/jbcnews.com.br\/#website\"},\"primaryImageOfPage\":{\"@id\":\"https:\/\/jbcnews.com.br\/index.php\/2021\/02\/12\/eduardo-leite-sinaliza-que-esta-disposto-a-disputar-a-presidencia-em-2022\/#primaryimage\"},\"image\":{\"@id\":\"https:\/\/jbcnews.com.br\/index.php\/2021\/02\/12\/eduardo-leite-sinaliza-que-esta-disposto-a-disputar-a-presidencia-em-2022\/#primaryimage\"},\"thumbnailUrl\":\"https:\/\/jbcnews.com.br\/wp-content\/uploads\/2021\/02\/imagem-23.png\",\"datePublished\":\"2021-02-12T16:16:23+00:00\",\"dateModified\":\"2021-05-07T16:38:31+00:00\",\"author\":{\"@id\":\"https:\/\/jbcnews.com.br\/#\/schema\/person\/3b597ec20ccf92d0adc436057caf9bbe\"},\"breadcrumb\":{\"@id\":\"https:\/\/jbcnews.com.br\/index.php\/2021\/02\/12\/eduardo-leite-sinaliza-que-esta-disposto-a-disputar-a-presidencia-em-2022\/#breadcrumb\"},\"inLanguage\":\"pt-BR\",\"potentialAction\":[{\"@type\":\"ReadAction\",\"target\":[\"https:\/\/jbcnews.com.br\/index.php\/2021\/02\/12\/eduardo-leite-sinaliza-que-esta-disposto-a-disputar-a-presidencia-em-2022\/\"]}]},{\"@type\":\"ImageObject\",\"inLanguage\":\"pt-BR\",\"@id\":\"https:\/\/jbcnews.com.br\/index.php\/2021\/02\/12\/eduardo-leite-sinaliza-que-esta-disposto-a-disputar-a-presidencia-em-2022\/#primaryimage\",\"url\":\"https:\/\/jbcnews.com.br\/wp-content\/uploads\/2021\/02\/imagem-23.png\",\"contentUrl\":\"https:\/\/jbcnews.com.br\/wp-content\/uploads\/2021\/02\/imagem-23.png\",\"width\":800,\"height\":533},{\"@type\":\"BreadcrumbList\",\"@id\":\"https:\/\/jbcnews.com.br\/index.php\/2021\/02\/12\/eduardo-leite-sinaliza-que-esta-disposto-a-disputar-a-presidencia-em-2022\/#breadcrumb\",\"itemListElement\":[{\"@type\":\"ListItem\",\"position\":1,\"name\":\"In\u00edcio\",\"item\":\"https:\/\/jbcnews.com.br\/\"},{\"@type\":\"ListItem\",\"position\":2,\"name\":\"Eduardo Leite sinaliza que est\u00e1 disposto a disputar a Presid\u00eancia em 2022\"}]},{\"@type\":\"WebSite\",\"@id\":\"https:\/\/jbcnews.com.br\/#website\",\"url\":\"https:\/\/jbcnews.com.br\/\",\"name\":\"JBCNews\",\"description\":\"Comunica\u00e7\u00e3o e Cultura\",\"potentialAction\":[{\"@type\":\"SearchAction\",\"target\":{\"@type\":\"EntryPoint\",\"urlTemplate\":\"https:\/\/jbcnews.com.br\/?s={search_term_string}\"},\"query-input\":\"required name=search_term_string\"}],\"inLanguage\":\"pt-BR\"},{\"@type\":\"Person\",\"@id\":\"https:\/\/jbcnews.com.br\/#\/schema\/person\/3b597ec20ccf92d0adc436057caf9bbe\",\"name\":\"admin\",\"image\":{\"@type\":\"ImageObject\",\"inLanguage\":\"pt-BR\",\"@id\":\"https:\/\/jbcnews.com.br\/#\/schema\/person\/image\/\",\"url\":\"https:\/\/secure.gravatar.com\/avatar\/fe848d2435b65c3ed1cdd3a8e8f3bb2d?s=96&d=mm&r=g\",\"contentUrl\":\"https:\/\/secure.gravatar.com\/avatar\/fe848d2435b65c3ed1cdd3a8e8f3bb2d?s=96&d=mm&r=g\",\"caption\":\"admin\"},\"sameAs\":[\"https:\/\/jbcnews.com.br\"],\"url\":\"https:\/\/jbcnews.com.br\/index.php\/author\/jbcnews\/\"}]}<\/script>\n<!-- \/ Yoast SEO plugin. -->","yoast_head_json":{"title":"Eduardo Leite sinaliza que est\u00e1 disposto a disputar a Presid\u00eancia em 2022 - JBCNews","robots":{"index":"index","follow":"follow","max-snippet":"max-snippet:-1","max-image-preview":"max-image-preview:large","max-video-preview":"max-video-preview:-1"},"canonical":"https:\/\/jbcnews.com.br\/index.php\/2021\/02\/12\/eduardo-leite-sinaliza-que-esta-disposto-a-disputar-a-presidencia-em-2022\/","og_locale":"pt_BR","og_type":"article","og_title":"Eduardo Leite sinaliza que est\u00e1 disposto a disputar a Presid\u00eancia em 2022 - JBCNews","og_description":"(JBCNEWS &#8211; DF 12\/02) &#8211; O governador do Rio Grande do Sul,&nbsp;Eduardo Leite, sinalizou nesta quinta-feira (11) que est\u00e1 disposto a disputar a vaga de candidato [\u2026]","og_url":"https:\/\/jbcnews.com.br\/index.php\/2021\/02\/12\/eduardo-leite-sinaliza-que-esta-disposto-a-disputar-a-presidencia-em-2022\/","og_site_name":"JBCNews","article_published_time":"2021-02-12T16:16:23+00:00","article_modified_time":"2021-05-07T16:38:31+00:00","og_image":[{"width":800,"height":533,"url":"https:\/\/jbcnews.com.br\/wp-content\/uploads\/2021\/02\/imagem-23.png","type":"image\/png"}],"author":"admin","twitter_card":"summary_large_image","twitter_misc":{"Escrito por":"admin","Est. tempo de leitura":"2 minutos"},"schema":{"@context":"https:\/\/schema.org","@graph":[{"@type":"WebPage","@id":"https:\/\/jbcnews.com.br\/index.php\/2021\/02\/12\/eduardo-leite-sinaliza-que-esta-disposto-a-disputar-a-presidencia-em-2022\/","url":"https:\/\/jbcnews.com.br\/index.php\/2021\/02\/12\/eduardo-leite-sinaliza-que-esta-disposto-a-disputar-a-presidencia-em-2022\/","name":"Eduardo Leite sinaliza que est\u00e1 disposto a disputar a Presid\u00eancia em 2022 - JBCNews","isPartOf":{"@id":"https:\/\/jbcnews.com.br\/#website"},"primaryImageOfPage":{"@id":"https:\/\/jbcnews.com.br\/index.php\/2021\/02\/12\/eduardo-leite-sinaliza-que-esta-disposto-a-disputar-a-presidencia-em-2022\/#primaryimage"},"image":{"@id":"https:\/\/jbcnews.com.br\/index.php\/2021\/02\/12\/eduardo-leite-sinaliza-que-esta-disposto-a-disputar-a-presidencia-em-2022\/#primaryimage"},"thumbnailUrl":"https:\/\/jbcnews.com.br\/wp-content\/uploads\/2021\/02\/imagem-23.png","datePublished":"2021-02-12T16:16:23+00:00","dateModified":"2021-05-07T16:38:31+00:00","author":{"@id":"https:\/\/jbcnews.com.br\/#\/schema\/person\/3b597ec20ccf92d0adc436057caf9bbe"},"breadcrumb":{"@id":"https:\/\/jbcnews.com.br\/index.php\/2021\/02\/12\/eduardo-leite-sinaliza-que-esta-disposto-a-disputar-a-presidencia-em-2022\/#breadcrumb"},"inLanguage":"pt-BR","potentialAction":[{"@type":"ReadAction","target":["https:\/\/jbcnews.com.br\/index.php\/2021\/02\/12\/eduardo-leite-sinaliza-que-esta-disposto-a-disputar-a-presidencia-em-2022\/"]}]},{"@type":"ImageObject","inLanguage":"pt-BR","@id":"https:\/\/jbcnews.com.br\/index.php\/2021\/02\/12\/eduardo-leite-sinaliza-que-esta-disposto-a-disputar-a-presidencia-em-2022\/#primaryimage","url":"https:\/\/jbcnews.com.br\/wp-content\/uploads\/2021\/02\/imagem-23.png","contentUrl":"https:\/\/jbcnews.com.br\/wp-content\/uploads\/2021\/02\/imagem-23.png","width":800,"height":533},{"@type":"BreadcrumbList","@id":"https:\/\/jbcnews.com.br\/index.php\/2021\/02\/12\/eduardo-leite-sinaliza-que-esta-disposto-a-disputar-a-presidencia-em-2022\/#breadcrumb","itemListElement":[{"@type":"ListItem","position":1,"name":"In\u00edcio","item":"https:\/\/jbcnews.com.br\/"},{"@type":"ListItem","position":2,"name":"Eduardo Leite sinaliza que est\u00e1 disposto a disputar a Presid\u00eancia em 2022"}]},{"@type":"WebSite","@id":"https:\/\/jbcnews.com.br\/#website","url":"https:\/\/jbcnews.com.br\/","name":"JBCNews","description":"Comunica\u00e7\u00e3o e Cultura","potentialAction":[{"@type":"SearchAction","target":{"@type":"EntryPoint","urlTemplate":"https:\/\/jbcnews.com.br\/?s={search_term_string}"},"query-input":"required name=search_term_string"}],"inLanguage":"pt-BR"},{"@type":"Person","@id":"https:\/\/jbcnews.com.br\/#\/schema\/person\/3b597ec20ccf92d0adc436057caf9bbe","name":"admin","image":{"@type":"ImageObject","inLanguage":"pt-BR","@id":"https:\/\/jbcnews.com.br\/#\/schema\/person\/image\/","url":"https:\/\/secure.gravatar.com\/avatar\/fe848d2435b65c3ed1cdd3a8e8f3bb2d?s=96&d=mm&r=g","contentUrl":"https:\/\/secure.gravatar.com\/avatar\/fe848d2435b65c3ed1cdd3a8e8f3bb2d?s=96&d=mm&r=g","caption":"admin"},"sameAs":["https:\/\/jbcnews.com.br"],"url":"https:\/\/jbcnews.com.br\/index.php\/author\/jbcnews\/"}]}},"_links":{"self":[{"href":"https:\/\/jbcnews.com.br\/index.php\/wp-json\/wp\/v2\/posts\/2547"}],"collection":[{"href":"https:\/\/jbcnews.com.br\/index.php\/wp-json\/wp\/v2\/posts"}],"about":[{"href":"https:\/\/jbcnews.com.br\/index.php\/wp-json\/wp\/v2\/types\/post"}],"author":[{"embeddable":true,"href":"https:\/\/jbcnews.com.br\/index.php\/wp-json\/wp\/v2\/users\/1"}],"replies":[{"embeddable":true,"href":"https:\/\/jbcnews.com.br\/index.php\/wp-json\/wp\/v2\/comments?post=2547"}],"version-history":[{"count":1,"href":"https:\/\/jbcnews.com.br\/index.php\/wp-json\/wp\/v2\/posts\/2547\/revisions"}],"predecessor-version":[{"id":2549,"href":"https:\/\/jbcnews.com.br\/index.php\/wp-json\/wp\/v2\/posts\/2547\/revisions\/2549"}],"wp:featuredmedia":[{"embeddable":true,"href":"https:\/\/jbcnews.com.br\/index.php\/wp-json\/wp\/v2\/media\/2548"}],"wp:attachment":[{"href":"https:\/\/jbcnews.com.br\/index.php\/wp-json\/wp\/v2\/media?parent=2547"}],"wp:term":[{"taxonomy":"category","embeddable":true,"href":"https:\/\/jbcnews.com.br\/index.php\/wp-json\/wp\/v2\/categories?post=2547"},{"taxonomy":"post_tag","embeddable":true,"href":"https:\/\/jbcnews.com.br\/index.php\/wp-json\/wp\/v2\/tags?post=2547"}],"curies":[{"name":"wp","href":"https:\/\/api.w.org\/{rel}","templated":true}]}}