{"id":2539,"date":"2021-02-11T16:39:42","date_gmt":"2021-02-11T16:39:42","guid":{"rendered":"https:\/\/jbcnews.com.br\/?p=2539"},"modified":"2021-05-07T16:38:35","modified_gmt":"2021-05-07T16:38:35","slug":"quem-tem-que-achar-e-a-economia-nao-eu-afirma-lira-sobre-espaco-fiscal-para-novo-auxilio","status":"publish","type":"post","link":"https:\/\/jbcnews.com.br\/index.php\/2021\/02\/11\/quem-tem-que-achar-e-a-economia-nao-eu-afirma-lira-sobre-espaco-fiscal-para-novo-auxilio\/","title":{"rendered":"&#8216;Quem tem que achar \u00e9 a Economia, n\u00e3o eu&#8217;, afirma Lira sobre espa\u00e7o fiscal para novo aux\u00edlio"},"content":{"rendered":"\n<p>(JBCNEWS &#8211; DF 11\/2021) \u2014 O presidente da C\u00e2mara dos Deputados, Arthur Lira (PP-AL), disse na noite desta quarta-feira que \u00e9 responsabilidade do Minist\u00e9rio da Economia abrir espa\u00e7o fiscal para a prorroga\u00e7\u00e3o de um novo aux\u00edlio emergencial. <\/p>\n\n\n\n<p>Ap\u00f3s a aprova\u00e7\u00e3o do projeto que d\u00e1 autonomia ao Banco Central (BC), Lira foi questionado sobre qual seria a solu\u00e7\u00e3o para o pagamento do benef\u00edcio. A resposta foi curta.<\/p>\n\n\n\n<p>\u2014 Quem tem que achar \u00e9 a Economia, n\u00e3o eu \u2014 respondeu Lira.<\/p>\n\n\n\n<p>Nesta quarta-feira, designado relator do Or\u00e7amento de 2021, o senador M\u00e1rcio Bittar (MDB-AC) disse que as pessoas que passam fome no pa\u00eds &#8220;n\u00e3o podem esperar&#8221; a aprova\u00e7\u00e3o das reformas.<\/p>\n\n\n\n<p>Segundo ele, \u00e9 preciso encontrar uma solu\u00e7\u00e3o conjunta para viabilizar um programa de ajuda aos vulner\u00e1veis e, ao mesmo tempo, fazer sinaliza\u00e7\u00f5es pela retomada da agenda econ\u00f4mica com a inclus\u00e3o de Propostas de Emenda \u00e0 Constitui\u00e7\u00e3o (PEC) emergenciais na pe\u00e7a or\u00e7ament\u00e1ria.<\/p>\n\n\n\n<p>Bittar e a presidente da Comiss\u00e3o que debate o or\u00e7amento, Fl\u00e1via Arruda (PL-DF), reuniram-se com o ministro da Economia, Paulo Guedes, para debater as contas de 2021. Ap\u00f3s o encontro, Guedes refor\u00e7ou a ideia defendida pelos chefes do Legislativo de que \u00e9 preciso ter &#8220;sensibilidade social&#8221; atrelada a responsabilidade fiscal:<\/p>\n\n\n\n<p>\u2014 O presidente (Jair) Bolsonaro sempre disse que sa\u00fade e economia v\u00e3o juntas. O presidente (Rodrigo) Pacheco, do Senado, e o presidente Arthur Lira, da C\u00e2mara, tamb\u00e9m disseram claramente que precisamos ter a sensibilidade social de um lado, mas, de outro lado, sempre disseram que tem que ser com responsabilidade fiscal.<\/p>\n","protected":false},"excerpt":{"rendered":"<p>(JBCNEWS &#8211; DF 11\/2021) \u2014 O presidente da C\u00e2mara dos Deputados, Arthur Lira (PP-AL), disse na noite desta quarta-feira que \u00e9 responsabilidade do Minist\u00e9rio da Economia<span class=\"excerpt-hellip\"> [\u2026]<\/span><\/p>\n","protected":false},"author":1,"featured_media":2540,"comment_status":"open","ping_status":"open","sticky":false,"template":"","format":"standard","meta":{"footnotes":""},"categories":[36],"tags":[],"yoast_head":"<!-- This site is optimized with the Yoast SEO plugin v22.6 - https:\/\/yoast.com\/wordpress\/plugins\/seo\/ -->\n<title>&#039;Quem tem que achar \u00e9 a Economia, n\u00e3o eu&#039;, afirma Lira sobre espa\u00e7o fiscal para novo aux\u00edlio - JBCNews<\/title>\n<meta name=\"robots\" content=\"index, follow, max-snippet:-1, max-image-preview:large, max-video-preview:-1\" \/>\n<link rel=\"canonical\" href=\"https:\/\/jbcnews.com.br\/index.php\/2021\/02\/11\/quem-tem-que-achar-e-a-economia-nao-eu-afirma-lira-sobre-espaco-fiscal-para-novo-auxilio\/\" \/>\n<meta property=\"og:locale\" content=\"pt_BR\" \/>\n<meta property=\"og:type\" content=\"article\" \/>\n<meta property=\"og:title\" content=\"&#039;Quem tem que achar \u00e9 a Economia, n\u00e3o eu&#039;, afirma Lira sobre espa\u00e7o fiscal para novo aux\u00edlio - JBCNews\" \/>\n<meta property=\"og:description\" content=\"(JBCNEWS &#8211; DF 11\/2021) \u2014 O presidente da C\u00e2mara dos Deputados, Arthur Lira (PP-AL), disse na noite desta quarta-feira que \u00e9 responsabilidade do Minist\u00e9rio da Economia [\u2026]\" \/>\n<meta property=\"og:url\" content=\"https:\/\/jbcnews.com.br\/index.php\/2021\/02\/11\/quem-tem-que-achar-e-a-economia-nao-eu-afirma-lira-sobre-espaco-fiscal-para-novo-auxilio\/\" \/>\n<meta property=\"og:site_name\" content=\"JBCNews\" \/>\n<meta property=\"article:published_time\" content=\"2021-02-11T16:39:42+00:00\" \/>\n<meta property=\"article:modified_time\" content=\"2021-05-07T16:38:35+00:00\" \/>\n<meta property=\"og:image\" content=\"https:\/\/jbcnews.com.br\/wp-content\/uploads\/2021\/02\/imagem-21.png\" \/>\n\t<meta property=\"og:image:width\" content=\"959\" \/>\n\t<meta property=\"og:image:height\" content=\"417\" \/>\n\t<meta property=\"og:image:type\" content=\"image\/png\" \/>\n<meta name=\"author\" content=\"admin\" \/>\n<meta name=\"twitter:card\" content=\"summary_large_image\" \/>\n<meta name=\"twitter:label1\" content=\"Escrito por\" \/>\n\t<meta name=\"twitter:data1\" content=\"admin\" \/>\n\t<meta name=\"twitter:label2\" content=\"Est. tempo de leitura\" \/>\n\t<meta name=\"twitter:data2\" content=\"1 minuto\" \/>\n<script type=\"application\/ld+json\" class=\"yoast-schema-graph\">{\"@context\":\"https:\/\/schema.org\",\"@graph\":[{\"@type\":\"WebPage\",\"@id\":\"https:\/\/jbcnews.com.br\/index.php\/2021\/02\/11\/quem-tem-que-achar-e-a-economia-nao-eu-afirma-lira-sobre-espaco-fiscal-para-novo-auxilio\/\",\"url\":\"https:\/\/jbcnews.com.br\/index.php\/2021\/02\/11\/quem-tem-que-achar-e-a-economia-nao-eu-afirma-lira-sobre-espaco-fiscal-para-novo-auxilio\/\",\"name\":\"'Quem tem que achar \u00e9 a Economia, n\u00e3o eu', afirma Lira sobre espa\u00e7o fiscal para novo aux\u00edlio - JBCNews\",\"isPartOf\":{\"@id\":\"https:\/\/jbcnews.com.br\/#website\"},\"primaryImageOfPage\":{\"@id\":\"https:\/\/jbcnews.com.br\/index.php\/2021\/02\/11\/quem-tem-que-achar-e-a-economia-nao-eu-afirma-lira-sobre-espaco-fiscal-para-novo-auxilio\/#primaryimage\"},\"image\":{\"@id\":\"https:\/\/jbcnews.com.br\/index.php\/2021\/02\/11\/quem-tem-que-achar-e-a-economia-nao-eu-afirma-lira-sobre-espaco-fiscal-para-novo-auxilio\/#primaryimage\"},\"thumbnailUrl\":\"https:\/\/jbcnews.com.br\/wp-content\/uploads\/2021\/02\/imagem-21.png\",\"datePublished\":\"2021-02-11T16:39:42+00:00\",\"dateModified\":\"2021-05-07T16:38:35+00:00\",\"author\":{\"@id\":\"https:\/\/jbcnews.com.br\/#\/schema\/person\/3b597ec20ccf92d0adc436057caf9bbe\"},\"breadcrumb\":{\"@id\":\"https:\/\/jbcnews.com.br\/index.php\/2021\/02\/11\/quem-tem-que-achar-e-a-economia-nao-eu-afirma-lira-sobre-espaco-fiscal-para-novo-auxilio\/#breadcrumb\"},\"inLanguage\":\"pt-BR\",\"potentialAction\":[{\"@type\":\"ReadAction\",\"target\":[\"https:\/\/jbcnews.com.br\/index.php\/2021\/02\/11\/quem-tem-que-achar-e-a-economia-nao-eu-afirma-lira-sobre-espaco-fiscal-para-novo-auxilio\/\"]}]},{\"@type\":\"ImageObject\",\"inLanguage\":\"pt-BR\",\"@id\":\"https:\/\/jbcnews.com.br\/index.php\/2021\/02\/11\/quem-tem-que-achar-e-a-economia-nao-eu-afirma-lira-sobre-espaco-fiscal-para-novo-auxilio\/#primaryimage\",\"url\":\"https:\/\/jbcnews.com.br\/wp-content\/uploads\/2021\/02\/imagem-21.png\",\"contentUrl\":\"https:\/\/jbcnews.com.br\/wp-content\/uploads\/2021\/02\/imagem-21.png\",\"width\":959,\"height\":417},{\"@type\":\"BreadcrumbList\",\"@id\":\"https:\/\/jbcnews.com.br\/index.php\/2021\/02\/11\/quem-tem-que-achar-e-a-economia-nao-eu-afirma-lira-sobre-espaco-fiscal-para-novo-auxilio\/#breadcrumb\",\"itemListElement\":[{\"@type\":\"ListItem\",\"position\":1,\"name\":\"In\u00edcio\",\"item\":\"https:\/\/jbcnews.com.br\/\"},{\"@type\":\"ListItem\",\"position\":2,\"name\":\"&#8216;Quem tem que achar \u00e9 a Economia, n\u00e3o eu&#8217;, afirma Lira sobre espa\u00e7o fiscal para novo aux\u00edlio\"}]},{\"@type\":\"WebSite\",\"@id\":\"https:\/\/jbcnews.com.br\/#website\",\"url\":\"https:\/\/jbcnews.com.br\/\",\"name\":\"JBCNews\",\"description\":\"Comunica\u00e7\u00e3o e Cultura\",\"potentialAction\":[{\"@type\":\"SearchAction\",\"target\":{\"@type\":\"EntryPoint\",\"urlTemplate\":\"https:\/\/jbcnews.com.br\/?s={search_term_string}\"},\"query-input\":\"required name=search_term_string\"}],\"inLanguage\":\"pt-BR\"},{\"@type\":\"Person\",\"@id\":\"https:\/\/jbcnews.com.br\/#\/schema\/person\/3b597ec20ccf92d0adc436057caf9bbe\",\"name\":\"admin\",\"image\":{\"@type\":\"ImageObject\",\"inLanguage\":\"pt-BR\",\"@id\":\"https:\/\/jbcnews.com.br\/#\/schema\/person\/image\/\",\"url\":\"https:\/\/secure.gravatar.com\/avatar\/fe848d2435b65c3ed1cdd3a8e8f3bb2d?s=96&d=mm&r=g\",\"contentUrl\":\"https:\/\/secure.gravatar.com\/avatar\/fe848d2435b65c3ed1cdd3a8e8f3bb2d?s=96&d=mm&r=g\",\"caption\":\"admin\"},\"sameAs\":[\"https:\/\/jbcnews.com.br\"],\"url\":\"https:\/\/jbcnews.com.br\/index.php\/author\/jbcnews\/\"}]}<\/script>\n<!-- \/ Yoast SEO plugin. -->","yoast_head_json":{"title":"'Quem tem que achar \u00e9 a Economia, n\u00e3o eu', afirma Lira sobre espa\u00e7o fiscal para novo aux\u00edlio - JBCNews","robots":{"index":"index","follow":"follow","max-snippet":"max-snippet:-1","max-image-preview":"max-image-preview:large","max-video-preview":"max-video-preview:-1"},"canonical":"https:\/\/jbcnews.com.br\/index.php\/2021\/02\/11\/quem-tem-que-achar-e-a-economia-nao-eu-afirma-lira-sobre-espaco-fiscal-para-novo-auxilio\/","og_locale":"pt_BR","og_type":"article","og_title":"'Quem tem que achar \u00e9 a Economia, n\u00e3o eu', afirma Lira sobre espa\u00e7o fiscal para novo aux\u00edlio - JBCNews","og_description":"(JBCNEWS &#8211; DF 11\/2021) \u2014 O presidente da C\u00e2mara dos Deputados, Arthur Lira (PP-AL), disse na noite desta quarta-feira que \u00e9 responsabilidade do Minist\u00e9rio da Economia [\u2026]","og_url":"https:\/\/jbcnews.com.br\/index.php\/2021\/02\/11\/quem-tem-que-achar-e-a-economia-nao-eu-afirma-lira-sobre-espaco-fiscal-para-novo-auxilio\/","og_site_name":"JBCNews","article_published_time":"2021-02-11T16:39:42+00:00","article_modified_time":"2021-05-07T16:38:35+00:00","og_image":[{"width":959,"height":417,"url":"https:\/\/jbcnews.com.br\/wp-content\/uploads\/2021\/02\/imagem-21.png","type":"image\/png"}],"author":"admin","twitter_card":"summary_large_image","twitter_misc":{"Escrito por":"admin","Est. tempo de leitura":"1 minuto"},"schema":{"@context":"https:\/\/schema.org","@graph":[{"@type":"WebPage","@id":"https:\/\/jbcnews.com.br\/index.php\/2021\/02\/11\/quem-tem-que-achar-e-a-economia-nao-eu-afirma-lira-sobre-espaco-fiscal-para-novo-auxilio\/","url":"https:\/\/jbcnews.com.br\/index.php\/2021\/02\/11\/quem-tem-que-achar-e-a-economia-nao-eu-afirma-lira-sobre-espaco-fiscal-para-novo-auxilio\/","name":"'Quem tem que achar \u00e9 a Economia, n\u00e3o eu', afirma Lira sobre espa\u00e7o fiscal para novo aux\u00edlio - JBCNews","isPartOf":{"@id":"https:\/\/jbcnews.com.br\/#website"},"primaryImageOfPage":{"@id":"https:\/\/jbcnews.com.br\/index.php\/2021\/02\/11\/quem-tem-que-achar-e-a-economia-nao-eu-afirma-lira-sobre-espaco-fiscal-para-novo-auxilio\/#primaryimage"},"image":{"@id":"https:\/\/jbcnews.com.br\/index.php\/2021\/02\/11\/quem-tem-que-achar-e-a-economia-nao-eu-afirma-lira-sobre-espaco-fiscal-para-novo-auxilio\/#primaryimage"},"thumbnailUrl":"https:\/\/jbcnews.com.br\/wp-content\/uploads\/2021\/02\/imagem-21.png","datePublished":"2021-02-11T16:39:42+00:00","dateModified":"2021-05-07T16:38:35+00:00","author":{"@id":"https:\/\/jbcnews.com.br\/#\/schema\/person\/3b597ec20ccf92d0adc436057caf9bbe"},"breadcrumb":{"@id":"https:\/\/jbcnews.com.br\/index.php\/2021\/02\/11\/quem-tem-que-achar-e-a-economia-nao-eu-afirma-lira-sobre-espaco-fiscal-para-novo-auxilio\/#breadcrumb"},"inLanguage":"pt-BR","potentialAction":[{"@type":"ReadAction","target":["https:\/\/jbcnews.com.br\/index.php\/2021\/02\/11\/quem-tem-que-achar-e-a-economia-nao-eu-afirma-lira-sobre-espaco-fiscal-para-novo-auxilio\/"]}]},{"@type":"ImageObject","inLanguage":"pt-BR","@id":"https:\/\/jbcnews.com.br\/index.php\/2021\/02\/11\/quem-tem-que-achar-e-a-economia-nao-eu-afirma-lira-sobre-espaco-fiscal-para-novo-auxilio\/#primaryimage","url":"https:\/\/jbcnews.com.br\/wp-content\/uploads\/2021\/02\/imagem-21.png","contentUrl":"https:\/\/jbcnews.com.br\/wp-content\/uploads\/2021\/02\/imagem-21.png","width":959,"height":417},{"@type":"BreadcrumbList","@id":"https:\/\/jbcnews.com.br\/index.php\/2021\/02\/11\/quem-tem-que-achar-e-a-economia-nao-eu-afirma-lira-sobre-espaco-fiscal-para-novo-auxilio\/#breadcrumb","itemListElement":[{"@type":"ListItem","position":1,"name":"In\u00edcio","item":"https:\/\/jbcnews.com.br\/"},{"@type":"ListItem","position":2,"name":"&#8216;Quem tem que achar \u00e9 a Economia, n\u00e3o eu&#8217;, afirma Lira sobre espa\u00e7o fiscal para novo aux\u00edlio"}]},{"@type":"WebSite","@id":"https:\/\/jbcnews.com.br\/#website","url":"https:\/\/jbcnews.com.br\/","name":"JBCNews","description":"Comunica\u00e7\u00e3o e Cultura","potentialAction":[{"@type":"SearchAction","target":{"@type":"EntryPoint","urlTemplate":"https:\/\/jbcnews.com.br\/?s={search_term_string}"},"query-input":"required name=search_term_string"}],"inLanguage":"pt-BR"},{"@type":"Person","@id":"https:\/\/jbcnews.com.br\/#\/schema\/person\/3b597ec20ccf92d0adc436057caf9bbe","name":"admin","image":{"@type":"ImageObject","inLanguage":"pt-BR","@id":"https:\/\/jbcnews.com.br\/#\/schema\/person\/image\/","url":"https:\/\/secure.gravatar.com\/avatar\/fe848d2435b65c3ed1cdd3a8e8f3bb2d?s=96&d=mm&r=g","contentUrl":"https:\/\/secure.gravatar.com\/avatar\/fe848d2435b65c3ed1cdd3a8e8f3bb2d?s=96&d=mm&r=g","caption":"admin"},"sameAs":["https:\/\/jbcnews.com.br"],"url":"https:\/\/jbcnews.com.br\/index.php\/author\/jbcnews\/"}]}},"_links":{"self":[{"href":"https:\/\/jbcnews.com.br\/index.php\/wp-json\/wp\/v2\/posts\/2539"}],"collection":[{"href":"https:\/\/jbcnews.com.br\/index.php\/wp-json\/wp\/v2\/posts"}],"about":[{"href":"https:\/\/jbcnews.com.br\/index.php\/wp-json\/wp\/v2\/types\/post"}],"author":[{"embeddable":true,"href":"https:\/\/jbcnews.com.br\/index.php\/wp-json\/wp\/v2\/users\/1"}],"replies":[{"embeddable":true,"href":"https:\/\/jbcnews.com.br\/index.php\/wp-json\/wp\/v2\/comments?post=2539"}],"version-history":[{"count":1,"href":"https:\/\/jbcnews.com.br\/index.php\/wp-json\/wp\/v2\/posts\/2539\/revisions"}],"predecessor-version":[{"id":2541,"href":"https:\/\/jbcnews.com.br\/index.php\/wp-json\/wp\/v2\/posts\/2539\/revisions\/2541"}],"wp:featuredmedia":[{"embeddable":true,"href":"https:\/\/jbcnews.com.br\/index.php\/wp-json\/wp\/v2\/media\/2540"}],"wp:attachment":[{"href":"https:\/\/jbcnews.com.br\/index.php\/wp-json\/wp\/v2\/media?parent=2539"}],"wp:term":[{"taxonomy":"category","embeddable":true,"href":"https:\/\/jbcnews.com.br\/index.php\/wp-json\/wp\/v2\/categories?post=2539"},{"taxonomy":"post_tag","embeddable":true,"href":"https:\/\/jbcnews.com.br\/index.php\/wp-json\/wp\/v2\/tags?post=2539"}],"curies":[{"name":"wp","href":"https:\/\/api.w.org\/{rel}","templated":true}]}}