{"id":2530,"date":"2021-02-11T16:31:02","date_gmt":"2021-02-11T16:31:02","guid":{"rendered":"https:\/\/jbcnews.com.br\/?p=2530"},"modified":"2021-02-22T20:09:03","modified_gmt":"2021-02-22T20:09:03","slug":"racha-no-psdb-doria-faz-ofensiva-por-candidatura-a-presidencia","status":"publish","type":"post","link":"https:\/\/jbcnews.com.br\/index.php\/2021\/02\/11\/racha-no-psdb-doria-faz-ofensiva-por-candidatura-a-presidencia\/","title":{"rendered":"Racha no PSDB: Doria faz ofensiva por candidatura \u00e0 Presid\u00eancia"},"content":{"rendered":"\n<p>(JBCNEWS &#8211; DF 11\/2021 \u2014 Em mais uma tentativa de viabilizar sua candidatura \u00e0 Presid\u00eancia da Rep\u00fablica em 2022, o governador de S\u00e3o Paulo, Jo\u00e3o Doria (PSDB), apresentou a integrantes da c\u00fapula do seu partido um plano para assumir o comando do PSDB nacional, afastar o deputado mineiro A\u00e9cio Neves e abrigar dissidentes do DEM, como o ex-presidente da C\u00e2mara Rodrigo Maia (RJ). O movimento exp\u00f4s uma divis\u00e3o no partido e foi visto por alguns tucanos como apressado, j\u00e1 que ningu\u00e9m na legenda havia sido consultado previamente.<\/p>\n\n\n\n<p>A nova ofensiva de Doria, explicitada durante um jantar no Pal\u00e1cio dos Bandeirantes, sede do governo paulista, na noite de anteontem, acontece uma semana ap\u00f3s o DEM ter rachado ao desembarcar do bloco de Baleia Rossi (MDB-SP), candidato apoiado por Maia e derrotado na disputa \u00e0 presid\u00eancia da C\u00e2mara. A elei\u00e7\u00e3o de Arthur Lira (PP-AL), apoiado pelo presidente Jair Bolsonaro, tamb\u00e9m deixou claro que Doria n\u00e3o tem todos os votos da bancada federal do PSDB, que tamb\u00e9m se dividiu.<\/p>\n","protected":false},"excerpt":{"rendered":"<p>(JBCNEWS &#8211; DF 11\/2021 \u2014 Em mais uma tentativa de viabilizar sua candidatura \u00e0 Presid\u00eancia da Rep\u00fablica em 2022, o governador de S\u00e3o Paulo, Jo\u00e3o Doria<span class=\"excerpt-hellip\"> [\u2026]<\/span><\/p>\n","protected":false},"author":1,"featured_media":2531,"comment_status":"open","ping_status":"open","sticky":false,"template":"","format":"standard","meta":{"footnotes":""},"categories":[20],"tags":[],"yoast_head":"<!-- This site is optimized with the Yoast SEO plugin v22.6 - https:\/\/yoast.com\/wordpress\/plugins\/seo\/ -->\n<title>Racha no PSDB: Doria faz ofensiva por candidatura \u00e0 Presid\u00eancia - JBCNews<\/title>\n<meta name=\"robots\" content=\"index, follow, max-snippet:-1, max-image-preview:large, max-video-preview:-1\" \/>\n<link rel=\"canonical\" href=\"https:\/\/jbcnews.com.br\/index.php\/2021\/02\/11\/racha-no-psdb-doria-faz-ofensiva-por-candidatura-a-presidencia\/\" \/>\n<meta property=\"og:locale\" content=\"pt_BR\" \/>\n<meta property=\"og:type\" content=\"article\" \/>\n<meta property=\"og:title\" content=\"Racha no PSDB: Doria faz ofensiva por candidatura \u00e0 Presid\u00eancia - JBCNews\" \/>\n<meta property=\"og:description\" content=\"(JBCNEWS &#8211; DF 11\/2021 \u2014 Em mais uma tentativa de viabilizar sua candidatura \u00e0 Presid\u00eancia da Rep\u00fablica em 2022, o governador de S\u00e3o Paulo, Jo\u00e3o Doria [\u2026]\" \/>\n<meta property=\"og:url\" content=\"https:\/\/jbcnews.com.br\/index.php\/2021\/02\/11\/racha-no-psdb-doria-faz-ofensiva-por-candidatura-a-presidencia\/\" \/>\n<meta property=\"og:site_name\" content=\"JBCNews\" \/>\n<meta property=\"article:published_time\" content=\"2021-02-11T16:31:02+00:00\" \/>\n<meta property=\"article:modified_time\" content=\"2021-02-22T20:09:03+00:00\" \/>\n<meta property=\"og:image\" content=\"https:\/\/jbcnews.com.br\/wp-content\/uploads\/2021\/02\/imagem-18.png\" \/>\n\t<meta property=\"og:image:width\" content=\"448\" \/>\n\t<meta property=\"og:image:height\" content=\"312\" \/>\n\t<meta property=\"og:image:type\" content=\"image\/png\" \/>\n<meta name=\"author\" content=\"admin\" \/>\n<meta name=\"twitter:card\" content=\"summary_large_image\" \/>\n<meta name=\"twitter:label1\" content=\"Escrito por\" \/>\n\t<meta name=\"twitter:data1\" content=\"admin\" \/>\n\t<meta name=\"twitter:label2\" content=\"Est. tempo de leitura\" \/>\n\t<meta name=\"twitter:data2\" content=\"1 minuto\" \/>\n<script type=\"application\/ld+json\" class=\"yoast-schema-graph\">{\"@context\":\"https:\/\/schema.org\",\"@graph\":[{\"@type\":\"WebPage\",\"@id\":\"https:\/\/jbcnews.com.br\/index.php\/2021\/02\/11\/racha-no-psdb-doria-faz-ofensiva-por-candidatura-a-presidencia\/\",\"url\":\"https:\/\/jbcnews.com.br\/index.php\/2021\/02\/11\/racha-no-psdb-doria-faz-ofensiva-por-candidatura-a-presidencia\/\",\"name\":\"Racha no PSDB: Doria faz ofensiva por candidatura \u00e0 Presid\u00eancia - JBCNews\",\"isPartOf\":{\"@id\":\"https:\/\/jbcnews.com.br\/#website\"},\"primaryImageOfPage\":{\"@id\":\"https:\/\/jbcnews.com.br\/index.php\/2021\/02\/11\/racha-no-psdb-doria-faz-ofensiva-por-candidatura-a-presidencia\/#primaryimage\"},\"image\":{\"@id\":\"https:\/\/jbcnews.com.br\/index.php\/2021\/02\/11\/racha-no-psdb-doria-faz-ofensiva-por-candidatura-a-presidencia\/#primaryimage\"},\"thumbnailUrl\":\"https:\/\/jbcnews.com.br\/wp-content\/uploads\/2021\/02\/imagem-18.png\",\"datePublished\":\"2021-02-11T16:31:02+00:00\",\"dateModified\":\"2021-02-22T20:09:03+00:00\",\"author\":{\"@id\":\"https:\/\/jbcnews.com.br\/#\/schema\/person\/3b597ec20ccf92d0adc436057caf9bbe\"},\"breadcrumb\":{\"@id\":\"https:\/\/jbcnews.com.br\/index.php\/2021\/02\/11\/racha-no-psdb-doria-faz-ofensiva-por-candidatura-a-presidencia\/#breadcrumb\"},\"inLanguage\":\"pt-BR\",\"potentialAction\":[{\"@type\":\"ReadAction\",\"target\":[\"https:\/\/jbcnews.com.br\/index.php\/2021\/02\/11\/racha-no-psdb-doria-faz-ofensiva-por-candidatura-a-presidencia\/\"]}]},{\"@type\":\"ImageObject\",\"inLanguage\":\"pt-BR\",\"@id\":\"https:\/\/jbcnews.com.br\/index.php\/2021\/02\/11\/racha-no-psdb-doria-faz-ofensiva-por-candidatura-a-presidencia\/#primaryimage\",\"url\":\"https:\/\/jbcnews.com.br\/wp-content\/uploads\/2021\/02\/imagem-18.png\",\"contentUrl\":\"https:\/\/jbcnews.com.br\/wp-content\/uploads\/2021\/02\/imagem-18.png\",\"width\":448,\"height\":312},{\"@type\":\"BreadcrumbList\",\"@id\":\"https:\/\/jbcnews.com.br\/index.php\/2021\/02\/11\/racha-no-psdb-doria-faz-ofensiva-por-candidatura-a-presidencia\/#breadcrumb\",\"itemListElement\":[{\"@type\":\"ListItem\",\"position\":1,\"name\":\"In\u00edcio\",\"item\":\"https:\/\/jbcnews.com.br\/\"},{\"@type\":\"ListItem\",\"position\":2,\"name\":\"Racha no PSDB: Doria faz ofensiva por candidatura \u00e0 Presid\u00eancia\"}]},{\"@type\":\"WebSite\",\"@id\":\"https:\/\/jbcnews.com.br\/#website\",\"url\":\"https:\/\/jbcnews.com.br\/\",\"name\":\"JBCNews\",\"description\":\"Comunica\u00e7\u00e3o e Cultura\",\"potentialAction\":[{\"@type\":\"SearchAction\",\"target\":{\"@type\":\"EntryPoint\",\"urlTemplate\":\"https:\/\/jbcnews.com.br\/?s={search_term_string}\"},\"query-input\":\"required name=search_term_string\"}],\"inLanguage\":\"pt-BR\"},{\"@type\":\"Person\",\"@id\":\"https:\/\/jbcnews.com.br\/#\/schema\/person\/3b597ec20ccf92d0adc436057caf9bbe\",\"name\":\"admin\",\"image\":{\"@type\":\"ImageObject\",\"inLanguage\":\"pt-BR\",\"@id\":\"https:\/\/jbcnews.com.br\/#\/schema\/person\/image\/\",\"url\":\"https:\/\/secure.gravatar.com\/avatar\/fe848d2435b65c3ed1cdd3a8e8f3bb2d?s=96&d=mm&r=g\",\"contentUrl\":\"https:\/\/secure.gravatar.com\/avatar\/fe848d2435b65c3ed1cdd3a8e8f3bb2d?s=96&d=mm&r=g\",\"caption\":\"admin\"},\"sameAs\":[\"https:\/\/jbcnews.com.br\"],\"url\":\"https:\/\/jbcnews.com.br\/index.php\/author\/jbcnews\/\"}]}<\/script>\n<!-- \/ Yoast SEO plugin. -->","yoast_head_json":{"title":"Racha no PSDB: Doria faz ofensiva por candidatura \u00e0 Presid\u00eancia - JBCNews","robots":{"index":"index","follow":"follow","max-snippet":"max-snippet:-1","max-image-preview":"max-image-preview:large","max-video-preview":"max-video-preview:-1"},"canonical":"https:\/\/jbcnews.com.br\/index.php\/2021\/02\/11\/racha-no-psdb-doria-faz-ofensiva-por-candidatura-a-presidencia\/","og_locale":"pt_BR","og_type":"article","og_title":"Racha no PSDB: Doria faz ofensiva por candidatura \u00e0 Presid\u00eancia - JBCNews","og_description":"(JBCNEWS &#8211; DF 11\/2021 \u2014 Em mais uma tentativa de viabilizar sua candidatura \u00e0 Presid\u00eancia da Rep\u00fablica em 2022, o governador de S\u00e3o Paulo, Jo\u00e3o Doria [\u2026]","og_url":"https:\/\/jbcnews.com.br\/index.php\/2021\/02\/11\/racha-no-psdb-doria-faz-ofensiva-por-candidatura-a-presidencia\/","og_site_name":"JBCNews","article_published_time":"2021-02-11T16:31:02+00:00","article_modified_time":"2021-02-22T20:09:03+00:00","og_image":[{"width":448,"height":312,"url":"https:\/\/jbcnews.com.br\/wp-content\/uploads\/2021\/02\/imagem-18.png","type":"image\/png"}],"author":"admin","twitter_card":"summary_large_image","twitter_misc":{"Escrito por":"admin","Est. tempo de leitura":"1 minuto"},"schema":{"@context":"https:\/\/schema.org","@graph":[{"@type":"WebPage","@id":"https:\/\/jbcnews.com.br\/index.php\/2021\/02\/11\/racha-no-psdb-doria-faz-ofensiva-por-candidatura-a-presidencia\/","url":"https:\/\/jbcnews.com.br\/index.php\/2021\/02\/11\/racha-no-psdb-doria-faz-ofensiva-por-candidatura-a-presidencia\/","name":"Racha no PSDB: Doria faz ofensiva por candidatura \u00e0 Presid\u00eancia - JBCNews","isPartOf":{"@id":"https:\/\/jbcnews.com.br\/#website"},"primaryImageOfPage":{"@id":"https:\/\/jbcnews.com.br\/index.php\/2021\/02\/11\/racha-no-psdb-doria-faz-ofensiva-por-candidatura-a-presidencia\/#primaryimage"},"image":{"@id":"https:\/\/jbcnews.com.br\/index.php\/2021\/02\/11\/racha-no-psdb-doria-faz-ofensiva-por-candidatura-a-presidencia\/#primaryimage"},"thumbnailUrl":"https:\/\/jbcnews.com.br\/wp-content\/uploads\/2021\/02\/imagem-18.png","datePublished":"2021-02-11T16:31:02+00:00","dateModified":"2021-02-22T20:09:03+00:00","author":{"@id":"https:\/\/jbcnews.com.br\/#\/schema\/person\/3b597ec20ccf92d0adc436057caf9bbe"},"breadcrumb":{"@id":"https:\/\/jbcnews.com.br\/index.php\/2021\/02\/11\/racha-no-psdb-doria-faz-ofensiva-por-candidatura-a-presidencia\/#breadcrumb"},"inLanguage":"pt-BR","potentialAction":[{"@type":"ReadAction","target":["https:\/\/jbcnews.com.br\/index.php\/2021\/02\/11\/racha-no-psdb-doria-faz-ofensiva-por-candidatura-a-presidencia\/"]}]},{"@type":"ImageObject","inLanguage":"pt-BR","@id":"https:\/\/jbcnews.com.br\/index.php\/2021\/02\/11\/racha-no-psdb-doria-faz-ofensiva-por-candidatura-a-presidencia\/#primaryimage","url":"https:\/\/jbcnews.com.br\/wp-content\/uploads\/2021\/02\/imagem-18.png","contentUrl":"https:\/\/jbcnews.com.br\/wp-content\/uploads\/2021\/02\/imagem-18.png","width":448,"height":312},{"@type":"BreadcrumbList","@id":"https:\/\/jbcnews.com.br\/index.php\/2021\/02\/11\/racha-no-psdb-doria-faz-ofensiva-por-candidatura-a-presidencia\/#breadcrumb","itemListElement":[{"@type":"ListItem","position":1,"name":"In\u00edcio","item":"https:\/\/jbcnews.com.br\/"},{"@type":"ListItem","position":2,"name":"Racha no PSDB: Doria faz ofensiva por candidatura \u00e0 Presid\u00eancia"}]},{"@type":"WebSite","@id":"https:\/\/jbcnews.com.br\/#website","url":"https:\/\/jbcnews.com.br\/","name":"JBCNews","description":"Comunica\u00e7\u00e3o e Cultura","potentialAction":[{"@type":"SearchAction","target":{"@type":"EntryPoint","urlTemplate":"https:\/\/jbcnews.com.br\/?s={search_term_string}"},"query-input":"required name=search_term_string"}],"inLanguage":"pt-BR"},{"@type":"Person","@id":"https:\/\/jbcnews.com.br\/#\/schema\/person\/3b597ec20ccf92d0adc436057caf9bbe","name":"admin","image":{"@type":"ImageObject","inLanguage":"pt-BR","@id":"https:\/\/jbcnews.com.br\/#\/schema\/person\/image\/","url":"https:\/\/secure.gravatar.com\/avatar\/fe848d2435b65c3ed1cdd3a8e8f3bb2d?s=96&d=mm&r=g","contentUrl":"https:\/\/secure.gravatar.com\/avatar\/fe848d2435b65c3ed1cdd3a8e8f3bb2d?s=96&d=mm&r=g","caption":"admin"},"sameAs":["https:\/\/jbcnews.com.br"],"url":"https:\/\/jbcnews.com.br\/index.php\/author\/jbcnews\/"}]}},"_links":{"self":[{"href":"https:\/\/jbcnews.com.br\/index.php\/wp-json\/wp\/v2\/posts\/2530"}],"collection":[{"href":"https:\/\/jbcnews.com.br\/index.php\/wp-json\/wp\/v2\/posts"}],"about":[{"href":"https:\/\/jbcnews.com.br\/index.php\/wp-json\/wp\/v2\/types\/post"}],"author":[{"embeddable":true,"href":"https:\/\/jbcnews.com.br\/index.php\/wp-json\/wp\/v2\/users\/1"}],"replies":[{"embeddable":true,"href":"https:\/\/jbcnews.com.br\/index.php\/wp-json\/wp\/v2\/comments?post=2530"}],"version-history":[{"count":1,"href":"https:\/\/jbcnews.com.br\/index.php\/wp-json\/wp\/v2\/posts\/2530\/revisions"}],"predecessor-version":[{"id":2532,"href":"https:\/\/jbcnews.com.br\/index.php\/wp-json\/wp\/v2\/posts\/2530\/revisions\/2532"}],"wp:featuredmedia":[{"embeddable":true,"href":"https:\/\/jbcnews.com.br\/index.php\/wp-json\/wp\/v2\/media\/2531"}],"wp:attachment":[{"href":"https:\/\/jbcnews.com.br\/index.php\/wp-json\/wp\/v2\/media?parent=2530"}],"wp:term":[{"taxonomy":"category","embeddable":true,"href":"https:\/\/jbcnews.com.br\/index.php\/wp-json\/wp\/v2\/categories?post=2530"},{"taxonomy":"post_tag","embeddable":true,"href":"https:\/\/jbcnews.com.br\/index.php\/wp-json\/wp\/v2\/tags?post=2530"}],"curies":[{"name":"wp","href":"https:\/\/api.w.org\/{rel}","templated":true}]}}