{"id":2527,"date":"2021-02-11T16:28:35","date_gmt":"2021-02-11T16:28:35","guid":{"rendered":"https:\/\/jbcnews.com.br\/?p=2527"},"modified":"2021-05-07T16:39:11","modified_gmt":"2021-05-07T16:39:11","slug":"em-livro-villas-boas-revela-que-postagens-polemicas-na-vespera-de-julgamento-de-lula-foram-escritas-com-alto-comando-do-exercito","status":"publish","type":"post","link":"https:\/\/jbcnews.com.br\/index.php\/2021\/02\/11\/em-livro-villas-boas-revela-que-postagens-polemicas-na-vespera-de-julgamento-de-lula-foram-escritas-com-alto-comando-do-exercito\/","title":{"rendered":"Em livro, Villas B\u00f4as revela que postagens pol\u00eamicas na v\u00e9spera de julgamento de Lula foram escritas com Alto Comando do Ex\u00e9rcito"},"content":{"rendered":"\n<p>(JBCNEWS &#8211; DF 11\/2021) &#8211; Comandante do Ex\u00e9rcito nos governos Dilma Rousseff e Michel Temer, o general Eduardo Villas B\u00f4as revelou que postagens pol\u00eamicas feitas no Twitter na v\u00e9spera do julgamento, em 2018, pelo Supremo Tribunal Federal (STF) de habeas corpus do ex-presidente Lula para recorrer da condena\u00e7\u00e3o em liberdade, em 2018, foram articuladas e &#8220;rascunhadas&#8221; em conjunto com o Alto Comando da institui\u00e7\u00e3o.<\/p>\n\n\n\n<p>As declara\u00e7\u00f5es fazem parte do livro &#8220;General Villas B\u00f4as: conversa com o comandante, rec\u00e9m-lan\u00e7ado pela Editora FGV, a partir de depoimentos concedidos pelo general ao longo de cinco dias entre agosto e setembro de 2019.<\/p>\n\n\n\n<p>A entrevista, com mais de 13 horas de dura\u00e7\u00e3o, foi comandada pelo professor e pesquisador Celso de Castro. V\u00edtima de uma rara doen\u00e7a neuromotora de car\u00e1ter degenerativo, Villas B\u00f4as hoje respira com ajuda de aparelho e se locomove em cadeira de rodas.Na v\u00e9spera do julgamento, Villas B\u00f4as afirmou, no Twitter, que a institui\u00e7\u00e3o &#8220;julga compartilhar o anseio de todos os cidad\u00e3os de bem de rep\u00fadio \u00e0 impunidade&#8221;. E que o Ex\u00e9rcito tamb\u00e9m defende o &#8220;respeito \u00e0 Constitui\u00e7\u00e3o, \u00e0 paz social e \u00e0 Democracia&#8221;, e que a institui\u00e7\u00e3o &#8220;se mant\u00e9m atenta \u00e0s suas miss\u00f5es institucionais&#8221;. Na \u00e9poca, a postagem foi interpretada, principalmente no PT, como uma press\u00e3o sobre o STF.<\/p>\n\n\n\n<p>No livro, o militar narra que o texto foi redigido por v\u00e1rias m\u00e3os na alta c\u00fapula do Ex\u00e9rcito. &#8220;O texto teve um &#8216;rascunho&#8217; elaborado pelo meu staff e pelos integrantes do Alto Comando residentes em Bras\u00edlia. No dia seguinte da expedi\u00e7\u00e3o, remetemos para os comandantes militares de \u00e1rea. Recebidas as sugest\u00f5es, elaboramos o texto final, o que nos tomou todo expediente, at\u00e9 por volta das 20 horas, momento que liberei para o CComSEx (Setor de comunica\u00e7\u00e3o do Ex\u00e9rcito) para expedi\u00e7\u00e3o&#8221;, descreveu Villas B\u00f4as.<\/p>\n\n\n\n<p>A postagem gerou rea\u00e7\u00e3o na \u00e9poca. Sem citar diretamente Villas B\u00f4as, o ent\u00e3o ministro do STF Celso de Mello disse que um coment\u00e1rio realizado por &#8220;alt\u00edssima fonte&#8221; foi &#8220;claramente infringente do princ\u00edpio da separa\u00e7\u00e3o de Poderes&#8221; e alertou contra &#8220;pr\u00e1ticas estranhas e lesivas \u00e0 ortodoxia constitucional&#8221;.<\/p>\n\n\n\n<p>O general afirma que o ent\u00e3o ministro da Defesa, Raul Jungmann, e o ent\u00e3o ministro-chefe do Gabinete de Seguran\u00e7a Institucional (GSI), S\u00e9rgio Etchegoyen, n\u00e3o foram avisados da postagem, assim como os chefes da Marinha e da Aeron\u00e1utica. Mesmo n\u00e3o sendo alertados, o texto do post n\u00e3o foi recha\u00e7ado por Jungmann e Etchegoyen, ap\u00f3s a publica\u00e7\u00e3o.<\/p>\n\n\n\n<p>Durante a entrevista, o general afirma que duas motiva\u00e7\u00f5es moveram o Alto Comando do Ex\u00e9rcito a adotar a ofensiva. Uma delas foi o aumento das demandas por uma interven\u00e7\u00e3o militar em encontros com empres\u00e1rios e pessoas da sociedade civil. Apesar de classificar estes que clamavam por uma ruptura em outra parte do livro como &#8220;tresloucados&#8221;, ele afirma que agiu daquela forma para conter uma poss\u00edvel convuls\u00e3o social.<\/p>\n\n\n\n<p>&#8220;Externamente, nos preocupavam as consequ\u00eancias do extravasamento da indigna\u00e7\u00e3o que tomava conta da popula\u00e7\u00e3o. T\u00ednhamos aferi\u00e7\u00e3o decorrente do aumento das demandas por uma interven\u00e7\u00e3o militar. Era muito mais prudente preveni-la do que, depois, sermos empregados para cont\u00ea-la. Internamente, agimos em raz\u00e3o da porosidade do nosso p\u00fablico interno, todo ele imerso na sociedade. Portanto, compartilhavam de ansiedade semelhante&#8221;, descreve.<\/p>\n\n\n\n<p>No livro, o militar voltou a classificar o epis\u00f3dio como &#8220;oportuno&#8221;. &#8220;Tratava-se de um alerta, muito antes que uma amea\u00e7a&#8221;, narra em trecho da entrevista. A mesma opini\u00e3o j\u00e1 havia sido manifestada pelo general em entrevista ao GLOBO, na s\u00e9rie &#8220;D\u00e9cadas de Ruptura&#8221;.<\/p>\n\n\n\n<p>A postura de Villas B\u00f4as nas redes sociais converge com um projeto pessoal empregado por ele naquela oportunidade para que o &#8220;Ex\u00e9rcito voltasse a ser ouvido com naturalidade&#8221;. Com isso, os militares falariam mais com a imprensa, ocupando os espa\u00e7os de debate. V\u00e1rios deles, como Villas B\u00f4as, foram para o Twitter. Outros atuavam nos bastidores na tentativa de influenciar a narrativa pol\u00edtica.<\/p>\n\n\n\n<p>Ao longo da \u00faltima d\u00e9cada, o general R\u00eago Barros, ent\u00e3o chefe do Centro de Comunica\u00e7\u00e3o do Ex\u00e9rcito, foi respons\u00e1vel por comandar todo o planejamento para discutir estrat\u00e9gias e atitudes de comunica\u00e7\u00e3o, cuja agenda envolvia reuni\u00f5es di\u00e1rias.<\/p>\n\n\n\n<p>Bolsonaro rompeu com politicamente correto<\/p>\n\n\n\n<p>Em outro trecho, ao falar sobre o governo Bolsonaro, Villas B\u00f4as refuta a ideia de que o presidente representa a volta dos militares ao poder, mesmo havendo recorde de miliares em cargos de primeiro e segundo escal\u00e3o. Para o general, &#8220;Bolsonaro deu \u00eanfase ao combate ao politicamente correto, do qual a popula\u00e7\u00e3o estava cansada.&#8221;<\/p>\n\n\n\n<p>Questionado sobre a conversa entre ele e o presidente, quando este disse que o general era um dos respons\u00e1veis pela sua chegada ao Pal\u00e1cio do Planalto, disse que a conversa &#8220;morrer\u00e1&#8221; entre eles e que &#8220;n\u00e3o foi um tema de car\u00e1ter conspirat\u00f3rio&#8221;.<\/p>\n\n\n\n<p>No livro, ao mesmo tempo em que recha\u00e7a a sua proximidade com a pol\u00edtica, assim como a do Ex\u00e9rcito, o militar relata encontros com o ex-presidente Michel Temer para discutir uma rea\u00e7\u00e3o do Ex\u00e9rcito \u00e0 possibilidade de impeachment e tamb\u00e9m com os presidenci\u00e1veis de 2018 para debater &#8220;projeto nacional&#8221;.<\/p>\n\n\n\n<p>Sobre o governo Dilma, o general afirma que havia um distanciamento da c\u00fapula militar com o Planalto, diferentemente da rela\u00e7\u00e3o nos dois mandatos do ex-presidente Lula. Diz que os ind\u00edcios de corrup\u00e7\u00e3o, a evolu\u00e7\u00e3o negativa da economia e os moldes da Comiss\u00e3o da Verdade despertaram &#8220;um sentimento de trai\u00e7\u00e3o em rela\u00e7\u00e3o ao governo&#8221;.<\/p>\n\n\n\n<p>&#8220;Foi uma facada nas costas, mesmo considerando que foi decorr\u00eancia de antigos compromissos assumidos pela presidente Dilma&#8221;, relata o general, para quem a comiss\u00e3o foi vista como &#8220;revanchismo&#8221;.<\/p>\n","protected":false},"excerpt":{"rendered":"<p>(JBCNEWS &#8211; DF 11\/2021) &#8211; Comandante do Ex\u00e9rcito nos governos Dilma Rousseff e Michel Temer, o general Eduardo Villas B\u00f4as revelou que postagens pol\u00eamicas feitas no<span class=\"excerpt-hellip\"> [\u2026]<\/span><\/p>\n","protected":false},"author":1,"featured_media":2528,"comment_status":"open","ping_status":"open","sticky":false,"template":"","format":"standard","meta":{"footnotes":""},"categories":[33],"tags":[],"yoast_head":"<!-- This site is optimized with the Yoast SEO plugin v22.6 - https:\/\/yoast.com\/wordpress\/plugins\/seo\/ -->\n<title>Em livro, Villas B\u00f4as revela que postagens pol\u00eamicas na v\u00e9spera de julgamento de Lula foram escritas com Alto Comando do Ex\u00e9rcito - JBCNews<\/title>\n<meta name=\"robots\" content=\"index, follow, max-snippet:-1, max-image-preview:large, max-video-preview:-1\" \/>\n<link rel=\"canonical\" href=\"https:\/\/jbcnews.com.br\/index.php\/2021\/02\/11\/em-livro-villas-boas-revela-que-postagens-polemicas-na-vespera-de-julgamento-de-lula-foram-escritas-com-alto-comando-do-exercito\/\" \/>\n<meta property=\"og:locale\" content=\"pt_BR\" \/>\n<meta property=\"og:type\" content=\"article\" \/>\n<meta property=\"og:title\" content=\"Em livro, Villas B\u00f4as revela que postagens pol\u00eamicas na v\u00e9spera de julgamento de Lula foram escritas com Alto Comando do Ex\u00e9rcito - JBCNews\" \/>\n<meta property=\"og:description\" content=\"(JBCNEWS &#8211; DF 11\/2021) &#8211; Comandante do Ex\u00e9rcito nos governos Dilma Rousseff e Michel Temer, o general Eduardo Villas B\u00f4as revelou que postagens pol\u00eamicas feitas no [\u2026]\" \/>\n<meta property=\"og:url\" content=\"https:\/\/jbcnews.com.br\/index.php\/2021\/02\/11\/em-livro-villas-boas-revela-que-postagens-polemicas-na-vespera-de-julgamento-de-lula-foram-escritas-com-alto-comando-do-exercito\/\" \/>\n<meta property=\"og:site_name\" content=\"JBCNews\" \/>\n<meta property=\"article:published_time\" content=\"2021-02-11T16:28:35+00:00\" \/>\n<meta property=\"article:modified_time\" content=\"2021-05-07T16:39:11+00:00\" \/>\n<meta property=\"og:image\" content=\"https:\/\/jbcnews.com.br\/wp-content\/uploads\/2021\/02\/imagem-17.png\" \/>\n\t<meta property=\"og:image:width\" content=\"959\" \/>\n\t<meta property=\"og:image:height\" content=\"417\" \/>\n\t<meta property=\"og:image:type\" content=\"image\/png\" \/>\n<meta name=\"author\" content=\"admin\" \/>\n<meta name=\"twitter:card\" content=\"summary_large_image\" \/>\n<meta name=\"twitter:label1\" content=\"Escrito por\" \/>\n\t<meta name=\"twitter:data1\" content=\"admin\" \/>\n\t<meta name=\"twitter:label2\" content=\"Est. tempo de leitura\" \/>\n\t<meta name=\"twitter:data2\" content=\"5 minutos\" \/>\n<script type=\"application\/ld+json\" class=\"yoast-schema-graph\">{\"@context\":\"https:\/\/schema.org\",\"@graph\":[{\"@type\":\"WebPage\",\"@id\":\"https:\/\/jbcnews.com.br\/index.php\/2021\/02\/11\/em-livro-villas-boas-revela-que-postagens-polemicas-na-vespera-de-julgamento-de-lula-foram-escritas-com-alto-comando-do-exercito\/\",\"url\":\"https:\/\/jbcnews.com.br\/index.php\/2021\/02\/11\/em-livro-villas-boas-revela-que-postagens-polemicas-na-vespera-de-julgamento-de-lula-foram-escritas-com-alto-comando-do-exercito\/\",\"name\":\"Em livro, Villas B\u00f4as revela que postagens pol\u00eamicas na v\u00e9spera de julgamento de Lula foram escritas com Alto Comando do Ex\u00e9rcito - JBCNews\",\"isPartOf\":{\"@id\":\"https:\/\/jbcnews.com.br\/#website\"},\"primaryImageOfPage\":{\"@id\":\"https:\/\/jbcnews.com.br\/index.php\/2021\/02\/11\/em-livro-villas-boas-revela-que-postagens-polemicas-na-vespera-de-julgamento-de-lula-foram-escritas-com-alto-comando-do-exercito\/#primaryimage\"},\"image\":{\"@id\":\"https:\/\/jbcnews.com.br\/index.php\/2021\/02\/11\/em-livro-villas-boas-revela-que-postagens-polemicas-na-vespera-de-julgamento-de-lula-foram-escritas-com-alto-comando-do-exercito\/#primaryimage\"},\"thumbnailUrl\":\"https:\/\/jbcnews.com.br\/wp-content\/uploads\/2021\/02\/imagem-17.png\",\"datePublished\":\"2021-02-11T16:28:35+00:00\",\"dateModified\":\"2021-05-07T16:39:11+00:00\",\"author\":{\"@id\":\"https:\/\/jbcnews.com.br\/#\/schema\/person\/3b597ec20ccf92d0adc436057caf9bbe\"},\"breadcrumb\":{\"@id\":\"https:\/\/jbcnews.com.br\/index.php\/2021\/02\/11\/em-livro-villas-boas-revela-que-postagens-polemicas-na-vespera-de-julgamento-de-lula-foram-escritas-com-alto-comando-do-exercito\/#breadcrumb\"},\"inLanguage\":\"pt-BR\",\"potentialAction\":[{\"@type\":\"ReadAction\",\"target\":[\"https:\/\/jbcnews.com.br\/index.php\/2021\/02\/11\/em-livro-villas-boas-revela-que-postagens-polemicas-na-vespera-de-julgamento-de-lula-foram-escritas-com-alto-comando-do-exercito\/\"]}]},{\"@type\":\"ImageObject\",\"inLanguage\":\"pt-BR\",\"@id\":\"https:\/\/jbcnews.com.br\/index.php\/2021\/02\/11\/em-livro-villas-boas-revela-que-postagens-polemicas-na-vespera-de-julgamento-de-lula-foram-escritas-com-alto-comando-do-exercito\/#primaryimage\",\"url\":\"https:\/\/jbcnews.com.br\/wp-content\/uploads\/2021\/02\/imagem-17.png\",\"contentUrl\":\"https:\/\/jbcnews.com.br\/wp-content\/uploads\/2021\/02\/imagem-17.png\",\"width\":959,\"height\":417},{\"@type\":\"BreadcrumbList\",\"@id\":\"https:\/\/jbcnews.com.br\/index.php\/2021\/02\/11\/em-livro-villas-boas-revela-que-postagens-polemicas-na-vespera-de-julgamento-de-lula-foram-escritas-com-alto-comando-do-exercito\/#breadcrumb\",\"itemListElement\":[{\"@type\":\"ListItem\",\"position\":1,\"name\":\"In\u00edcio\",\"item\":\"https:\/\/jbcnews.com.br\/\"},{\"@type\":\"ListItem\",\"position\":2,\"name\":\"Em livro, Villas B\u00f4as revela que postagens pol\u00eamicas na v\u00e9spera de julgamento de Lula foram escritas com Alto Comando do Ex\u00e9rcito\"}]},{\"@type\":\"WebSite\",\"@id\":\"https:\/\/jbcnews.com.br\/#website\",\"url\":\"https:\/\/jbcnews.com.br\/\",\"name\":\"JBCNews\",\"description\":\"Comunica\u00e7\u00e3o e Cultura\",\"potentialAction\":[{\"@type\":\"SearchAction\",\"target\":{\"@type\":\"EntryPoint\",\"urlTemplate\":\"https:\/\/jbcnews.com.br\/?s={search_term_string}\"},\"query-input\":\"required name=search_term_string\"}],\"inLanguage\":\"pt-BR\"},{\"@type\":\"Person\",\"@id\":\"https:\/\/jbcnews.com.br\/#\/schema\/person\/3b597ec20ccf92d0adc436057caf9bbe\",\"name\":\"admin\",\"image\":{\"@type\":\"ImageObject\",\"inLanguage\":\"pt-BR\",\"@id\":\"https:\/\/jbcnews.com.br\/#\/schema\/person\/image\/\",\"url\":\"https:\/\/secure.gravatar.com\/avatar\/fe848d2435b65c3ed1cdd3a8e8f3bb2d?s=96&d=mm&r=g\",\"contentUrl\":\"https:\/\/secure.gravatar.com\/avatar\/fe848d2435b65c3ed1cdd3a8e8f3bb2d?s=96&d=mm&r=g\",\"caption\":\"admin\"},\"sameAs\":[\"https:\/\/jbcnews.com.br\"],\"url\":\"https:\/\/jbcnews.com.br\/index.php\/author\/jbcnews\/\"}]}<\/script>\n<!-- \/ Yoast SEO plugin. -->","yoast_head_json":{"title":"Em livro, Villas B\u00f4as revela que postagens pol\u00eamicas na v\u00e9spera de julgamento de Lula foram escritas com Alto Comando do Ex\u00e9rcito - JBCNews","robots":{"index":"index","follow":"follow","max-snippet":"max-snippet:-1","max-image-preview":"max-image-preview:large","max-video-preview":"max-video-preview:-1"},"canonical":"https:\/\/jbcnews.com.br\/index.php\/2021\/02\/11\/em-livro-villas-boas-revela-que-postagens-polemicas-na-vespera-de-julgamento-de-lula-foram-escritas-com-alto-comando-do-exercito\/","og_locale":"pt_BR","og_type":"article","og_title":"Em livro, Villas B\u00f4as revela que postagens pol\u00eamicas na v\u00e9spera de julgamento de Lula foram escritas com Alto Comando do Ex\u00e9rcito - JBCNews","og_description":"(JBCNEWS &#8211; DF 11\/2021) &#8211; Comandante do Ex\u00e9rcito nos governos Dilma Rousseff e Michel Temer, o general Eduardo Villas B\u00f4as revelou que postagens pol\u00eamicas feitas no [\u2026]","og_url":"https:\/\/jbcnews.com.br\/index.php\/2021\/02\/11\/em-livro-villas-boas-revela-que-postagens-polemicas-na-vespera-de-julgamento-de-lula-foram-escritas-com-alto-comando-do-exercito\/","og_site_name":"JBCNews","article_published_time":"2021-02-11T16:28:35+00:00","article_modified_time":"2021-05-07T16:39:11+00:00","og_image":[{"width":959,"height":417,"url":"https:\/\/jbcnews.com.br\/wp-content\/uploads\/2021\/02\/imagem-17.png","type":"image\/png"}],"author":"admin","twitter_card":"summary_large_image","twitter_misc":{"Escrito por":"admin","Est. tempo de leitura":"5 minutos"},"schema":{"@context":"https:\/\/schema.org","@graph":[{"@type":"WebPage","@id":"https:\/\/jbcnews.com.br\/index.php\/2021\/02\/11\/em-livro-villas-boas-revela-que-postagens-polemicas-na-vespera-de-julgamento-de-lula-foram-escritas-com-alto-comando-do-exercito\/","url":"https:\/\/jbcnews.com.br\/index.php\/2021\/02\/11\/em-livro-villas-boas-revela-que-postagens-polemicas-na-vespera-de-julgamento-de-lula-foram-escritas-com-alto-comando-do-exercito\/","name":"Em livro, Villas B\u00f4as revela que postagens pol\u00eamicas na v\u00e9spera de julgamento de Lula foram escritas com Alto Comando do Ex\u00e9rcito - JBCNews","isPartOf":{"@id":"https:\/\/jbcnews.com.br\/#website"},"primaryImageOfPage":{"@id":"https:\/\/jbcnews.com.br\/index.php\/2021\/02\/11\/em-livro-villas-boas-revela-que-postagens-polemicas-na-vespera-de-julgamento-de-lula-foram-escritas-com-alto-comando-do-exercito\/#primaryimage"},"image":{"@id":"https:\/\/jbcnews.com.br\/index.php\/2021\/02\/11\/em-livro-villas-boas-revela-que-postagens-polemicas-na-vespera-de-julgamento-de-lula-foram-escritas-com-alto-comando-do-exercito\/#primaryimage"},"thumbnailUrl":"https:\/\/jbcnews.com.br\/wp-content\/uploads\/2021\/02\/imagem-17.png","datePublished":"2021-02-11T16:28:35+00:00","dateModified":"2021-05-07T16:39:11+00:00","author":{"@id":"https:\/\/jbcnews.com.br\/#\/schema\/person\/3b597ec20ccf92d0adc436057caf9bbe"},"breadcrumb":{"@id":"https:\/\/jbcnews.com.br\/index.php\/2021\/02\/11\/em-livro-villas-boas-revela-que-postagens-polemicas-na-vespera-de-julgamento-de-lula-foram-escritas-com-alto-comando-do-exercito\/#breadcrumb"},"inLanguage":"pt-BR","potentialAction":[{"@type":"ReadAction","target":["https:\/\/jbcnews.com.br\/index.php\/2021\/02\/11\/em-livro-villas-boas-revela-que-postagens-polemicas-na-vespera-de-julgamento-de-lula-foram-escritas-com-alto-comando-do-exercito\/"]}]},{"@type":"ImageObject","inLanguage":"pt-BR","@id":"https:\/\/jbcnews.com.br\/index.php\/2021\/02\/11\/em-livro-villas-boas-revela-que-postagens-polemicas-na-vespera-de-julgamento-de-lula-foram-escritas-com-alto-comando-do-exercito\/#primaryimage","url":"https:\/\/jbcnews.com.br\/wp-content\/uploads\/2021\/02\/imagem-17.png","contentUrl":"https:\/\/jbcnews.com.br\/wp-content\/uploads\/2021\/02\/imagem-17.png","width":959,"height":417},{"@type":"BreadcrumbList","@id":"https:\/\/jbcnews.com.br\/index.php\/2021\/02\/11\/em-livro-villas-boas-revela-que-postagens-polemicas-na-vespera-de-julgamento-de-lula-foram-escritas-com-alto-comando-do-exercito\/#breadcrumb","itemListElement":[{"@type":"ListItem","position":1,"name":"In\u00edcio","item":"https:\/\/jbcnews.com.br\/"},{"@type":"ListItem","position":2,"name":"Em livro, Villas B\u00f4as revela que postagens pol\u00eamicas na v\u00e9spera de julgamento de Lula foram escritas com Alto Comando do Ex\u00e9rcito"}]},{"@type":"WebSite","@id":"https:\/\/jbcnews.com.br\/#website","url":"https:\/\/jbcnews.com.br\/","name":"JBCNews","description":"Comunica\u00e7\u00e3o e Cultura","potentialAction":[{"@type":"SearchAction","target":{"@type":"EntryPoint","urlTemplate":"https:\/\/jbcnews.com.br\/?s={search_term_string}"},"query-input":"required name=search_term_string"}],"inLanguage":"pt-BR"},{"@type":"Person","@id":"https:\/\/jbcnews.com.br\/#\/schema\/person\/3b597ec20ccf92d0adc436057caf9bbe","name":"admin","image":{"@type":"ImageObject","inLanguage":"pt-BR","@id":"https:\/\/jbcnews.com.br\/#\/schema\/person\/image\/","url":"https:\/\/secure.gravatar.com\/avatar\/fe848d2435b65c3ed1cdd3a8e8f3bb2d?s=96&d=mm&r=g","contentUrl":"https:\/\/secure.gravatar.com\/avatar\/fe848d2435b65c3ed1cdd3a8e8f3bb2d?s=96&d=mm&r=g","caption":"admin"},"sameAs":["https:\/\/jbcnews.com.br"],"url":"https:\/\/jbcnews.com.br\/index.php\/author\/jbcnews\/"}]}},"_links":{"self":[{"href":"https:\/\/jbcnews.com.br\/index.php\/wp-json\/wp\/v2\/posts\/2527"}],"collection":[{"href":"https:\/\/jbcnews.com.br\/index.php\/wp-json\/wp\/v2\/posts"}],"about":[{"href":"https:\/\/jbcnews.com.br\/index.php\/wp-json\/wp\/v2\/types\/post"}],"author":[{"embeddable":true,"href":"https:\/\/jbcnews.com.br\/index.php\/wp-json\/wp\/v2\/users\/1"}],"replies":[{"embeddable":true,"href":"https:\/\/jbcnews.com.br\/index.php\/wp-json\/wp\/v2\/comments?post=2527"}],"version-history":[{"count":1,"href":"https:\/\/jbcnews.com.br\/index.php\/wp-json\/wp\/v2\/posts\/2527\/revisions"}],"predecessor-version":[{"id":2529,"href":"https:\/\/jbcnews.com.br\/index.php\/wp-json\/wp\/v2\/posts\/2527\/revisions\/2529"}],"wp:featuredmedia":[{"embeddable":true,"href":"https:\/\/jbcnews.com.br\/index.php\/wp-json\/wp\/v2\/media\/2528"}],"wp:attachment":[{"href":"https:\/\/jbcnews.com.br\/index.php\/wp-json\/wp\/v2\/media?parent=2527"}],"wp:term":[{"taxonomy":"category","embeddable":true,"href":"https:\/\/jbcnews.com.br\/index.php\/wp-json\/wp\/v2\/categories?post=2527"},{"taxonomy":"post_tag","embeddable":true,"href":"https:\/\/jbcnews.com.br\/index.php\/wp-json\/wp\/v2\/tags?post=2527"}],"curies":[{"name":"wp","href":"https:\/\/api.w.org\/{rel}","templated":true}]}}