{"id":2518,"date":"2021-02-10T16:28:42","date_gmt":"2021-02-10T16:28:42","guid":{"rendered":"https:\/\/jbcnews.com.br\/?p=2518"},"modified":"2021-05-07T16:29:48","modified_gmt":"2021-05-07T16:29:48","slug":"com-goleada-da-situacao-corinthians-elege-conselheiros-de-orientacao-etica-e-fiscal","status":"publish","type":"post","link":"https:\/\/jbcnews.com.br\/index.php\/2021\/02\/10\/com-goleada-da-situacao-corinthians-elege-conselheiros-de-orientacao-etica-e-fiscal\/","title":{"rendered":"Com &#8216;goleada&#8217; da situa\u00e7\u00e3o, Corinthians elege conselheiros de orienta\u00e7\u00e3o, \u00e9tica e fiscal"},"content":{"rendered":"\n<p>(JBCNEWS &#8211; DF) &#8211; O Conselho Deliberativo do Corinthians elegeu nesta ter\u00e7a-feira (9) membros dos conselhos de Orienta\u00e7\u00e3o, \u00c9tica e Fiscal. A decis\u00e3o foi feita atrav\u00e9s de vota\u00e7\u00e3o, e os eleitos ocupar\u00e3o os cargos entre 2021 e 2023. O destaque ficou para a situa\u00e7\u00e3o, que conseguiu a maioria em todos os \u00f3rg\u00e3os.<br><br><\/p>\n\n\n\n<p>Das 10 vagas do Conselho de Orienta\u00e7\u00e3o, apenas Fabio Carrenho \u00e9 da oposi\u00e7\u00e3o, diferentemente dos Conselhos Fiscais e de \u00c9tica que tiveram as suas vagas integralmente ocupadas por aliados do presidente Duilio Monteiro Alves, eleito em novembro de 2020, mas empossado em janeiro de 2021.<br><br>\u00c9 a segunda vit\u00f3ria da situa\u00e7\u00e3o corintiana, que no fim do ano passado j\u00e1 havia emplacado o presidente, vice e dois secret\u00e1rios no Conselho Deliberativo.<br><br>Confira todos os nomes que garantiram as suas vagas nos conselhos do Tim\u00e3o:<br><br><strong>Conselho de Orienta\u00e7\u00e3o:&nbsp;<\/strong>Antoine Gebran Filho, Ant\u00f4nio Jorge Rachid J\u00fanior, Claudio Monteiro da Costa, Fabio Carrenho, Helio Nasri Madi, Ivaney Cayres de Souza, Jos\u00e9 Luis Cecilio, Jos\u00e9 Onofre de Souza Almeida, Ronaldo Perrella Rocha (Banha) e Tomas Jorge Traldi Kalil.<br><br><strong>Conselho Fiscal:&nbsp;<\/strong>Fabio Eduardo Pieroni Lopres, Jo\u00e3o de Oliveira e Warlei dos Santos.<br><br><strong>Conselho de \u00c9tica:&nbsp;<\/strong>Amor Bertoni Gebara, Carlos Roerto Elias, Leonardo Ribeiro e Silva e Raul Lovo Neto.<\/p>\n","protected":false},"excerpt":{"rendered":"<p>(JBCNEWS &#8211; DF) &#8211; O Conselho Deliberativo do Corinthians elegeu nesta ter\u00e7a-feira (9) membros dos conselhos de Orienta\u00e7\u00e3o, \u00c9tica e Fiscal. A decis\u00e3o foi feita atrav\u00e9s<span class=\"excerpt-hellip\"> [\u2026]<\/span><\/p>\n","protected":false},"author":1,"featured_media":2519,"comment_status":"open","ping_status":"open","sticky":false,"template":"","format":"standard","meta":{"footnotes":""},"categories":[23],"tags":[],"yoast_head":"<!-- This site is optimized with the Yoast SEO plugin v22.6 - https:\/\/yoast.com\/wordpress\/plugins\/seo\/ -->\n<title>Com &#039;goleada&#039; da situa\u00e7\u00e3o, Corinthians elege conselheiros de orienta\u00e7\u00e3o, \u00e9tica e fiscal - JBCNews<\/title>\n<meta name=\"robots\" content=\"index, follow, max-snippet:-1, max-image-preview:large, max-video-preview:-1\" \/>\n<link rel=\"canonical\" href=\"https:\/\/jbcnews.com.br\/index.php\/2021\/02\/10\/com-goleada-da-situacao-corinthians-elege-conselheiros-de-orientacao-etica-e-fiscal\/\" \/>\n<meta property=\"og:locale\" content=\"pt_BR\" \/>\n<meta property=\"og:type\" content=\"article\" \/>\n<meta property=\"og:title\" content=\"Com &#039;goleada&#039; da situa\u00e7\u00e3o, Corinthians elege conselheiros de orienta\u00e7\u00e3o, \u00e9tica e fiscal - JBCNews\" \/>\n<meta property=\"og:description\" content=\"(JBCNEWS &#8211; DF) &#8211; O Conselho Deliberativo do Corinthians elegeu nesta ter\u00e7a-feira (9) membros dos conselhos de Orienta\u00e7\u00e3o, \u00c9tica e Fiscal. A decis\u00e3o foi feita atrav\u00e9s [\u2026]\" \/>\n<meta property=\"og:url\" content=\"https:\/\/jbcnews.com.br\/index.php\/2021\/02\/10\/com-goleada-da-situacao-corinthians-elege-conselheiros-de-orientacao-etica-e-fiscal\/\" \/>\n<meta property=\"og:site_name\" content=\"JBCNews\" \/>\n<meta property=\"article:published_time\" content=\"2021-02-10T16:28:42+00:00\" \/>\n<meta property=\"article:modified_time\" content=\"2021-05-07T16:29:48+00:00\" \/>\n<meta property=\"og:image\" content=\"https:\/\/jbcnews.com.br\/wp-content\/uploads\/2021\/02\/imagem-14.png\" \/>\n\t<meta property=\"og:image:width\" content=\"846\" \/>\n\t<meta property=\"og:image:height\" content=\"582\" \/>\n\t<meta property=\"og:image:type\" content=\"image\/png\" \/>\n<meta name=\"author\" content=\"admin\" \/>\n<meta name=\"twitter:card\" content=\"summary_large_image\" \/>\n<meta name=\"twitter:label1\" content=\"Escrito por\" \/>\n\t<meta name=\"twitter:data1\" content=\"admin\" \/>\n\t<meta name=\"twitter:label2\" content=\"Est. tempo de leitura\" \/>\n\t<meta name=\"twitter:data2\" content=\"1 minuto\" \/>\n<script type=\"application\/ld+json\" class=\"yoast-schema-graph\">{\"@context\":\"https:\/\/schema.org\",\"@graph\":[{\"@type\":\"WebPage\",\"@id\":\"https:\/\/jbcnews.com.br\/index.php\/2021\/02\/10\/com-goleada-da-situacao-corinthians-elege-conselheiros-de-orientacao-etica-e-fiscal\/\",\"url\":\"https:\/\/jbcnews.com.br\/index.php\/2021\/02\/10\/com-goleada-da-situacao-corinthians-elege-conselheiros-de-orientacao-etica-e-fiscal\/\",\"name\":\"Com 'goleada' da situa\u00e7\u00e3o, Corinthians elege conselheiros de orienta\u00e7\u00e3o, \u00e9tica e fiscal - JBCNews\",\"isPartOf\":{\"@id\":\"https:\/\/jbcnews.com.br\/#website\"},\"primaryImageOfPage\":{\"@id\":\"https:\/\/jbcnews.com.br\/index.php\/2021\/02\/10\/com-goleada-da-situacao-corinthians-elege-conselheiros-de-orientacao-etica-e-fiscal\/#primaryimage\"},\"image\":{\"@id\":\"https:\/\/jbcnews.com.br\/index.php\/2021\/02\/10\/com-goleada-da-situacao-corinthians-elege-conselheiros-de-orientacao-etica-e-fiscal\/#primaryimage\"},\"thumbnailUrl\":\"https:\/\/jbcnews.com.br\/wp-content\/uploads\/2021\/02\/imagem-14.png\",\"datePublished\":\"2021-02-10T16:28:42+00:00\",\"dateModified\":\"2021-05-07T16:29:48+00:00\",\"author\":{\"@id\":\"https:\/\/jbcnews.com.br\/#\/schema\/person\/3b597ec20ccf92d0adc436057caf9bbe\"},\"breadcrumb\":{\"@id\":\"https:\/\/jbcnews.com.br\/index.php\/2021\/02\/10\/com-goleada-da-situacao-corinthians-elege-conselheiros-de-orientacao-etica-e-fiscal\/#breadcrumb\"},\"inLanguage\":\"pt-BR\",\"potentialAction\":[{\"@type\":\"ReadAction\",\"target\":[\"https:\/\/jbcnews.com.br\/index.php\/2021\/02\/10\/com-goleada-da-situacao-corinthians-elege-conselheiros-de-orientacao-etica-e-fiscal\/\"]}]},{\"@type\":\"ImageObject\",\"inLanguage\":\"pt-BR\",\"@id\":\"https:\/\/jbcnews.com.br\/index.php\/2021\/02\/10\/com-goleada-da-situacao-corinthians-elege-conselheiros-de-orientacao-etica-e-fiscal\/#primaryimage\",\"url\":\"https:\/\/jbcnews.com.br\/wp-content\/uploads\/2021\/02\/imagem-14.png\",\"contentUrl\":\"https:\/\/jbcnews.com.br\/wp-content\/uploads\/2021\/02\/imagem-14.png\",\"width\":846,\"height\":582},{\"@type\":\"BreadcrumbList\",\"@id\":\"https:\/\/jbcnews.com.br\/index.php\/2021\/02\/10\/com-goleada-da-situacao-corinthians-elege-conselheiros-de-orientacao-etica-e-fiscal\/#breadcrumb\",\"itemListElement\":[{\"@type\":\"ListItem\",\"position\":1,\"name\":\"In\u00edcio\",\"item\":\"https:\/\/jbcnews.com.br\/\"},{\"@type\":\"ListItem\",\"position\":2,\"name\":\"Com &#8216;goleada&#8217; da situa\u00e7\u00e3o, Corinthians elege conselheiros de orienta\u00e7\u00e3o, \u00e9tica e fiscal\"}]},{\"@type\":\"WebSite\",\"@id\":\"https:\/\/jbcnews.com.br\/#website\",\"url\":\"https:\/\/jbcnews.com.br\/\",\"name\":\"JBCNews\",\"description\":\"Comunica\u00e7\u00e3o e Cultura\",\"potentialAction\":[{\"@type\":\"SearchAction\",\"target\":{\"@type\":\"EntryPoint\",\"urlTemplate\":\"https:\/\/jbcnews.com.br\/?s={search_term_string}\"},\"query-input\":\"required name=search_term_string\"}],\"inLanguage\":\"pt-BR\"},{\"@type\":\"Person\",\"@id\":\"https:\/\/jbcnews.com.br\/#\/schema\/person\/3b597ec20ccf92d0adc436057caf9bbe\",\"name\":\"admin\",\"image\":{\"@type\":\"ImageObject\",\"inLanguage\":\"pt-BR\",\"@id\":\"https:\/\/jbcnews.com.br\/#\/schema\/person\/image\/\",\"url\":\"https:\/\/secure.gravatar.com\/avatar\/fe848d2435b65c3ed1cdd3a8e8f3bb2d?s=96&d=mm&r=g\",\"contentUrl\":\"https:\/\/secure.gravatar.com\/avatar\/fe848d2435b65c3ed1cdd3a8e8f3bb2d?s=96&d=mm&r=g\",\"caption\":\"admin\"},\"sameAs\":[\"https:\/\/jbcnews.com.br\"],\"url\":\"https:\/\/jbcnews.com.br\/index.php\/author\/jbcnews\/\"}]}<\/script>\n<!-- \/ Yoast SEO plugin. -->","yoast_head_json":{"title":"Com 'goleada' da situa\u00e7\u00e3o, Corinthians elege conselheiros de orienta\u00e7\u00e3o, \u00e9tica e fiscal - JBCNews","robots":{"index":"index","follow":"follow","max-snippet":"max-snippet:-1","max-image-preview":"max-image-preview:large","max-video-preview":"max-video-preview:-1"},"canonical":"https:\/\/jbcnews.com.br\/index.php\/2021\/02\/10\/com-goleada-da-situacao-corinthians-elege-conselheiros-de-orientacao-etica-e-fiscal\/","og_locale":"pt_BR","og_type":"article","og_title":"Com 'goleada' da situa\u00e7\u00e3o, Corinthians elege conselheiros de orienta\u00e7\u00e3o, \u00e9tica e fiscal - JBCNews","og_description":"(JBCNEWS &#8211; DF) &#8211; O Conselho Deliberativo do Corinthians elegeu nesta ter\u00e7a-feira (9) membros dos conselhos de Orienta\u00e7\u00e3o, \u00c9tica e Fiscal. A decis\u00e3o foi feita atrav\u00e9s [\u2026]","og_url":"https:\/\/jbcnews.com.br\/index.php\/2021\/02\/10\/com-goleada-da-situacao-corinthians-elege-conselheiros-de-orientacao-etica-e-fiscal\/","og_site_name":"JBCNews","article_published_time":"2021-02-10T16:28:42+00:00","article_modified_time":"2021-05-07T16:29:48+00:00","og_image":[{"width":846,"height":582,"url":"https:\/\/jbcnews.com.br\/wp-content\/uploads\/2021\/02\/imagem-14.png","type":"image\/png"}],"author":"admin","twitter_card":"summary_large_image","twitter_misc":{"Escrito por":"admin","Est. tempo de leitura":"1 minuto"},"schema":{"@context":"https:\/\/schema.org","@graph":[{"@type":"WebPage","@id":"https:\/\/jbcnews.com.br\/index.php\/2021\/02\/10\/com-goleada-da-situacao-corinthians-elege-conselheiros-de-orientacao-etica-e-fiscal\/","url":"https:\/\/jbcnews.com.br\/index.php\/2021\/02\/10\/com-goleada-da-situacao-corinthians-elege-conselheiros-de-orientacao-etica-e-fiscal\/","name":"Com 'goleada' da situa\u00e7\u00e3o, Corinthians elege conselheiros de orienta\u00e7\u00e3o, \u00e9tica e fiscal - JBCNews","isPartOf":{"@id":"https:\/\/jbcnews.com.br\/#website"},"primaryImageOfPage":{"@id":"https:\/\/jbcnews.com.br\/index.php\/2021\/02\/10\/com-goleada-da-situacao-corinthians-elege-conselheiros-de-orientacao-etica-e-fiscal\/#primaryimage"},"image":{"@id":"https:\/\/jbcnews.com.br\/index.php\/2021\/02\/10\/com-goleada-da-situacao-corinthians-elege-conselheiros-de-orientacao-etica-e-fiscal\/#primaryimage"},"thumbnailUrl":"https:\/\/jbcnews.com.br\/wp-content\/uploads\/2021\/02\/imagem-14.png","datePublished":"2021-02-10T16:28:42+00:00","dateModified":"2021-05-07T16:29:48+00:00","author":{"@id":"https:\/\/jbcnews.com.br\/#\/schema\/person\/3b597ec20ccf92d0adc436057caf9bbe"},"breadcrumb":{"@id":"https:\/\/jbcnews.com.br\/index.php\/2021\/02\/10\/com-goleada-da-situacao-corinthians-elege-conselheiros-de-orientacao-etica-e-fiscal\/#breadcrumb"},"inLanguage":"pt-BR","potentialAction":[{"@type":"ReadAction","target":["https:\/\/jbcnews.com.br\/index.php\/2021\/02\/10\/com-goleada-da-situacao-corinthians-elege-conselheiros-de-orientacao-etica-e-fiscal\/"]}]},{"@type":"ImageObject","inLanguage":"pt-BR","@id":"https:\/\/jbcnews.com.br\/index.php\/2021\/02\/10\/com-goleada-da-situacao-corinthians-elege-conselheiros-de-orientacao-etica-e-fiscal\/#primaryimage","url":"https:\/\/jbcnews.com.br\/wp-content\/uploads\/2021\/02\/imagem-14.png","contentUrl":"https:\/\/jbcnews.com.br\/wp-content\/uploads\/2021\/02\/imagem-14.png","width":846,"height":582},{"@type":"BreadcrumbList","@id":"https:\/\/jbcnews.com.br\/index.php\/2021\/02\/10\/com-goleada-da-situacao-corinthians-elege-conselheiros-de-orientacao-etica-e-fiscal\/#breadcrumb","itemListElement":[{"@type":"ListItem","position":1,"name":"In\u00edcio","item":"https:\/\/jbcnews.com.br\/"},{"@type":"ListItem","position":2,"name":"Com &#8216;goleada&#8217; da situa\u00e7\u00e3o, Corinthians elege conselheiros de orienta\u00e7\u00e3o, \u00e9tica e fiscal"}]},{"@type":"WebSite","@id":"https:\/\/jbcnews.com.br\/#website","url":"https:\/\/jbcnews.com.br\/","name":"JBCNews","description":"Comunica\u00e7\u00e3o e Cultura","potentialAction":[{"@type":"SearchAction","target":{"@type":"EntryPoint","urlTemplate":"https:\/\/jbcnews.com.br\/?s={search_term_string}"},"query-input":"required name=search_term_string"}],"inLanguage":"pt-BR"},{"@type":"Person","@id":"https:\/\/jbcnews.com.br\/#\/schema\/person\/3b597ec20ccf92d0adc436057caf9bbe","name":"admin","image":{"@type":"ImageObject","inLanguage":"pt-BR","@id":"https:\/\/jbcnews.com.br\/#\/schema\/person\/image\/","url":"https:\/\/secure.gravatar.com\/avatar\/fe848d2435b65c3ed1cdd3a8e8f3bb2d?s=96&d=mm&r=g","contentUrl":"https:\/\/secure.gravatar.com\/avatar\/fe848d2435b65c3ed1cdd3a8e8f3bb2d?s=96&d=mm&r=g","caption":"admin"},"sameAs":["https:\/\/jbcnews.com.br"],"url":"https:\/\/jbcnews.com.br\/index.php\/author\/jbcnews\/"}]}},"_links":{"self":[{"href":"https:\/\/jbcnews.com.br\/index.php\/wp-json\/wp\/v2\/posts\/2518"}],"collection":[{"href":"https:\/\/jbcnews.com.br\/index.php\/wp-json\/wp\/v2\/posts"}],"about":[{"href":"https:\/\/jbcnews.com.br\/index.php\/wp-json\/wp\/v2\/types\/post"}],"author":[{"embeddable":true,"href":"https:\/\/jbcnews.com.br\/index.php\/wp-json\/wp\/v2\/users\/1"}],"replies":[{"embeddable":true,"href":"https:\/\/jbcnews.com.br\/index.php\/wp-json\/wp\/v2\/comments?post=2518"}],"version-history":[{"count":1,"href":"https:\/\/jbcnews.com.br\/index.php\/wp-json\/wp\/v2\/posts\/2518\/revisions"}],"predecessor-version":[{"id":2520,"href":"https:\/\/jbcnews.com.br\/index.php\/wp-json\/wp\/v2\/posts\/2518\/revisions\/2520"}],"wp:featuredmedia":[{"embeddable":true,"href":"https:\/\/jbcnews.com.br\/index.php\/wp-json\/wp\/v2\/media\/2519"}],"wp:attachment":[{"href":"https:\/\/jbcnews.com.br\/index.php\/wp-json\/wp\/v2\/media?parent=2518"}],"wp:term":[{"taxonomy":"category","embeddable":true,"href":"https:\/\/jbcnews.com.br\/index.php\/wp-json\/wp\/v2\/categories?post=2518"},{"taxonomy":"post_tag","embeddable":true,"href":"https:\/\/jbcnews.com.br\/index.php\/wp-json\/wp\/v2\/tags?post=2518"}],"curies":[{"name":"wp","href":"https:\/\/api.w.org\/{rel}","templated":true}]}}