{"id":2515,"date":"2021-02-10T16:24:54","date_gmt":"2021-02-10T16:24:54","guid":{"rendered":"https:\/\/jbcnews.com.br\/?p=2515"},"modified":"2021-05-07T16:29:54","modified_gmt":"2021-05-07T16:29:54","slug":"balao-virtual-leva-visitantes-do-musehum-a-um-sobrevoo-pelo-rio","status":"publish","type":"post","link":"https:\/\/jbcnews.com.br\/index.php\/2021\/02\/10\/balao-virtual-leva-visitantes-do-musehum-a-um-sobrevoo-pelo-rio\/","title":{"rendered":"Bal\u00e3o virtual leva visitantes do Musehum a um sobrevoo pelo Rio"},"content":{"rendered":"\n<p>(JBCNEWS &#8211; DF \u2014 O Museu das Comunica\u00e7\u00f5es e Humanidades (Musehum) celebra um ano de abertura nas nuvens da internet. O presente para os visitantes \u00e9 uma experi\u00eancia virtual de viagem sobre as belezas do Rio, a bordo de um bal\u00e3o cenogr\u00e1fico, que ser\u00e1 inaugurado nesta quinta-feira. Tudo gra\u00e7as a \u00f3culos de realidade virtual e fones de ouvido oferecidos pelo Centro Cultural Oi Futuro, no Flamengo. \u00c9 s\u00f3 decolar do pr\u00e9dio e curtir a paisagem, usando uma luneta hiper-real para observar atra\u00e7\u00f5es como os vizinhos Museu da Rep\u00fablica e Parque do Flamengo, al\u00e9m de P\u00e3o de A\u00e7\u00facar, Cristo e MAM.<\/p>\n\n\n\n<p>Com agendamento gratuito pelo site Oi Futuro e aberta para 30 pessoas por dia, a viagem de hiper-realidade virtual simula um passeio a\u00e9reo pela paisagem carioca, conectando arte, cultura e mem\u00f3ria. A sensa\u00e7\u00e3o de voo \u00e9 refor\u00e7ada por ventiladores, acionados com comandos interativos. A experi\u00eancia \u00e9 guiada por uma animada bigu\u00e1, ave aqu\u00e1tica que circula pelo Rio. As crian\u00e7as tamb\u00e9m podem chegar a bordo, desde que acompanhadas por respons\u00e1veis.<\/p>\n\n\n\n<p>\u2014 A atra\u00e7\u00e3o foi pensada para o momento que vivemos. Nessa aventura, a cidade pode ser vista por um \u00e2ngulo inusitado para n\u00f3s, terrestres. Na panor\u00e2mica, al\u00e9m de lindo, o Rio est\u00e1 contextualizado numa rede de cultura superpotente, valorizando o que est\u00e1 ao nosso redor \u2014 diz a muse\u00f3loga Bruna Cruz, coordenadora do Musehum.<\/p>\n\n\n\n<p>Na pandemia, o rec\u00e9m-aberto museu \u2014 que \u00e9 uma evolu\u00e7\u00e3o conceitual e tecnol\u00f3gica do Museu das Telecomunica\u00e7\u00f5es, em atividade h\u00e1 13 anos \u2014 teve que fechar mas n\u00e3o parou, lan\u00e7ando a plataforma digital, com tour virtual 360\u00b0 na exposi\u00e7\u00e3o f\u00edsica e na reserva t\u00e9cnica. Tamb\u00e9m disponibilizou o acervo on-line, com 3.800 itens in\u00e9ditos, entre fotos hist\u00f3ricas, objetos e documentos, para pesquisa.<\/p>\n\n\n\n<p>Quem visitar o Oi Futuro tamb\u00e9m pode apreciar a exposi\u00e7\u00e3o &#8220;Una(S)+&#8221;, com 80 trabalhos de 15 artistas mulheres da Argentina e do Brasil. A mostra est\u00e1 aberta at\u00e9 28 de mar\u00e7o, tamb\u00e9m por meio de agendamento pr\u00e9vio, por conta das medidas sanit\u00e1rias.<\/p>\n","protected":false},"excerpt":{"rendered":"<p>(JBCNEWS &#8211; DF \u2014 O Museu das Comunica\u00e7\u00f5es e Humanidades (Musehum) celebra um ano de abertura nas nuvens da internet. O presente para os visitantes \u00e9<span class=\"excerpt-hellip\"> [\u2026]<\/span><\/p>\n","protected":false},"author":1,"featured_media":2516,"comment_status":"open","ping_status":"open","sticky":false,"template":"","format":"standard","meta":{"footnotes":""},"categories":[35],"tags":[],"yoast_head":"<!-- This site is optimized with the Yoast SEO plugin v22.6 - https:\/\/yoast.com\/wordpress\/plugins\/seo\/ -->\n<title>Bal\u00e3o virtual leva visitantes do Musehum a um sobrevoo pelo Rio - JBCNews<\/title>\n<meta name=\"robots\" content=\"index, follow, max-snippet:-1, max-image-preview:large, max-video-preview:-1\" \/>\n<link rel=\"canonical\" href=\"https:\/\/jbcnews.com.br\/index.php\/2021\/02\/10\/balao-virtual-leva-visitantes-do-musehum-a-um-sobrevoo-pelo-rio\/\" \/>\n<meta property=\"og:locale\" content=\"pt_BR\" \/>\n<meta property=\"og:type\" content=\"article\" \/>\n<meta property=\"og:title\" content=\"Bal\u00e3o virtual leva visitantes do Musehum a um sobrevoo pelo Rio - JBCNews\" \/>\n<meta property=\"og:description\" content=\"(JBCNEWS &#8211; DF \u2014 O Museu das Comunica\u00e7\u00f5es e Humanidades (Musehum) celebra um ano de abertura nas nuvens da internet. O presente para os visitantes \u00e9 [\u2026]\" \/>\n<meta property=\"og:url\" content=\"https:\/\/jbcnews.com.br\/index.php\/2021\/02\/10\/balao-virtual-leva-visitantes-do-musehum-a-um-sobrevoo-pelo-rio\/\" \/>\n<meta property=\"og:site_name\" content=\"JBCNews\" \/>\n<meta property=\"article:published_time\" content=\"2021-02-10T16:24:54+00:00\" \/>\n<meta property=\"article:modified_time\" content=\"2021-05-07T16:29:54+00:00\" \/>\n<meta property=\"og:image\" content=\"https:\/\/jbcnews.com.br\/wp-content\/uploads\/2021\/02\/imagem-13.png\" \/>\n\t<meta property=\"og:image:width\" content=\"959\" \/>\n\t<meta property=\"og:image:height\" content=\"417\" \/>\n\t<meta property=\"og:image:type\" content=\"image\/png\" \/>\n<meta name=\"author\" content=\"admin\" \/>\n<meta name=\"twitter:card\" content=\"summary_large_image\" \/>\n<meta name=\"twitter:label1\" content=\"Escrito por\" \/>\n\t<meta name=\"twitter:data1\" content=\"admin\" \/>\n\t<meta name=\"twitter:label2\" content=\"Est. tempo de leitura\" \/>\n\t<meta name=\"twitter:data2\" content=\"2 minutos\" \/>\n<script type=\"application\/ld+json\" class=\"yoast-schema-graph\">{\"@context\":\"https:\/\/schema.org\",\"@graph\":[{\"@type\":\"WebPage\",\"@id\":\"https:\/\/jbcnews.com.br\/index.php\/2021\/02\/10\/balao-virtual-leva-visitantes-do-musehum-a-um-sobrevoo-pelo-rio\/\",\"url\":\"https:\/\/jbcnews.com.br\/index.php\/2021\/02\/10\/balao-virtual-leva-visitantes-do-musehum-a-um-sobrevoo-pelo-rio\/\",\"name\":\"Bal\u00e3o virtual leva visitantes do Musehum a um sobrevoo pelo Rio - JBCNews\",\"isPartOf\":{\"@id\":\"https:\/\/jbcnews.com.br\/#website\"},\"primaryImageOfPage\":{\"@id\":\"https:\/\/jbcnews.com.br\/index.php\/2021\/02\/10\/balao-virtual-leva-visitantes-do-musehum-a-um-sobrevoo-pelo-rio\/#primaryimage\"},\"image\":{\"@id\":\"https:\/\/jbcnews.com.br\/index.php\/2021\/02\/10\/balao-virtual-leva-visitantes-do-musehum-a-um-sobrevoo-pelo-rio\/#primaryimage\"},\"thumbnailUrl\":\"https:\/\/jbcnews.com.br\/wp-content\/uploads\/2021\/02\/imagem-13.png\",\"datePublished\":\"2021-02-10T16:24:54+00:00\",\"dateModified\":\"2021-05-07T16:29:54+00:00\",\"author\":{\"@id\":\"https:\/\/jbcnews.com.br\/#\/schema\/person\/3b597ec20ccf92d0adc436057caf9bbe\"},\"breadcrumb\":{\"@id\":\"https:\/\/jbcnews.com.br\/index.php\/2021\/02\/10\/balao-virtual-leva-visitantes-do-musehum-a-um-sobrevoo-pelo-rio\/#breadcrumb\"},\"inLanguage\":\"pt-BR\",\"potentialAction\":[{\"@type\":\"ReadAction\",\"target\":[\"https:\/\/jbcnews.com.br\/index.php\/2021\/02\/10\/balao-virtual-leva-visitantes-do-musehum-a-um-sobrevoo-pelo-rio\/\"]}]},{\"@type\":\"ImageObject\",\"inLanguage\":\"pt-BR\",\"@id\":\"https:\/\/jbcnews.com.br\/index.php\/2021\/02\/10\/balao-virtual-leva-visitantes-do-musehum-a-um-sobrevoo-pelo-rio\/#primaryimage\",\"url\":\"https:\/\/jbcnews.com.br\/wp-content\/uploads\/2021\/02\/imagem-13.png\",\"contentUrl\":\"https:\/\/jbcnews.com.br\/wp-content\/uploads\/2021\/02\/imagem-13.png\",\"width\":959,\"height\":417},{\"@type\":\"BreadcrumbList\",\"@id\":\"https:\/\/jbcnews.com.br\/index.php\/2021\/02\/10\/balao-virtual-leva-visitantes-do-musehum-a-um-sobrevoo-pelo-rio\/#breadcrumb\",\"itemListElement\":[{\"@type\":\"ListItem\",\"position\":1,\"name\":\"In\u00edcio\",\"item\":\"https:\/\/jbcnews.com.br\/\"},{\"@type\":\"ListItem\",\"position\":2,\"name\":\"Bal\u00e3o virtual leva visitantes do Musehum a um sobrevoo pelo Rio\"}]},{\"@type\":\"WebSite\",\"@id\":\"https:\/\/jbcnews.com.br\/#website\",\"url\":\"https:\/\/jbcnews.com.br\/\",\"name\":\"JBCNews\",\"description\":\"Comunica\u00e7\u00e3o e Cultura\",\"potentialAction\":[{\"@type\":\"SearchAction\",\"target\":{\"@type\":\"EntryPoint\",\"urlTemplate\":\"https:\/\/jbcnews.com.br\/?s={search_term_string}\"},\"query-input\":\"required name=search_term_string\"}],\"inLanguage\":\"pt-BR\"},{\"@type\":\"Person\",\"@id\":\"https:\/\/jbcnews.com.br\/#\/schema\/person\/3b597ec20ccf92d0adc436057caf9bbe\",\"name\":\"admin\",\"image\":{\"@type\":\"ImageObject\",\"inLanguage\":\"pt-BR\",\"@id\":\"https:\/\/jbcnews.com.br\/#\/schema\/person\/image\/\",\"url\":\"https:\/\/secure.gravatar.com\/avatar\/fe848d2435b65c3ed1cdd3a8e8f3bb2d?s=96&d=mm&r=g\",\"contentUrl\":\"https:\/\/secure.gravatar.com\/avatar\/fe848d2435b65c3ed1cdd3a8e8f3bb2d?s=96&d=mm&r=g\",\"caption\":\"admin\"},\"sameAs\":[\"https:\/\/jbcnews.com.br\"],\"url\":\"https:\/\/jbcnews.com.br\/index.php\/author\/jbcnews\/\"}]}<\/script>\n<!-- \/ Yoast SEO plugin. -->","yoast_head_json":{"title":"Bal\u00e3o virtual leva visitantes do Musehum a um sobrevoo pelo Rio - JBCNews","robots":{"index":"index","follow":"follow","max-snippet":"max-snippet:-1","max-image-preview":"max-image-preview:large","max-video-preview":"max-video-preview:-1"},"canonical":"https:\/\/jbcnews.com.br\/index.php\/2021\/02\/10\/balao-virtual-leva-visitantes-do-musehum-a-um-sobrevoo-pelo-rio\/","og_locale":"pt_BR","og_type":"article","og_title":"Bal\u00e3o virtual leva visitantes do Musehum a um sobrevoo pelo Rio - JBCNews","og_description":"(JBCNEWS &#8211; DF \u2014 O Museu das Comunica\u00e7\u00f5es e Humanidades (Musehum) celebra um ano de abertura nas nuvens da internet. O presente para os visitantes \u00e9 [\u2026]","og_url":"https:\/\/jbcnews.com.br\/index.php\/2021\/02\/10\/balao-virtual-leva-visitantes-do-musehum-a-um-sobrevoo-pelo-rio\/","og_site_name":"JBCNews","article_published_time":"2021-02-10T16:24:54+00:00","article_modified_time":"2021-05-07T16:29:54+00:00","og_image":[{"width":959,"height":417,"url":"https:\/\/jbcnews.com.br\/wp-content\/uploads\/2021\/02\/imagem-13.png","type":"image\/png"}],"author":"admin","twitter_card":"summary_large_image","twitter_misc":{"Escrito por":"admin","Est. tempo de leitura":"2 minutos"},"schema":{"@context":"https:\/\/schema.org","@graph":[{"@type":"WebPage","@id":"https:\/\/jbcnews.com.br\/index.php\/2021\/02\/10\/balao-virtual-leva-visitantes-do-musehum-a-um-sobrevoo-pelo-rio\/","url":"https:\/\/jbcnews.com.br\/index.php\/2021\/02\/10\/balao-virtual-leva-visitantes-do-musehum-a-um-sobrevoo-pelo-rio\/","name":"Bal\u00e3o virtual leva visitantes do Musehum a um sobrevoo pelo Rio - JBCNews","isPartOf":{"@id":"https:\/\/jbcnews.com.br\/#website"},"primaryImageOfPage":{"@id":"https:\/\/jbcnews.com.br\/index.php\/2021\/02\/10\/balao-virtual-leva-visitantes-do-musehum-a-um-sobrevoo-pelo-rio\/#primaryimage"},"image":{"@id":"https:\/\/jbcnews.com.br\/index.php\/2021\/02\/10\/balao-virtual-leva-visitantes-do-musehum-a-um-sobrevoo-pelo-rio\/#primaryimage"},"thumbnailUrl":"https:\/\/jbcnews.com.br\/wp-content\/uploads\/2021\/02\/imagem-13.png","datePublished":"2021-02-10T16:24:54+00:00","dateModified":"2021-05-07T16:29:54+00:00","author":{"@id":"https:\/\/jbcnews.com.br\/#\/schema\/person\/3b597ec20ccf92d0adc436057caf9bbe"},"breadcrumb":{"@id":"https:\/\/jbcnews.com.br\/index.php\/2021\/02\/10\/balao-virtual-leva-visitantes-do-musehum-a-um-sobrevoo-pelo-rio\/#breadcrumb"},"inLanguage":"pt-BR","potentialAction":[{"@type":"ReadAction","target":["https:\/\/jbcnews.com.br\/index.php\/2021\/02\/10\/balao-virtual-leva-visitantes-do-musehum-a-um-sobrevoo-pelo-rio\/"]}]},{"@type":"ImageObject","inLanguage":"pt-BR","@id":"https:\/\/jbcnews.com.br\/index.php\/2021\/02\/10\/balao-virtual-leva-visitantes-do-musehum-a-um-sobrevoo-pelo-rio\/#primaryimage","url":"https:\/\/jbcnews.com.br\/wp-content\/uploads\/2021\/02\/imagem-13.png","contentUrl":"https:\/\/jbcnews.com.br\/wp-content\/uploads\/2021\/02\/imagem-13.png","width":959,"height":417},{"@type":"BreadcrumbList","@id":"https:\/\/jbcnews.com.br\/index.php\/2021\/02\/10\/balao-virtual-leva-visitantes-do-musehum-a-um-sobrevoo-pelo-rio\/#breadcrumb","itemListElement":[{"@type":"ListItem","position":1,"name":"In\u00edcio","item":"https:\/\/jbcnews.com.br\/"},{"@type":"ListItem","position":2,"name":"Bal\u00e3o virtual leva visitantes do Musehum a um sobrevoo pelo Rio"}]},{"@type":"WebSite","@id":"https:\/\/jbcnews.com.br\/#website","url":"https:\/\/jbcnews.com.br\/","name":"JBCNews","description":"Comunica\u00e7\u00e3o e Cultura","potentialAction":[{"@type":"SearchAction","target":{"@type":"EntryPoint","urlTemplate":"https:\/\/jbcnews.com.br\/?s={search_term_string}"},"query-input":"required name=search_term_string"}],"inLanguage":"pt-BR"},{"@type":"Person","@id":"https:\/\/jbcnews.com.br\/#\/schema\/person\/3b597ec20ccf92d0adc436057caf9bbe","name":"admin","image":{"@type":"ImageObject","inLanguage":"pt-BR","@id":"https:\/\/jbcnews.com.br\/#\/schema\/person\/image\/","url":"https:\/\/secure.gravatar.com\/avatar\/fe848d2435b65c3ed1cdd3a8e8f3bb2d?s=96&d=mm&r=g","contentUrl":"https:\/\/secure.gravatar.com\/avatar\/fe848d2435b65c3ed1cdd3a8e8f3bb2d?s=96&d=mm&r=g","caption":"admin"},"sameAs":["https:\/\/jbcnews.com.br"],"url":"https:\/\/jbcnews.com.br\/index.php\/author\/jbcnews\/"}]}},"_links":{"self":[{"href":"https:\/\/jbcnews.com.br\/index.php\/wp-json\/wp\/v2\/posts\/2515"}],"collection":[{"href":"https:\/\/jbcnews.com.br\/index.php\/wp-json\/wp\/v2\/posts"}],"about":[{"href":"https:\/\/jbcnews.com.br\/index.php\/wp-json\/wp\/v2\/types\/post"}],"author":[{"embeddable":true,"href":"https:\/\/jbcnews.com.br\/index.php\/wp-json\/wp\/v2\/users\/1"}],"replies":[{"embeddable":true,"href":"https:\/\/jbcnews.com.br\/index.php\/wp-json\/wp\/v2\/comments?post=2515"}],"version-history":[{"count":1,"href":"https:\/\/jbcnews.com.br\/index.php\/wp-json\/wp\/v2\/posts\/2515\/revisions"}],"predecessor-version":[{"id":2517,"href":"https:\/\/jbcnews.com.br\/index.php\/wp-json\/wp\/v2\/posts\/2515\/revisions\/2517"}],"wp:featuredmedia":[{"embeddable":true,"href":"https:\/\/jbcnews.com.br\/index.php\/wp-json\/wp\/v2\/media\/2516"}],"wp:attachment":[{"href":"https:\/\/jbcnews.com.br\/index.php\/wp-json\/wp\/v2\/media?parent=2515"}],"wp:term":[{"taxonomy":"category","embeddable":true,"href":"https:\/\/jbcnews.com.br\/index.php\/wp-json\/wp\/v2\/categories?post=2515"},{"taxonomy":"post_tag","embeddable":true,"href":"https:\/\/jbcnews.com.br\/index.php\/wp-json\/wp\/v2\/tags?post=2515"}],"curies":[{"name":"wp","href":"https:\/\/api.w.org\/{rel}","templated":true}]}}