{"id":2512,"date":"2021-02-10T16:21:05","date_gmt":"2021-02-10T16:21:05","guid":{"rendered":"https:\/\/jbcnews.com.br\/?p=2512"},"modified":"2021-05-07T16:29:58","modified_gmt":"2021-05-07T16:29:58","slug":"para-ue-producao-de-vacinas-nao-conseguiu-acompanhar-o-ritmo-da-ciencia","status":"publish","type":"post","link":"https:\/\/jbcnews.com.br\/index.php\/2021\/02\/10\/para-ue-producao-de-vacinas-nao-conseguiu-acompanhar-o-ritmo-da-ciencia\/","title":{"rendered":"Para UE, produ\u00e7\u00e3o de vacinas n\u00e3o conseguiu acompanhar o ritmo da ci\u00eancia"},"content":{"rendered":"\n<p>(JBCNEWS &#8211; DF) &#8211; A presidente da Comiss\u00e3o Europeia, Ursula von der Leyen, admitiu nesta quarta-feira que a ind\u00fastria do setor farmac\u00eautico n\u00e3o esteve \u00e0 altura do progresso da ci\u00eancia, ao explicar os problemas com o fornecimento de vacinas contra a covid aos pa\u00edses do bloco.<\/p>\n\n\n\n<p>&#8220;Em linhas gerais, subestimamos as dificuldades da produ\u00e7\u00e3o em massa. Normalmente, leva de cinco a dez anos para produzir uma nova vacina. E fizemos isto em 10 meses (&#8230;) Mas de certa forma, a ci\u00eancia superou a ind\u00fastria&#8221;, disse Von der Leyen no Parlamento Europeu.<\/p>\n\n\n\n<p>De acordo com a presidente da Comiss\u00e3o Europeia, as vacinas para conter a pandemia de coronav\u00edrus &#8220;cont\u00eam at\u00e9 400 componentes, e a produ\u00e7\u00e3o envolve at\u00e9 100 empresas, e \u00e9 por isto que criamos um grupo para aumentar a produ\u00e7\u00e3o industrial das vacinas&#8221;.<\/p>\n\n\n\n<p>Em seu primeiro discurso em p\u00fablico sobre a situa\u00e7\u00e3o, Von der Leyen declarou que a Comiss\u00e3o cometeu erros ao adquirir vacinas em nome de todos os pa\u00edses da UE, mas defendeu a estrat\u00e9gia geral.<\/p>\n\n\n\n<p>&#8220;Demoramos na autoriza\u00e7\u00e3o (de vacinas). Fomos muito otimistas no que diz respeito \u00e0 produ\u00e7\u00e3o em massa. E talvez tiv\u00e9ssemos muita certeza de que o que pedimos seria entregue a tempo&#8221;, expressou.<\/p>\n\n\n\n<p>Mas ter permitido que os pa\u00edses mais ricos da Europa assumissem as vacinas e deixassem os pa\u00edses menores de lado &#8220;teria sido, acredito, o fim de nossa comunidade&#8221;, disse.<\/p>\n\n\n\n<p>Von der Leyen e a dire\u00e7\u00e3o da UE est\u00e3o sob forte press\u00e3o pelas dificuldades encontradas para abastecer com vacinas os pa\u00edses do bloco.<\/p>\n\n\n\n<p>Em 2020, a Comiss\u00e3o estabeleceu que negociaria em nome dos 27 pa\u00edses integrantes da UE com os laborat\u00f3rios farmac\u00eauticos. Com a prerrogativa, assinou contratos de pr\u00e9-compra para 2,3 bilh\u00f5es de doses.<\/p>\n\n\n\n<p>Mas os problemas de fornecimento de vacinas j\u00e1 provocaram uma disputa, depois que a AstraZeneca anunciou que n\u00e3o poderia entregar de maneira imediata as doses que prometeu para Gr\u00e3-Bretanha e UE.<\/p>\n\n\n\n<p>Al\u00e9m disso, em uma tentativa de controlar a produ\u00e7\u00e3o de vacinas no continente europeu mas destinadas a pa\u00edses fora do bloco, a UE adotou precipitadamente um sistema de registro que provocou um incidente diplom\u00e1tico com a Irlanda e o Reino Unido.<\/p>\n","protected":false},"excerpt":{"rendered":"<p>(JBCNEWS &#8211; DF) &#8211; A presidente da Comiss\u00e3o Europeia, Ursula von der Leyen, admitiu nesta quarta-feira que a ind\u00fastria do setor farmac\u00eautico n\u00e3o esteve \u00e0 altura<span class=\"excerpt-hellip\"> [\u2026]<\/span><\/p>\n","protected":false},"author":1,"featured_media":2513,"comment_status":"open","ping_status":"open","sticky":false,"template":"","format":"standard","meta":{"footnotes":""},"categories":[34],"tags":[],"yoast_head":"<!-- This site is optimized with the Yoast SEO plugin v22.6 - https:\/\/yoast.com\/wordpress\/plugins\/seo\/ -->\n<title>Para UE, produ\u00e7\u00e3o de vacinas n\u00e3o conseguiu acompanhar o ritmo da ci\u00eancia - JBCNews<\/title>\n<meta name=\"robots\" content=\"index, follow, max-snippet:-1, max-image-preview:large, max-video-preview:-1\" \/>\n<link rel=\"canonical\" href=\"https:\/\/jbcnews.com.br\/index.php\/2021\/02\/10\/para-ue-producao-de-vacinas-nao-conseguiu-acompanhar-o-ritmo-da-ciencia\/\" \/>\n<meta property=\"og:locale\" content=\"pt_BR\" \/>\n<meta property=\"og:type\" content=\"article\" \/>\n<meta property=\"og:title\" content=\"Para UE, produ\u00e7\u00e3o de vacinas n\u00e3o conseguiu acompanhar o ritmo da ci\u00eancia - JBCNews\" \/>\n<meta property=\"og:description\" content=\"(JBCNEWS &#8211; DF) &#8211; A presidente da Comiss\u00e3o Europeia, Ursula von der Leyen, admitiu nesta quarta-feira que a ind\u00fastria do setor farmac\u00eautico n\u00e3o esteve \u00e0 altura [\u2026]\" \/>\n<meta property=\"og:url\" content=\"https:\/\/jbcnews.com.br\/index.php\/2021\/02\/10\/para-ue-producao-de-vacinas-nao-conseguiu-acompanhar-o-ritmo-da-ciencia\/\" \/>\n<meta property=\"og:site_name\" content=\"JBCNews\" \/>\n<meta property=\"article:published_time\" content=\"2021-02-10T16:21:05+00:00\" \/>\n<meta property=\"article:modified_time\" content=\"2021-05-07T16:29:58+00:00\" \/>\n<meta property=\"og:image\" content=\"https:\/\/jbcnews.com.br\/wp-content\/uploads\/2021\/02\/imagem-12.png\" \/>\n\t<meta property=\"og:image:width\" content=\"768\" \/>\n\t<meta property=\"og:image:height\" content=\"507\" \/>\n\t<meta property=\"og:image:type\" content=\"image\/png\" \/>\n<meta name=\"author\" content=\"admin\" \/>\n<meta name=\"twitter:card\" content=\"summary_large_image\" \/>\n<meta name=\"twitter:label1\" content=\"Escrito por\" \/>\n\t<meta name=\"twitter:data1\" content=\"admin\" \/>\n\t<meta name=\"twitter:label2\" content=\"Est. tempo de leitura\" \/>\n\t<meta name=\"twitter:data2\" content=\"2 minutos\" \/>\n<script type=\"application\/ld+json\" class=\"yoast-schema-graph\">{\"@context\":\"https:\/\/schema.org\",\"@graph\":[{\"@type\":\"WebPage\",\"@id\":\"https:\/\/jbcnews.com.br\/index.php\/2021\/02\/10\/para-ue-producao-de-vacinas-nao-conseguiu-acompanhar-o-ritmo-da-ciencia\/\",\"url\":\"https:\/\/jbcnews.com.br\/index.php\/2021\/02\/10\/para-ue-producao-de-vacinas-nao-conseguiu-acompanhar-o-ritmo-da-ciencia\/\",\"name\":\"Para UE, produ\u00e7\u00e3o de vacinas n\u00e3o conseguiu acompanhar o ritmo da ci\u00eancia - JBCNews\",\"isPartOf\":{\"@id\":\"https:\/\/jbcnews.com.br\/#website\"},\"primaryImageOfPage\":{\"@id\":\"https:\/\/jbcnews.com.br\/index.php\/2021\/02\/10\/para-ue-producao-de-vacinas-nao-conseguiu-acompanhar-o-ritmo-da-ciencia\/#primaryimage\"},\"image\":{\"@id\":\"https:\/\/jbcnews.com.br\/index.php\/2021\/02\/10\/para-ue-producao-de-vacinas-nao-conseguiu-acompanhar-o-ritmo-da-ciencia\/#primaryimage\"},\"thumbnailUrl\":\"https:\/\/jbcnews.com.br\/wp-content\/uploads\/2021\/02\/imagem-12.png\",\"datePublished\":\"2021-02-10T16:21:05+00:00\",\"dateModified\":\"2021-05-07T16:29:58+00:00\",\"author\":{\"@id\":\"https:\/\/jbcnews.com.br\/#\/schema\/person\/3b597ec20ccf92d0adc436057caf9bbe\"},\"breadcrumb\":{\"@id\":\"https:\/\/jbcnews.com.br\/index.php\/2021\/02\/10\/para-ue-producao-de-vacinas-nao-conseguiu-acompanhar-o-ritmo-da-ciencia\/#breadcrumb\"},\"inLanguage\":\"pt-BR\",\"potentialAction\":[{\"@type\":\"ReadAction\",\"target\":[\"https:\/\/jbcnews.com.br\/index.php\/2021\/02\/10\/para-ue-producao-de-vacinas-nao-conseguiu-acompanhar-o-ritmo-da-ciencia\/\"]}]},{\"@type\":\"ImageObject\",\"inLanguage\":\"pt-BR\",\"@id\":\"https:\/\/jbcnews.com.br\/index.php\/2021\/02\/10\/para-ue-producao-de-vacinas-nao-conseguiu-acompanhar-o-ritmo-da-ciencia\/#primaryimage\",\"url\":\"https:\/\/jbcnews.com.br\/wp-content\/uploads\/2021\/02\/imagem-12.png\",\"contentUrl\":\"https:\/\/jbcnews.com.br\/wp-content\/uploads\/2021\/02\/imagem-12.png\",\"width\":768,\"height\":507},{\"@type\":\"BreadcrumbList\",\"@id\":\"https:\/\/jbcnews.com.br\/index.php\/2021\/02\/10\/para-ue-producao-de-vacinas-nao-conseguiu-acompanhar-o-ritmo-da-ciencia\/#breadcrumb\",\"itemListElement\":[{\"@type\":\"ListItem\",\"position\":1,\"name\":\"In\u00edcio\",\"item\":\"https:\/\/jbcnews.com.br\/\"},{\"@type\":\"ListItem\",\"position\":2,\"name\":\"Para UE, produ\u00e7\u00e3o de vacinas n\u00e3o conseguiu acompanhar o ritmo da ci\u00eancia\"}]},{\"@type\":\"WebSite\",\"@id\":\"https:\/\/jbcnews.com.br\/#website\",\"url\":\"https:\/\/jbcnews.com.br\/\",\"name\":\"JBCNews\",\"description\":\"Comunica\u00e7\u00e3o e Cultura\",\"potentialAction\":[{\"@type\":\"SearchAction\",\"target\":{\"@type\":\"EntryPoint\",\"urlTemplate\":\"https:\/\/jbcnews.com.br\/?s={search_term_string}\"},\"query-input\":\"required name=search_term_string\"}],\"inLanguage\":\"pt-BR\"},{\"@type\":\"Person\",\"@id\":\"https:\/\/jbcnews.com.br\/#\/schema\/person\/3b597ec20ccf92d0adc436057caf9bbe\",\"name\":\"admin\",\"image\":{\"@type\":\"ImageObject\",\"inLanguage\":\"pt-BR\",\"@id\":\"https:\/\/jbcnews.com.br\/#\/schema\/person\/image\/\",\"url\":\"https:\/\/secure.gravatar.com\/avatar\/fe848d2435b65c3ed1cdd3a8e8f3bb2d?s=96&d=mm&r=g\",\"contentUrl\":\"https:\/\/secure.gravatar.com\/avatar\/fe848d2435b65c3ed1cdd3a8e8f3bb2d?s=96&d=mm&r=g\",\"caption\":\"admin\"},\"sameAs\":[\"https:\/\/jbcnews.com.br\"],\"url\":\"https:\/\/jbcnews.com.br\/index.php\/author\/jbcnews\/\"}]}<\/script>\n<!-- \/ Yoast SEO plugin. -->","yoast_head_json":{"title":"Para UE, produ\u00e7\u00e3o de vacinas n\u00e3o conseguiu acompanhar o ritmo da ci\u00eancia - JBCNews","robots":{"index":"index","follow":"follow","max-snippet":"max-snippet:-1","max-image-preview":"max-image-preview:large","max-video-preview":"max-video-preview:-1"},"canonical":"https:\/\/jbcnews.com.br\/index.php\/2021\/02\/10\/para-ue-producao-de-vacinas-nao-conseguiu-acompanhar-o-ritmo-da-ciencia\/","og_locale":"pt_BR","og_type":"article","og_title":"Para UE, produ\u00e7\u00e3o de vacinas n\u00e3o conseguiu acompanhar o ritmo da ci\u00eancia - JBCNews","og_description":"(JBCNEWS &#8211; DF) &#8211; A presidente da Comiss\u00e3o Europeia, Ursula von der Leyen, admitiu nesta quarta-feira que a ind\u00fastria do setor farmac\u00eautico n\u00e3o esteve \u00e0 altura [\u2026]","og_url":"https:\/\/jbcnews.com.br\/index.php\/2021\/02\/10\/para-ue-producao-de-vacinas-nao-conseguiu-acompanhar-o-ritmo-da-ciencia\/","og_site_name":"JBCNews","article_published_time":"2021-02-10T16:21:05+00:00","article_modified_time":"2021-05-07T16:29:58+00:00","og_image":[{"width":768,"height":507,"url":"https:\/\/jbcnews.com.br\/wp-content\/uploads\/2021\/02\/imagem-12.png","type":"image\/png"}],"author":"admin","twitter_card":"summary_large_image","twitter_misc":{"Escrito por":"admin","Est. tempo de leitura":"2 minutos"},"schema":{"@context":"https:\/\/schema.org","@graph":[{"@type":"WebPage","@id":"https:\/\/jbcnews.com.br\/index.php\/2021\/02\/10\/para-ue-producao-de-vacinas-nao-conseguiu-acompanhar-o-ritmo-da-ciencia\/","url":"https:\/\/jbcnews.com.br\/index.php\/2021\/02\/10\/para-ue-producao-de-vacinas-nao-conseguiu-acompanhar-o-ritmo-da-ciencia\/","name":"Para UE, produ\u00e7\u00e3o de vacinas n\u00e3o conseguiu acompanhar o ritmo da ci\u00eancia - JBCNews","isPartOf":{"@id":"https:\/\/jbcnews.com.br\/#website"},"primaryImageOfPage":{"@id":"https:\/\/jbcnews.com.br\/index.php\/2021\/02\/10\/para-ue-producao-de-vacinas-nao-conseguiu-acompanhar-o-ritmo-da-ciencia\/#primaryimage"},"image":{"@id":"https:\/\/jbcnews.com.br\/index.php\/2021\/02\/10\/para-ue-producao-de-vacinas-nao-conseguiu-acompanhar-o-ritmo-da-ciencia\/#primaryimage"},"thumbnailUrl":"https:\/\/jbcnews.com.br\/wp-content\/uploads\/2021\/02\/imagem-12.png","datePublished":"2021-02-10T16:21:05+00:00","dateModified":"2021-05-07T16:29:58+00:00","author":{"@id":"https:\/\/jbcnews.com.br\/#\/schema\/person\/3b597ec20ccf92d0adc436057caf9bbe"},"breadcrumb":{"@id":"https:\/\/jbcnews.com.br\/index.php\/2021\/02\/10\/para-ue-producao-de-vacinas-nao-conseguiu-acompanhar-o-ritmo-da-ciencia\/#breadcrumb"},"inLanguage":"pt-BR","potentialAction":[{"@type":"ReadAction","target":["https:\/\/jbcnews.com.br\/index.php\/2021\/02\/10\/para-ue-producao-de-vacinas-nao-conseguiu-acompanhar-o-ritmo-da-ciencia\/"]}]},{"@type":"ImageObject","inLanguage":"pt-BR","@id":"https:\/\/jbcnews.com.br\/index.php\/2021\/02\/10\/para-ue-producao-de-vacinas-nao-conseguiu-acompanhar-o-ritmo-da-ciencia\/#primaryimage","url":"https:\/\/jbcnews.com.br\/wp-content\/uploads\/2021\/02\/imagem-12.png","contentUrl":"https:\/\/jbcnews.com.br\/wp-content\/uploads\/2021\/02\/imagem-12.png","width":768,"height":507},{"@type":"BreadcrumbList","@id":"https:\/\/jbcnews.com.br\/index.php\/2021\/02\/10\/para-ue-producao-de-vacinas-nao-conseguiu-acompanhar-o-ritmo-da-ciencia\/#breadcrumb","itemListElement":[{"@type":"ListItem","position":1,"name":"In\u00edcio","item":"https:\/\/jbcnews.com.br\/"},{"@type":"ListItem","position":2,"name":"Para UE, produ\u00e7\u00e3o de vacinas n\u00e3o conseguiu acompanhar o ritmo da ci\u00eancia"}]},{"@type":"WebSite","@id":"https:\/\/jbcnews.com.br\/#website","url":"https:\/\/jbcnews.com.br\/","name":"JBCNews","description":"Comunica\u00e7\u00e3o e Cultura","potentialAction":[{"@type":"SearchAction","target":{"@type":"EntryPoint","urlTemplate":"https:\/\/jbcnews.com.br\/?s={search_term_string}"},"query-input":"required name=search_term_string"}],"inLanguage":"pt-BR"},{"@type":"Person","@id":"https:\/\/jbcnews.com.br\/#\/schema\/person\/3b597ec20ccf92d0adc436057caf9bbe","name":"admin","image":{"@type":"ImageObject","inLanguage":"pt-BR","@id":"https:\/\/jbcnews.com.br\/#\/schema\/person\/image\/","url":"https:\/\/secure.gravatar.com\/avatar\/fe848d2435b65c3ed1cdd3a8e8f3bb2d?s=96&d=mm&r=g","contentUrl":"https:\/\/secure.gravatar.com\/avatar\/fe848d2435b65c3ed1cdd3a8e8f3bb2d?s=96&d=mm&r=g","caption":"admin"},"sameAs":["https:\/\/jbcnews.com.br"],"url":"https:\/\/jbcnews.com.br\/index.php\/author\/jbcnews\/"}]}},"_links":{"self":[{"href":"https:\/\/jbcnews.com.br\/index.php\/wp-json\/wp\/v2\/posts\/2512"}],"collection":[{"href":"https:\/\/jbcnews.com.br\/index.php\/wp-json\/wp\/v2\/posts"}],"about":[{"href":"https:\/\/jbcnews.com.br\/index.php\/wp-json\/wp\/v2\/types\/post"}],"author":[{"embeddable":true,"href":"https:\/\/jbcnews.com.br\/index.php\/wp-json\/wp\/v2\/users\/1"}],"replies":[{"embeddable":true,"href":"https:\/\/jbcnews.com.br\/index.php\/wp-json\/wp\/v2\/comments?post=2512"}],"version-history":[{"count":1,"href":"https:\/\/jbcnews.com.br\/index.php\/wp-json\/wp\/v2\/posts\/2512\/revisions"}],"predecessor-version":[{"id":2514,"href":"https:\/\/jbcnews.com.br\/index.php\/wp-json\/wp\/v2\/posts\/2512\/revisions\/2514"}],"wp:featuredmedia":[{"embeddable":true,"href":"https:\/\/jbcnews.com.br\/index.php\/wp-json\/wp\/v2\/media\/2513"}],"wp:attachment":[{"href":"https:\/\/jbcnews.com.br\/index.php\/wp-json\/wp\/v2\/media?parent=2512"}],"wp:term":[{"taxonomy":"category","embeddable":true,"href":"https:\/\/jbcnews.com.br\/index.php\/wp-json\/wp\/v2\/categories?post=2512"},{"taxonomy":"post_tag","embeddable":true,"href":"https:\/\/jbcnews.com.br\/index.php\/wp-json\/wp\/v2\/tags?post=2512"}],"curies":[{"name":"wp","href":"https:\/\/api.w.org\/{rel}","templated":true}]}}