{"id":2506,"date":"2021-02-09T14:44:20","date_gmt":"2021-02-09T14:44:20","guid":{"rendered":"https:\/\/jbcnews.com.br\/?p=2506"},"modified":"2021-05-07T16:30:11","modified_gmt":"2021-05-07T16:30:11","slug":"da-pena-ve-lo-deixar-de-forma-tao-lamentavel-a-posicao-de-lideranca-que-exerceu-diz-acm-neto-sobre-maia","status":"publish","type":"post","link":"https:\/\/jbcnews.com.br\/index.php\/2021\/02\/09\/da-pena-ve-lo-deixar-de-forma-tao-lamentavel-a-posicao-de-lideranca-que-exerceu-diz-acm-neto-sobre-maia\/","title":{"rendered":"&#8220;D\u00e1 pena v\u00ea-lo deixar, de forma t\u00e3o lament\u00e1vel, a posi\u00e7\u00e3o de lideran\u00e7a que exerceu&#8221;, diz ACM Neto sobre Maia"},"content":{"rendered":"\n<p>(JBCNEWS &#8211; DF) &#8211; A briga entre Rodrigo Maia (DEM-RJ) e\u00a0<strong>Antonio Carlos Magalh\u00e3es Neto<\/strong>\u00a0(DEM-BA) esquentou ainda mais nesta segunda-feira (8), ap\u00f3s\u00a0<strong>entrevista do ex-presidente da C\u00e2mara<\/strong>\u00a0ao jornal Valor Econ\u00f4mico, em que criticou tanto a legenda, que acusou de ter ido para a &#8220;extrema-direita&#8221;, quanto seu presidente, ACM Neto. &#8220;Entregou a nossa cabe\u00e7a numa bandeja para o Pal\u00e1cio do Planalto&#8221;, afirmou o parlamentar em entrevista.<\/p>\n\n\n\n<p>O ex-prefeito de Salvador rebateu as declara\u00e7\u00f5es de Maia e afirmou que a leitura de Rodrigo Maia da elei\u00e7\u00e3o \u00e0 presid\u00eancia da C\u00e2mara &#8220;n\u00e3o corresponde aos fatos&#8221;.<\/p>\n\n\n\n<ul><li><\/li><\/ul>\n\n\n\n<p>&#8220;Nada mais distante da realidade do que a narrativa que ele vem tentando estabelecer. N\u00e3o houve trai\u00e7\u00e3o da Executiva do Democratas, nem ades\u00e3o ao governo Bolsonaro&#8221;, disse, por meio de nota.<\/p>\n\n\n\n<p>ACM Neto responsabilizou Rodrigo Maia pela derrota de\u00a0<strong>Baleia Rossi<\/strong>\u00a0(MDB-SP) na disputa para o comando da Casa e o acusou de querer &#8220;se perpetuar no cargo de presidente da C\u00e2mara&#8221;.<\/p>\n\n\n\n<p>&#8220;No empenho em transferir as responsabilidades pelo seu fracasso, Rodrigo Maia tenta negar que insistiu, at\u00e9 o \u00faltimo momento, na possibilidade de conseguir o aval do Supremo Tribunal Federal (STF) para se perpetuar no cargo de presidente da C\u00e2mara&#8221;, afirmou.<\/p>\n\n\n\n<p>&#8220;Todos sabem que Rodrigo Maia tinha um \u00fanico candidato \u00e0 presid\u00eancia da C\u00e2mara, que era ele mesmo. Quando o STF derrubou a possibilidade de reelei\u00e7\u00e3o, o deputado perdeu for\u00e7a para conduzir sua sucess\u00e3o e chegou ao final do processo contando com o apoio de apenas um ter\u00e7o da bancada do seu pr\u00f3prio partido&#8221;, declarou.<\/p>\n\n\n\n<p>O presidente do DEM tamb\u00e9m classificou a atitude do deputado de &#8220;descontrole&#8221;, &#8220;falta de grandeza&#8221; e &#8220;deslealdade&#8221;.<\/p>\n\n\n\n<p>&#8220;Rodrigo, que tinha a fama de grande articulador, fracassou nessa empreitada. Essa \u00e9 a realidade.<\/p>\n\n\n\n<p>Ao inv\u00e9s de escutar quem sempre esteve ao seu lado, e fazer com serenidade e honestidade o exerc\u00edcio da autocr\u00edtica, o deputado Rodrigo Maia se encastelou no poder conquistado e, agora, demonstra surpreendente descontrole. A falta de grandeza e a deslealdade causam profundo estranhamento&#8221;, avaliou.<\/p>\n\n\n\n<p>&#8220;Tor\u00e7o muito para que o deputado Rodrigo Maia reencontre o equil\u00edbrio e a serenidade. Rodrigo Maia foi um presidente da C\u00e2mara importante para o Brasil e d\u00e1 pena v\u00ea-lo deixar, de forma t\u00e3o lament\u00e1vel, a posi\u00e7\u00e3o de lideran\u00e7a que exerceu&#8221;, disse.<\/p>\n\n\n\n<p>Rodrigo Maia confirmou que ir\u00e1 pedir sua desfilia\u00e7\u00e3o do DEM ao Tribunal Superior Eleitoral (TSE) &#8220;sem pressa ou briga&#8221;, por\u00e9m, n\u00e3o adiantou para qual legenda deve migrar. &#8220;Estarei num partido que ser\u00e1 de oposi\u00e7\u00e3o ao presidente Bolsonaro&#8221;.<\/p>\n","protected":false},"excerpt":{"rendered":"<p>(JBCNEWS &#8211; DF) &#8211; A briga entre Rodrigo Maia (DEM-RJ) e\u00a0Antonio Carlos Magalh\u00e3es Neto\u00a0(DEM-BA) esquentou ainda mais nesta segunda-feira (8), ap\u00f3s\u00a0entrevista do ex-presidente da C\u00e2mara\u00a0ao jornal<span class=\"excerpt-hellip\"> [\u2026]<\/span><\/p>\n","protected":false},"author":1,"featured_media":2507,"comment_status":"open","ping_status":"open","sticky":false,"template":"","format":"standard","meta":{"footnotes":""},"categories":[20],"tags":[],"yoast_head":"<!-- This site is optimized with the Yoast SEO plugin v22.6 - https:\/\/yoast.com\/wordpress\/plugins\/seo\/ -->\n<title>&quot;D\u00e1 pena v\u00ea-lo deixar, de forma t\u00e3o lament\u00e1vel, a posi\u00e7\u00e3o de lideran\u00e7a que exerceu&quot;, diz ACM Neto sobre Maia - JBCNews<\/title>\n<meta name=\"robots\" content=\"index, follow, max-snippet:-1, max-image-preview:large, max-video-preview:-1\" \/>\n<link rel=\"canonical\" href=\"https:\/\/jbcnews.com.br\/index.php\/2021\/02\/09\/da-pena-ve-lo-deixar-de-forma-tao-lamentavel-a-posicao-de-lideranca-que-exerceu-diz-acm-neto-sobre-maia\/\" \/>\n<meta property=\"og:locale\" content=\"pt_BR\" \/>\n<meta property=\"og:type\" content=\"article\" \/>\n<meta property=\"og:title\" content=\"&quot;D\u00e1 pena v\u00ea-lo deixar, de forma t\u00e3o lament\u00e1vel, a posi\u00e7\u00e3o de lideran\u00e7a que exerceu&quot;, diz ACM Neto sobre Maia - JBCNews\" \/>\n<meta property=\"og:description\" content=\"(JBCNEWS &#8211; DF) &#8211; A briga entre Rodrigo Maia (DEM-RJ) e\u00a0Antonio Carlos Magalh\u00e3es Neto\u00a0(DEM-BA) esquentou ainda mais nesta segunda-feira (8), ap\u00f3s\u00a0entrevista do ex-presidente da C\u00e2mara\u00a0ao jornal [\u2026]\" \/>\n<meta property=\"og:url\" content=\"https:\/\/jbcnews.com.br\/index.php\/2021\/02\/09\/da-pena-ve-lo-deixar-de-forma-tao-lamentavel-a-posicao-de-lideranca-que-exerceu-diz-acm-neto-sobre-maia\/\" \/>\n<meta property=\"og:site_name\" content=\"JBCNews\" \/>\n<meta property=\"article:published_time\" content=\"2021-02-09T14:44:20+00:00\" \/>\n<meta property=\"article:modified_time\" content=\"2021-05-07T16:30:11+00:00\" \/>\n<meta property=\"og:image\" content=\"https:\/\/jbcnews.com.br\/wp-content\/uploads\/2021\/02\/imagem-46.png\" \/>\n\t<meta property=\"og:image:width\" content=\"750\" \/>\n\t<meta property=\"og:image:height\" content=\"550\" \/>\n\t<meta property=\"og:image:type\" content=\"image\/png\" \/>\n<meta name=\"author\" content=\"admin\" \/>\n<meta name=\"twitter:card\" content=\"summary_large_image\" \/>\n<meta name=\"twitter:label1\" content=\"Escrito por\" \/>\n\t<meta name=\"twitter:data1\" content=\"admin\" \/>\n\t<meta name=\"twitter:label2\" content=\"Est. tempo de leitura\" \/>\n\t<meta name=\"twitter:data2\" content=\"2 minutos\" \/>\n<script type=\"application\/ld+json\" class=\"yoast-schema-graph\">{\"@context\":\"https:\/\/schema.org\",\"@graph\":[{\"@type\":\"WebPage\",\"@id\":\"https:\/\/jbcnews.com.br\/index.php\/2021\/02\/09\/da-pena-ve-lo-deixar-de-forma-tao-lamentavel-a-posicao-de-lideranca-que-exerceu-diz-acm-neto-sobre-maia\/\",\"url\":\"https:\/\/jbcnews.com.br\/index.php\/2021\/02\/09\/da-pena-ve-lo-deixar-de-forma-tao-lamentavel-a-posicao-de-lideranca-que-exerceu-diz-acm-neto-sobre-maia\/\",\"name\":\"\\\"D\u00e1 pena v\u00ea-lo deixar, de forma t\u00e3o lament\u00e1vel, a posi\u00e7\u00e3o de lideran\u00e7a que exerceu\\\", diz ACM Neto sobre Maia - JBCNews\",\"isPartOf\":{\"@id\":\"https:\/\/jbcnews.com.br\/#website\"},\"primaryImageOfPage\":{\"@id\":\"https:\/\/jbcnews.com.br\/index.php\/2021\/02\/09\/da-pena-ve-lo-deixar-de-forma-tao-lamentavel-a-posicao-de-lideranca-que-exerceu-diz-acm-neto-sobre-maia\/#primaryimage\"},\"image\":{\"@id\":\"https:\/\/jbcnews.com.br\/index.php\/2021\/02\/09\/da-pena-ve-lo-deixar-de-forma-tao-lamentavel-a-posicao-de-lideranca-que-exerceu-diz-acm-neto-sobre-maia\/#primaryimage\"},\"thumbnailUrl\":\"https:\/\/jbcnews.com.br\/wp-content\/uploads\/2021\/02\/imagem-46.png\",\"datePublished\":\"2021-02-09T14:44:20+00:00\",\"dateModified\":\"2021-05-07T16:30:11+00:00\",\"author\":{\"@id\":\"https:\/\/jbcnews.com.br\/#\/schema\/person\/3b597ec20ccf92d0adc436057caf9bbe\"},\"breadcrumb\":{\"@id\":\"https:\/\/jbcnews.com.br\/index.php\/2021\/02\/09\/da-pena-ve-lo-deixar-de-forma-tao-lamentavel-a-posicao-de-lideranca-que-exerceu-diz-acm-neto-sobre-maia\/#breadcrumb\"},\"inLanguage\":\"pt-BR\",\"potentialAction\":[{\"@type\":\"ReadAction\",\"target\":[\"https:\/\/jbcnews.com.br\/index.php\/2021\/02\/09\/da-pena-ve-lo-deixar-de-forma-tao-lamentavel-a-posicao-de-lideranca-que-exerceu-diz-acm-neto-sobre-maia\/\"]}]},{\"@type\":\"ImageObject\",\"inLanguage\":\"pt-BR\",\"@id\":\"https:\/\/jbcnews.com.br\/index.php\/2021\/02\/09\/da-pena-ve-lo-deixar-de-forma-tao-lamentavel-a-posicao-de-lideranca-que-exerceu-diz-acm-neto-sobre-maia\/#primaryimage\",\"url\":\"https:\/\/jbcnews.com.br\/wp-content\/uploads\/2021\/02\/imagem-46.png\",\"contentUrl\":\"https:\/\/jbcnews.com.br\/wp-content\/uploads\/2021\/02\/imagem-46.png\",\"width\":750,\"height\":550},{\"@type\":\"BreadcrumbList\",\"@id\":\"https:\/\/jbcnews.com.br\/index.php\/2021\/02\/09\/da-pena-ve-lo-deixar-de-forma-tao-lamentavel-a-posicao-de-lideranca-que-exerceu-diz-acm-neto-sobre-maia\/#breadcrumb\",\"itemListElement\":[{\"@type\":\"ListItem\",\"position\":1,\"name\":\"In\u00edcio\",\"item\":\"https:\/\/jbcnews.com.br\/\"},{\"@type\":\"ListItem\",\"position\":2,\"name\":\"&#8220;D\u00e1 pena v\u00ea-lo deixar, de forma t\u00e3o lament\u00e1vel, a posi\u00e7\u00e3o de lideran\u00e7a que exerceu&#8221;, diz ACM Neto sobre Maia\"}]},{\"@type\":\"WebSite\",\"@id\":\"https:\/\/jbcnews.com.br\/#website\",\"url\":\"https:\/\/jbcnews.com.br\/\",\"name\":\"JBCNews\",\"description\":\"Comunica\u00e7\u00e3o e Cultura\",\"potentialAction\":[{\"@type\":\"SearchAction\",\"target\":{\"@type\":\"EntryPoint\",\"urlTemplate\":\"https:\/\/jbcnews.com.br\/?s={search_term_string}\"},\"query-input\":\"required name=search_term_string\"}],\"inLanguage\":\"pt-BR\"},{\"@type\":\"Person\",\"@id\":\"https:\/\/jbcnews.com.br\/#\/schema\/person\/3b597ec20ccf92d0adc436057caf9bbe\",\"name\":\"admin\",\"image\":{\"@type\":\"ImageObject\",\"inLanguage\":\"pt-BR\",\"@id\":\"https:\/\/jbcnews.com.br\/#\/schema\/person\/image\/\",\"url\":\"https:\/\/secure.gravatar.com\/avatar\/fe848d2435b65c3ed1cdd3a8e8f3bb2d?s=96&d=mm&r=g\",\"contentUrl\":\"https:\/\/secure.gravatar.com\/avatar\/fe848d2435b65c3ed1cdd3a8e8f3bb2d?s=96&d=mm&r=g\",\"caption\":\"admin\"},\"sameAs\":[\"https:\/\/jbcnews.com.br\"],\"url\":\"https:\/\/jbcnews.com.br\/index.php\/author\/jbcnews\/\"}]}<\/script>\n<!-- \/ Yoast SEO plugin. -->","yoast_head_json":{"title":"\"D\u00e1 pena v\u00ea-lo deixar, de forma t\u00e3o lament\u00e1vel, a posi\u00e7\u00e3o de lideran\u00e7a que exerceu\", diz ACM Neto sobre Maia - JBCNews","robots":{"index":"index","follow":"follow","max-snippet":"max-snippet:-1","max-image-preview":"max-image-preview:large","max-video-preview":"max-video-preview:-1"},"canonical":"https:\/\/jbcnews.com.br\/index.php\/2021\/02\/09\/da-pena-ve-lo-deixar-de-forma-tao-lamentavel-a-posicao-de-lideranca-que-exerceu-diz-acm-neto-sobre-maia\/","og_locale":"pt_BR","og_type":"article","og_title":"\"D\u00e1 pena v\u00ea-lo deixar, de forma t\u00e3o lament\u00e1vel, a posi\u00e7\u00e3o de lideran\u00e7a que exerceu\", diz ACM Neto sobre Maia - JBCNews","og_description":"(JBCNEWS &#8211; DF) &#8211; A briga entre Rodrigo Maia (DEM-RJ) e\u00a0Antonio Carlos Magalh\u00e3es Neto\u00a0(DEM-BA) esquentou ainda mais nesta segunda-feira (8), ap\u00f3s\u00a0entrevista do ex-presidente da C\u00e2mara\u00a0ao jornal [\u2026]","og_url":"https:\/\/jbcnews.com.br\/index.php\/2021\/02\/09\/da-pena-ve-lo-deixar-de-forma-tao-lamentavel-a-posicao-de-lideranca-que-exerceu-diz-acm-neto-sobre-maia\/","og_site_name":"JBCNews","article_published_time":"2021-02-09T14:44:20+00:00","article_modified_time":"2021-05-07T16:30:11+00:00","og_image":[{"width":750,"height":550,"url":"https:\/\/jbcnews.com.br\/wp-content\/uploads\/2021\/02\/imagem-46.png","type":"image\/png"}],"author":"admin","twitter_card":"summary_large_image","twitter_misc":{"Escrito por":"admin","Est. tempo de leitura":"2 minutos"},"schema":{"@context":"https:\/\/schema.org","@graph":[{"@type":"WebPage","@id":"https:\/\/jbcnews.com.br\/index.php\/2021\/02\/09\/da-pena-ve-lo-deixar-de-forma-tao-lamentavel-a-posicao-de-lideranca-que-exerceu-diz-acm-neto-sobre-maia\/","url":"https:\/\/jbcnews.com.br\/index.php\/2021\/02\/09\/da-pena-ve-lo-deixar-de-forma-tao-lamentavel-a-posicao-de-lideranca-que-exerceu-diz-acm-neto-sobre-maia\/","name":"\"D\u00e1 pena v\u00ea-lo deixar, de forma t\u00e3o lament\u00e1vel, a posi\u00e7\u00e3o de lideran\u00e7a que exerceu\", diz ACM Neto sobre Maia - JBCNews","isPartOf":{"@id":"https:\/\/jbcnews.com.br\/#website"},"primaryImageOfPage":{"@id":"https:\/\/jbcnews.com.br\/index.php\/2021\/02\/09\/da-pena-ve-lo-deixar-de-forma-tao-lamentavel-a-posicao-de-lideranca-que-exerceu-diz-acm-neto-sobre-maia\/#primaryimage"},"image":{"@id":"https:\/\/jbcnews.com.br\/index.php\/2021\/02\/09\/da-pena-ve-lo-deixar-de-forma-tao-lamentavel-a-posicao-de-lideranca-que-exerceu-diz-acm-neto-sobre-maia\/#primaryimage"},"thumbnailUrl":"https:\/\/jbcnews.com.br\/wp-content\/uploads\/2021\/02\/imagem-46.png","datePublished":"2021-02-09T14:44:20+00:00","dateModified":"2021-05-07T16:30:11+00:00","author":{"@id":"https:\/\/jbcnews.com.br\/#\/schema\/person\/3b597ec20ccf92d0adc436057caf9bbe"},"breadcrumb":{"@id":"https:\/\/jbcnews.com.br\/index.php\/2021\/02\/09\/da-pena-ve-lo-deixar-de-forma-tao-lamentavel-a-posicao-de-lideranca-que-exerceu-diz-acm-neto-sobre-maia\/#breadcrumb"},"inLanguage":"pt-BR","potentialAction":[{"@type":"ReadAction","target":["https:\/\/jbcnews.com.br\/index.php\/2021\/02\/09\/da-pena-ve-lo-deixar-de-forma-tao-lamentavel-a-posicao-de-lideranca-que-exerceu-diz-acm-neto-sobre-maia\/"]}]},{"@type":"ImageObject","inLanguage":"pt-BR","@id":"https:\/\/jbcnews.com.br\/index.php\/2021\/02\/09\/da-pena-ve-lo-deixar-de-forma-tao-lamentavel-a-posicao-de-lideranca-que-exerceu-diz-acm-neto-sobre-maia\/#primaryimage","url":"https:\/\/jbcnews.com.br\/wp-content\/uploads\/2021\/02\/imagem-46.png","contentUrl":"https:\/\/jbcnews.com.br\/wp-content\/uploads\/2021\/02\/imagem-46.png","width":750,"height":550},{"@type":"BreadcrumbList","@id":"https:\/\/jbcnews.com.br\/index.php\/2021\/02\/09\/da-pena-ve-lo-deixar-de-forma-tao-lamentavel-a-posicao-de-lideranca-que-exerceu-diz-acm-neto-sobre-maia\/#breadcrumb","itemListElement":[{"@type":"ListItem","position":1,"name":"In\u00edcio","item":"https:\/\/jbcnews.com.br\/"},{"@type":"ListItem","position":2,"name":"&#8220;D\u00e1 pena v\u00ea-lo deixar, de forma t\u00e3o lament\u00e1vel, a posi\u00e7\u00e3o de lideran\u00e7a que exerceu&#8221;, diz ACM Neto sobre Maia"}]},{"@type":"WebSite","@id":"https:\/\/jbcnews.com.br\/#website","url":"https:\/\/jbcnews.com.br\/","name":"JBCNews","description":"Comunica\u00e7\u00e3o e Cultura","potentialAction":[{"@type":"SearchAction","target":{"@type":"EntryPoint","urlTemplate":"https:\/\/jbcnews.com.br\/?s={search_term_string}"},"query-input":"required name=search_term_string"}],"inLanguage":"pt-BR"},{"@type":"Person","@id":"https:\/\/jbcnews.com.br\/#\/schema\/person\/3b597ec20ccf92d0adc436057caf9bbe","name":"admin","image":{"@type":"ImageObject","inLanguage":"pt-BR","@id":"https:\/\/jbcnews.com.br\/#\/schema\/person\/image\/","url":"https:\/\/secure.gravatar.com\/avatar\/fe848d2435b65c3ed1cdd3a8e8f3bb2d?s=96&d=mm&r=g","contentUrl":"https:\/\/secure.gravatar.com\/avatar\/fe848d2435b65c3ed1cdd3a8e8f3bb2d?s=96&d=mm&r=g","caption":"admin"},"sameAs":["https:\/\/jbcnews.com.br"],"url":"https:\/\/jbcnews.com.br\/index.php\/author\/jbcnews\/"}]}},"_links":{"self":[{"href":"https:\/\/jbcnews.com.br\/index.php\/wp-json\/wp\/v2\/posts\/2506"}],"collection":[{"href":"https:\/\/jbcnews.com.br\/index.php\/wp-json\/wp\/v2\/posts"}],"about":[{"href":"https:\/\/jbcnews.com.br\/index.php\/wp-json\/wp\/v2\/types\/post"}],"author":[{"embeddable":true,"href":"https:\/\/jbcnews.com.br\/index.php\/wp-json\/wp\/v2\/users\/1"}],"replies":[{"embeddable":true,"href":"https:\/\/jbcnews.com.br\/index.php\/wp-json\/wp\/v2\/comments?post=2506"}],"version-history":[{"count":1,"href":"https:\/\/jbcnews.com.br\/index.php\/wp-json\/wp\/v2\/posts\/2506\/revisions"}],"predecessor-version":[{"id":2508,"href":"https:\/\/jbcnews.com.br\/index.php\/wp-json\/wp\/v2\/posts\/2506\/revisions\/2508"}],"wp:featuredmedia":[{"embeddable":true,"href":"https:\/\/jbcnews.com.br\/index.php\/wp-json\/wp\/v2\/media\/2507"}],"wp:attachment":[{"href":"https:\/\/jbcnews.com.br\/index.php\/wp-json\/wp\/v2\/media?parent=2506"}],"wp:term":[{"taxonomy":"category","embeddable":true,"href":"https:\/\/jbcnews.com.br\/index.php\/wp-json\/wp\/v2\/categories?post=2506"},{"taxonomy":"post_tag","embeddable":true,"href":"https:\/\/jbcnews.com.br\/index.php\/wp-json\/wp\/v2\/tags?post=2506"}],"curies":[{"name":"wp","href":"https:\/\/api.w.org\/{rel}","templated":true}]}}