{"id":2497,"date":"2021-02-09T14:36:19","date_gmt":"2021-02-09T14:36:19","guid":{"rendered":"https:\/\/jbcnews.com.br\/?p=2497"},"modified":"2021-05-07T16:30:22","modified_gmt":"2021-05-07T16:30:22","slug":"uma-semana-depois-de-eleito-lira-retira-comite-de-imprensa-da-camara-para-se-instalar-no-local","status":"publish","type":"post","link":"https:\/\/jbcnews.com.br\/index.php\/2021\/02\/09\/uma-semana-depois-de-eleito-lira-retira-comite-de-imprensa-da-camara-para-se-instalar-no-local\/","title":{"rendered":"Uma semana depois de eleito, Lira retira comit\u00ea de imprensa da C\u00e2mara para se instalar no local"},"content":{"rendered":"\n<p>(JBCNEWS &#8211; DF) &#8211; Uma semana depois de ser eleito presidente da C\u00e2mara dos Deputados, Arthur Lira (PP-AL) ordenou a remo\u00e7\u00e3o de jornalistas de sua \u00e1rea de trabalho. Os profissionais que fazem a cobertura do Legislativo ficam em um comit\u00ea, em \u00e1rea com acesso ao plen\u00e1rio, mas ser\u00e3o despejados para que Lira instale seu gabinete.<\/p>\n\n\n\n<p>O espa\u00e7o destinado \u00e0 imprensa ser\u00e1 reaberto em outro local, longe da atividade parlamentar. Com a mudan\u00e7a, Lira n\u00e3o ser\u00e1 mais obrigado a atravessar o chamado Sal\u00e3o Verde para entrar em plen\u00e1rio. A presid\u00eancia ficava em local cont\u00edguo ao sal\u00e3o. L\u00e1, todos os presidentes da C\u00e2mara eram interpelados antes de uma sess\u00e3o. Jornalistas e servidores credenciados, al\u00e9m de visitantes, costumam circular pelo sal\u00e3o.<\/p>\n\n\n\n<p>A mudan\u00e7a \u00e9 uma altera\u00e7\u00e3o no projeto original do arquiteto Oscar Niemeyer. Questionada sobre os motivos da obra, a assessoria do presidente da C\u00e2mara ainda n\u00e3o respondeu.Ao GLOBO, o diretor-geral da C\u00e2mara, S\u00e9rgio Sampaio, confirmou o in\u00edcio das obras. &#8211; H\u00e1 uma decis\u00e3o para fazer a mudan\u00e7a. Num prazo curto, ainda este m\u00eas. E me foi informado pelo Lira &#8211; disse Sampaio ao GLOBO.Antes de Lira, alguns presidentes da C\u00e2mara tentaram acabar com o comit\u00ea de imprensa, mas desistiram. Em 2015, a gest\u00e3o de Eduardo Cunha (MDB-RJ) quis dar prosseguimento ao mesmo projeto de Lira, enquanto enfrentava processo no Conselho de \u00c9tica.<\/p>\n\n\n\n<p>Leia: Vit\u00f3ria de Lira afasta DEM de Doria e afeta sucess\u00e3o em S\u00e3o Paulo em 2007, o ent\u00e3o presidente da Casa, Arlindo Chinaglia (PT-SP), cuja dificuldade para lidar com a cobertura dos jornalistas era p\u00fablica, tentou desengavetar um projeto do ex-presidente Jo\u00e3o Paulo Cunha (PT-SP), condenado no mensal\u00e3o, de transferir o Comit\u00ea de Imprensa do local em que j\u00e1 funcionava h\u00e1 mais de 30 anos para outra \u00e1rea.Chinaglia alegava que, no projeto original de Niemeyer, a presid\u00eancia da C\u00e2mara funcionaria onde hoje est\u00e1 o comit\u00ea. Na ocasi\u00e3o, o arquiteto negou. Disse que o pr\u00e9dio \u00e9 tombado e que as reformas n\u00e3o poderiam desfigurar seu projeto.A deputada Soraya Santos (PL-RJ), ex-primeira-secret\u00e1ria e aliada de Lira, estava tocando o projeto desde o ano passado. H\u00e1 tr\u00eas semanas, questionada o projeto, disse que n\u00e3o \u00e9 uma tentativa de cercear o trabalho da imprensa. &#8211; A C\u00e2mara est\u00e1 repensando todos os seus espa\u00e7os. \u00c9 \u00f3bvio que onde est\u00e1 o comit\u00ea de imprensa, no nosso projeto, \u00e9 o espa\u00e7o justamente do presidente. Estamos resgatando a hist\u00f3ria. Houve um crescimento sem planejamento. N\u00e3o podemos ter em Bras\u00edlia, que \u00e9 um cidade planejada, os espa\u00e7os sem planejamento, e isso n\u00e3o tem nada a ver com cerceamento de liberdade, onde quer que esteja &#8211; disse Soraya.Em mar\u00e7o de 2019.<\/p>\n","protected":false},"excerpt":{"rendered":"<p>(JBCNEWS &#8211; DF) &#8211; Uma semana depois de ser eleito presidente da C\u00e2mara dos Deputados, Arthur Lira (PP-AL) ordenou a remo\u00e7\u00e3o de jornalistas de sua \u00e1rea<span class=\"excerpt-hellip\"> [\u2026]<\/span><\/p>\n","protected":false},"author":1,"featured_media":2498,"comment_status":"open","ping_status":"open","sticky":false,"template":"","format":"standard","meta":{"footnotes":""},"categories":[20],"tags":[],"yoast_head":"<!-- This site is optimized with the Yoast SEO plugin v22.6 - https:\/\/yoast.com\/wordpress\/plugins\/seo\/ -->\n<title>Uma semana depois de eleito, Lira retira comit\u00ea de imprensa da C\u00e2mara para se instalar no local - JBCNews<\/title>\n<meta name=\"robots\" content=\"index, follow, max-snippet:-1, max-image-preview:large, max-video-preview:-1\" \/>\n<link rel=\"canonical\" href=\"https:\/\/jbcnews.com.br\/index.php\/2021\/02\/09\/uma-semana-depois-de-eleito-lira-retira-comite-de-imprensa-da-camara-para-se-instalar-no-local\/\" \/>\n<meta property=\"og:locale\" content=\"pt_BR\" \/>\n<meta property=\"og:type\" content=\"article\" \/>\n<meta property=\"og:title\" content=\"Uma semana depois de eleito, Lira retira comit\u00ea de imprensa da C\u00e2mara para se instalar no local - JBCNews\" \/>\n<meta property=\"og:description\" content=\"(JBCNEWS &#8211; DF) &#8211; Uma semana depois de ser eleito presidente da C\u00e2mara dos Deputados, Arthur Lira (PP-AL) ordenou a remo\u00e7\u00e3o de jornalistas de sua \u00e1rea [\u2026]\" \/>\n<meta property=\"og:url\" content=\"https:\/\/jbcnews.com.br\/index.php\/2021\/02\/09\/uma-semana-depois-de-eleito-lira-retira-comite-de-imprensa-da-camara-para-se-instalar-no-local\/\" \/>\n<meta property=\"og:site_name\" content=\"JBCNews\" \/>\n<meta property=\"article:published_time\" content=\"2021-02-09T14:36:19+00:00\" \/>\n<meta property=\"article:modified_time\" content=\"2021-05-07T16:30:22+00:00\" \/>\n<meta property=\"og:image\" content=\"https:\/\/jbcnews.com.br\/wp-content\/uploads\/2021\/02\/imagem-43.png\" \/>\n\t<meta property=\"og:image:width\" content=\"959\" \/>\n\t<meta property=\"og:image:height\" content=\"417\" \/>\n\t<meta property=\"og:image:type\" content=\"image\/png\" \/>\n<meta name=\"author\" content=\"admin\" \/>\n<meta name=\"twitter:card\" content=\"summary_large_image\" \/>\n<meta name=\"twitter:label1\" content=\"Escrito por\" \/>\n\t<meta name=\"twitter:data1\" content=\"admin\" \/>\n\t<meta name=\"twitter:label2\" content=\"Est. tempo de leitura\" \/>\n\t<meta name=\"twitter:data2\" content=\"2 minutos\" \/>\n<script type=\"application\/ld+json\" class=\"yoast-schema-graph\">{\"@context\":\"https:\/\/schema.org\",\"@graph\":[{\"@type\":\"WebPage\",\"@id\":\"https:\/\/jbcnews.com.br\/index.php\/2021\/02\/09\/uma-semana-depois-de-eleito-lira-retira-comite-de-imprensa-da-camara-para-se-instalar-no-local\/\",\"url\":\"https:\/\/jbcnews.com.br\/index.php\/2021\/02\/09\/uma-semana-depois-de-eleito-lira-retira-comite-de-imprensa-da-camara-para-se-instalar-no-local\/\",\"name\":\"Uma semana depois de eleito, Lira retira comit\u00ea de imprensa da C\u00e2mara para se instalar no local - JBCNews\",\"isPartOf\":{\"@id\":\"https:\/\/jbcnews.com.br\/#website\"},\"primaryImageOfPage\":{\"@id\":\"https:\/\/jbcnews.com.br\/index.php\/2021\/02\/09\/uma-semana-depois-de-eleito-lira-retira-comite-de-imprensa-da-camara-para-se-instalar-no-local\/#primaryimage\"},\"image\":{\"@id\":\"https:\/\/jbcnews.com.br\/index.php\/2021\/02\/09\/uma-semana-depois-de-eleito-lira-retira-comite-de-imprensa-da-camara-para-se-instalar-no-local\/#primaryimage\"},\"thumbnailUrl\":\"https:\/\/jbcnews.com.br\/wp-content\/uploads\/2021\/02\/imagem-43.png\",\"datePublished\":\"2021-02-09T14:36:19+00:00\",\"dateModified\":\"2021-05-07T16:30:22+00:00\",\"author\":{\"@id\":\"https:\/\/jbcnews.com.br\/#\/schema\/person\/3b597ec20ccf92d0adc436057caf9bbe\"},\"breadcrumb\":{\"@id\":\"https:\/\/jbcnews.com.br\/index.php\/2021\/02\/09\/uma-semana-depois-de-eleito-lira-retira-comite-de-imprensa-da-camara-para-se-instalar-no-local\/#breadcrumb\"},\"inLanguage\":\"pt-BR\",\"potentialAction\":[{\"@type\":\"ReadAction\",\"target\":[\"https:\/\/jbcnews.com.br\/index.php\/2021\/02\/09\/uma-semana-depois-de-eleito-lira-retira-comite-de-imprensa-da-camara-para-se-instalar-no-local\/\"]}]},{\"@type\":\"ImageObject\",\"inLanguage\":\"pt-BR\",\"@id\":\"https:\/\/jbcnews.com.br\/index.php\/2021\/02\/09\/uma-semana-depois-de-eleito-lira-retira-comite-de-imprensa-da-camara-para-se-instalar-no-local\/#primaryimage\",\"url\":\"https:\/\/jbcnews.com.br\/wp-content\/uploads\/2021\/02\/imagem-43.png\",\"contentUrl\":\"https:\/\/jbcnews.com.br\/wp-content\/uploads\/2021\/02\/imagem-43.png\",\"width\":959,\"height\":417},{\"@type\":\"BreadcrumbList\",\"@id\":\"https:\/\/jbcnews.com.br\/index.php\/2021\/02\/09\/uma-semana-depois-de-eleito-lira-retira-comite-de-imprensa-da-camara-para-se-instalar-no-local\/#breadcrumb\",\"itemListElement\":[{\"@type\":\"ListItem\",\"position\":1,\"name\":\"In\u00edcio\",\"item\":\"https:\/\/jbcnews.com.br\/\"},{\"@type\":\"ListItem\",\"position\":2,\"name\":\"Uma semana depois de eleito, Lira retira comit\u00ea de imprensa da C\u00e2mara para se instalar no local\"}]},{\"@type\":\"WebSite\",\"@id\":\"https:\/\/jbcnews.com.br\/#website\",\"url\":\"https:\/\/jbcnews.com.br\/\",\"name\":\"JBCNews\",\"description\":\"Comunica\u00e7\u00e3o e Cultura\",\"potentialAction\":[{\"@type\":\"SearchAction\",\"target\":{\"@type\":\"EntryPoint\",\"urlTemplate\":\"https:\/\/jbcnews.com.br\/?s={search_term_string}\"},\"query-input\":\"required name=search_term_string\"}],\"inLanguage\":\"pt-BR\"},{\"@type\":\"Person\",\"@id\":\"https:\/\/jbcnews.com.br\/#\/schema\/person\/3b597ec20ccf92d0adc436057caf9bbe\",\"name\":\"admin\",\"image\":{\"@type\":\"ImageObject\",\"inLanguage\":\"pt-BR\",\"@id\":\"https:\/\/jbcnews.com.br\/#\/schema\/person\/image\/\",\"url\":\"https:\/\/secure.gravatar.com\/avatar\/fe848d2435b65c3ed1cdd3a8e8f3bb2d?s=96&d=mm&r=g\",\"contentUrl\":\"https:\/\/secure.gravatar.com\/avatar\/fe848d2435b65c3ed1cdd3a8e8f3bb2d?s=96&d=mm&r=g\",\"caption\":\"admin\"},\"sameAs\":[\"https:\/\/jbcnews.com.br\"],\"url\":\"https:\/\/jbcnews.com.br\/index.php\/author\/jbcnews\/\"}]}<\/script>\n<!-- \/ Yoast SEO plugin. -->","yoast_head_json":{"title":"Uma semana depois de eleito, Lira retira comit\u00ea de imprensa da C\u00e2mara para se instalar no local - JBCNews","robots":{"index":"index","follow":"follow","max-snippet":"max-snippet:-1","max-image-preview":"max-image-preview:large","max-video-preview":"max-video-preview:-1"},"canonical":"https:\/\/jbcnews.com.br\/index.php\/2021\/02\/09\/uma-semana-depois-de-eleito-lira-retira-comite-de-imprensa-da-camara-para-se-instalar-no-local\/","og_locale":"pt_BR","og_type":"article","og_title":"Uma semana depois de eleito, Lira retira comit\u00ea de imprensa da C\u00e2mara para se instalar no local - JBCNews","og_description":"(JBCNEWS &#8211; DF) &#8211; Uma semana depois de ser eleito presidente da C\u00e2mara dos Deputados, Arthur Lira (PP-AL) ordenou a remo\u00e7\u00e3o de jornalistas de sua \u00e1rea [\u2026]","og_url":"https:\/\/jbcnews.com.br\/index.php\/2021\/02\/09\/uma-semana-depois-de-eleito-lira-retira-comite-de-imprensa-da-camara-para-se-instalar-no-local\/","og_site_name":"JBCNews","article_published_time":"2021-02-09T14:36:19+00:00","article_modified_time":"2021-05-07T16:30:22+00:00","og_image":[{"width":959,"height":417,"url":"https:\/\/jbcnews.com.br\/wp-content\/uploads\/2021\/02\/imagem-43.png","type":"image\/png"}],"author":"admin","twitter_card":"summary_large_image","twitter_misc":{"Escrito por":"admin","Est. tempo de leitura":"2 minutos"},"schema":{"@context":"https:\/\/schema.org","@graph":[{"@type":"WebPage","@id":"https:\/\/jbcnews.com.br\/index.php\/2021\/02\/09\/uma-semana-depois-de-eleito-lira-retira-comite-de-imprensa-da-camara-para-se-instalar-no-local\/","url":"https:\/\/jbcnews.com.br\/index.php\/2021\/02\/09\/uma-semana-depois-de-eleito-lira-retira-comite-de-imprensa-da-camara-para-se-instalar-no-local\/","name":"Uma semana depois de eleito, Lira retira comit\u00ea de imprensa da C\u00e2mara para se instalar no local - JBCNews","isPartOf":{"@id":"https:\/\/jbcnews.com.br\/#website"},"primaryImageOfPage":{"@id":"https:\/\/jbcnews.com.br\/index.php\/2021\/02\/09\/uma-semana-depois-de-eleito-lira-retira-comite-de-imprensa-da-camara-para-se-instalar-no-local\/#primaryimage"},"image":{"@id":"https:\/\/jbcnews.com.br\/index.php\/2021\/02\/09\/uma-semana-depois-de-eleito-lira-retira-comite-de-imprensa-da-camara-para-se-instalar-no-local\/#primaryimage"},"thumbnailUrl":"https:\/\/jbcnews.com.br\/wp-content\/uploads\/2021\/02\/imagem-43.png","datePublished":"2021-02-09T14:36:19+00:00","dateModified":"2021-05-07T16:30:22+00:00","author":{"@id":"https:\/\/jbcnews.com.br\/#\/schema\/person\/3b597ec20ccf92d0adc436057caf9bbe"},"breadcrumb":{"@id":"https:\/\/jbcnews.com.br\/index.php\/2021\/02\/09\/uma-semana-depois-de-eleito-lira-retira-comite-de-imprensa-da-camara-para-se-instalar-no-local\/#breadcrumb"},"inLanguage":"pt-BR","potentialAction":[{"@type":"ReadAction","target":["https:\/\/jbcnews.com.br\/index.php\/2021\/02\/09\/uma-semana-depois-de-eleito-lira-retira-comite-de-imprensa-da-camara-para-se-instalar-no-local\/"]}]},{"@type":"ImageObject","inLanguage":"pt-BR","@id":"https:\/\/jbcnews.com.br\/index.php\/2021\/02\/09\/uma-semana-depois-de-eleito-lira-retira-comite-de-imprensa-da-camara-para-se-instalar-no-local\/#primaryimage","url":"https:\/\/jbcnews.com.br\/wp-content\/uploads\/2021\/02\/imagem-43.png","contentUrl":"https:\/\/jbcnews.com.br\/wp-content\/uploads\/2021\/02\/imagem-43.png","width":959,"height":417},{"@type":"BreadcrumbList","@id":"https:\/\/jbcnews.com.br\/index.php\/2021\/02\/09\/uma-semana-depois-de-eleito-lira-retira-comite-de-imprensa-da-camara-para-se-instalar-no-local\/#breadcrumb","itemListElement":[{"@type":"ListItem","position":1,"name":"In\u00edcio","item":"https:\/\/jbcnews.com.br\/"},{"@type":"ListItem","position":2,"name":"Uma semana depois de eleito, Lira retira comit\u00ea de imprensa da C\u00e2mara para se instalar no local"}]},{"@type":"WebSite","@id":"https:\/\/jbcnews.com.br\/#website","url":"https:\/\/jbcnews.com.br\/","name":"JBCNews","description":"Comunica\u00e7\u00e3o e Cultura","potentialAction":[{"@type":"SearchAction","target":{"@type":"EntryPoint","urlTemplate":"https:\/\/jbcnews.com.br\/?s={search_term_string}"},"query-input":"required name=search_term_string"}],"inLanguage":"pt-BR"},{"@type":"Person","@id":"https:\/\/jbcnews.com.br\/#\/schema\/person\/3b597ec20ccf92d0adc436057caf9bbe","name":"admin","image":{"@type":"ImageObject","inLanguage":"pt-BR","@id":"https:\/\/jbcnews.com.br\/#\/schema\/person\/image\/","url":"https:\/\/secure.gravatar.com\/avatar\/fe848d2435b65c3ed1cdd3a8e8f3bb2d?s=96&d=mm&r=g","contentUrl":"https:\/\/secure.gravatar.com\/avatar\/fe848d2435b65c3ed1cdd3a8e8f3bb2d?s=96&d=mm&r=g","caption":"admin"},"sameAs":["https:\/\/jbcnews.com.br"],"url":"https:\/\/jbcnews.com.br\/index.php\/author\/jbcnews\/"}]}},"_links":{"self":[{"href":"https:\/\/jbcnews.com.br\/index.php\/wp-json\/wp\/v2\/posts\/2497"}],"collection":[{"href":"https:\/\/jbcnews.com.br\/index.php\/wp-json\/wp\/v2\/posts"}],"about":[{"href":"https:\/\/jbcnews.com.br\/index.php\/wp-json\/wp\/v2\/types\/post"}],"author":[{"embeddable":true,"href":"https:\/\/jbcnews.com.br\/index.php\/wp-json\/wp\/v2\/users\/1"}],"replies":[{"embeddable":true,"href":"https:\/\/jbcnews.com.br\/index.php\/wp-json\/wp\/v2\/comments?post=2497"}],"version-history":[{"count":1,"href":"https:\/\/jbcnews.com.br\/index.php\/wp-json\/wp\/v2\/posts\/2497\/revisions"}],"predecessor-version":[{"id":2499,"href":"https:\/\/jbcnews.com.br\/index.php\/wp-json\/wp\/v2\/posts\/2497\/revisions\/2499"}],"wp:featuredmedia":[{"embeddable":true,"href":"https:\/\/jbcnews.com.br\/index.php\/wp-json\/wp\/v2\/media\/2498"}],"wp:attachment":[{"href":"https:\/\/jbcnews.com.br\/index.php\/wp-json\/wp\/v2\/media?parent=2497"}],"wp:term":[{"taxonomy":"category","embeddable":true,"href":"https:\/\/jbcnews.com.br\/index.php\/wp-json\/wp\/v2\/categories?post=2497"},{"taxonomy":"post_tag","embeddable":true,"href":"https:\/\/jbcnews.com.br\/index.php\/wp-json\/wp\/v2\/tags?post=2497"}],"curies":[{"name":"wp","href":"https:\/\/api.w.org\/{rel}","templated":true}]}}