{"id":2481,"date":"2021-02-08T19:23:38","date_gmt":"2021-02-08T19:23:38","guid":{"rendered":"https:\/\/jbcnews.com.br\/?p=2481"},"modified":"2021-05-07T16:30:33","modified_gmt":"2021-05-07T16:30:33","slug":"mais-de-5-mil-escolas-estaduais-em-sp-voltam-as-aulas-presenciais-hoje","status":"publish","type":"post","link":"https:\/\/jbcnews.com.br\/index.php\/2021\/02\/08\/mais-de-5-mil-escolas-estaduais-em-sp-voltam-as-aulas-presenciais-hoje\/","title":{"rendered":"Mais de 5 mil escolas estaduais em SP voltam \u00e0s aulas presenciais hoje"},"content":{"rendered":"\n<p>Mais de 5 mil escolas da rede estadual de ensino no estado de S\u00e3o Paulo poder\u00e3o voltar a ter aulas presenciais a partir de hoje (8). O governo estadual passou a classificar a educa\u00e7\u00e3o como servi\u00e7o essencial e, com isso, a abertura das unidades escolares poder\u00e1 ocorrer mesmo nas fases mais restritivas do Plano S\u00e3o Paulo.<\/p>\n\n\n\n<p>&#8220;A decis\u00e3o \u00e9 baseada em experi\u00eancias internacionais para garantir a seguran\u00e7a dos alunos e professores, bem como o desenvolvimento cognitivo e socioemocional das crian\u00e7as e adolescentes&#8221;, destacou a Secretaria de Educa\u00e7\u00e3o do Estado em nota.<\/p>\n\n\n\n<p>Cada unidade poder\u00e1 definir como far\u00e1 o rod\u00edzio de alunos e suas atividades presenciais e remotas. &#8220;Por isso \u00e9 importante que pais, respons\u00e1veis ou alunos maiores de 18 anos entrem em contato com a sua escola para saber os dias e hor\u00e1rios em que poder\u00e3o ir presencialmente \u00e0 unidade&#8221;, ressaltou a secretaria.<\/p>\n\n\n\n<p>Para as localidades que estiverem classificadas na fase vermelha ou laranja, a presen\u00e7a dos alunos \u00e9 limitada a at\u00e9 35% do n\u00famero de estudantes matriculados; na fase amarela, a presen\u00e7a \u00e9 limitada a at\u00e9 70%; j\u00e1 na fase verde, \u00e9 admitida a presen\u00e7a de at\u00e9 100% do n\u00famero de alunos matriculados.<\/p>\n\n\n\n<p>&#8220;A volta \u00e0s aulas presencias est\u00e1 condicionada as determina\u00e7\u00f5es locais das prefeituras. Mesmo nos munic\u00edpios autorizados, a presen\u00e7a dos alunos nas escolas n\u00e3o \u00e9 obrigat\u00f3ria nas regi\u00f5es que estejam na fase vermelha ou laranja do Plano S\u00e3o Paulo, mas as escolas poder\u00e3o permanecer abertas e com atividades nessas etapas&#8221;.<\/p>\n\n\n\n<p>De acordo com o governo, os estudantes pertencentes ao grupo de risco para a covid-19 que apresentem atestado m\u00e9dico poder\u00e3o participar das atividades escolares exclusivamente por meios remotos.<\/p>\n\n\n\n<h2 class=\"wp-block-heading\">Greve de professores<\/h2>\n\n\n\n<p>Os professores da rede p\u00fablica de ensino do estado decidiram fazer greve nas aulas presenciais a partir de hoje.<\/p>\n","protected":false},"excerpt":{"rendered":"<p>Mais de 5 mil escolas da rede estadual de ensino no estado de S\u00e3o Paulo poder\u00e3o voltar a ter aulas presenciais a partir de hoje (8).<span class=\"excerpt-hellip\"> [\u2026]<\/span><\/p>\n","protected":false},"author":1,"featured_media":2482,"comment_status":"open","ping_status":"open","sticky":false,"template":"","format":"standard","meta":{"footnotes":""},"categories":[32],"tags":[],"yoast_head":"<!-- This site is optimized with the Yoast SEO plugin v22.6 - https:\/\/yoast.com\/wordpress\/plugins\/seo\/ -->\n<title>Mais de 5 mil escolas estaduais em SP voltam \u00e0s aulas presenciais hoje - JBCNews<\/title>\n<meta name=\"robots\" content=\"index, follow, max-snippet:-1, max-image-preview:large, max-video-preview:-1\" \/>\n<link rel=\"canonical\" href=\"https:\/\/jbcnews.com.br\/index.php\/2021\/02\/08\/mais-de-5-mil-escolas-estaduais-em-sp-voltam-as-aulas-presenciais-hoje\/\" \/>\n<meta property=\"og:locale\" content=\"pt_BR\" \/>\n<meta property=\"og:type\" content=\"article\" \/>\n<meta property=\"og:title\" content=\"Mais de 5 mil escolas estaduais em SP voltam \u00e0s aulas presenciais hoje - JBCNews\" \/>\n<meta property=\"og:description\" content=\"Mais de 5 mil escolas da rede estadual de ensino no estado de S\u00e3o Paulo poder\u00e3o voltar a ter aulas presenciais a partir de hoje (8). [\u2026]\" \/>\n<meta property=\"og:url\" content=\"https:\/\/jbcnews.com.br\/index.php\/2021\/02\/08\/mais-de-5-mil-escolas-estaduais-em-sp-voltam-as-aulas-presenciais-hoje\/\" \/>\n<meta property=\"og:site_name\" content=\"JBCNews\" \/>\n<meta property=\"article:published_time\" content=\"2021-02-08T19:23:38+00:00\" \/>\n<meta property=\"article:modified_time\" content=\"2021-05-07T16:30:33+00:00\" \/>\n<meta property=\"og:image\" content=\"https:\/\/jbcnews.com.br\/wp-content\/uploads\/2021\/02\/imagem-8.png\" \/>\n\t<meta property=\"og:image:width\" content=\"720\" \/>\n\t<meta property=\"og:image:height\" content=\"388\" \/>\n\t<meta property=\"og:image:type\" content=\"image\/png\" \/>\n<meta name=\"author\" content=\"admin\" \/>\n<meta name=\"twitter:card\" content=\"summary_large_image\" \/>\n<meta name=\"twitter:label1\" content=\"Escrito por\" \/>\n\t<meta name=\"twitter:data1\" content=\"admin\" \/>\n\t<meta name=\"twitter:label2\" content=\"Est. tempo de leitura\" \/>\n\t<meta name=\"twitter:data2\" content=\"2 minutos\" \/>\n<script type=\"application\/ld+json\" class=\"yoast-schema-graph\">{\"@context\":\"https:\/\/schema.org\",\"@graph\":[{\"@type\":\"WebPage\",\"@id\":\"https:\/\/jbcnews.com.br\/index.php\/2021\/02\/08\/mais-de-5-mil-escolas-estaduais-em-sp-voltam-as-aulas-presenciais-hoje\/\",\"url\":\"https:\/\/jbcnews.com.br\/index.php\/2021\/02\/08\/mais-de-5-mil-escolas-estaduais-em-sp-voltam-as-aulas-presenciais-hoje\/\",\"name\":\"Mais de 5 mil escolas estaduais em SP voltam \u00e0s aulas presenciais hoje - JBCNews\",\"isPartOf\":{\"@id\":\"https:\/\/jbcnews.com.br\/#website\"},\"primaryImageOfPage\":{\"@id\":\"https:\/\/jbcnews.com.br\/index.php\/2021\/02\/08\/mais-de-5-mil-escolas-estaduais-em-sp-voltam-as-aulas-presenciais-hoje\/#primaryimage\"},\"image\":{\"@id\":\"https:\/\/jbcnews.com.br\/index.php\/2021\/02\/08\/mais-de-5-mil-escolas-estaduais-em-sp-voltam-as-aulas-presenciais-hoje\/#primaryimage\"},\"thumbnailUrl\":\"https:\/\/jbcnews.com.br\/wp-content\/uploads\/2021\/02\/imagem-8.png\",\"datePublished\":\"2021-02-08T19:23:38+00:00\",\"dateModified\":\"2021-05-07T16:30:33+00:00\",\"author\":{\"@id\":\"https:\/\/jbcnews.com.br\/#\/schema\/person\/3b597ec20ccf92d0adc436057caf9bbe\"},\"breadcrumb\":{\"@id\":\"https:\/\/jbcnews.com.br\/index.php\/2021\/02\/08\/mais-de-5-mil-escolas-estaduais-em-sp-voltam-as-aulas-presenciais-hoje\/#breadcrumb\"},\"inLanguage\":\"pt-BR\",\"potentialAction\":[{\"@type\":\"ReadAction\",\"target\":[\"https:\/\/jbcnews.com.br\/index.php\/2021\/02\/08\/mais-de-5-mil-escolas-estaduais-em-sp-voltam-as-aulas-presenciais-hoje\/\"]}]},{\"@type\":\"ImageObject\",\"inLanguage\":\"pt-BR\",\"@id\":\"https:\/\/jbcnews.com.br\/index.php\/2021\/02\/08\/mais-de-5-mil-escolas-estaduais-em-sp-voltam-as-aulas-presenciais-hoje\/#primaryimage\",\"url\":\"https:\/\/jbcnews.com.br\/wp-content\/uploads\/2021\/02\/imagem-8.png\",\"contentUrl\":\"https:\/\/jbcnews.com.br\/wp-content\/uploads\/2021\/02\/imagem-8.png\",\"width\":720,\"height\":388},{\"@type\":\"BreadcrumbList\",\"@id\":\"https:\/\/jbcnews.com.br\/index.php\/2021\/02\/08\/mais-de-5-mil-escolas-estaduais-em-sp-voltam-as-aulas-presenciais-hoje\/#breadcrumb\",\"itemListElement\":[{\"@type\":\"ListItem\",\"position\":1,\"name\":\"In\u00edcio\",\"item\":\"https:\/\/jbcnews.com.br\/\"},{\"@type\":\"ListItem\",\"position\":2,\"name\":\"Mais de 5 mil escolas estaduais em SP voltam \u00e0s aulas presenciais hoje\"}]},{\"@type\":\"WebSite\",\"@id\":\"https:\/\/jbcnews.com.br\/#website\",\"url\":\"https:\/\/jbcnews.com.br\/\",\"name\":\"JBCNews\",\"description\":\"Comunica\u00e7\u00e3o e Cultura\",\"potentialAction\":[{\"@type\":\"SearchAction\",\"target\":{\"@type\":\"EntryPoint\",\"urlTemplate\":\"https:\/\/jbcnews.com.br\/?s={search_term_string}\"},\"query-input\":\"required name=search_term_string\"}],\"inLanguage\":\"pt-BR\"},{\"@type\":\"Person\",\"@id\":\"https:\/\/jbcnews.com.br\/#\/schema\/person\/3b597ec20ccf92d0adc436057caf9bbe\",\"name\":\"admin\",\"image\":{\"@type\":\"ImageObject\",\"inLanguage\":\"pt-BR\",\"@id\":\"https:\/\/jbcnews.com.br\/#\/schema\/person\/image\/\",\"url\":\"https:\/\/secure.gravatar.com\/avatar\/fe848d2435b65c3ed1cdd3a8e8f3bb2d?s=96&d=mm&r=g\",\"contentUrl\":\"https:\/\/secure.gravatar.com\/avatar\/fe848d2435b65c3ed1cdd3a8e8f3bb2d?s=96&d=mm&r=g\",\"caption\":\"admin\"},\"sameAs\":[\"https:\/\/jbcnews.com.br\"],\"url\":\"https:\/\/jbcnews.com.br\/index.php\/author\/jbcnews\/\"}]}<\/script>\n<!-- \/ Yoast SEO plugin. -->","yoast_head_json":{"title":"Mais de 5 mil escolas estaduais em SP voltam \u00e0s aulas presenciais hoje - JBCNews","robots":{"index":"index","follow":"follow","max-snippet":"max-snippet:-1","max-image-preview":"max-image-preview:large","max-video-preview":"max-video-preview:-1"},"canonical":"https:\/\/jbcnews.com.br\/index.php\/2021\/02\/08\/mais-de-5-mil-escolas-estaduais-em-sp-voltam-as-aulas-presenciais-hoje\/","og_locale":"pt_BR","og_type":"article","og_title":"Mais de 5 mil escolas estaduais em SP voltam \u00e0s aulas presenciais hoje - JBCNews","og_description":"Mais de 5 mil escolas da rede estadual de ensino no estado de S\u00e3o Paulo poder\u00e3o voltar a ter aulas presenciais a partir de hoje (8). [\u2026]","og_url":"https:\/\/jbcnews.com.br\/index.php\/2021\/02\/08\/mais-de-5-mil-escolas-estaduais-em-sp-voltam-as-aulas-presenciais-hoje\/","og_site_name":"JBCNews","article_published_time":"2021-02-08T19:23:38+00:00","article_modified_time":"2021-05-07T16:30:33+00:00","og_image":[{"width":720,"height":388,"url":"https:\/\/jbcnews.com.br\/wp-content\/uploads\/2021\/02\/imagem-8.png","type":"image\/png"}],"author":"admin","twitter_card":"summary_large_image","twitter_misc":{"Escrito por":"admin","Est. tempo de leitura":"2 minutos"},"schema":{"@context":"https:\/\/schema.org","@graph":[{"@type":"WebPage","@id":"https:\/\/jbcnews.com.br\/index.php\/2021\/02\/08\/mais-de-5-mil-escolas-estaduais-em-sp-voltam-as-aulas-presenciais-hoje\/","url":"https:\/\/jbcnews.com.br\/index.php\/2021\/02\/08\/mais-de-5-mil-escolas-estaduais-em-sp-voltam-as-aulas-presenciais-hoje\/","name":"Mais de 5 mil escolas estaduais em SP voltam \u00e0s aulas presenciais hoje - JBCNews","isPartOf":{"@id":"https:\/\/jbcnews.com.br\/#website"},"primaryImageOfPage":{"@id":"https:\/\/jbcnews.com.br\/index.php\/2021\/02\/08\/mais-de-5-mil-escolas-estaduais-em-sp-voltam-as-aulas-presenciais-hoje\/#primaryimage"},"image":{"@id":"https:\/\/jbcnews.com.br\/index.php\/2021\/02\/08\/mais-de-5-mil-escolas-estaduais-em-sp-voltam-as-aulas-presenciais-hoje\/#primaryimage"},"thumbnailUrl":"https:\/\/jbcnews.com.br\/wp-content\/uploads\/2021\/02\/imagem-8.png","datePublished":"2021-02-08T19:23:38+00:00","dateModified":"2021-05-07T16:30:33+00:00","author":{"@id":"https:\/\/jbcnews.com.br\/#\/schema\/person\/3b597ec20ccf92d0adc436057caf9bbe"},"breadcrumb":{"@id":"https:\/\/jbcnews.com.br\/index.php\/2021\/02\/08\/mais-de-5-mil-escolas-estaduais-em-sp-voltam-as-aulas-presenciais-hoje\/#breadcrumb"},"inLanguage":"pt-BR","potentialAction":[{"@type":"ReadAction","target":["https:\/\/jbcnews.com.br\/index.php\/2021\/02\/08\/mais-de-5-mil-escolas-estaduais-em-sp-voltam-as-aulas-presenciais-hoje\/"]}]},{"@type":"ImageObject","inLanguage":"pt-BR","@id":"https:\/\/jbcnews.com.br\/index.php\/2021\/02\/08\/mais-de-5-mil-escolas-estaduais-em-sp-voltam-as-aulas-presenciais-hoje\/#primaryimage","url":"https:\/\/jbcnews.com.br\/wp-content\/uploads\/2021\/02\/imagem-8.png","contentUrl":"https:\/\/jbcnews.com.br\/wp-content\/uploads\/2021\/02\/imagem-8.png","width":720,"height":388},{"@type":"BreadcrumbList","@id":"https:\/\/jbcnews.com.br\/index.php\/2021\/02\/08\/mais-de-5-mil-escolas-estaduais-em-sp-voltam-as-aulas-presenciais-hoje\/#breadcrumb","itemListElement":[{"@type":"ListItem","position":1,"name":"In\u00edcio","item":"https:\/\/jbcnews.com.br\/"},{"@type":"ListItem","position":2,"name":"Mais de 5 mil escolas estaduais em SP voltam \u00e0s aulas presenciais hoje"}]},{"@type":"WebSite","@id":"https:\/\/jbcnews.com.br\/#website","url":"https:\/\/jbcnews.com.br\/","name":"JBCNews","description":"Comunica\u00e7\u00e3o e Cultura","potentialAction":[{"@type":"SearchAction","target":{"@type":"EntryPoint","urlTemplate":"https:\/\/jbcnews.com.br\/?s={search_term_string}"},"query-input":"required name=search_term_string"}],"inLanguage":"pt-BR"},{"@type":"Person","@id":"https:\/\/jbcnews.com.br\/#\/schema\/person\/3b597ec20ccf92d0adc436057caf9bbe","name":"admin","image":{"@type":"ImageObject","inLanguage":"pt-BR","@id":"https:\/\/jbcnews.com.br\/#\/schema\/person\/image\/","url":"https:\/\/secure.gravatar.com\/avatar\/fe848d2435b65c3ed1cdd3a8e8f3bb2d?s=96&d=mm&r=g","contentUrl":"https:\/\/secure.gravatar.com\/avatar\/fe848d2435b65c3ed1cdd3a8e8f3bb2d?s=96&d=mm&r=g","caption":"admin"},"sameAs":["https:\/\/jbcnews.com.br"],"url":"https:\/\/jbcnews.com.br\/index.php\/author\/jbcnews\/"}]}},"_links":{"self":[{"href":"https:\/\/jbcnews.com.br\/index.php\/wp-json\/wp\/v2\/posts\/2481"}],"collection":[{"href":"https:\/\/jbcnews.com.br\/index.php\/wp-json\/wp\/v2\/posts"}],"about":[{"href":"https:\/\/jbcnews.com.br\/index.php\/wp-json\/wp\/v2\/types\/post"}],"author":[{"embeddable":true,"href":"https:\/\/jbcnews.com.br\/index.php\/wp-json\/wp\/v2\/users\/1"}],"replies":[{"embeddable":true,"href":"https:\/\/jbcnews.com.br\/index.php\/wp-json\/wp\/v2\/comments?post=2481"}],"version-history":[{"count":1,"href":"https:\/\/jbcnews.com.br\/index.php\/wp-json\/wp\/v2\/posts\/2481\/revisions"}],"predecessor-version":[{"id":2483,"href":"https:\/\/jbcnews.com.br\/index.php\/wp-json\/wp\/v2\/posts\/2481\/revisions\/2483"}],"wp:featuredmedia":[{"embeddable":true,"href":"https:\/\/jbcnews.com.br\/index.php\/wp-json\/wp\/v2\/media\/2482"}],"wp:attachment":[{"href":"https:\/\/jbcnews.com.br\/index.php\/wp-json\/wp\/v2\/media?parent=2481"}],"wp:term":[{"taxonomy":"category","embeddable":true,"href":"https:\/\/jbcnews.com.br\/index.php\/wp-json\/wp\/v2\/categories?post=2481"},{"taxonomy":"post_tag","embeddable":true,"href":"https:\/\/jbcnews.com.br\/index.php\/wp-json\/wp\/v2\/tags?post=2481"}],"curies":[{"name":"wp","href":"https:\/\/api.w.org\/{rel}","templated":true}]}}