{"id":2474,"date":"2021-02-08T19:13:05","date_gmt":"2021-02-08T19:13:05","guid":{"rendered":"https:\/\/jbcnews.com.br\/?p=2474"},"modified":"2021-05-07T16:30:43","modified_gmt":"2021-05-07T16:30:43","slug":"deputados-bolsonaristas-recusam-mascara-e-sao-repreendidos-por-arthur-lira","status":"publish","type":"post","link":"https:\/\/jbcnews.com.br\/index.php\/2021\/02\/08\/deputados-bolsonaristas-recusam-mascara-e-sao-repreendidos-por-arthur-lira\/","title":{"rendered":"Deputados bolsonaristas recusam m\u00e1scara e s\u00e3o repreendidos por Arthur Lira"},"content":{"rendered":"\n<p>(JBCNEWS &#8211; DF) &#8211; Aliado do presidente\u00a0<strong>Jair Bolsonaro<\/strong>\u00a0(sem partido), o novo presidente da C\u00e2mara dos Deputados, Arthur Lira (PP-AL) repreendeu parlamentares da base aliada do governo que desobedeceram o uso obrigat\u00f3rio de m\u00e1scaras de prote\u00e7\u00e3o contra o novo coronav\u00edrus dentro do Congresso.<\/p>\n\n\n\n<p>Segundo os notici\u00e1rios, deputados do PSL (Partido Social Liberal) ficaram sem o equipamento na \u00faltima quarta-feira (3), dia em que foi eleita a nova composi\u00e7\u00e3o da Mesa Diretora da Casa.<\/p>\n\n\n\n<p>Os parlamentares bolsonaristas, que apoiam o discurso negacionista do presidente em rela\u00e7\u00e3o \u00e0 pandemia, s\u00f3 vestiram a m\u00e1scara depois de Lira exigir pelo microfone que colocassem o acess\u00f3rio.<\/p>\n\n\n\n<p>L\u00edder do PP, Arthur Lira se aproximou do governo Bolsonaro no primeiro semestre do ano passado. Foi visto pelo Pal\u00e1cio do Planalto como a garantia de que n\u00e3o seria aberto um processo de impeachment contra o governo. Negociou a participa\u00e7\u00e3o no governo de seu partido e de aliados, principalmente do PL, PSD e Republicanos.<\/p>\n\n\n\n<p>R\u00e9u no Supremo Tribunal Federal (STF) em duas a\u00e7\u00f5es em que \u00e9 acusado de corrup\u00e7\u00e3o, Lira n\u00e3o poder\u00e1 integrar a linha sucess\u00f3ria da Presid\u00eancia no caso de aus\u00eancia ou impedimento de Bolsonaro. Ele tamb\u00e9m \u00e9 r\u00e9u por peculato e lavagem de dinheiro no Tribunal de Justi\u00e7a de Alagoas (TJ-AL) e j\u00e1 foi condenado em segunda inst\u00e2ncia por improbidade administrativa na Corte alagoana. Ele recorre.<\/p>\n\n\n\n<p>No primeiro ano do mandato de Bolsonaro, Lira foi forte opositor a parte da agenda do governo. Foi um dos principais articuladores da Lei de Abuso de Autoridade e das altera\u00e7\u00f5es no pacote anticrime sugerido pelo ent\u00e3o ministro da Justi\u00e7a Sergio Moro.<\/p>\n","protected":false},"excerpt":{"rendered":"<p>(JBCNEWS &#8211; DF) &#8211; Aliado do presidente\u00a0Jair Bolsonaro\u00a0(sem partido), o novo presidente da C\u00e2mara dos Deputados, Arthur Lira (PP-AL) repreendeu parlamentares da base aliada do governo<span class=\"excerpt-hellip\"> [\u2026]<\/span><\/p>\n","protected":false},"author":1,"featured_media":2475,"comment_status":"open","ping_status":"open","sticky":false,"template":"","format":"standard","meta":{"footnotes":""},"categories":[20],"tags":[],"yoast_head":"<!-- This site is optimized with the Yoast SEO plugin v22.6 - https:\/\/yoast.com\/wordpress\/plugins\/seo\/ -->\n<title>Deputados bolsonaristas recusam m\u00e1scara e s\u00e3o repreendidos por Arthur Lira - JBCNews<\/title>\n<meta name=\"robots\" content=\"index, follow, max-snippet:-1, max-image-preview:large, max-video-preview:-1\" \/>\n<link rel=\"canonical\" href=\"https:\/\/jbcnews.com.br\/index.php\/2021\/02\/08\/deputados-bolsonaristas-recusam-mascara-e-sao-repreendidos-por-arthur-lira\/\" \/>\n<meta property=\"og:locale\" content=\"pt_BR\" \/>\n<meta property=\"og:type\" content=\"article\" \/>\n<meta property=\"og:title\" content=\"Deputados bolsonaristas recusam m\u00e1scara e s\u00e3o repreendidos por Arthur Lira - JBCNews\" \/>\n<meta property=\"og:description\" content=\"(JBCNEWS &#8211; DF) &#8211; Aliado do presidente\u00a0Jair Bolsonaro\u00a0(sem partido), o novo presidente da C\u00e2mara dos Deputados, Arthur Lira (PP-AL) repreendeu parlamentares da base aliada do governo [\u2026]\" \/>\n<meta property=\"og:url\" content=\"https:\/\/jbcnews.com.br\/index.php\/2021\/02\/08\/deputados-bolsonaristas-recusam-mascara-e-sao-repreendidos-por-arthur-lira\/\" \/>\n<meta property=\"og:site_name\" content=\"JBCNews\" \/>\n<meta property=\"article:published_time\" content=\"2021-02-08T19:13:05+00:00\" \/>\n<meta property=\"article:modified_time\" content=\"2021-05-07T16:30:43+00:00\" \/>\n<meta property=\"og:image\" content=\"https:\/\/jbcnews.com.br\/wp-content\/uploads\/2021\/02\/imagem-6.png\" \/>\n\t<meta property=\"og:image:width\" content=\"958\" \/>\n\t<meta property=\"og:image:height\" content=\"752\" \/>\n\t<meta property=\"og:image:type\" content=\"image\/png\" \/>\n<meta name=\"author\" content=\"admin\" \/>\n<meta name=\"twitter:card\" content=\"summary_large_image\" \/>\n<meta name=\"twitter:label1\" content=\"Escrito por\" \/>\n\t<meta name=\"twitter:data1\" content=\"admin\" \/>\n\t<meta name=\"twitter:label2\" content=\"Est. tempo de leitura\" \/>\n\t<meta name=\"twitter:data2\" content=\"1 minuto\" \/>\n<script type=\"application\/ld+json\" class=\"yoast-schema-graph\">{\"@context\":\"https:\/\/schema.org\",\"@graph\":[{\"@type\":\"WebPage\",\"@id\":\"https:\/\/jbcnews.com.br\/index.php\/2021\/02\/08\/deputados-bolsonaristas-recusam-mascara-e-sao-repreendidos-por-arthur-lira\/\",\"url\":\"https:\/\/jbcnews.com.br\/index.php\/2021\/02\/08\/deputados-bolsonaristas-recusam-mascara-e-sao-repreendidos-por-arthur-lira\/\",\"name\":\"Deputados bolsonaristas recusam m\u00e1scara e s\u00e3o repreendidos por Arthur Lira - JBCNews\",\"isPartOf\":{\"@id\":\"https:\/\/jbcnews.com.br\/#website\"},\"primaryImageOfPage\":{\"@id\":\"https:\/\/jbcnews.com.br\/index.php\/2021\/02\/08\/deputados-bolsonaristas-recusam-mascara-e-sao-repreendidos-por-arthur-lira\/#primaryimage\"},\"image\":{\"@id\":\"https:\/\/jbcnews.com.br\/index.php\/2021\/02\/08\/deputados-bolsonaristas-recusam-mascara-e-sao-repreendidos-por-arthur-lira\/#primaryimage\"},\"thumbnailUrl\":\"https:\/\/jbcnews.com.br\/wp-content\/uploads\/2021\/02\/imagem-6.png\",\"datePublished\":\"2021-02-08T19:13:05+00:00\",\"dateModified\":\"2021-05-07T16:30:43+00:00\",\"author\":{\"@id\":\"https:\/\/jbcnews.com.br\/#\/schema\/person\/3b597ec20ccf92d0adc436057caf9bbe\"},\"breadcrumb\":{\"@id\":\"https:\/\/jbcnews.com.br\/index.php\/2021\/02\/08\/deputados-bolsonaristas-recusam-mascara-e-sao-repreendidos-por-arthur-lira\/#breadcrumb\"},\"inLanguage\":\"pt-BR\",\"potentialAction\":[{\"@type\":\"ReadAction\",\"target\":[\"https:\/\/jbcnews.com.br\/index.php\/2021\/02\/08\/deputados-bolsonaristas-recusam-mascara-e-sao-repreendidos-por-arthur-lira\/\"]}]},{\"@type\":\"ImageObject\",\"inLanguage\":\"pt-BR\",\"@id\":\"https:\/\/jbcnews.com.br\/index.php\/2021\/02\/08\/deputados-bolsonaristas-recusam-mascara-e-sao-repreendidos-por-arthur-lira\/#primaryimage\",\"url\":\"https:\/\/jbcnews.com.br\/wp-content\/uploads\/2021\/02\/imagem-6.png\",\"contentUrl\":\"https:\/\/jbcnews.com.br\/wp-content\/uploads\/2021\/02\/imagem-6.png\",\"width\":958,\"height\":752},{\"@type\":\"BreadcrumbList\",\"@id\":\"https:\/\/jbcnews.com.br\/index.php\/2021\/02\/08\/deputados-bolsonaristas-recusam-mascara-e-sao-repreendidos-por-arthur-lira\/#breadcrumb\",\"itemListElement\":[{\"@type\":\"ListItem\",\"position\":1,\"name\":\"In\u00edcio\",\"item\":\"https:\/\/jbcnews.com.br\/\"},{\"@type\":\"ListItem\",\"position\":2,\"name\":\"Deputados bolsonaristas recusam m\u00e1scara e s\u00e3o repreendidos por Arthur Lira\"}]},{\"@type\":\"WebSite\",\"@id\":\"https:\/\/jbcnews.com.br\/#website\",\"url\":\"https:\/\/jbcnews.com.br\/\",\"name\":\"JBCNews\",\"description\":\"Comunica\u00e7\u00e3o e Cultura\",\"potentialAction\":[{\"@type\":\"SearchAction\",\"target\":{\"@type\":\"EntryPoint\",\"urlTemplate\":\"https:\/\/jbcnews.com.br\/?s={search_term_string}\"},\"query-input\":\"required name=search_term_string\"}],\"inLanguage\":\"pt-BR\"},{\"@type\":\"Person\",\"@id\":\"https:\/\/jbcnews.com.br\/#\/schema\/person\/3b597ec20ccf92d0adc436057caf9bbe\",\"name\":\"admin\",\"image\":{\"@type\":\"ImageObject\",\"inLanguage\":\"pt-BR\",\"@id\":\"https:\/\/jbcnews.com.br\/#\/schema\/person\/image\/\",\"url\":\"https:\/\/secure.gravatar.com\/avatar\/fe848d2435b65c3ed1cdd3a8e8f3bb2d?s=96&d=mm&r=g\",\"contentUrl\":\"https:\/\/secure.gravatar.com\/avatar\/fe848d2435b65c3ed1cdd3a8e8f3bb2d?s=96&d=mm&r=g\",\"caption\":\"admin\"},\"sameAs\":[\"https:\/\/jbcnews.com.br\"],\"url\":\"https:\/\/jbcnews.com.br\/index.php\/author\/jbcnews\/\"}]}<\/script>\n<!-- \/ Yoast SEO plugin. -->","yoast_head_json":{"title":"Deputados bolsonaristas recusam m\u00e1scara e s\u00e3o repreendidos por Arthur Lira - JBCNews","robots":{"index":"index","follow":"follow","max-snippet":"max-snippet:-1","max-image-preview":"max-image-preview:large","max-video-preview":"max-video-preview:-1"},"canonical":"https:\/\/jbcnews.com.br\/index.php\/2021\/02\/08\/deputados-bolsonaristas-recusam-mascara-e-sao-repreendidos-por-arthur-lira\/","og_locale":"pt_BR","og_type":"article","og_title":"Deputados bolsonaristas recusam m\u00e1scara e s\u00e3o repreendidos por Arthur Lira - JBCNews","og_description":"(JBCNEWS &#8211; DF) &#8211; Aliado do presidente\u00a0Jair Bolsonaro\u00a0(sem partido), o novo presidente da C\u00e2mara dos Deputados, Arthur Lira (PP-AL) repreendeu parlamentares da base aliada do governo [\u2026]","og_url":"https:\/\/jbcnews.com.br\/index.php\/2021\/02\/08\/deputados-bolsonaristas-recusam-mascara-e-sao-repreendidos-por-arthur-lira\/","og_site_name":"JBCNews","article_published_time":"2021-02-08T19:13:05+00:00","article_modified_time":"2021-05-07T16:30:43+00:00","og_image":[{"width":958,"height":752,"url":"https:\/\/jbcnews.com.br\/wp-content\/uploads\/2021\/02\/imagem-6.png","type":"image\/png"}],"author":"admin","twitter_card":"summary_large_image","twitter_misc":{"Escrito por":"admin","Est. tempo de leitura":"1 minuto"},"schema":{"@context":"https:\/\/schema.org","@graph":[{"@type":"WebPage","@id":"https:\/\/jbcnews.com.br\/index.php\/2021\/02\/08\/deputados-bolsonaristas-recusam-mascara-e-sao-repreendidos-por-arthur-lira\/","url":"https:\/\/jbcnews.com.br\/index.php\/2021\/02\/08\/deputados-bolsonaristas-recusam-mascara-e-sao-repreendidos-por-arthur-lira\/","name":"Deputados bolsonaristas recusam m\u00e1scara e s\u00e3o repreendidos por Arthur Lira - JBCNews","isPartOf":{"@id":"https:\/\/jbcnews.com.br\/#website"},"primaryImageOfPage":{"@id":"https:\/\/jbcnews.com.br\/index.php\/2021\/02\/08\/deputados-bolsonaristas-recusam-mascara-e-sao-repreendidos-por-arthur-lira\/#primaryimage"},"image":{"@id":"https:\/\/jbcnews.com.br\/index.php\/2021\/02\/08\/deputados-bolsonaristas-recusam-mascara-e-sao-repreendidos-por-arthur-lira\/#primaryimage"},"thumbnailUrl":"https:\/\/jbcnews.com.br\/wp-content\/uploads\/2021\/02\/imagem-6.png","datePublished":"2021-02-08T19:13:05+00:00","dateModified":"2021-05-07T16:30:43+00:00","author":{"@id":"https:\/\/jbcnews.com.br\/#\/schema\/person\/3b597ec20ccf92d0adc436057caf9bbe"},"breadcrumb":{"@id":"https:\/\/jbcnews.com.br\/index.php\/2021\/02\/08\/deputados-bolsonaristas-recusam-mascara-e-sao-repreendidos-por-arthur-lira\/#breadcrumb"},"inLanguage":"pt-BR","potentialAction":[{"@type":"ReadAction","target":["https:\/\/jbcnews.com.br\/index.php\/2021\/02\/08\/deputados-bolsonaristas-recusam-mascara-e-sao-repreendidos-por-arthur-lira\/"]}]},{"@type":"ImageObject","inLanguage":"pt-BR","@id":"https:\/\/jbcnews.com.br\/index.php\/2021\/02\/08\/deputados-bolsonaristas-recusam-mascara-e-sao-repreendidos-por-arthur-lira\/#primaryimage","url":"https:\/\/jbcnews.com.br\/wp-content\/uploads\/2021\/02\/imagem-6.png","contentUrl":"https:\/\/jbcnews.com.br\/wp-content\/uploads\/2021\/02\/imagem-6.png","width":958,"height":752},{"@type":"BreadcrumbList","@id":"https:\/\/jbcnews.com.br\/index.php\/2021\/02\/08\/deputados-bolsonaristas-recusam-mascara-e-sao-repreendidos-por-arthur-lira\/#breadcrumb","itemListElement":[{"@type":"ListItem","position":1,"name":"In\u00edcio","item":"https:\/\/jbcnews.com.br\/"},{"@type":"ListItem","position":2,"name":"Deputados bolsonaristas recusam m\u00e1scara e s\u00e3o repreendidos por Arthur Lira"}]},{"@type":"WebSite","@id":"https:\/\/jbcnews.com.br\/#website","url":"https:\/\/jbcnews.com.br\/","name":"JBCNews","description":"Comunica\u00e7\u00e3o e Cultura","potentialAction":[{"@type":"SearchAction","target":{"@type":"EntryPoint","urlTemplate":"https:\/\/jbcnews.com.br\/?s={search_term_string}"},"query-input":"required name=search_term_string"}],"inLanguage":"pt-BR"},{"@type":"Person","@id":"https:\/\/jbcnews.com.br\/#\/schema\/person\/3b597ec20ccf92d0adc436057caf9bbe","name":"admin","image":{"@type":"ImageObject","inLanguage":"pt-BR","@id":"https:\/\/jbcnews.com.br\/#\/schema\/person\/image\/","url":"https:\/\/secure.gravatar.com\/avatar\/fe848d2435b65c3ed1cdd3a8e8f3bb2d?s=96&d=mm&r=g","contentUrl":"https:\/\/secure.gravatar.com\/avatar\/fe848d2435b65c3ed1cdd3a8e8f3bb2d?s=96&d=mm&r=g","caption":"admin"},"sameAs":["https:\/\/jbcnews.com.br"],"url":"https:\/\/jbcnews.com.br\/index.php\/author\/jbcnews\/"}]}},"_links":{"self":[{"href":"https:\/\/jbcnews.com.br\/index.php\/wp-json\/wp\/v2\/posts\/2474"}],"collection":[{"href":"https:\/\/jbcnews.com.br\/index.php\/wp-json\/wp\/v2\/posts"}],"about":[{"href":"https:\/\/jbcnews.com.br\/index.php\/wp-json\/wp\/v2\/types\/post"}],"author":[{"embeddable":true,"href":"https:\/\/jbcnews.com.br\/index.php\/wp-json\/wp\/v2\/users\/1"}],"replies":[{"embeddable":true,"href":"https:\/\/jbcnews.com.br\/index.php\/wp-json\/wp\/v2\/comments?post=2474"}],"version-history":[{"count":1,"href":"https:\/\/jbcnews.com.br\/index.php\/wp-json\/wp\/v2\/posts\/2474\/revisions"}],"predecessor-version":[{"id":2477,"href":"https:\/\/jbcnews.com.br\/index.php\/wp-json\/wp\/v2\/posts\/2474\/revisions\/2477"}],"wp:featuredmedia":[{"embeddable":true,"href":"https:\/\/jbcnews.com.br\/index.php\/wp-json\/wp\/v2\/media\/2475"}],"wp:attachment":[{"href":"https:\/\/jbcnews.com.br\/index.php\/wp-json\/wp\/v2\/media?parent=2474"}],"wp:term":[{"taxonomy":"category","embeddable":true,"href":"https:\/\/jbcnews.com.br\/index.php\/wp-json\/wp\/v2\/categories?post=2474"},{"taxonomy":"post_tag","embeddable":true,"href":"https:\/\/jbcnews.com.br\/index.php\/wp-json\/wp\/v2\/tags?post=2474"}],"curies":[{"name":"wp","href":"https:\/\/api.w.org\/{rel}","templated":true}]}}