{"id":2461,"date":"2021-02-08T18:33:48","date_gmt":"2021-02-08T18:33:48","guid":{"rendered":"https:\/\/jbcnews.com.br\/?p=2461"},"modified":"2021-02-22T20:10:58","modified_gmt":"2021-02-22T20:10:58","slug":"noticias-da-semana-as-manchetes-que-repercutiram-no-brasil-e-no-mundo","status":"publish","type":"post","link":"https:\/\/jbcnews.com.br\/index.php\/2021\/02\/08\/noticias-da-semana-as-manchetes-que-repercutiram-no-brasil-e-no-mundo\/","title":{"rendered":"Not\u00edcias da semana &#8211; As manchetes que repercutiram no Brasil e no mundo"},"content":{"rendered":"\n<p>Dois dos principais cargos da pol\u00edtica brasileira tiveram novos ocupantes eleitos nesta semana. Os governistas&nbsp;<strong>Arthur Lira<\/strong>&nbsp;(PP-AL) e&nbsp;<strong>Rodrigo Pacheco<\/strong>&nbsp;(DEM-MG) foram eleitos, respectivamente, presidentes da C\u00e2mara e do Senado. Em vota\u00e7\u00e3o cercada de pol\u00eamicas e emendas bilion\u00e1rias, o governo de&nbsp;<strong>Jair Bolsonaro<\/strong>&nbsp;come\u00e7ar\u00e1 a sua segunda metade mais forte e propenso a aprovar mais reformas.<\/p>\n\n\n\n<h3 class=\"wp-block-heading\">Greve dos caminhoneiros tem baix\u00edssima ades\u00e3o<\/h3>\n\n\n\n<p>O brasileiro ficou com medo de rever aquelas cenas de 2018, com filas em postos sem gasolina e mercados de prateleiras vazias. Mas dessa vez a&nbsp;<strong>greve de caminhoneiros&nbsp;<\/strong>que prometia paralisar o Brasil ficou apenas na promessa. A&nbsp;<strong>segunda-feira at\u00e9 amanheceu com alguns caminh\u00f5es encostados<\/strong>, mas a ades\u00e3o foi t\u00e3o baixa que passou desapercebida do p\u00fablico em geral.<\/p>\n\n\n\n<h3 class=\"wp-block-heading\">Doria promete todo estado de S\u00e3o Paulo vacinado at\u00e9 dezembro<\/h3>\n\n\n\n<p>O governador de S\u00e3o Paulo,&nbsp;<strong>Jo\u00e3o Doria<\/strong>, prometeu durante coletiva de imprensa ao longo da semana que&nbsp;<strong>todo o estado ser\u00e1 vacinado at\u00e9 o fim de 2021<\/strong>, sem distin\u00e7\u00e3o de idade. A promessa vem na esteira da&nbsp;<strong>chegada de novos insumos da China&nbsp;<\/strong>ao longo desta semana, que aumentaram a capacidade de produ\u00e7\u00e3o do Instituto Butantan para quase nove milh\u00f5es de doses da CoronaVac at\u00e9 25 de fevereiro<\/p>\n\n\n\n<h3 class=\"wp-block-heading\">Jeff Bezos deixar\u00e1 o comando da Amazon<\/h3>\n\n\n\n<p>A&nbsp;<strong>Amazon anunciou que Jeff Bezos deixar\u00e1 o cargo<\/strong>&nbsp;de presidente-executivo no terceiro trimestre. Ele ser\u00e1 substitu\u00eddo por&nbsp;<strong>Andy Jassy<\/strong>, atual chefe da divis\u00e3o AWS, respons\u00e1vel pelos neg\u00f3cios da Amazon em computa\u00e7\u00e3o na nuvem. A partir de agora, Bezos ocupar\u00e1 o cargo de presidente executivo do conselho da Amazon e se dedicar\u00e1, segundo ele, a &#8220;novos produtos e iniciativas&#8221;.<\/p>\n\n\n\n<h3 class=\"wp-block-heading\">Clima no Big Brother Brasil esquenta e vira debate nacional<\/h3>\n\n\n\n<p>N\u00e3o demorou muito para que o&nbsp;<strong>BBB 21<\/strong>&nbsp;ca\u00edsse na boca do povo. Mas n\u00e3o necessariamente isso quer dizer que o que tem rolado na casa \u00e9 bom. A primeira semana dos brothers e das sisters foi marcada por muita discuss\u00e3o, choro, discuss\u00f5es sobre lugar de fala e tamb\u00e9m, infelizmente,&nbsp;<strong>abuso psicol\u00f3gico<\/strong>. O tema bombou nas redes sociais e a casa, que j\u00e1 teve sua primeira eliminada, continua pegando fogo.<\/p>\n","protected":false},"excerpt":{"rendered":"<p>Dois dos principais cargos da pol\u00edtica brasileira tiveram novos ocupantes eleitos nesta semana. Os governistas&nbsp;Arthur Lira&nbsp;(PP-AL) e&nbsp;Rodrigo Pacheco&nbsp;(DEM-MG) foram eleitos, respectivamente, presidentes da C\u00e2mara e do<span class=\"excerpt-hellip\"> [\u2026]<\/span><\/p>\n","protected":false},"author":1,"featured_media":2462,"comment_status":"open","ping_status":"open","sticky":false,"template":"","format":"standard","meta":{"footnotes":""},"categories":[20],"tags":[],"yoast_head":"<!-- This site is optimized with the Yoast SEO plugin v22.6 - https:\/\/yoast.com\/wordpress\/plugins\/seo\/ -->\n<title>Not\u00edcias da semana - As manchetes que repercutiram no Brasil e no mundo - JBCNews<\/title>\n<meta name=\"robots\" content=\"index, follow, max-snippet:-1, max-image-preview:large, max-video-preview:-1\" \/>\n<link rel=\"canonical\" href=\"https:\/\/jbcnews.com.br\/index.php\/2021\/02\/08\/noticias-da-semana-as-manchetes-que-repercutiram-no-brasil-e-no-mundo\/\" \/>\n<meta property=\"og:locale\" content=\"pt_BR\" \/>\n<meta property=\"og:type\" content=\"article\" \/>\n<meta property=\"og:title\" content=\"Not\u00edcias da semana - As manchetes que repercutiram no Brasil e no mundo - JBCNews\" \/>\n<meta property=\"og:description\" content=\"Dois dos principais cargos da pol\u00edtica brasileira tiveram novos ocupantes eleitos nesta semana. Os governistas&nbsp;Arthur Lira&nbsp;(PP-AL) e&nbsp;Rodrigo Pacheco&nbsp;(DEM-MG) foram eleitos, respectivamente, presidentes da C\u00e2mara e do [\u2026]\" \/>\n<meta property=\"og:url\" content=\"https:\/\/jbcnews.com.br\/index.php\/2021\/02\/08\/noticias-da-semana-as-manchetes-que-repercutiram-no-brasil-e-no-mundo\/\" \/>\n<meta property=\"og:site_name\" content=\"JBCNews\" \/>\n<meta property=\"article:published_time\" content=\"2021-02-08T18:33:48+00:00\" \/>\n<meta property=\"article:modified_time\" content=\"2021-02-22T20:10:58+00:00\" \/>\n<meta property=\"og:image\" content=\"https:\/\/jbcnews.com.br\/wp-content\/uploads\/2021\/02\/imagem-1.png\" \/>\n\t<meta property=\"og:image:width\" content=\"720\" \/>\n\t<meta property=\"og:image:height\" content=\"388\" \/>\n\t<meta property=\"og:image:type\" content=\"image\/png\" \/>\n<meta name=\"author\" content=\"admin\" \/>\n<meta name=\"twitter:card\" content=\"summary_large_image\" \/>\n<meta name=\"twitter:label1\" content=\"Escrito por\" \/>\n\t<meta name=\"twitter:data1\" content=\"admin\" \/>\n\t<meta name=\"twitter:label2\" content=\"Est. tempo de leitura\" \/>\n\t<meta name=\"twitter:data2\" content=\"2 minutos\" \/>\n<script type=\"application\/ld+json\" class=\"yoast-schema-graph\">{\"@context\":\"https:\/\/schema.org\",\"@graph\":[{\"@type\":\"WebPage\",\"@id\":\"https:\/\/jbcnews.com.br\/index.php\/2021\/02\/08\/noticias-da-semana-as-manchetes-que-repercutiram-no-brasil-e-no-mundo\/\",\"url\":\"https:\/\/jbcnews.com.br\/index.php\/2021\/02\/08\/noticias-da-semana-as-manchetes-que-repercutiram-no-brasil-e-no-mundo\/\",\"name\":\"Not\u00edcias da semana - As manchetes que repercutiram no Brasil e no mundo - JBCNews\",\"isPartOf\":{\"@id\":\"https:\/\/jbcnews.com.br\/#website\"},\"primaryImageOfPage\":{\"@id\":\"https:\/\/jbcnews.com.br\/index.php\/2021\/02\/08\/noticias-da-semana-as-manchetes-que-repercutiram-no-brasil-e-no-mundo\/#primaryimage\"},\"image\":{\"@id\":\"https:\/\/jbcnews.com.br\/index.php\/2021\/02\/08\/noticias-da-semana-as-manchetes-que-repercutiram-no-brasil-e-no-mundo\/#primaryimage\"},\"thumbnailUrl\":\"https:\/\/jbcnews.com.br\/wp-content\/uploads\/2021\/02\/imagem-1.png\",\"datePublished\":\"2021-02-08T18:33:48+00:00\",\"dateModified\":\"2021-02-22T20:10:58+00:00\",\"author\":{\"@id\":\"https:\/\/jbcnews.com.br\/#\/schema\/person\/3b597ec20ccf92d0adc436057caf9bbe\"},\"breadcrumb\":{\"@id\":\"https:\/\/jbcnews.com.br\/index.php\/2021\/02\/08\/noticias-da-semana-as-manchetes-que-repercutiram-no-brasil-e-no-mundo\/#breadcrumb\"},\"inLanguage\":\"pt-BR\",\"potentialAction\":[{\"@type\":\"ReadAction\",\"target\":[\"https:\/\/jbcnews.com.br\/index.php\/2021\/02\/08\/noticias-da-semana-as-manchetes-que-repercutiram-no-brasil-e-no-mundo\/\"]}]},{\"@type\":\"ImageObject\",\"inLanguage\":\"pt-BR\",\"@id\":\"https:\/\/jbcnews.com.br\/index.php\/2021\/02\/08\/noticias-da-semana-as-manchetes-que-repercutiram-no-brasil-e-no-mundo\/#primaryimage\",\"url\":\"https:\/\/jbcnews.com.br\/wp-content\/uploads\/2021\/02\/imagem-1.png\",\"contentUrl\":\"https:\/\/jbcnews.com.br\/wp-content\/uploads\/2021\/02\/imagem-1.png\",\"width\":720,\"height\":388},{\"@type\":\"BreadcrumbList\",\"@id\":\"https:\/\/jbcnews.com.br\/index.php\/2021\/02\/08\/noticias-da-semana-as-manchetes-que-repercutiram-no-brasil-e-no-mundo\/#breadcrumb\",\"itemListElement\":[{\"@type\":\"ListItem\",\"position\":1,\"name\":\"In\u00edcio\",\"item\":\"https:\/\/jbcnews.com.br\/\"},{\"@type\":\"ListItem\",\"position\":2,\"name\":\"Not\u00edcias da semana &#8211; As manchetes que repercutiram no Brasil e no mundo\"}]},{\"@type\":\"WebSite\",\"@id\":\"https:\/\/jbcnews.com.br\/#website\",\"url\":\"https:\/\/jbcnews.com.br\/\",\"name\":\"JBCNews\",\"description\":\"Comunica\u00e7\u00e3o e Cultura\",\"potentialAction\":[{\"@type\":\"SearchAction\",\"target\":{\"@type\":\"EntryPoint\",\"urlTemplate\":\"https:\/\/jbcnews.com.br\/?s={search_term_string}\"},\"query-input\":\"required name=search_term_string\"}],\"inLanguage\":\"pt-BR\"},{\"@type\":\"Person\",\"@id\":\"https:\/\/jbcnews.com.br\/#\/schema\/person\/3b597ec20ccf92d0adc436057caf9bbe\",\"name\":\"admin\",\"image\":{\"@type\":\"ImageObject\",\"inLanguage\":\"pt-BR\",\"@id\":\"https:\/\/jbcnews.com.br\/#\/schema\/person\/image\/\",\"url\":\"https:\/\/secure.gravatar.com\/avatar\/fe848d2435b65c3ed1cdd3a8e8f3bb2d?s=96&d=mm&r=g\",\"contentUrl\":\"https:\/\/secure.gravatar.com\/avatar\/fe848d2435b65c3ed1cdd3a8e8f3bb2d?s=96&d=mm&r=g\",\"caption\":\"admin\"},\"sameAs\":[\"https:\/\/jbcnews.com.br\"],\"url\":\"https:\/\/jbcnews.com.br\/index.php\/author\/jbcnews\/\"}]}<\/script>\n<!-- \/ Yoast SEO plugin. -->","yoast_head_json":{"title":"Not\u00edcias da semana - As manchetes que repercutiram no Brasil e no mundo - JBCNews","robots":{"index":"index","follow":"follow","max-snippet":"max-snippet:-1","max-image-preview":"max-image-preview:large","max-video-preview":"max-video-preview:-1"},"canonical":"https:\/\/jbcnews.com.br\/index.php\/2021\/02\/08\/noticias-da-semana-as-manchetes-que-repercutiram-no-brasil-e-no-mundo\/","og_locale":"pt_BR","og_type":"article","og_title":"Not\u00edcias da semana - As manchetes que repercutiram no Brasil e no mundo - JBCNews","og_description":"Dois dos principais cargos da pol\u00edtica brasileira tiveram novos ocupantes eleitos nesta semana. Os governistas&nbsp;Arthur Lira&nbsp;(PP-AL) e&nbsp;Rodrigo Pacheco&nbsp;(DEM-MG) foram eleitos, respectivamente, presidentes da C\u00e2mara e do [\u2026]","og_url":"https:\/\/jbcnews.com.br\/index.php\/2021\/02\/08\/noticias-da-semana-as-manchetes-que-repercutiram-no-brasil-e-no-mundo\/","og_site_name":"JBCNews","article_published_time":"2021-02-08T18:33:48+00:00","article_modified_time":"2021-02-22T20:10:58+00:00","og_image":[{"width":720,"height":388,"url":"https:\/\/jbcnews.com.br\/wp-content\/uploads\/2021\/02\/imagem-1.png","type":"image\/png"}],"author":"admin","twitter_card":"summary_large_image","twitter_misc":{"Escrito por":"admin","Est. tempo de leitura":"2 minutos"},"schema":{"@context":"https:\/\/schema.org","@graph":[{"@type":"WebPage","@id":"https:\/\/jbcnews.com.br\/index.php\/2021\/02\/08\/noticias-da-semana-as-manchetes-que-repercutiram-no-brasil-e-no-mundo\/","url":"https:\/\/jbcnews.com.br\/index.php\/2021\/02\/08\/noticias-da-semana-as-manchetes-que-repercutiram-no-brasil-e-no-mundo\/","name":"Not\u00edcias da semana - As manchetes que repercutiram no Brasil e no mundo - JBCNews","isPartOf":{"@id":"https:\/\/jbcnews.com.br\/#website"},"primaryImageOfPage":{"@id":"https:\/\/jbcnews.com.br\/index.php\/2021\/02\/08\/noticias-da-semana-as-manchetes-que-repercutiram-no-brasil-e-no-mundo\/#primaryimage"},"image":{"@id":"https:\/\/jbcnews.com.br\/index.php\/2021\/02\/08\/noticias-da-semana-as-manchetes-que-repercutiram-no-brasil-e-no-mundo\/#primaryimage"},"thumbnailUrl":"https:\/\/jbcnews.com.br\/wp-content\/uploads\/2021\/02\/imagem-1.png","datePublished":"2021-02-08T18:33:48+00:00","dateModified":"2021-02-22T20:10:58+00:00","author":{"@id":"https:\/\/jbcnews.com.br\/#\/schema\/person\/3b597ec20ccf92d0adc436057caf9bbe"},"breadcrumb":{"@id":"https:\/\/jbcnews.com.br\/index.php\/2021\/02\/08\/noticias-da-semana-as-manchetes-que-repercutiram-no-brasil-e-no-mundo\/#breadcrumb"},"inLanguage":"pt-BR","potentialAction":[{"@type":"ReadAction","target":["https:\/\/jbcnews.com.br\/index.php\/2021\/02\/08\/noticias-da-semana-as-manchetes-que-repercutiram-no-brasil-e-no-mundo\/"]}]},{"@type":"ImageObject","inLanguage":"pt-BR","@id":"https:\/\/jbcnews.com.br\/index.php\/2021\/02\/08\/noticias-da-semana-as-manchetes-que-repercutiram-no-brasil-e-no-mundo\/#primaryimage","url":"https:\/\/jbcnews.com.br\/wp-content\/uploads\/2021\/02\/imagem-1.png","contentUrl":"https:\/\/jbcnews.com.br\/wp-content\/uploads\/2021\/02\/imagem-1.png","width":720,"height":388},{"@type":"BreadcrumbList","@id":"https:\/\/jbcnews.com.br\/index.php\/2021\/02\/08\/noticias-da-semana-as-manchetes-que-repercutiram-no-brasil-e-no-mundo\/#breadcrumb","itemListElement":[{"@type":"ListItem","position":1,"name":"In\u00edcio","item":"https:\/\/jbcnews.com.br\/"},{"@type":"ListItem","position":2,"name":"Not\u00edcias da semana &#8211; As manchetes que repercutiram no Brasil e no mundo"}]},{"@type":"WebSite","@id":"https:\/\/jbcnews.com.br\/#website","url":"https:\/\/jbcnews.com.br\/","name":"JBCNews","description":"Comunica\u00e7\u00e3o e Cultura","potentialAction":[{"@type":"SearchAction","target":{"@type":"EntryPoint","urlTemplate":"https:\/\/jbcnews.com.br\/?s={search_term_string}"},"query-input":"required name=search_term_string"}],"inLanguage":"pt-BR"},{"@type":"Person","@id":"https:\/\/jbcnews.com.br\/#\/schema\/person\/3b597ec20ccf92d0adc436057caf9bbe","name":"admin","image":{"@type":"ImageObject","inLanguage":"pt-BR","@id":"https:\/\/jbcnews.com.br\/#\/schema\/person\/image\/","url":"https:\/\/secure.gravatar.com\/avatar\/fe848d2435b65c3ed1cdd3a8e8f3bb2d?s=96&d=mm&r=g","contentUrl":"https:\/\/secure.gravatar.com\/avatar\/fe848d2435b65c3ed1cdd3a8e8f3bb2d?s=96&d=mm&r=g","caption":"admin"},"sameAs":["https:\/\/jbcnews.com.br"],"url":"https:\/\/jbcnews.com.br\/index.php\/author\/jbcnews\/"}]}},"_links":{"self":[{"href":"https:\/\/jbcnews.com.br\/index.php\/wp-json\/wp\/v2\/posts\/2461"}],"collection":[{"href":"https:\/\/jbcnews.com.br\/index.php\/wp-json\/wp\/v2\/posts"}],"about":[{"href":"https:\/\/jbcnews.com.br\/index.php\/wp-json\/wp\/v2\/types\/post"}],"author":[{"embeddable":true,"href":"https:\/\/jbcnews.com.br\/index.php\/wp-json\/wp\/v2\/users\/1"}],"replies":[{"embeddable":true,"href":"https:\/\/jbcnews.com.br\/index.php\/wp-json\/wp\/v2\/comments?post=2461"}],"version-history":[{"count":2,"href":"https:\/\/jbcnews.com.br\/index.php\/wp-json\/wp\/v2\/posts\/2461\/revisions"}],"predecessor-version":[{"id":2639,"href":"https:\/\/jbcnews.com.br\/index.php\/wp-json\/wp\/v2\/posts\/2461\/revisions\/2639"}],"wp:featuredmedia":[{"embeddable":true,"href":"https:\/\/jbcnews.com.br\/index.php\/wp-json\/wp\/v2\/media\/2462"}],"wp:attachment":[{"href":"https:\/\/jbcnews.com.br\/index.php\/wp-json\/wp\/v2\/media?parent=2461"}],"wp:term":[{"taxonomy":"category","embeddable":true,"href":"https:\/\/jbcnews.com.br\/index.php\/wp-json\/wp\/v2\/categories?post=2461"},{"taxonomy":"post_tag","embeddable":true,"href":"https:\/\/jbcnews.com.br\/index.php\/wp-json\/wp\/v2\/tags?post=2461"}],"curies":[{"name":"wp","href":"https:\/\/api.w.org\/{rel}","templated":true}]}}