{"id":2458,"date":"2021-02-08T18:16:44","date_gmt":"2021-02-08T18:16:44","guid":{"rendered":"https:\/\/jbcnews.com.br\/?p=2458"},"modified":"2021-05-07T16:39:56","modified_gmt":"2021-05-07T16:39:56","slug":"governo-insiste-em-manter-o-mec-como-parte-da-guerra-cultural-que-bolsonaro-impos-ao-pais-diz-deputado","status":"publish","type":"post","link":"https:\/\/jbcnews.com.br\/index.php\/2021\/02\/08\/governo-insiste-em-manter-o-mec-como-parte-da-guerra-cultural-que-bolsonaro-impos-ao-pais-diz-deputado\/","title":{"rendered":"&#8220;Governo insiste em manter o MEC como parte da guerra cultural que Bolsonaro imp\u00f4s ao pa\u00eds&#8221;, diz deputado"},"content":{"rendered":"\n<p>A Frente Parlamentar Mista da Educa\u00e7\u00e3o criticou o foco do governo federal no &#8216;<strong>homeschooling<\/strong>&#8216; (ensino em casa) em um momento de pandemia e\u00a0<strong>crise na educa\u00e7\u00e3o<\/strong>. Na lista de propostas apresentadas pelo presidente\u00a0<strong>Jair Bolsonaro<\/strong>\u00a0ao Congresso nesta semana, o tema foi apontado como prioridade pelo governo federal na \u00e1rea da educa\u00e7\u00e3o.<\/p>\n\n\n\n<p>&#8220;Foi frustrante. T\u00ednhamos esperan\u00e7a que o governo tomasse um rumo na educa\u00e7\u00e3o depois do desastre que foi o ano de 2020, com escolas fechadas e alunos fora da sala de aula. Mas tinha uma linha relativa \u00e0 educa\u00e7\u00e3o na agenda presencial. E era sobre homeschooling&#8221;, avaliou o deputado Professor Israel Batista (PV-DF), secret\u00e1rio da Frente.<\/p>\n\n\n\n<p>Os deputados reuniram-se na quinta-feira (4) com o ministro da Educa\u00e7\u00e3o, Milton Ribeiro, para apresentar as demandas da frente, que defende que a prioridade da \u00e1rea neste ano deve ser a retomada das aulas presenciais.<\/p>\n\n\n\n<p>&#8220;Bolsonaro acabou de eleger o presidente da C\u00e2mara com 302 votos, e podia aproveitar essa base para aprovar o projeto de lei sobre a estrat\u00e9gia de volta \u00e0s aulas, mas ele quer usar sua for\u00e7a para aprovar o homeschooling. O governo insiste em manter o MEC como parte da guerra cultural que o presidente imp\u00f4s ao pa\u00eds&#8221;, disse.<\/p>\n\n\n\n<p>&#8220;Tivemos 6 milh\u00f5es de alunos sem nenhum tipo de ensino em 2020, porque n\u00e3o tinham acesso a aulas remotas. Os estudantes da rede p\u00fablica ficaram sem amparo. E o resultado \u00e9 o aprofundamento das desigualdades. Um ano fora da escola representa quatro anos de desaprendizado. Mas a crise educacional n\u00e3o \u00e9 sentida de imediato, e o MEC n\u00e3o reconhece os efeitos de longo prazo&#8221;, criticou Professor Israel.<\/p>\n\n\n\n<h2 class=\"wp-block-heading\">VACINA CONTRA COVID<\/h2>\n\n\n\n<p>Segundo o secret\u00e1rio da Frente Parlamentar, para que a volta \u00e0s aulas seja poss\u00edvel, \u00e9 preciso dar &#8220;confian\u00e7a&#8221; para alunos e professores de que o ambiente escolar \u00e9 seguro. Ele citou como prioridade adiantar a\u00a0<strong>vacina\u00e7\u00e3o<\/strong>\u00a0dos professores contra a\u00a0<strong>covid-19<\/strong>, mediante a disponibilidade de vacinas.<\/p>\n\n\n\n<p>O Minist\u00e9rio da Sa\u00fade coloca a categoria no grupo 4 de prioridades, ap\u00f3s idosos, profissionais de sa\u00fade, ind\u00edgenas e pessoas com doen\u00e7as cr\u00f4nicas. Ainda n\u00e3o h\u00e1 data para aplicar doses em profissionais de ensino.<\/p>\n\n\n\n<p>Por isso, a frente pediu que a categoria passe para o grupo 2. Pela estimativa do governo federal, s\u00e3o 2,3 milh\u00f5es de docentes do ensino b\u00e1sico e superior.<\/p>\n\n\n\n<p>O deputado cobrou tamb\u00e9m do minist\u00e9rio a infraestrutura necess\u00e1ria para a volta \u00e0s aulas nas escolas p\u00fablicas, como disponibiliza\u00e7\u00e3o de \u00e1lcool em gel e reforma de banheiros.<\/p>\n\n\n\n<p>&#8220;Como as escolas v\u00e3o cumprir o protocolo sanit\u00e1rio se 16 de 100 escolas n\u00e3o t\u00eam nem vaso sanit\u00e1rio? Nem o Enem, uma prova vigiada, seguiu os protocolos de seguran\u00e7a&#8221;, disse Batista.<\/p>\n\n\n\n<p>Da lista de prioridades apresentada ao\u00a0<strong>Minist\u00e9rio da Educa\u00e7\u00e3o<\/strong>, os parlamentares querem ainda o comprometimento do governo na aprova\u00e7\u00e3o do Sistema Nacional de Educa\u00e7\u00e3o, que organiza as inst\u00e2ncias federativas, conselhos de educa\u00e7\u00e3o e f\u00f3runs do setor.<\/p>\n\n\n\n<p>&#8220;Vimos na pandemia que o MEC lavou as m\u00e3os. Isso porque n\u00e3o tem uma legisla\u00e7\u00e3o que obrigue a pasta a exercer a fun\u00e7\u00e3o de coordena\u00e7\u00e3o, como o SUS obriga o Minist\u00e9rio da Sa\u00fade. Por isso, precisamos votar o Sistema Nacional de Educa\u00e7\u00e3o&#8221;, afirmou.<\/p>\n\n\n\n<p>O corte or\u00e7ament\u00e1rio na Educa\u00e7\u00e3o foi outro assunto tratado na reuni\u00e3o entre os deputados e o minist\u00e9rio. O or\u00e7amento previsto para o MEC em 2021 passou de R$ 21 bilh\u00f5es para R$ 19 bilh\u00f5es. Esses recursos, segundo Batista, foram destinados para o cr\u00e9dito extraordin\u00e1rio que custeou as emendas parlamentares liberadas pelo governo em troca de votos ao candidato \u00e0 presid\u00eancia da C\u00e2mara apoiado por Bolsonaro.<\/p>\n\n\n\n<h2 class=\"wp-block-heading\">&#8220;SEM \u00c2NIMO&#8221;<\/h2>\n\n\n\n<p>Na avalia\u00e7\u00e3o do secret\u00e1rio da Frente Parlamentar, o ministro Milton Ribeiro \u00e9 &#8220;muito gentil e educado&#8221;, mas &#8220;n\u00e3o se mostrou disposto a comprar o desgaste e brigar pela Educa\u00e7\u00e3o&#8221;.<\/p>\n\n\n\n<p>&#8220;Senti um certo conformismo. Sem \u00e2nimo para defender a pr\u00f3pria pasta. &#8216;Corte \u00e9 assim mesmo&#8217;, disse ele. Em outros governo, se tivesse um corte na Educa\u00e7\u00e3o, o ministro ia para o Planalto argumentar&#8221;, declarou o deputado.<\/p>\n\n\n\n<p>&#8220;Falta estrat\u00e9gia do governo. Depois de dois anos perdidos na Educa\u00e7\u00e3o com os ex-ministros, que preferiam lutar contra &#8216;monstros de vento&#8217;, e da crise que foi 2020, esper\u00e1vamos mais sensibilidade do Minist\u00e9rio da Educa\u00e7\u00e3o&#8221;, lamentou Professor Israel Batista.<\/p>\n","protected":false},"excerpt":{"rendered":"<p>A Frente Parlamentar Mista da Educa\u00e7\u00e3o criticou o foco do governo federal no &#8216;homeschooling&#8216; (ensino em casa) em um momento de pandemia e\u00a0crise na educa\u00e7\u00e3o. Na<span class=\"excerpt-hellip\"> [\u2026]<\/span><\/p>\n","protected":false},"author":1,"featured_media":2459,"comment_status":"open","ping_status":"open","sticky":false,"template":"","format":"standard","meta":{"footnotes":""},"categories":[33],"tags":[],"yoast_head":"<!-- This site is optimized with the Yoast SEO plugin v22.6 - https:\/\/yoast.com\/wordpress\/plugins\/seo\/ -->\n<title>&quot;Governo insiste em manter o MEC como parte da guerra cultural que Bolsonaro imp\u00f4s ao pa\u00eds&quot;, diz deputado - JBCNews<\/title>\n<meta name=\"robots\" content=\"index, follow, max-snippet:-1, max-image-preview:large, max-video-preview:-1\" \/>\n<link rel=\"canonical\" href=\"https:\/\/jbcnews.com.br\/index.php\/2021\/02\/08\/governo-insiste-em-manter-o-mec-como-parte-da-guerra-cultural-que-bolsonaro-impos-ao-pais-diz-deputado\/\" \/>\n<meta property=\"og:locale\" content=\"pt_BR\" \/>\n<meta property=\"og:type\" content=\"article\" \/>\n<meta property=\"og:title\" content=\"&quot;Governo insiste em manter o MEC como parte da guerra cultural que Bolsonaro imp\u00f4s ao pa\u00eds&quot;, diz deputado - JBCNews\" \/>\n<meta property=\"og:description\" content=\"A Frente Parlamentar Mista da Educa\u00e7\u00e3o criticou o foco do governo federal no &#8216;homeschooling&#8216; (ensino em casa) em um momento de pandemia e\u00a0crise na educa\u00e7\u00e3o. Na [\u2026]\" \/>\n<meta property=\"og:url\" content=\"https:\/\/jbcnews.com.br\/index.php\/2021\/02\/08\/governo-insiste-em-manter-o-mec-como-parte-da-guerra-cultural-que-bolsonaro-impos-ao-pais-diz-deputado\/\" \/>\n<meta property=\"og:site_name\" content=\"JBCNews\" \/>\n<meta property=\"article:published_time\" content=\"2021-02-08T18:16:44+00:00\" \/>\n<meta property=\"article:modified_time\" content=\"2021-05-07T16:39:56+00:00\" \/>\n<meta property=\"og:image\" content=\"https:\/\/jbcnews.com.br\/wp-content\/uploads\/2021\/02\/imagem.png\" \/>\n\t<meta property=\"og:image:width\" content=\"799\" \/>\n\t<meta property=\"og:image:height\" content=\"533\" \/>\n\t<meta property=\"og:image:type\" content=\"image\/png\" \/>\n<meta name=\"author\" content=\"admin\" \/>\n<meta name=\"twitter:card\" content=\"summary_large_image\" \/>\n<meta name=\"twitter:label1\" content=\"Escrito por\" \/>\n\t<meta name=\"twitter:data1\" content=\"admin\" \/>\n\t<meta name=\"twitter:label2\" content=\"Est. tempo de leitura\" \/>\n\t<meta name=\"twitter:data2\" content=\"4 minutos\" \/>\n<script type=\"application\/ld+json\" class=\"yoast-schema-graph\">{\"@context\":\"https:\/\/schema.org\",\"@graph\":[{\"@type\":\"WebPage\",\"@id\":\"https:\/\/jbcnews.com.br\/index.php\/2021\/02\/08\/governo-insiste-em-manter-o-mec-como-parte-da-guerra-cultural-que-bolsonaro-impos-ao-pais-diz-deputado\/\",\"url\":\"https:\/\/jbcnews.com.br\/index.php\/2021\/02\/08\/governo-insiste-em-manter-o-mec-como-parte-da-guerra-cultural-que-bolsonaro-impos-ao-pais-diz-deputado\/\",\"name\":\"\\\"Governo insiste em manter o MEC como parte da guerra cultural que Bolsonaro imp\u00f4s ao pa\u00eds\\\", diz deputado - JBCNews\",\"isPartOf\":{\"@id\":\"https:\/\/jbcnews.com.br\/#website\"},\"primaryImageOfPage\":{\"@id\":\"https:\/\/jbcnews.com.br\/index.php\/2021\/02\/08\/governo-insiste-em-manter-o-mec-como-parte-da-guerra-cultural-que-bolsonaro-impos-ao-pais-diz-deputado\/#primaryimage\"},\"image\":{\"@id\":\"https:\/\/jbcnews.com.br\/index.php\/2021\/02\/08\/governo-insiste-em-manter-o-mec-como-parte-da-guerra-cultural-que-bolsonaro-impos-ao-pais-diz-deputado\/#primaryimage\"},\"thumbnailUrl\":\"https:\/\/jbcnews.com.br\/wp-content\/uploads\/2021\/02\/imagem.png\",\"datePublished\":\"2021-02-08T18:16:44+00:00\",\"dateModified\":\"2021-05-07T16:39:56+00:00\",\"author\":{\"@id\":\"https:\/\/jbcnews.com.br\/#\/schema\/person\/3b597ec20ccf92d0adc436057caf9bbe\"},\"breadcrumb\":{\"@id\":\"https:\/\/jbcnews.com.br\/index.php\/2021\/02\/08\/governo-insiste-em-manter-o-mec-como-parte-da-guerra-cultural-que-bolsonaro-impos-ao-pais-diz-deputado\/#breadcrumb\"},\"inLanguage\":\"pt-BR\",\"potentialAction\":[{\"@type\":\"ReadAction\",\"target\":[\"https:\/\/jbcnews.com.br\/index.php\/2021\/02\/08\/governo-insiste-em-manter-o-mec-como-parte-da-guerra-cultural-que-bolsonaro-impos-ao-pais-diz-deputado\/\"]}]},{\"@type\":\"ImageObject\",\"inLanguage\":\"pt-BR\",\"@id\":\"https:\/\/jbcnews.com.br\/index.php\/2021\/02\/08\/governo-insiste-em-manter-o-mec-como-parte-da-guerra-cultural-que-bolsonaro-impos-ao-pais-diz-deputado\/#primaryimage\",\"url\":\"https:\/\/jbcnews.com.br\/wp-content\/uploads\/2021\/02\/imagem.png\",\"contentUrl\":\"https:\/\/jbcnews.com.br\/wp-content\/uploads\/2021\/02\/imagem.png\",\"width\":799,\"height\":533},{\"@type\":\"BreadcrumbList\",\"@id\":\"https:\/\/jbcnews.com.br\/index.php\/2021\/02\/08\/governo-insiste-em-manter-o-mec-como-parte-da-guerra-cultural-que-bolsonaro-impos-ao-pais-diz-deputado\/#breadcrumb\",\"itemListElement\":[{\"@type\":\"ListItem\",\"position\":1,\"name\":\"In\u00edcio\",\"item\":\"https:\/\/jbcnews.com.br\/\"},{\"@type\":\"ListItem\",\"position\":2,\"name\":\"&#8220;Governo insiste em manter o MEC como parte da guerra cultural que Bolsonaro imp\u00f4s ao pa\u00eds&#8221;, diz deputado\"}]},{\"@type\":\"WebSite\",\"@id\":\"https:\/\/jbcnews.com.br\/#website\",\"url\":\"https:\/\/jbcnews.com.br\/\",\"name\":\"JBCNews\",\"description\":\"Comunica\u00e7\u00e3o e Cultura\",\"potentialAction\":[{\"@type\":\"SearchAction\",\"target\":{\"@type\":\"EntryPoint\",\"urlTemplate\":\"https:\/\/jbcnews.com.br\/?s={search_term_string}\"},\"query-input\":\"required name=search_term_string\"}],\"inLanguage\":\"pt-BR\"},{\"@type\":\"Person\",\"@id\":\"https:\/\/jbcnews.com.br\/#\/schema\/person\/3b597ec20ccf92d0adc436057caf9bbe\",\"name\":\"admin\",\"image\":{\"@type\":\"ImageObject\",\"inLanguage\":\"pt-BR\",\"@id\":\"https:\/\/jbcnews.com.br\/#\/schema\/person\/image\/\",\"url\":\"https:\/\/secure.gravatar.com\/avatar\/fe848d2435b65c3ed1cdd3a8e8f3bb2d?s=96&d=mm&r=g\",\"contentUrl\":\"https:\/\/secure.gravatar.com\/avatar\/fe848d2435b65c3ed1cdd3a8e8f3bb2d?s=96&d=mm&r=g\",\"caption\":\"admin\"},\"sameAs\":[\"https:\/\/jbcnews.com.br\"],\"url\":\"https:\/\/jbcnews.com.br\/index.php\/author\/jbcnews\/\"}]}<\/script>\n<!-- \/ Yoast SEO plugin. -->","yoast_head_json":{"title":"\"Governo insiste em manter o MEC como parte da guerra cultural que Bolsonaro imp\u00f4s ao pa\u00eds\", diz deputado - JBCNews","robots":{"index":"index","follow":"follow","max-snippet":"max-snippet:-1","max-image-preview":"max-image-preview:large","max-video-preview":"max-video-preview:-1"},"canonical":"https:\/\/jbcnews.com.br\/index.php\/2021\/02\/08\/governo-insiste-em-manter-o-mec-como-parte-da-guerra-cultural-que-bolsonaro-impos-ao-pais-diz-deputado\/","og_locale":"pt_BR","og_type":"article","og_title":"\"Governo insiste em manter o MEC como parte da guerra cultural que Bolsonaro imp\u00f4s ao pa\u00eds\", diz deputado - JBCNews","og_description":"A Frente Parlamentar Mista da Educa\u00e7\u00e3o criticou o foco do governo federal no &#8216;homeschooling&#8216; (ensino em casa) em um momento de pandemia e\u00a0crise na educa\u00e7\u00e3o. Na [\u2026]","og_url":"https:\/\/jbcnews.com.br\/index.php\/2021\/02\/08\/governo-insiste-em-manter-o-mec-como-parte-da-guerra-cultural-que-bolsonaro-impos-ao-pais-diz-deputado\/","og_site_name":"JBCNews","article_published_time":"2021-02-08T18:16:44+00:00","article_modified_time":"2021-05-07T16:39:56+00:00","og_image":[{"width":799,"height":533,"url":"https:\/\/jbcnews.com.br\/wp-content\/uploads\/2021\/02\/imagem.png","type":"image\/png"}],"author":"admin","twitter_card":"summary_large_image","twitter_misc":{"Escrito por":"admin","Est. tempo de leitura":"4 minutos"},"schema":{"@context":"https:\/\/schema.org","@graph":[{"@type":"WebPage","@id":"https:\/\/jbcnews.com.br\/index.php\/2021\/02\/08\/governo-insiste-em-manter-o-mec-como-parte-da-guerra-cultural-que-bolsonaro-impos-ao-pais-diz-deputado\/","url":"https:\/\/jbcnews.com.br\/index.php\/2021\/02\/08\/governo-insiste-em-manter-o-mec-como-parte-da-guerra-cultural-que-bolsonaro-impos-ao-pais-diz-deputado\/","name":"\"Governo insiste em manter o MEC como parte da guerra cultural que Bolsonaro imp\u00f4s ao pa\u00eds\", diz deputado - JBCNews","isPartOf":{"@id":"https:\/\/jbcnews.com.br\/#website"},"primaryImageOfPage":{"@id":"https:\/\/jbcnews.com.br\/index.php\/2021\/02\/08\/governo-insiste-em-manter-o-mec-como-parte-da-guerra-cultural-que-bolsonaro-impos-ao-pais-diz-deputado\/#primaryimage"},"image":{"@id":"https:\/\/jbcnews.com.br\/index.php\/2021\/02\/08\/governo-insiste-em-manter-o-mec-como-parte-da-guerra-cultural-que-bolsonaro-impos-ao-pais-diz-deputado\/#primaryimage"},"thumbnailUrl":"https:\/\/jbcnews.com.br\/wp-content\/uploads\/2021\/02\/imagem.png","datePublished":"2021-02-08T18:16:44+00:00","dateModified":"2021-05-07T16:39:56+00:00","author":{"@id":"https:\/\/jbcnews.com.br\/#\/schema\/person\/3b597ec20ccf92d0adc436057caf9bbe"},"breadcrumb":{"@id":"https:\/\/jbcnews.com.br\/index.php\/2021\/02\/08\/governo-insiste-em-manter-o-mec-como-parte-da-guerra-cultural-que-bolsonaro-impos-ao-pais-diz-deputado\/#breadcrumb"},"inLanguage":"pt-BR","potentialAction":[{"@type":"ReadAction","target":["https:\/\/jbcnews.com.br\/index.php\/2021\/02\/08\/governo-insiste-em-manter-o-mec-como-parte-da-guerra-cultural-que-bolsonaro-impos-ao-pais-diz-deputado\/"]}]},{"@type":"ImageObject","inLanguage":"pt-BR","@id":"https:\/\/jbcnews.com.br\/index.php\/2021\/02\/08\/governo-insiste-em-manter-o-mec-como-parte-da-guerra-cultural-que-bolsonaro-impos-ao-pais-diz-deputado\/#primaryimage","url":"https:\/\/jbcnews.com.br\/wp-content\/uploads\/2021\/02\/imagem.png","contentUrl":"https:\/\/jbcnews.com.br\/wp-content\/uploads\/2021\/02\/imagem.png","width":799,"height":533},{"@type":"BreadcrumbList","@id":"https:\/\/jbcnews.com.br\/index.php\/2021\/02\/08\/governo-insiste-em-manter-o-mec-como-parte-da-guerra-cultural-que-bolsonaro-impos-ao-pais-diz-deputado\/#breadcrumb","itemListElement":[{"@type":"ListItem","position":1,"name":"In\u00edcio","item":"https:\/\/jbcnews.com.br\/"},{"@type":"ListItem","position":2,"name":"&#8220;Governo insiste em manter o MEC como parte da guerra cultural que Bolsonaro imp\u00f4s ao pa\u00eds&#8221;, diz deputado"}]},{"@type":"WebSite","@id":"https:\/\/jbcnews.com.br\/#website","url":"https:\/\/jbcnews.com.br\/","name":"JBCNews","description":"Comunica\u00e7\u00e3o e Cultura","potentialAction":[{"@type":"SearchAction","target":{"@type":"EntryPoint","urlTemplate":"https:\/\/jbcnews.com.br\/?s={search_term_string}"},"query-input":"required name=search_term_string"}],"inLanguage":"pt-BR"},{"@type":"Person","@id":"https:\/\/jbcnews.com.br\/#\/schema\/person\/3b597ec20ccf92d0adc436057caf9bbe","name":"admin","image":{"@type":"ImageObject","inLanguage":"pt-BR","@id":"https:\/\/jbcnews.com.br\/#\/schema\/person\/image\/","url":"https:\/\/secure.gravatar.com\/avatar\/fe848d2435b65c3ed1cdd3a8e8f3bb2d?s=96&d=mm&r=g","contentUrl":"https:\/\/secure.gravatar.com\/avatar\/fe848d2435b65c3ed1cdd3a8e8f3bb2d?s=96&d=mm&r=g","caption":"admin"},"sameAs":["https:\/\/jbcnews.com.br"],"url":"https:\/\/jbcnews.com.br\/index.php\/author\/jbcnews\/"}]}},"_links":{"self":[{"href":"https:\/\/jbcnews.com.br\/index.php\/wp-json\/wp\/v2\/posts\/2458"}],"collection":[{"href":"https:\/\/jbcnews.com.br\/index.php\/wp-json\/wp\/v2\/posts"}],"about":[{"href":"https:\/\/jbcnews.com.br\/index.php\/wp-json\/wp\/v2\/types\/post"}],"author":[{"embeddable":true,"href":"https:\/\/jbcnews.com.br\/index.php\/wp-json\/wp\/v2\/users\/1"}],"replies":[{"embeddable":true,"href":"https:\/\/jbcnews.com.br\/index.php\/wp-json\/wp\/v2\/comments?post=2458"}],"version-history":[{"count":1,"href":"https:\/\/jbcnews.com.br\/index.php\/wp-json\/wp\/v2\/posts\/2458\/revisions"}],"predecessor-version":[{"id":2460,"href":"https:\/\/jbcnews.com.br\/index.php\/wp-json\/wp\/v2\/posts\/2458\/revisions\/2460"}],"wp:featuredmedia":[{"embeddable":true,"href":"https:\/\/jbcnews.com.br\/index.php\/wp-json\/wp\/v2\/media\/2459"}],"wp:attachment":[{"href":"https:\/\/jbcnews.com.br\/index.php\/wp-json\/wp\/v2\/media?parent=2458"}],"wp:term":[{"taxonomy":"category","embeddable":true,"href":"https:\/\/jbcnews.com.br\/index.php\/wp-json\/wp\/v2\/categories?post=2458"},{"taxonomy":"post_tag","embeddable":true,"href":"https:\/\/jbcnews.com.br\/index.php\/wp-json\/wp\/v2\/tags?post=2458"}],"curies":[{"name":"wp","href":"https:\/\/api.w.org\/{rel}","templated":true}]}}