{"id":2409,"date":"2021-02-05T03:47:40","date_gmt":"2021-02-05T03:47:40","guid":{"rendered":"https:\/\/jbcnews.com.br\/?p=2409"},"modified":"2021-02-05T03:47:42","modified_gmt":"2021-02-05T03:47:42","slug":"lira-assume-presidencia-da-camara-e-destitui-bloco-partidario-adversario","status":"publish","type":"post","link":"https:\/\/jbcnews.com.br\/index.php\/2021\/02\/05\/lira-assume-presidencia-da-camara-e-destitui-bloco-partidario-adversario\/","title":{"rendered":"Lira assume presid\u00eancia da C\u00e2mara e destitui bloco partid\u00e1rio advers\u00e1rio"},"content":{"rendered":"\n<p>(JBCNEWS &#8211; DF) &#8211; No primeiro ato ap\u00f3s eleito como presidente da C\u00e2mara, o\u00a0deputado Arthur Lira (PP-AL)\u00a0anulou na vota\u00e7\u00e3o para os demais cargos da Mesa Diretora e determinou que uma nova elei\u00e7\u00e3o para a escolha de seus integrantes fosse realizada.<\/p>\n\n\n\n<p>Lira tamb\u00e9m cancelou a forma\u00e7\u00e3o do bloco que apoiou seu principal advers\u00e1rio, Baleia Rossi (MDB-SP), formado por 10 partidos (PT, MDB, PSDB, PSB, PDT, Solidariedade, PCdoB, Cidadania, PV e Rede).<\/p>\n\n\n\n<p>Al\u00e9m do pr\u00f3prio presidente, a Mesa Diretora \u00e9 composta por dez cargos: dois vice-presidentes, quatro secret\u00e1rios titulares e quatro suplentes.<\/p>\n\n\n\n<p>Esse colegiado \u00e9 respons\u00e1vel por todas as decis\u00f5es administrativas da C\u00e2mara e tamb\u00e9m por atos como encaminhamento de representa\u00e7\u00f5es contra deputados.<\/p>\n\n\n\n<p>Em sua decis\u00e3o, Lira adotou entendimento que, se mantido, rebaixa o PT do terceiro posto mais importante, a primeira-secretaria, para o \u00faltimo, a quarta-secretaria. J\u00e1\u00a0PSDB\u00a0e Rede, que tamb\u00e9m integravam bloco advers\u00e1rio a Lira, perdem os postos a que teriam direito (segunda e quarta secretarias).<\/p>\n\n\n\n<p>O cronograma definido por Lira prev\u00ea que os l\u00edderes se re\u00fanam \u00e0s 11h desta ter\u00e7a (2) para escolher os cargos a partir da nova divis\u00e3o. As candidaturas devem ser registradas at\u00e9 as 13h e a elei\u00e7\u00e3o ser\u00e1 \u00e0s 16h desta ter\u00e7a.<\/p>\n\n\n\n<p>A divis\u00e3o das cadeiras \u00e9 feita de acordo com o tamanho dos partidos ou blocos. O argumento de Lira para a anula\u00e7\u00e3o \u00e9 que o bloco de Baleia Rossi foi formalizado ap\u00f3s o prazo estipulado e por isso n\u00e3o deveria ser considerado.<\/p>\n\n\n\n<p>Com esse desmembramento do bloco, os partidos que apoiaram a candidatura de Baleia Rossi passam a ser contados de maneira individual na divis\u00e3o proporcional para cargos na Mesa Diretora.<\/p>\n","protected":false},"excerpt":{"rendered":"<p>(JBCNEWS &#8211; DF) &#8211; No primeiro ato ap\u00f3s eleito como presidente da C\u00e2mara, o\u00a0deputado Arthur Lira (PP-AL)\u00a0anulou na vota\u00e7\u00e3o para os demais cargos da Mesa Diretora<span class=\"excerpt-hellip\"> [\u2026]<\/span><\/p>\n","protected":false},"author":1,"featured_media":2410,"comment_status":"open","ping_status":"open","sticky":false,"template":"","format":"standard","meta":{"footnotes":""},"categories":[22],"tags":[],"yoast_head":"<!-- This site is optimized with the Yoast SEO plugin v22.6 - https:\/\/yoast.com\/wordpress\/plugins\/seo\/ -->\n<title>Lira assume presid\u00eancia da C\u00e2mara e destitui bloco partid\u00e1rio advers\u00e1rio - JBCNews<\/title>\n<meta name=\"robots\" content=\"index, follow, max-snippet:-1, max-image-preview:large, max-video-preview:-1\" \/>\n<link rel=\"canonical\" href=\"https:\/\/jbcnews.com.br\/index.php\/2021\/02\/05\/lira-assume-presidencia-da-camara-e-destitui-bloco-partidario-adversario\/\" \/>\n<meta property=\"og:locale\" content=\"pt_BR\" \/>\n<meta property=\"og:type\" content=\"article\" \/>\n<meta property=\"og:title\" content=\"Lira assume presid\u00eancia da C\u00e2mara e destitui bloco partid\u00e1rio advers\u00e1rio - JBCNews\" \/>\n<meta property=\"og:description\" content=\"(JBCNEWS &#8211; DF) &#8211; No primeiro ato ap\u00f3s eleito como presidente da C\u00e2mara, o\u00a0deputado Arthur Lira (PP-AL)\u00a0anulou na vota\u00e7\u00e3o para os demais cargos da Mesa Diretora [\u2026]\" \/>\n<meta property=\"og:url\" content=\"https:\/\/jbcnews.com.br\/index.php\/2021\/02\/05\/lira-assume-presidencia-da-camara-e-destitui-bloco-partidario-adversario\/\" \/>\n<meta property=\"og:site_name\" content=\"JBCNews\" \/>\n<meta property=\"article:published_time\" content=\"2021-02-05T03:47:40+00:00\" \/>\n<meta property=\"article:modified_time\" content=\"2021-02-05T03:47:42+00:00\" \/>\n<meta property=\"og:image\" content=\"https:\/\/jbcnews.com.br\/wp-content\/uploads\/2021\/02\/imagem-40.png\" \/>\n\t<meta property=\"og:image:width\" content=\"800\" \/>\n\t<meta property=\"og:image:height\" content=\"533\" \/>\n\t<meta property=\"og:image:type\" content=\"image\/png\" \/>\n<meta name=\"author\" content=\"admin\" \/>\n<meta name=\"twitter:card\" content=\"summary_large_image\" \/>\n<meta name=\"twitter:label1\" content=\"Escrito por\" \/>\n\t<meta name=\"twitter:data1\" content=\"admin\" \/>\n\t<meta name=\"twitter:label2\" content=\"Est. tempo de leitura\" \/>\n\t<meta name=\"twitter:data2\" content=\"1 minuto\" \/>\n<script type=\"application\/ld+json\" class=\"yoast-schema-graph\">{\"@context\":\"https:\/\/schema.org\",\"@graph\":[{\"@type\":\"WebPage\",\"@id\":\"https:\/\/jbcnews.com.br\/index.php\/2021\/02\/05\/lira-assume-presidencia-da-camara-e-destitui-bloco-partidario-adversario\/\",\"url\":\"https:\/\/jbcnews.com.br\/index.php\/2021\/02\/05\/lira-assume-presidencia-da-camara-e-destitui-bloco-partidario-adversario\/\",\"name\":\"Lira assume presid\u00eancia da C\u00e2mara e destitui bloco partid\u00e1rio advers\u00e1rio - JBCNews\",\"isPartOf\":{\"@id\":\"https:\/\/jbcnews.com.br\/#website\"},\"primaryImageOfPage\":{\"@id\":\"https:\/\/jbcnews.com.br\/index.php\/2021\/02\/05\/lira-assume-presidencia-da-camara-e-destitui-bloco-partidario-adversario\/#primaryimage\"},\"image\":{\"@id\":\"https:\/\/jbcnews.com.br\/index.php\/2021\/02\/05\/lira-assume-presidencia-da-camara-e-destitui-bloco-partidario-adversario\/#primaryimage\"},\"thumbnailUrl\":\"https:\/\/jbcnews.com.br\/wp-content\/uploads\/2021\/02\/imagem-40.png\",\"datePublished\":\"2021-02-05T03:47:40+00:00\",\"dateModified\":\"2021-02-05T03:47:42+00:00\",\"author\":{\"@id\":\"https:\/\/jbcnews.com.br\/#\/schema\/person\/3b597ec20ccf92d0adc436057caf9bbe\"},\"breadcrumb\":{\"@id\":\"https:\/\/jbcnews.com.br\/index.php\/2021\/02\/05\/lira-assume-presidencia-da-camara-e-destitui-bloco-partidario-adversario\/#breadcrumb\"},\"inLanguage\":\"pt-BR\",\"potentialAction\":[{\"@type\":\"ReadAction\",\"target\":[\"https:\/\/jbcnews.com.br\/index.php\/2021\/02\/05\/lira-assume-presidencia-da-camara-e-destitui-bloco-partidario-adversario\/\"]}]},{\"@type\":\"ImageObject\",\"inLanguage\":\"pt-BR\",\"@id\":\"https:\/\/jbcnews.com.br\/index.php\/2021\/02\/05\/lira-assume-presidencia-da-camara-e-destitui-bloco-partidario-adversario\/#primaryimage\",\"url\":\"https:\/\/jbcnews.com.br\/wp-content\/uploads\/2021\/02\/imagem-40.png\",\"contentUrl\":\"https:\/\/jbcnews.com.br\/wp-content\/uploads\/2021\/02\/imagem-40.png\",\"width\":800,\"height\":533,\"caption\":\"Presidente da C\u00e2mara, Arthur Lira\"},{\"@type\":\"BreadcrumbList\",\"@id\":\"https:\/\/jbcnews.com.br\/index.php\/2021\/02\/05\/lira-assume-presidencia-da-camara-e-destitui-bloco-partidario-adversario\/#breadcrumb\",\"itemListElement\":[{\"@type\":\"ListItem\",\"position\":1,\"name\":\"In\u00edcio\",\"item\":\"https:\/\/jbcnews.com.br\/\"},{\"@type\":\"ListItem\",\"position\":2,\"name\":\"Lira assume presid\u00eancia da C\u00e2mara e destitui bloco partid\u00e1rio advers\u00e1rio\"}]},{\"@type\":\"WebSite\",\"@id\":\"https:\/\/jbcnews.com.br\/#website\",\"url\":\"https:\/\/jbcnews.com.br\/\",\"name\":\"JBCNews\",\"description\":\"Comunica\u00e7\u00e3o e Cultura\",\"potentialAction\":[{\"@type\":\"SearchAction\",\"target\":{\"@type\":\"EntryPoint\",\"urlTemplate\":\"https:\/\/jbcnews.com.br\/?s={search_term_string}\"},\"query-input\":\"required name=search_term_string\"}],\"inLanguage\":\"pt-BR\"},{\"@type\":\"Person\",\"@id\":\"https:\/\/jbcnews.com.br\/#\/schema\/person\/3b597ec20ccf92d0adc436057caf9bbe\",\"name\":\"admin\",\"image\":{\"@type\":\"ImageObject\",\"inLanguage\":\"pt-BR\",\"@id\":\"https:\/\/jbcnews.com.br\/#\/schema\/person\/image\/\",\"url\":\"https:\/\/secure.gravatar.com\/avatar\/fe848d2435b65c3ed1cdd3a8e8f3bb2d?s=96&d=mm&r=g\",\"contentUrl\":\"https:\/\/secure.gravatar.com\/avatar\/fe848d2435b65c3ed1cdd3a8e8f3bb2d?s=96&d=mm&r=g\",\"caption\":\"admin\"},\"sameAs\":[\"https:\/\/jbcnews.com.br\"],\"url\":\"https:\/\/jbcnews.com.br\/index.php\/author\/jbcnews\/\"}]}<\/script>\n<!-- \/ Yoast SEO plugin. -->","yoast_head_json":{"title":"Lira assume presid\u00eancia da C\u00e2mara e destitui bloco partid\u00e1rio advers\u00e1rio - JBCNews","robots":{"index":"index","follow":"follow","max-snippet":"max-snippet:-1","max-image-preview":"max-image-preview:large","max-video-preview":"max-video-preview:-1"},"canonical":"https:\/\/jbcnews.com.br\/index.php\/2021\/02\/05\/lira-assume-presidencia-da-camara-e-destitui-bloco-partidario-adversario\/","og_locale":"pt_BR","og_type":"article","og_title":"Lira assume presid\u00eancia da C\u00e2mara e destitui bloco partid\u00e1rio advers\u00e1rio - JBCNews","og_description":"(JBCNEWS &#8211; DF) &#8211; No primeiro ato ap\u00f3s eleito como presidente da C\u00e2mara, o\u00a0deputado Arthur Lira (PP-AL)\u00a0anulou na vota\u00e7\u00e3o para os demais cargos da Mesa Diretora [\u2026]","og_url":"https:\/\/jbcnews.com.br\/index.php\/2021\/02\/05\/lira-assume-presidencia-da-camara-e-destitui-bloco-partidario-adversario\/","og_site_name":"JBCNews","article_published_time":"2021-02-05T03:47:40+00:00","article_modified_time":"2021-02-05T03:47:42+00:00","og_image":[{"width":800,"height":533,"url":"https:\/\/jbcnews.com.br\/wp-content\/uploads\/2021\/02\/imagem-40.png","type":"image\/png"}],"author":"admin","twitter_card":"summary_large_image","twitter_misc":{"Escrito por":"admin","Est. tempo de leitura":"1 minuto"},"schema":{"@context":"https:\/\/schema.org","@graph":[{"@type":"WebPage","@id":"https:\/\/jbcnews.com.br\/index.php\/2021\/02\/05\/lira-assume-presidencia-da-camara-e-destitui-bloco-partidario-adversario\/","url":"https:\/\/jbcnews.com.br\/index.php\/2021\/02\/05\/lira-assume-presidencia-da-camara-e-destitui-bloco-partidario-adversario\/","name":"Lira assume presid\u00eancia da C\u00e2mara e destitui bloco partid\u00e1rio advers\u00e1rio - JBCNews","isPartOf":{"@id":"https:\/\/jbcnews.com.br\/#website"},"primaryImageOfPage":{"@id":"https:\/\/jbcnews.com.br\/index.php\/2021\/02\/05\/lira-assume-presidencia-da-camara-e-destitui-bloco-partidario-adversario\/#primaryimage"},"image":{"@id":"https:\/\/jbcnews.com.br\/index.php\/2021\/02\/05\/lira-assume-presidencia-da-camara-e-destitui-bloco-partidario-adversario\/#primaryimage"},"thumbnailUrl":"https:\/\/jbcnews.com.br\/wp-content\/uploads\/2021\/02\/imagem-40.png","datePublished":"2021-02-05T03:47:40+00:00","dateModified":"2021-02-05T03:47:42+00:00","author":{"@id":"https:\/\/jbcnews.com.br\/#\/schema\/person\/3b597ec20ccf92d0adc436057caf9bbe"},"breadcrumb":{"@id":"https:\/\/jbcnews.com.br\/index.php\/2021\/02\/05\/lira-assume-presidencia-da-camara-e-destitui-bloco-partidario-adversario\/#breadcrumb"},"inLanguage":"pt-BR","potentialAction":[{"@type":"ReadAction","target":["https:\/\/jbcnews.com.br\/index.php\/2021\/02\/05\/lira-assume-presidencia-da-camara-e-destitui-bloco-partidario-adversario\/"]}]},{"@type":"ImageObject","inLanguage":"pt-BR","@id":"https:\/\/jbcnews.com.br\/index.php\/2021\/02\/05\/lira-assume-presidencia-da-camara-e-destitui-bloco-partidario-adversario\/#primaryimage","url":"https:\/\/jbcnews.com.br\/wp-content\/uploads\/2021\/02\/imagem-40.png","contentUrl":"https:\/\/jbcnews.com.br\/wp-content\/uploads\/2021\/02\/imagem-40.png","width":800,"height":533,"caption":"Presidente da C\u00e2mara, Arthur Lira"},{"@type":"BreadcrumbList","@id":"https:\/\/jbcnews.com.br\/index.php\/2021\/02\/05\/lira-assume-presidencia-da-camara-e-destitui-bloco-partidario-adversario\/#breadcrumb","itemListElement":[{"@type":"ListItem","position":1,"name":"In\u00edcio","item":"https:\/\/jbcnews.com.br\/"},{"@type":"ListItem","position":2,"name":"Lira assume presid\u00eancia da C\u00e2mara e destitui bloco partid\u00e1rio advers\u00e1rio"}]},{"@type":"WebSite","@id":"https:\/\/jbcnews.com.br\/#website","url":"https:\/\/jbcnews.com.br\/","name":"JBCNews","description":"Comunica\u00e7\u00e3o e Cultura","potentialAction":[{"@type":"SearchAction","target":{"@type":"EntryPoint","urlTemplate":"https:\/\/jbcnews.com.br\/?s={search_term_string}"},"query-input":"required name=search_term_string"}],"inLanguage":"pt-BR"},{"@type":"Person","@id":"https:\/\/jbcnews.com.br\/#\/schema\/person\/3b597ec20ccf92d0adc436057caf9bbe","name":"admin","image":{"@type":"ImageObject","inLanguage":"pt-BR","@id":"https:\/\/jbcnews.com.br\/#\/schema\/person\/image\/","url":"https:\/\/secure.gravatar.com\/avatar\/fe848d2435b65c3ed1cdd3a8e8f3bb2d?s=96&d=mm&r=g","contentUrl":"https:\/\/secure.gravatar.com\/avatar\/fe848d2435b65c3ed1cdd3a8e8f3bb2d?s=96&d=mm&r=g","caption":"admin"},"sameAs":["https:\/\/jbcnews.com.br"],"url":"https:\/\/jbcnews.com.br\/index.php\/author\/jbcnews\/"}]}},"_links":{"self":[{"href":"https:\/\/jbcnews.com.br\/index.php\/wp-json\/wp\/v2\/posts\/2409"}],"collection":[{"href":"https:\/\/jbcnews.com.br\/index.php\/wp-json\/wp\/v2\/posts"}],"about":[{"href":"https:\/\/jbcnews.com.br\/index.php\/wp-json\/wp\/v2\/types\/post"}],"author":[{"embeddable":true,"href":"https:\/\/jbcnews.com.br\/index.php\/wp-json\/wp\/v2\/users\/1"}],"replies":[{"embeddable":true,"href":"https:\/\/jbcnews.com.br\/index.php\/wp-json\/wp\/v2\/comments?post=2409"}],"version-history":[{"count":1,"href":"https:\/\/jbcnews.com.br\/index.php\/wp-json\/wp\/v2\/posts\/2409\/revisions"}],"predecessor-version":[{"id":2411,"href":"https:\/\/jbcnews.com.br\/index.php\/wp-json\/wp\/v2\/posts\/2409\/revisions\/2411"}],"wp:featuredmedia":[{"embeddable":true,"href":"https:\/\/jbcnews.com.br\/index.php\/wp-json\/wp\/v2\/media\/2410"}],"wp:attachment":[{"href":"https:\/\/jbcnews.com.br\/index.php\/wp-json\/wp\/v2\/media?parent=2409"}],"wp:term":[{"taxonomy":"category","embeddable":true,"href":"https:\/\/jbcnews.com.br\/index.php\/wp-json\/wp\/v2\/categories?post=2409"},{"taxonomy":"post_tag","embeddable":true,"href":"https:\/\/jbcnews.com.br\/index.php\/wp-json\/wp\/v2\/tags?post=2409"}],"curies":[{"name":"wp","href":"https:\/\/api.w.org\/{rel}","templated":true}]}}