{"id":2391,"date":"2021-02-05T00:06:44","date_gmt":"2021-02-05T00:06:44","guid":{"rendered":"https:\/\/jbcnews.com.br\/?p=2391"},"modified":"2021-02-05T00:06:45","modified_gmt":"2021-02-05T00:06:45","slug":"globo-tenta-atravessar-acordo-da-band-e-fechar-com-walter-abrahao-por-jogos-da-selecao-brasileira","status":"publish","type":"post","link":"https:\/\/jbcnews.com.br\/index.php\/2021\/02\/05\/globo-tenta-atravessar-acordo-da-band-e-fechar-com-walter-abrahao-por-jogos-da-selecao-brasileira\/","title":{"rendered":"Globo tenta &#8216;atravessar&#8217; acordo da Band e fechar com Walter Abrah\u00e3o por jogos da Sele\u00e7\u00e3o Brasileira"},"content":{"rendered":"\n<p>Mesmo com o an\u00fancio da Band de acordo com a TV Walter Abrah\u00e3o para transmiss\u00e3o de partidas da Sele\u00e7\u00e3o Brasileira nas Eliminat\u00f3rias da Copa do Mundo na TV aberta, a Rede Globo buscou a emissora para fazer a transmiss\u00e3o destas partidas. A TV Walter Abrah\u00e3o, antiga Play TV, adquiriu o pacote de 56 jogos das Eliminat\u00f3rias e far\u00e1 a transmiss\u00e3o das partidas na TV fechada. A informa\u00e7\u00e3o \u00e9 de Gabriel Vaquer, do UOL.<\/p>\n\n\n\n<p>&#8211; A sele\u00e7\u00e3o brasileira \u00e9 do povo brasileiro. Eu converso com alegria com todas as emissoras. Sou o maior f\u00e3 do Galv\u00e3o na terra &#8211; disse Walter Abrah\u00e3o Filho, dono da TV Walter Abrah\u00e3o sobre um poss\u00edvel acordo de transmiss\u00e3o com a Globo.<\/p>\n\n\n\n<p>O destinos dos jogos da Sele\u00e7\u00e3o Brasileira fora de casa nas Eliminat\u00f3rias da Copa do Mundo ainda \u00e9 incerto na TV aberta. Contudo, no circuito fechado, a TV Walter Abrah\u00e3o j\u00e1 confirmou que far\u00e1 a transmiss\u00e3o das partidas, assim como a dos outros jogos das Eliminat\u00f3rias.<\/p>\n","protected":false},"excerpt":{"rendered":"<p>Mesmo com o an\u00fancio da Band de acordo com a TV Walter Abrah\u00e3o para transmiss\u00e3o de partidas da Sele\u00e7\u00e3o Brasileira nas Eliminat\u00f3rias da Copa do Mundo<span class=\"excerpt-hellip\"> [\u2026]<\/span><\/p>\n","protected":false},"author":1,"featured_media":2392,"comment_status":"open","ping_status":"open","sticky":false,"template":"","format":"standard","meta":{"footnotes":""},"categories":[23],"tags":[],"yoast_head":"<!-- This site is optimized with the Yoast SEO plugin v22.6 - https:\/\/yoast.com\/wordpress\/plugins\/seo\/ -->\n<title>Globo tenta &#039;atravessar&#039; acordo da Band e fechar com Walter Abrah\u00e3o por jogos da Sele\u00e7\u00e3o Brasileira - JBCNews<\/title>\n<meta name=\"robots\" content=\"index, follow, max-snippet:-1, max-image-preview:large, max-video-preview:-1\" \/>\n<link rel=\"canonical\" href=\"https:\/\/jbcnews.com.br\/index.php\/2021\/02\/05\/globo-tenta-atravessar-acordo-da-band-e-fechar-com-walter-abrahao-por-jogos-da-selecao-brasileira\/\" \/>\n<meta property=\"og:locale\" content=\"pt_BR\" \/>\n<meta property=\"og:type\" content=\"article\" \/>\n<meta property=\"og:title\" content=\"Globo tenta &#039;atravessar&#039; acordo da Band e fechar com Walter Abrah\u00e3o por jogos da Sele\u00e7\u00e3o Brasileira - JBCNews\" \/>\n<meta property=\"og:description\" content=\"Mesmo com o an\u00fancio da Band de acordo com a TV Walter Abrah\u00e3o para transmiss\u00e3o de partidas da Sele\u00e7\u00e3o Brasileira nas Eliminat\u00f3rias da Copa do Mundo [\u2026]\" \/>\n<meta property=\"og:url\" content=\"https:\/\/jbcnews.com.br\/index.php\/2021\/02\/05\/globo-tenta-atravessar-acordo-da-band-e-fechar-com-walter-abrahao-por-jogos-da-selecao-brasileira\/\" \/>\n<meta property=\"og:site_name\" content=\"JBCNews\" \/>\n<meta property=\"article:published_time\" content=\"2021-02-05T00:06:44+00:00\" \/>\n<meta property=\"article:modified_time\" content=\"2021-02-05T00:06:45+00:00\" \/>\n<meta property=\"og:image\" content=\"https:\/\/jbcnews.com.br\/wp-content\/uploads\/2021\/02\/imagem-38.png\" \/>\n\t<meta property=\"og:image:width\" content=\"846\" \/>\n\t<meta property=\"og:image:height\" content=\"476\" \/>\n\t<meta property=\"og:image:type\" content=\"image\/png\" \/>\n<meta name=\"author\" content=\"admin\" \/>\n<meta name=\"twitter:card\" content=\"summary_large_image\" \/>\n<meta name=\"twitter:label1\" content=\"Escrito por\" \/>\n\t<meta name=\"twitter:data1\" content=\"admin\" \/>\n\t<meta name=\"twitter:label2\" content=\"Est. tempo de leitura\" \/>\n\t<meta name=\"twitter:data2\" content=\"1 minuto\" \/>\n<script type=\"application\/ld+json\" class=\"yoast-schema-graph\">{\"@context\":\"https:\/\/schema.org\",\"@graph\":[{\"@type\":\"WebPage\",\"@id\":\"https:\/\/jbcnews.com.br\/index.php\/2021\/02\/05\/globo-tenta-atravessar-acordo-da-band-e-fechar-com-walter-abrahao-por-jogos-da-selecao-brasileira\/\",\"url\":\"https:\/\/jbcnews.com.br\/index.php\/2021\/02\/05\/globo-tenta-atravessar-acordo-da-band-e-fechar-com-walter-abrahao-por-jogos-da-selecao-brasileira\/\",\"name\":\"Globo tenta 'atravessar' acordo da Band e fechar com Walter Abrah\u00e3o por jogos da Sele\u00e7\u00e3o Brasileira - JBCNews\",\"isPartOf\":{\"@id\":\"https:\/\/jbcnews.com.br\/#website\"},\"primaryImageOfPage\":{\"@id\":\"https:\/\/jbcnews.com.br\/index.php\/2021\/02\/05\/globo-tenta-atravessar-acordo-da-band-e-fechar-com-walter-abrahao-por-jogos-da-selecao-brasileira\/#primaryimage\"},\"image\":{\"@id\":\"https:\/\/jbcnews.com.br\/index.php\/2021\/02\/05\/globo-tenta-atravessar-acordo-da-band-e-fechar-com-walter-abrahao-por-jogos-da-selecao-brasileira\/#primaryimage\"},\"thumbnailUrl\":\"https:\/\/jbcnews.com.br\/wp-content\/uploads\/2021\/02\/imagem-38.png\",\"datePublished\":\"2021-02-05T00:06:44+00:00\",\"dateModified\":\"2021-02-05T00:06:45+00:00\",\"author\":{\"@id\":\"https:\/\/jbcnews.com.br\/#\/schema\/person\/3b597ec20ccf92d0adc436057caf9bbe\"},\"breadcrumb\":{\"@id\":\"https:\/\/jbcnews.com.br\/index.php\/2021\/02\/05\/globo-tenta-atravessar-acordo-da-band-e-fechar-com-walter-abrahao-por-jogos-da-selecao-brasileira\/#breadcrumb\"},\"inLanguage\":\"pt-BR\",\"potentialAction\":[{\"@type\":\"ReadAction\",\"target\":[\"https:\/\/jbcnews.com.br\/index.php\/2021\/02\/05\/globo-tenta-atravessar-acordo-da-band-e-fechar-com-walter-abrahao-por-jogos-da-selecao-brasileira\/\"]}]},{\"@type\":\"ImageObject\",\"inLanguage\":\"pt-BR\",\"@id\":\"https:\/\/jbcnews.com.br\/index.php\/2021\/02\/05\/globo-tenta-atravessar-acordo-da-band-e-fechar-com-walter-abrahao-por-jogos-da-selecao-brasileira\/#primaryimage\",\"url\":\"https:\/\/jbcnews.com.br\/wp-content\/uploads\/2021\/02\/imagem-38.png\",\"contentUrl\":\"https:\/\/jbcnews.com.br\/wp-content\/uploads\/2021\/02\/imagem-38.png\",\"width\":846,\"height\":476},{\"@type\":\"BreadcrumbList\",\"@id\":\"https:\/\/jbcnews.com.br\/index.php\/2021\/02\/05\/globo-tenta-atravessar-acordo-da-band-e-fechar-com-walter-abrahao-por-jogos-da-selecao-brasileira\/#breadcrumb\",\"itemListElement\":[{\"@type\":\"ListItem\",\"position\":1,\"name\":\"In\u00edcio\",\"item\":\"https:\/\/jbcnews.com.br\/\"},{\"@type\":\"ListItem\",\"position\":2,\"name\":\"Globo tenta &#8216;atravessar&#8217; acordo da Band e fechar com Walter Abrah\u00e3o por jogos da Sele\u00e7\u00e3o Brasileira\"}]},{\"@type\":\"WebSite\",\"@id\":\"https:\/\/jbcnews.com.br\/#website\",\"url\":\"https:\/\/jbcnews.com.br\/\",\"name\":\"JBCNews\",\"description\":\"Comunica\u00e7\u00e3o e Cultura\",\"potentialAction\":[{\"@type\":\"SearchAction\",\"target\":{\"@type\":\"EntryPoint\",\"urlTemplate\":\"https:\/\/jbcnews.com.br\/?s={search_term_string}\"},\"query-input\":\"required name=search_term_string\"}],\"inLanguage\":\"pt-BR\"},{\"@type\":\"Person\",\"@id\":\"https:\/\/jbcnews.com.br\/#\/schema\/person\/3b597ec20ccf92d0adc436057caf9bbe\",\"name\":\"admin\",\"image\":{\"@type\":\"ImageObject\",\"inLanguage\":\"pt-BR\",\"@id\":\"https:\/\/jbcnews.com.br\/#\/schema\/person\/image\/\",\"url\":\"https:\/\/secure.gravatar.com\/avatar\/fe848d2435b65c3ed1cdd3a8e8f3bb2d?s=96&d=mm&r=g\",\"contentUrl\":\"https:\/\/secure.gravatar.com\/avatar\/fe848d2435b65c3ed1cdd3a8e8f3bb2d?s=96&d=mm&r=g\",\"caption\":\"admin\"},\"sameAs\":[\"https:\/\/jbcnews.com.br\"],\"url\":\"https:\/\/jbcnews.com.br\/index.php\/author\/jbcnews\/\"}]}<\/script>\n<!-- \/ Yoast SEO plugin. -->","yoast_head_json":{"title":"Globo tenta 'atravessar' acordo da Band e fechar com Walter Abrah\u00e3o por jogos da Sele\u00e7\u00e3o Brasileira - JBCNews","robots":{"index":"index","follow":"follow","max-snippet":"max-snippet:-1","max-image-preview":"max-image-preview:large","max-video-preview":"max-video-preview:-1"},"canonical":"https:\/\/jbcnews.com.br\/index.php\/2021\/02\/05\/globo-tenta-atravessar-acordo-da-band-e-fechar-com-walter-abrahao-por-jogos-da-selecao-brasileira\/","og_locale":"pt_BR","og_type":"article","og_title":"Globo tenta 'atravessar' acordo da Band e fechar com Walter Abrah\u00e3o por jogos da Sele\u00e7\u00e3o Brasileira - JBCNews","og_description":"Mesmo com o an\u00fancio da Band de acordo com a TV Walter Abrah\u00e3o para transmiss\u00e3o de partidas da Sele\u00e7\u00e3o Brasileira nas Eliminat\u00f3rias da Copa do Mundo [\u2026]","og_url":"https:\/\/jbcnews.com.br\/index.php\/2021\/02\/05\/globo-tenta-atravessar-acordo-da-band-e-fechar-com-walter-abrahao-por-jogos-da-selecao-brasileira\/","og_site_name":"JBCNews","article_published_time":"2021-02-05T00:06:44+00:00","article_modified_time":"2021-02-05T00:06:45+00:00","og_image":[{"width":846,"height":476,"url":"https:\/\/jbcnews.com.br\/wp-content\/uploads\/2021\/02\/imagem-38.png","type":"image\/png"}],"author":"admin","twitter_card":"summary_large_image","twitter_misc":{"Escrito por":"admin","Est. tempo de leitura":"1 minuto"},"schema":{"@context":"https:\/\/schema.org","@graph":[{"@type":"WebPage","@id":"https:\/\/jbcnews.com.br\/index.php\/2021\/02\/05\/globo-tenta-atravessar-acordo-da-band-e-fechar-com-walter-abrahao-por-jogos-da-selecao-brasileira\/","url":"https:\/\/jbcnews.com.br\/index.php\/2021\/02\/05\/globo-tenta-atravessar-acordo-da-band-e-fechar-com-walter-abrahao-por-jogos-da-selecao-brasileira\/","name":"Globo tenta 'atravessar' acordo da Band e fechar com Walter Abrah\u00e3o por jogos da Sele\u00e7\u00e3o Brasileira - JBCNews","isPartOf":{"@id":"https:\/\/jbcnews.com.br\/#website"},"primaryImageOfPage":{"@id":"https:\/\/jbcnews.com.br\/index.php\/2021\/02\/05\/globo-tenta-atravessar-acordo-da-band-e-fechar-com-walter-abrahao-por-jogos-da-selecao-brasileira\/#primaryimage"},"image":{"@id":"https:\/\/jbcnews.com.br\/index.php\/2021\/02\/05\/globo-tenta-atravessar-acordo-da-band-e-fechar-com-walter-abrahao-por-jogos-da-selecao-brasileira\/#primaryimage"},"thumbnailUrl":"https:\/\/jbcnews.com.br\/wp-content\/uploads\/2021\/02\/imagem-38.png","datePublished":"2021-02-05T00:06:44+00:00","dateModified":"2021-02-05T00:06:45+00:00","author":{"@id":"https:\/\/jbcnews.com.br\/#\/schema\/person\/3b597ec20ccf92d0adc436057caf9bbe"},"breadcrumb":{"@id":"https:\/\/jbcnews.com.br\/index.php\/2021\/02\/05\/globo-tenta-atravessar-acordo-da-band-e-fechar-com-walter-abrahao-por-jogos-da-selecao-brasileira\/#breadcrumb"},"inLanguage":"pt-BR","potentialAction":[{"@type":"ReadAction","target":["https:\/\/jbcnews.com.br\/index.php\/2021\/02\/05\/globo-tenta-atravessar-acordo-da-band-e-fechar-com-walter-abrahao-por-jogos-da-selecao-brasileira\/"]}]},{"@type":"ImageObject","inLanguage":"pt-BR","@id":"https:\/\/jbcnews.com.br\/index.php\/2021\/02\/05\/globo-tenta-atravessar-acordo-da-band-e-fechar-com-walter-abrahao-por-jogos-da-selecao-brasileira\/#primaryimage","url":"https:\/\/jbcnews.com.br\/wp-content\/uploads\/2021\/02\/imagem-38.png","contentUrl":"https:\/\/jbcnews.com.br\/wp-content\/uploads\/2021\/02\/imagem-38.png","width":846,"height":476},{"@type":"BreadcrumbList","@id":"https:\/\/jbcnews.com.br\/index.php\/2021\/02\/05\/globo-tenta-atravessar-acordo-da-band-e-fechar-com-walter-abrahao-por-jogos-da-selecao-brasileira\/#breadcrumb","itemListElement":[{"@type":"ListItem","position":1,"name":"In\u00edcio","item":"https:\/\/jbcnews.com.br\/"},{"@type":"ListItem","position":2,"name":"Globo tenta &#8216;atravessar&#8217; acordo da Band e fechar com Walter Abrah\u00e3o por jogos da Sele\u00e7\u00e3o Brasileira"}]},{"@type":"WebSite","@id":"https:\/\/jbcnews.com.br\/#website","url":"https:\/\/jbcnews.com.br\/","name":"JBCNews","description":"Comunica\u00e7\u00e3o e Cultura","potentialAction":[{"@type":"SearchAction","target":{"@type":"EntryPoint","urlTemplate":"https:\/\/jbcnews.com.br\/?s={search_term_string}"},"query-input":"required name=search_term_string"}],"inLanguage":"pt-BR"},{"@type":"Person","@id":"https:\/\/jbcnews.com.br\/#\/schema\/person\/3b597ec20ccf92d0adc436057caf9bbe","name":"admin","image":{"@type":"ImageObject","inLanguage":"pt-BR","@id":"https:\/\/jbcnews.com.br\/#\/schema\/person\/image\/","url":"https:\/\/secure.gravatar.com\/avatar\/fe848d2435b65c3ed1cdd3a8e8f3bb2d?s=96&d=mm&r=g","contentUrl":"https:\/\/secure.gravatar.com\/avatar\/fe848d2435b65c3ed1cdd3a8e8f3bb2d?s=96&d=mm&r=g","caption":"admin"},"sameAs":["https:\/\/jbcnews.com.br"],"url":"https:\/\/jbcnews.com.br\/index.php\/author\/jbcnews\/"}]}},"_links":{"self":[{"href":"https:\/\/jbcnews.com.br\/index.php\/wp-json\/wp\/v2\/posts\/2391"}],"collection":[{"href":"https:\/\/jbcnews.com.br\/index.php\/wp-json\/wp\/v2\/posts"}],"about":[{"href":"https:\/\/jbcnews.com.br\/index.php\/wp-json\/wp\/v2\/types\/post"}],"author":[{"embeddable":true,"href":"https:\/\/jbcnews.com.br\/index.php\/wp-json\/wp\/v2\/users\/1"}],"replies":[{"embeddable":true,"href":"https:\/\/jbcnews.com.br\/index.php\/wp-json\/wp\/v2\/comments?post=2391"}],"version-history":[{"count":1,"href":"https:\/\/jbcnews.com.br\/index.php\/wp-json\/wp\/v2\/posts\/2391\/revisions"}],"predecessor-version":[{"id":2393,"href":"https:\/\/jbcnews.com.br\/index.php\/wp-json\/wp\/v2\/posts\/2391\/revisions\/2393"}],"wp:featuredmedia":[{"embeddable":true,"href":"https:\/\/jbcnews.com.br\/index.php\/wp-json\/wp\/v2\/media\/2392"}],"wp:attachment":[{"href":"https:\/\/jbcnews.com.br\/index.php\/wp-json\/wp\/v2\/media?parent=2391"}],"wp:term":[{"taxonomy":"category","embeddable":true,"href":"https:\/\/jbcnews.com.br\/index.php\/wp-json\/wp\/v2\/categories?post=2391"},{"taxonomy":"post_tag","embeddable":true,"href":"https:\/\/jbcnews.com.br\/index.php\/wp-json\/wp\/v2\/tags?post=2391"}],"curies":[{"name":"wp","href":"https:\/\/api.w.org\/{rel}","templated":true}]}}