{"id":2385,"date":"2021-02-04T23:19:21","date_gmt":"2021-02-04T23:19:21","guid":{"rendered":"https:\/\/jbcnews.com.br\/?p=2385"},"modified":"2021-02-05T01:54:56","modified_gmt":"2021-02-05T01:54:56","slug":"principal-reporter-esportivo-do-brasil-tino-marcos-encerra-trajetoria-na-globo-apos-35-anos","status":"publish","type":"post","link":"https:\/\/jbcnews.com.br\/index.php\/2021\/02\/04\/principal-reporter-esportivo-do-brasil-tino-marcos-encerra-trajetoria-na-globo-apos-35-anos\/","title":{"rendered":"Principal rep\u00f3rter esportivo do Brasil, Tino Marcos encerra trajet\u00f3ria na Globo ap\u00f3s 35 anos"},"content":{"rendered":"\n<p>(JBCNEWS &#8211; DF) &#8211; Durante 35 anos, as p\u00e1ginas mais incr\u00edveis da hist\u00f3ria do esporte brasileiro foram contadas por&nbsp;<strong>Tino Marcos<\/strong>, atrav\u00e9s do microfone e das c\u00e2meras da TV Globo. Pois, por decis\u00e3o pr\u00f3pria,&nbsp;<strong>aquele que era o principal rep\u00f3rter esportivo do pa\u00eds colocou um ponto final a esta trajet\u00f3ria<\/strong>. Depois de oito Copas do Mundo e seis Olimp\u00edadas, o jornalista acredita que cumpriu o seu dever e que, agora, \u00e9 momento de estar mais ao lado da fam\u00edlia.<\/p>\n\n\n\n<blockquote class=\"wp-block-quote is-layout-flow wp-block-quote-is-layout-flow\"><p>A palavra mais forte de tudo \u00e9 gratid\u00e3o. Gratid\u00e3o \u00e0 vida por ter me permitido&#8230; Por eu ter podido fazer aquilo que, para mim, sempre foi uma divers\u00e3o.Tino Marcos<\/p><\/blockquote>\n\n\n\n<p>No \u00faltimo ano, ap\u00f3s d\u00e9cadas de cobertura di\u00e1ria, da qual ele se cansou, Tino j\u00e1 vinha trabalhando menos dias na emissora, fazendo as chamadas grandes reportagens. E este modelo de jornalismo foi diretamente afetado pela pandemia de coronav\u00edrus.&nbsp;<strong>&#8220;Ficou uma condi\u00e7\u00e3o mais voltada para esse tipo de mat\u00e9ria que temos feito atrav\u00e9s da internet, com poucas coisas do que eu sempre gostei de fazer&#8230; Captar, olhar as imagens, escrever, produzir. Isso se resumiu muito. Mas me preparei para isso gradativamente&#8221;<\/strong>, disse o profissional, em entrevista publicada pelo&nbsp;GE.Globo.<\/p>\n\n\n\n<blockquote class=\"wp-block-quote is-layout-flow wp-block-quote-is-layout-flow\"><p>O que vem por a\u00ed, o que eu posso fazer&#8230; O que eu gosto mesmo \u00e9 de produzir conte\u00fado, contar hist\u00f3rias. Adoro pegar na c\u00e2mera, tenho minha c\u00e2mera, meu equipamento, trip\u00e9, microfone lapela, luz, drone, eu voo de drone, estou editando.Tino Marcos<\/p><\/blockquote>\n\n\n\n<p>Segundo ele, a doen\u00e7a que assolou o planeta ajudou a acelerar a sua decis\u00e3o.&nbsp;<strong>&#8220;\u00c9 uma vari\u00e1vel decisiva nesse processo. Tornou invi\u00e1vel agora a gente fazer o que vinha fazendo. N\u00e3o sei quando vamos voltar a ter a plenitude. E quando vamos voltar? N\u00e3o sabemos como est\u00e1 o mundo. Tem todo um contexto. Minha filha se formando na faculdade, minha esposa se aposentado esse ano, eu perdi os meus pais. Tinha um envolvimento muito grande com eles e fiquei sem eles. A vida&#8230; 2021 est\u00e1 me trazendo muitas novidades. Por agora \u00e9 isso a\u00ed. Viver essa pandemia, ficar em casa o m\u00e1ximo que eu posso. Eu tenho o privil\u00e9gio de poder ficar em casa com as coisas direitinhas&#8221;<\/strong>, acrescentou. O jornalismo, sim, s\u00f3 tem a agradecer a Tino Marcos.<\/p>\n","protected":false},"excerpt":{"rendered":"<p>(JBCNEWS &#8211; DF) &#8211; Durante 35 anos, as p\u00e1ginas mais incr\u00edveis da hist\u00f3ria do esporte brasileiro foram contadas por&nbsp;Tino Marcos, atrav\u00e9s do microfone e das c\u00e2meras<span class=\"excerpt-hellip\"> [\u2026]<\/span><\/p>\n","protected":false},"author":1,"featured_media":2397,"comment_status":"open","ping_status":"open","sticky":false,"template":"","format":"standard","meta":{"footnotes":""},"categories":[23],"tags":[],"yoast_head":"<!-- This site is optimized with the Yoast SEO plugin v22.6 - https:\/\/yoast.com\/wordpress\/plugins\/seo\/ -->\n<title>Principal rep\u00f3rter esportivo do Brasil, Tino Marcos encerra trajet\u00f3ria na Globo ap\u00f3s 35 anos - JBCNews<\/title>\n<meta name=\"robots\" content=\"index, follow, max-snippet:-1, max-image-preview:large, max-video-preview:-1\" \/>\n<link rel=\"canonical\" href=\"https:\/\/jbcnews.com.br\/index.php\/2021\/02\/04\/principal-reporter-esportivo-do-brasil-tino-marcos-encerra-trajetoria-na-globo-apos-35-anos\/\" \/>\n<meta property=\"og:locale\" content=\"pt_BR\" \/>\n<meta property=\"og:type\" content=\"article\" \/>\n<meta property=\"og:title\" content=\"Principal rep\u00f3rter esportivo do Brasil, Tino Marcos encerra trajet\u00f3ria na Globo ap\u00f3s 35 anos - JBCNews\" \/>\n<meta property=\"og:description\" content=\"(JBCNEWS &#8211; DF) &#8211; Durante 35 anos, as p\u00e1ginas mais incr\u00edveis da hist\u00f3ria do esporte brasileiro foram contadas por&nbsp;Tino Marcos, atrav\u00e9s do microfone e das c\u00e2meras [\u2026]\" \/>\n<meta property=\"og:url\" content=\"https:\/\/jbcnews.com.br\/index.php\/2021\/02\/04\/principal-reporter-esportivo-do-brasil-tino-marcos-encerra-trajetoria-na-globo-apos-35-anos\/\" \/>\n<meta property=\"og:site_name\" content=\"JBCNews\" \/>\n<meta property=\"article:published_time\" content=\"2021-02-04T23:19:21+00:00\" \/>\n<meta property=\"article:modified_time\" content=\"2021-02-05T01:54:56+00:00\" \/>\n<meta property=\"og:image\" content=\"https:\/\/jbcnews.com.br\/wp-content\/uploads\/2021\/02\/imagem-35.png\" \/>\n\t<meta property=\"og:image:width\" content=\"960\" \/>\n\t<meta property=\"og:image:height\" content=\"540\" \/>\n\t<meta property=\"og:image:type\" content=\"image\/png\" \/>\n<meta name=\"author\" content=\"admin\" \/>\n<meta name=\"twitter:card\" content=\"summary_large_image\" \/>\n<meta name=\"twitter:label1\" content=\"Escrito por\" \/>\n\t<meta name=\"twitter:data1\" content=\"admin\" \/>\n\t<meta name=\"twitter:label2\" content=\"Est. tempo de leitura\" \/>\n\t<meta name=\"twitter:data2\" content=\"2 minutos\" \/>\n<script type=\"application\/ld+json\" class=\"yoast-schema-graph\">{\"@context\":\"https:\/\/schema.org\",\"@graph\":[{\"@type\":\"WebPage\",\"@id\":\"https:\/\/jbcnews.com.br\/index.php\/2021\/02\/04\/principal-reporter-esportivo-do-brasil-tino-marcos-encerra-trajetoria-na-globo-apos-35-anos\/\",\"url\":\"https:\/\/jbcnews.com.br\/index.php\/2021\/02\/04\/principal-reporter-esportivo-do-brasil-tino-marcos-encerra-trajetoria-na-globo-apos-35-anos\/\",\"name\":\"Principal rep\u00f3rter esportivo do Brasil, Tino Marcos encerra trajet\u00f3ria na Globo ap\u00f3s 35 anos - JBCNews\",\"isPartOf\":{\"@id\":\"https:\/\/jbcnews.com.br\/#website\"},\"primaryImageOfPage\":{\"@id\":\"https:\/\/jbcnews.com.br\/index.php\/2021\/02\/04\/principal-reporter-esportivo-do-brasil-tino-marcos-encerra-trajetoria-na-globo-apos-35-anos\/#primaryimage\"},\"image\":{\"@id\":\"https:\/\/jbcnews.com.br\/index.php\/2021\/02\/04\/principal-reporter-esportivo-do-brasil-tino-marcos-encerra-trajetoria-na-globo-apos-35-anos\/#primaryimage\"},\"thumbnailUrl\":\"https:\/\/jbcnews.com.br\/wp-content\/uploads\/2021\/02\/imagem-35.png\",\"datePublished\":\"2021-02-04T23:19:21+00:00\",\"dateModified\":\"2021-02-05T01:54:56+00:00\",\"author\":{\"@id\":\"https:\/\/jbcnews.com.br\/#\/schema\/person\/3b597ec20ccf92d0adc436057caf9bbe\"},\"breadcrumb\":{\"@id\":\"https:\/\/jbcnews.com.br\/index.php\/2021\/02\/04\/principal-reporter-esportivo-do-brasil-tino-marcos-encerra-trajetoria-na-globo-apos-35-anos\/#breadcrumb\"},\"inLanguage\":\"pt-BR\",\"potentialAction\":[{\"@type\":\"ReadAction\",\"target\":[\"https:\/\/jbcnews.com.br\/index.php\/2021\/02\/04\/principal-reporter-esportivo-do-brasil-tino-marcos-encerra-trajetoria-na-globo-apos-35-anos\/\"]}]},{\"@type\":\"ImageObject\",\"inLanguage\":\"pt-BR\",\"@id\":\"https:\/\/jbcnews.com.br\/index.php\/2021\/02\/04\/principal-reporter-esportivo-do-brasil-tino-marcos-encerra-trajetoria-na-globo-apos-35-anos\/#primaryimage\",\"url\":\"https:\/\/jbcnews.com.br\/wp-content\/uploads\/2021\/02\/imagem-35.png\",\"contentUrl\":\"https:\/\/jbcnews.com.br\/wp-content\/uploads\/2021\/02\/imagem-35.png\",\"width\":960,\"height\":540},{\"@type\":\"BreadcrumbList\",\"@id\":\"https:\/\/jbcnews.com.br\/index.php\/2021\/02\/04\/principal-reporter-esportivo-do-brasil-tino-marcos-encerra-trajetoria-na-globo-apos-35-anos\/#breadcrumb\",\"itemListElement\":[{\"@type\":\"ListItem\",\"position\":1,\"name\":\"In\u00edcio\",\"item\":\"https:\/\/jbcnews.com.br\/\"},{\"@type\":\"ListItem\",\"position\":2,\"name\":\"Principal rep\u00f3rter esportivo do Brasil, Tino Marcos encerra trajet\u00f3ria na Globo ap\u00f3s 35 anos\"}]},{\"@type\":\"WebSite\",\"@id\":\"https:\/\/jbcnews.com.br\/#website\",\"url\":\"https:\/\/jbcnews.com.br\/\",\"name\":\"JBCNews\",\"description\":\"Comunica\u00e7\u00e3o e Cultura\",\"potentialAction\":[{\"@type\":\"SearchAction\",\"target\":{\"@type\":\"EntryPoint\",\"urlTemplate\":\"https:\/\/jbcnews.com.br\/?s={search_term_string}\"},\"query-input\":\"required name=search_term_string\"}],\"inLanguage\":\"pt-BR\"},{\"@type\":\"Person\",\"@id\":\"https:\/\/jbcnews.com.br\/#\/schema\/person\/3b597ec20ccf92d0adc436057caf9bbe\",\"name\":\"admin\",\"image\":{\"@type\":\"ImageObject\",\"inLanguage\":\"pt-BR\",\"@id\":\"https:\/\/jbcnews.com.br\/#\/schema\/person\/image\/\",\"url\":\"https:\/\/secure.gravatar.com\/avatar\/fe848d2435b65c3ed1cdd3a8e8f3bb2d?s=96&d=mm&r=g\",\"contentUrl\":\"https:\/\/secure.gravatar.com\/avatar\/fe848d2435b65c3ed1cdd3a8e8f3bb2d?s=96&d=mm&r=g\",\"caption\":\"admin\"},\"sameAs\":[\"https:\/\/jbcnews.com.br\"],\"url\":\"https:\/\/jbcnews.com.br\/index.php\/author\/jbcnews\/\"}]}<\/script>\n<!-- \/ Yoast SEO plugin. -->","yoast_head_json":{"title":"Principal rep\u00f3rter esportivo do Brasil, Tino Marcos encerra trajet\u00f3ria na Globo ap\u00f3s 35 anos - JBCNews","robots":{"index":"index","follow":"follow","max-snippet":"max-snippet:-1","max-image-preview":"max-image-preview:large","max-video-preview":"max-video-preview:-1"},"canonical":"https:\/\/jbcnews.com.br\/index.php\/2021\/02\/04\/principal-reporter-esportivo-do-brasil-tino-marcos-encerra-trajetoria-na-globo-apos-35-anos\/","og_locale":"pt_BR","og_type":"article","og_title":"Principal rep\u00f3rter esportivo do Brasil, Tino Marcos encerra trajet\u00f3ria na Globo ap\u00f3s 35 anos - JBCNews","og_description":"(JBCNEWS &#8211; DF) &#8211; Durante 35 anos, as p\u00e1ginas mais incr\u00edveis da hist\u00f3ria do esporte brasileiro foram contadas por&nbsp;Tino Marcos, atrav\u00e9s do microfone e das c\u00e2meras [\u2026]","og_url":"https:\/\/jbcnews.com.br\/index.php\/2021\/02\/04\/principal-reporter-esportivo-do-brasil-tino-marcos-encerra-trajetoria-na-globo-apos-35-anos\/","og_site_name":"JBCNews","article_published_time":"2021-02-04T23:19:21+00:00","article_modified_time":"2021-02-05T01:54:56+00:00","og_image":[{"width":960,"height":540,"url":"https:\/\/jbcnews.com.br\/wp-content\/uploads\/2021\/02\/imagem-35.png","type":"image\/png"}],"author":"admin","twitter_card":"summary_large_image","twitter_misc":{"Escrito por":"admin","Est. tempo de leitura":"2 minutos"},"schema":{"@context":"https:\/\/schema.org","@graph":[{"@type":"WebPage","@id":"https:\/\/jbcnews.com.br\/index.php\/2021\/02\/04\/principal-reporter-esportivo-do-brasil-tino-marcos-encerra-trajetoria-na-globo-apos-35-anos\/","url":"https:\/\/jbcnews.com.br\/index.php\/2021\/02\/04\/principal-reporter-esportivo-do-brasil-tino-marcos-encerra-trajetoria-na-globo-apos-35-anos\/","name":"Principal rep\u00f3rter esportivo do Brasil, Tino Marcos encerra trajet\u00f3ria na Globo ap\u00f3s 35 anos - JBCNews","isPartOf":{"@id":"https:\/\/jbcnews.com.br\/#website"},"primaryImageOfPage":{"@id":"https:\/\/jbcnews.com.br\/index.php\/2021\/02\/04\/principal-reporter-esportivo-do-brasil-tino-marcos-encerra-trajetoria-na-globo-apos-35-anos\/#primaryimage"},"image":{"@id":"https:\/\/jbcnews.com.br\/index.php\/2021\/02\/04\/principal-reporter-esportivo-do-brasil-tino-marcos-encerra-trajetoria-na-globo-apos-35-anos\/#primaryimage"},"thumbnailUrl":"https:\/\/jbcnews.com.br\/wp-content\/uploads\/2021\/02\/imagem-35.png","datePublished":"2021-02-04T23:19:21+00:00","dateModified":"2021-02-05T01:54:56+00:00","author":{"@id":"https:\/\/jbcnews.com.br\/#\/schema\/person\/3b597ec20ccf92d0adc436057caf9bbe"},"breadcrumb":{"@id":"https:\/\/jbcnews.com.br\/index.php\/2021\/02\/04\/principal-reporter-esportivo-do-brasil-tino-marcos-encerra-trajetoria-na-globo-apos-35-anos\/#breadcrumb"},"inLanguage":"pt-BR","potentialAction":[{"@type":"ReadAction","target":["https:\/\/jbcnews.com.br\/index.php\/2021\/02\/04\/principal-reporter-esportivo-do-brasil-tino-marcos-encerra-trajetoria-na-globo-apos-35-anos\/"]}]},{"@type":"ImageObject","inLanguage":"pt-BR","@id":"https:\/\/jbcnews.com.br\/index.php\/2021\/02\/04\/principal-reporter-esportivo-do-brasil-tino-marcos-encerra-trajetoria-na-globo-apos-35-anos\/#primaryimage","url":"https:\/\/jbcnews.com.br\/wp-content\/uploads\/2021\/02\/imagem-35.png","contentUrl":"https:\/\/jbcnews.com.br\/wp-content\/uploads\/2021\/02\/imagem-35.png","width":960,"height":540},{"@type":"BreadcrumbList","@id":"https:\/\/jbcnews.com.br\/index.php\/2021\/02\/04\/principal-reporter-esportivo-do-brasil-tino-marcos-encerra-trajetoria-na-globo-apos-35-anos\/#breadcrumb","itemListElement":[{"@type":"ListItem","position":1,"name":"In\u00edcio","item":"https:\/\/jbcnews.com.br\/"},{"@type":"ListItem","position":2,"name":"Principal rep\u00f3rter esportivo do Brasil, Tino Marcos encerra trajet\u00f3ria na Globo ap\u00f3s 35 anos"}]},{"@type":"WebSite","@id":"https:\/\/jbcnews.com.br\/#website","url":"https:\/\/jbcnews.com.br\/","name":"JBCNews","description":"Comunica\u00e7\u00e3o e Cultura","potentialAction":[{"@type":"SearchAction","target":{"@type":"EntryPoint","urlTemplate":"https:\/\/jbcnews.com.br\/?s={search_term_string}"},"query-input":"required name=search_term_string"}],"inLanguage":"pt-BR"},{"@type":"Person","@id":"https:\/\/jbcnews.com.br\/#\/schema\/person\/3b597ec20ccf92d0adc436057caf9bbe","name":"admin","image":{"@type":"ImageObject","inLanguage":"pt-BR","@id":"https:\/\/jbcnews.com.br\/#\/schema\/person\/image\/","url":"https:\/\/secure.gravatar.com\/avatar\/fe848d2435b65c3ed1cdd3a8e8f3bb2d?s=96&d=mm&r=g","contentUrl":"https:\/\/secure.gravatar.com\/avatar\/fe848d2435b65c3ed1cdd3a8e8f3bb2d?s=96&d=mm&r=g","caption":"admin"},"sameAs":["https:\/\/jbcnews.com.br"],"url":"https:\/\/jbcnews.com.br\/index.php\/author\/jbcnews\/"}]}},"_links":{"self":[{"href":"https:\/\/jbcnews.com.br\/index.php\/wp-json\/wp\/v2\/posts\/2385"}],"collection":[{"href":"https:\/\/jbcnews.com.br\/index.php\/wp-json\/wp\/v2\/posts"}],"about":[{"href":"https:\/\/jbcnews.com.br\/index.php\/wp-json\/wp\/v2\/types\/post"}],"author":[{"embeddable":true,"href":"https:\/\/jbcnews.com.br\/index.php\/wp-json\/wp\/v2\/users\/1"}],"replies":[{"embeddable":true,"href":"https:\/\/jbcnews.com.br\/index.php\/wp-json\/wp\/v2\/comments?post=2385"}],"version-history":[{"count":2,"href":"https:\/\/jbcnews.com.br\/index.php\/wp-json\/wp\/v2\/posts\/2385\/revisions"}],"predecessor-version":[{"id":2387,"href":"https:\/\/jbcnews.com.br\/index.php\/wp-json\/wp\/v2\/posts\/2385\/revisions\/2387"}],"wp:featuredmedia":[{"embeddable":true,"href":"https:\/\/jbcnews.com.br\/index.php\/wp-json\/wp\/v2\/media\/2397"}],"wp:attachment":[{"href":"https:\/\/jbcnews.com.br\/index.php\/wp-json\/wp\/v2\/media?parent=2385"}],"wp:term":[{"taxonomy":"category","embeddable":true,"href":"https:\/\/jbcnews.com.br\/index.php\/wp-json\/wp\/v2\/categories?post=2385"},{"taxonomy":"post_tag","embeddable":true,"href":"https:\/\/jbcnews.com.br\/index.php\/wp-json\/wp\/v2\/tags?post=2385"}],"curies":[{"name":"wp","href":"https:\/\/api.w.org\/{rel}","templated":true}]}}