{"id":2380,"date":"2021-02-04T22:52:36","date_gmt":"2021-02-04T22:52:36","guid":{"rendered":"https:\/\/jbcnews.com.br\/?p=2380"},"modified":"2021-02-04T22:52:38","modified_gmt":"2021-02-04T22:52:38","slug":"em-votacao-acirrada-mdb-conquista-vice-presidencia-do-senado-com-novato-na-legenda","status":"publish","type":"post","link":"https:\/\/jbcnews.com.br\/index.php\/2021\/02\/04\/em-votacao-acirrada-mdb-conquista-vice-presidencia-do-senado-com-novato-na-legenda\/","title":{"rendered":"Em vota\u00e7\u00e3o acirrada, MDB conquista vice-presid\u00eancia do Senado com novato na legenda"},"content":{"rendered":"\n<p>(JBCNEWS &#8211; DF) \u2014 Ap\u00f3s o MDB abandonar a candidatura de Simone Tebet (MS) \u00e0 presid\u00eancia do Senado por um acordo com o DEM, o partido teve que ir \u00e0 disputa em plen\u00e1rio nesta ter\u00e7a-feira para conquistar a vice-presid\u00eancia da Casa, que ser\u00e1 ocupada por Veneziano Vital do R\u00eago (PB) na gest\u00e3o de Rodrigo Pacheco (DEM-MG). Em vota\u00e7\u00e3o acirrada, o emedebista teve o apoio de 40 senadores, enquanto Lucas Barreto (PSD-AP) recebeu 33 votos. O MDB ficou sem outros cargos titulares na Mesa Diretora e corre o risco de perder o comando da Comiss\u00e3o de Constitui\u00e7\u00e3o e Justi\u00e7a (CCJ), que deve ser assumido por Davi Alcolumbre (DEM-AP).<\/p>\n\n\n\n<p>A elei\u00e7\u00e3o de Veneziano s\u00f3 foi poss\u00edvel ap\u00f3s uma manobra para que, de forma excepcional, o candidato vencedor pudesse ser escolhido por maioria simples, quando \u00e9 considerado o total de senadores presentes. Na vota\u00e7\u00e3o, apenas 73 dos 80 parlamentares em exerc\u00edcio participaram. Normalmente, o eleito precisa ter pelo menos 41 votos (maioria absoluta da Casa). A quest\u00e3o de ordem para a mudan\u00e7a da regra foi apresentada pelo senador Marcos Rog\u00e9rio (DEM-RO), um dos principais aliados de Pacheco e Alcolumbre. O intuito foi evitar uma crise com o MDB, principal partido da Casa, que possui 15 senadores.<\/p>\n\n\n\n<p>Novato no MDB, Veneziano est\u00e1 no partido h\u00e1 menos de um m\u00eas, mas foi escolhido para disputar o cargo por ter sido um dos principais respons\u00e1veis pela decis\u00e3o dos emedebistas de desembarcar da campanha de Simone a poucos dias da elei\u00e7\u00e3o. Ela seguiu na disputa de forma independente, mas acabou derrotada. Nos bastidores, Veneziano costurou a alian\u00e7a informal com Pacheco e ganhou a simpatia dele e do seu antecessor, Davi Alcolumbre (DEM-AP).<\/p>\n\n\n\n<p>Al\u00e9m disso, Veneziano tamb\u00e9m garantiu outros votos da bancada do MDB, como o da pr\u00f3pria m\u00e3e, Nilda Gondim (MDB-PB). Ela assumiu o cargo de senadora no in\u00edcio do ano durante o per\u00edodo de afastamento do senador Jos\u00e9 Maranh\u00e3o (MDB-PB), internado desde o dia 3 de dezembro ap\u00f3s contrair o novo coronav\u00edrus. A avalia\u00e7\u00e3o de que havia dissid\u00eancias entre os emedebistas afastou poss\u00edveis aliados de Simone na disputa, como o PSDB.<\/p>\n\n\n\n<p>Inicialmente, Veneziano enfrentou resist\u00eancia dentro da bancada para assumir a vice por ser um rec\u00e9m chegado. Apesar disso, os senadores Eduardo Gomes (MDB-TO), Eduardo Braga (MDB-AM) e Fernando Bezerra (MDB-PE) desistiram de pleitear o posto depois de perceber que o senador paraibano seria o \u00fanico com chances de assumir a fun\u00e7\u00e3o. Emiss\u00e1rios de Pacheco e Alcolumbre deixaram claro que queriam algu\u00e9m que colaborou com a campanha do DEM desde o in\u00edcio.<\/p>\n\n\n\n<p>A negocia\u00e7\u00e3o enfrentou resist\u00eancias da bancada do PSD, que queria manter o cargo ocupado na gest\u00e3o de Alcolumbre e foi o primeiro partido a manifestar apoio publicamente ao nome de Pacheco na disputa. O momento, considerado decisivo, envolveu tamb\u00e9m negocia\u00e7\u00f5es locais em Minas Gerais para 2022. Diante do impasse e para evitar indisposi\u00e7\u00f5es com as duas siglas, a solu\u00e7\u00e3o encontrada pelo democrata foi que os dois partidos tentassem a vaga atrav\u00e9s de vota\u00e7\u00e3o em plen\u00e1rio, o que colocou em risco a possibilidade dos emedebistas assumiram qualquer cargo na Mesa Diretora.<\/p>\n\n\n\n<p>O acordo entre DEM e MDB ficou aqu\u00e9m do esperado em outros aspectos para os emedebistas. Eles esperavam assumir alguma secretaria na Mesa Diretora, mas ficaram sem nenhuma. Al\u00e9m disso, o MDB argumenta que tem o direito de assumir a CCJ, principal comiss\u00e3o da Casa, por ter a maior bancada, com 15 parlamentares. Tudo indica, no entanto, que Alcolumbre ocupar\u00e1 a fun\u00e7\u00e3o. A proposta dos democratas \u00e9 que o MDB assuma outras duas comiss\u00f5es, menos relevantes, que ainda est\u00e3o sendo negociadas.<\/p>\n\n\n\n<p>\u2014 N\u00e3o foram definidas as quest\u00f5es de comiss\u00f5es. A princ\u00edpio, o que ficou estabelecido, at\u00e9 por um entendimento e uma compreens\u00e3o bastante \u00f3bvia, \u00e9 de voc\u00ea ter um partido com 15 integrantes e esse estar fora da composi\u00e7\u00e3o da Mesa \u00e9 algo incompreens\u00edvel, at\u00e9 para o pr\u00f3prio melhor funcionamento da Casa \u2014 disse Veneziano na ter\u00e7a-feira.<\/p>\n\n\n\n<p>Nos outros cargos da Mesa, Pacheco contemplou os aliados da campanha. A segunda vice-presid\u00eancia ser\u00e1 ocupada pelo senador Rom\u00e1rio (Podemos-RJ). A primeira-secretaria ficar\u00e1 com o senador Iraj\u00e1 (PSD-TO); a segunda-secretaria com Elmano Ferrer (PP-PI); a terceira com Rog\u00e9rio Carvalho (PT-SE); e a quarta com Weverton Rocha (PDT-MA).<\/p>\n","protected":false},"excerpt":{"rendered":"<p>(JBCNEWS &#8211; DF) \u2014 Ap\u00f3s o MDB abandonar a candidatura de Simone Tebet (MS) \u00e0 presid\u00eancia do Senado por um acordo com o DEM, o partido<span class=\"excerpt-hellip\"> [\u2026]<\/span><\/p>\n","protected":false},"author":1,"featured_media":2381,"comment_status":"open","ping_status":"open","sticky":false,"template":"","format":"standard","meta":{"footnotes":""},"categories":[20],"tags":[],"yoast_head":"<!-- This site is optimized with the Yoast SEO plugin v22.6 - https:\/\/yoast.com\/wordpress\/plugins\/seo\/ -->\n<title>Em vota\u00e7\u00e3o acirrada, MDB conquista vice-presid\u00eancia do Senado com novato na legenda - JBCNews<\/title>\n<meta name=\"robots\" content=\"index, follow, max-snippet:-1, max-image-preview:large, max-video-preview:-1\" \/>\n<link rel=\"canonical\" href=\"https:\/\/jbcnews.com.br\/index.php\/2021\/02\/04\/em-votacao-acirrada-mdb-conquista-vice-presidencia-do-senado-com-novato-na-legenda\/\" \/>\n<meta property=\"og:locale\" content=\"pt_BR\" \/>\n<meta property=\"og:type\" content=\"article\" \/>\n<meta property=\"og:title\" content=\"Em vota\u00e7\u00e3o acirrada, MDB conquista vice-presid\u00eancia do Senado com novato na legenda - JBCNews\" \/>\n<meta property=\"og:description\" content=\"(JBCNEWS &#8211; DF) \u2014 Ap\u00f3s o MDB abandonar a candidatura de Simone Tebet (MS) \u00e0 presid\u00eancia do Senado por um acordo com o DEM, o partido [\u2026]\" \/>\n<meta property=\"og:url\" content=\"https:\/\/jbcnews.com.br\/index.php\/2021\/02\/04\/em-votacao-acirrada-mdb-conquista-vice-presidencia-do-senado-com-novato-na-legenda\/\" \/>\n<meta property=\"og:site_name\" content=\"JBCNews\" \/>\n<meta property=\"article:published_time\" content=\"2021-02-04T22:52:36+00:00\" \/>\n<meta property=\"article:modified_time\" content=\"2021-02-04T22:52:38+00:00\" \/>\n<meta property=\"og:image\" content=\"https:\/\/jbcnews.com.br\/wp-content\/uploads\/2021\/02\/imagem-34.png\" \/>\n\t<meta property=\"og:image:width\" content=\"959\" \/>\n\t<meta property=\"og:image:height\" content=\"417\" \/>\n\t<meta property=\"og:image:type\" content=\"image\/png\" \/>\n<meta name=\"author\" content=\"admin\" \/>\n<meta name=\"twitter:card\" content=\"summary_large_image\" \/>\n<meta name=\"twitter:label1\" content=\"Escrito por\" \/>\n\t<meta name=\"twitter:data1\" content=\"admin\" \/>\n\t<meta name=\"twitter:label2\" content=\"Est. tempo de leitura\" \/>\n\t<meta name=\"twitter:data2\" content=\"4 minutos\" \/>\n<script type=\"application\/ld+json\" class=\"yoast-schema-graph\">{\"@context\":\"https:\/\/schema.org\",\"@graph\":[{\"@type\":\"WebPage\",\"@id\":\"https:\/\/jbcnews.com.br\/index.php\/2021\/02\/04\/em-votacao-acirrada-mdb-conquista-vice-presidencia-do-senado-com-novato-na-legenda\/\",\"url\":\"https:\/\/jbcnews.com.br\/index.php\/2021\/02\/04\/em-votacao-acirrada-mdb-conquista-vice-presidencia-do-senado-com-novato-na-legenda\/\",\"name\":\"Em vota\u00e7\u00e3o acirrada, MDB conquista vice-presid\u00eancia do Senado com novato na legenda - JBCNews\",\"isPartOf\":{\"@id\":\"https:\/\/jbcnews.com.br\/#website\"},\"primaryImageOfPage\":{\"@id\":\"https:\/\/jbcnews.com.br\/index.php\/2021\/02\/04\/em-votacao-acirrada-mdb-conquista-vice-presidencia-do-senado-com-novato-na-legenda\/#primaryimage\"},\"image\":{\"@id\":\"https:\/\/jbcnews.com.br\/index.php\/2021\/02\/04\/em-votacao-acirrada-mdb-conquista-vice-presidencia-do-senado-com-novato-na-legenda\/#primaryimage\"},\"thumbnailUrl\":\"https:\/\/jbcnews.com.br\/wp-content\/uploads\/2021\/02\/imagem-34.png\",\"datePublished\":\"2021-02-04T22:52:36+00:00\",\"dateModified\":\"2021-02-04T22:52:38+00:00\",\"author\":{\"@id\":\"https:\/\/jbcnews.com.br\/#\/schema\/person\/3b597ec20ccf92d0adc436057caf9bbe\"},\"breadcrumb\":{\"@id\":\"https:\/\/jbcnews.com.br\/index.php\/2021\/02\/04\/em-votacao-acirrada-mdb-conquista-vice-presidencia-do-senado-com-novato-na-legenda\/#breadcrumb\"},\"inLanguage\":\"pt-BR\",\"potentialAction\":[{\"@type\":\"ReadAction\",\"target\":[\"https:\/\/jbcnews.com.br\/index.php\/2021\/02\/04\/em-votacao-acirrada-mdb-conquista-vice-presidencia-do-senado-com-novato-na-legenda\/\"]}]},{\"@type\":\"ImageObject\",\"inLanguage\":\"pt-BR\",\"@id\":\"https:\/\/jbcnews.com.br\/index.php\/2021\/02\/04\/em-votacao-acirrada-mdb-conquista-vice-presidencia-do-senado-com-novato-na-legenda\/#primaryimage\",\"url\":\"https:\/\/jbcnews.com.br\/wp-content\/uploads\/2021\/02\/imagem-34.png\",\"contentUrl\":\"https:\/\/jbcnews.com.br\/wp-content\/uploads\/2021\/02\/imagem-34.png\",\"width\":959,\"height\":417},{\"@type\":\"BreadcrumbList\",\"@id\":\"https:\/\/jbcnews.com.br\/index.php\/2021\/02\/04\/em-votacao-acirrada-mdb-conquista-vice-presidencia-do-senado-com-novato-na-legenda\/#breadcrumb\",\"itemListElement\":[{\"@type\":\"ListItem\",\"position\":1,\"name\":\"In\u00edcio\",\"item\":\"https:\/\/jbcnews.com.br\/\"},{\"@type\":\"ListItem\",\"position\":2,\"name\":\"Em vota\u00e7\u00e3o acirrada, MDB conquista vice-presid\u00eancia do Senado com novato na legenda\"}]},{\"@type\":\"WebSite\",\"@id\":\"https:\/\/jbcnews.com.br\/#website\",\"url\":\"https:\/\/jbcnews.com.br\/\",\"name\":\"JBCNews\",\"description\":\"Comunica\u00e7\u00e3o e Cultura\",\"potentialAction\":[{\"@type\":\"SearchAction\",\"target\":{\"@type\":\"EntryPoint\",\"urlTemplate\":\"https:\/\/jbcnews.com.br\/?s={search_term_string}\"},\"query-input\":\"required name=search_term_string\"}],\"inLanguage\":\"pt-BR\"},{\"@type\":\"Person\",\"@id\":\"https:\/\/jbcnews.com.br\/#\/schema\/person\/3b597ec20ccf92d0adc436057caf9bbe\",\"name\":\"admin\",\"image\":{\"@type\":\"ImageObject\",\"inLanguage\":\"pt-BR\",\"@id\":\"https:\/\/jbcnews.com.br\/#\/schema\/person\/image\/\",\"url\":\"https:\/\/secure.gravatar.com\/avatar\/fe848d2435b65c3ed1cdd3a8e8f3bb2d?s=96&d=mm&r=g\",\"contentUrl\":\"https:\/\/secure.gravatar.com\/avatar\/fe848d2435b65c3ed1cdd3a8e8f3bb2d?s=96&d=mm&r=g\",\"caption\":\"admin\"},\"sameAs\":[\"https:\/\/jbcnews.com.br\"],\"url\":\"https:\/\/jbcnews.com.br\/index.php\/author\/jbcnews\/\"}]}<\/script>\n<!-- \/ Yoast SEO plugin. -->","yoast_head_json":{"title":"Em vota\u00e7\u00e3o acirrada, MDB conquista vice-presid\u00eancia do Senado com novato na legenda - JBCNews","robots":{"index":"index","follow":"follow","max-snippet":"max-snippet:-1","max-image-preview":"max-image-preview:large","max-video-preview":"max-video-preview:-1"},"canonical":"https:\/\/jbcnews.com.br\/index.php\/2021\/02\/04\/em-votacao-acirrada-mdb-conquista-vice-presidencia-do-senado-com-novato-na-legenda\/","og_locale":"pt_BR","og_type":"article","og_title":"Em vota\u00e7\u00e3o acirrada, MDB conquista vice-presid\u00eancia do Senado com novato na legenda - JBCNews","og_description":"(JBCNEWS &#8211; DF) \u2014 Ap\u00f3s o MDB abandonar a candidatura de Simone Tebet (MS) \u00e0 presid\u00eancia do Senado por um acordo com o DEM, o partido [\u2026]","og_url":"https:\/\/jbcnews.com.br\/index.php\/2021\/02\/04\/em-votacao-acirrada-mdb-conquista-vice-presidencia-do-senado-com-novato-na-legenda\/","og_site_name":"JBCNews","article_published_time":"2021-02-04T22:52:36+00:00","article_modified_time":"2021-02-04T22:52:38+00:00","og_image":[{"width":959,"height":417,"url":"https:\/\/jbcnews.com.br\/wp-content\/uploads\/2021\/02\/imagem-34.png","type":"image\/png"}],"author":"admin","twitter_card":"summary_large_image","twitter_misc":{"Escrito por":"admin","Est. tempo de leitura":"4 minutos"},"schema":{"@context":"https:\/\/schema.org","@graph":[{"@type":"WebPage","@id":"https:\/\/jbcnews.com.br\/index.php\/2021\/02\/04\/em-votacao-acirrada-mdb-conquista-vice-presidencia-do-senado-com-novato-na-legenda\/","url":"https:\/\/jbcnews.com.br\/index.php\/2021\/02\/04\/em-votacao-acirrada-mdb-conquista-vice-presidencia-do-senado-com-novato-na-legenda\/","name":"Em vota\u00e7\u00e3o acirrada, MDB conquista vice-presid\u00eancia do Senado com novato na legenda - JBCNews","isPartOf":{"@id":"https:\/\/jbcnews.com.br\/#website"},"primaryImageOfPage":{"@id":"https:\/\/jbcnews.com.br\/index.php\/2021\/02\/04\/em-votacao-acirrada-mdb-conquista-vice-presidencia-do-senado-com-novato-na-legenda\/#primaryimage"},"image":{"@id":"https:\/\/jbcnews.com.br\/index.php\/2021\/02\/04\/em-votacao-acirrada-mdb-conquista-vice-presidencia-do-senado-com-novato-na-legenda\/#primaryimage"},"thumbnailUrl":"https:\/\/jbcnews.com.br\/wp-content\/uploads\/2021\/02\/imagem-34.png","datePublished":"2021-02-04T22:52:36+00:00","dateModified":"2021-02-04T22:52:38+00:00","author":{"@id":"https:\/\/jbcnews.com.br\/#\/schema\/person\/3b597ec20ccf92d0adc436057caf9bbe"},"breadcrumb":{"@id":"https:\/\/jbcnews.com.br\/index.php\/2021\/02\/04\/em-votacao-acirrada-mdb-conquista-vice-presidencia-do-senado-com-novato-na-legenda\/#breadcrumb"},"inLanguage":"pt-BR","potentialAction":[{"@type":"ReadAction","target":["https:\/\/jbcnews.com.br\/index.php\/2021\/02\/04\/em-votacao-acirrada-mdb-conquista-vice-presidencia-do-senado-com-novato-na-legenda\/"]}]},{"@type":"ImageObject","inLanguage":"pt-BR","@id":"https:\/\/jbcnews.com.br\/index.php\/2021\/02\/04\/em-votacao-acirrada-mdb-conquista-vice-presidencia-do-senado-com-novato-na-legenda\/#primaryimage","url":"https:\/\/jbcnews.com.br\/wp-content\/uploads\/2021\/02\/imagem-34.png","contentUrl":"https:\/\/jbcnews.com.br\/wp-content\/uploads\/2021\/02\/imagem-34.png","width":959,"height":417},{"@type":"BreadcrumbList","@id":"https:\/\/jbcnews.com.br\/index.php\/2021\/02\/04\/em-votacao-acirrada-mdb-conquista-vice-presidencia-do-senado-com-novato-na-legenda\/#breadcrumb","itemListElement":[{"@type":"ListItem","position":1,"name":"In\u00edcio","item":"https:\/\/jbcnews.com.br\/"},{"@type":"ListItem","position":2,"name":"Em vota\u00e7\u00e3o acirrada, MDB conquista vice-presid\u00eancia do Senado com novato na legenda"}]},{"@type":"WebSite","@id":"https:\/\/jbcnews.com.br\/#website","url":"https:\/\/jbcnews.com.br\/","name":"JBCNews","description":"Comunica\u00e7\u00e3o e Cultura","potentialAction":[{"@type":"SearchAction","target":{"@type":"EntryPoint","urlTemplate":"https:\/\/jbcnews.com.br\/?s={search_term_string}"},"query-input":"required name=search_term_string"}],"inLanguage":"pt-BR"},{"@type":"Person","@id":"https:\/\/jbcnews.com.br\/#\/schema\/person\/3b597ec20ccf92d0adc436057caf9bbe","name":"admin","image":{"@type":"ImageObject","inLanguage":"pt-BR","@id":"https:\/\/jbcnews.com.br\/#\/schema\/person\/image\/","url":"https:\/\/secure.gravatar.com\/avatar\/fe848d2435b65c3ed1cdd3a8e8f3bb2d?s=96&d=mm&r=g","contentUrl":"https:\/\/secure.gravatar.com\/avatar\/fe848d2435b65c3ed1cdd3a8e8f3bb2d?s=96&d=mm&r=g","caption":"admin"},"sameAs":["https:\/\/jbcnews.com.br"],"url":"https:\/\/jbcnews.com.br\/index.php\/author\/jbcnews\/"}]}},"_links":{"self":[{"href":"https:\/\/jbcnews.com.br\/index.php\/wp-json\/wp\/v2\/posts\/2380"}],"collection":[{"href":"https:\/\/jbcnews.com.br\/index.php\/wp-json\/wp\/v2\/posts"}],"about":[{"href":"https:\/\/jbcnews.com.br\/index.php\/wp-json\/wp\/v2\/types\/post"}],"author":[{"embeddable":true,"href":"https:\/\/jbcnews.com.br\/index.php\/wp-json\/wp\/v2\/users\/1"}],"replies":[{"embeddable":true,"href":"https:\/\/jbcnews.com.br\/index.php\/wp-json\/wp\/v2\/comments?post=2380"}],"version-history":[{"count":1,"href":"https:\/\/jbcnews.com.br\/index.php\/wp-json\/wp\/v2\/posts\/2380\/revisions"}],"predecessor-version":[{"id":2382,"href":"https:\/\/jbcnews.com.br\/index.php\/wp-json\/wp\/v2\/posts\/2380\/revisions\/2382"}],"wp:featuredmedia":[{"embeddable":true,"href":"https:\/\/jbcnews.com.br\/index.php\/wp-json\/wp\/v2\/media\/2381"}],"wp:attachment":[{"href":"https:\/\/jbcnews.com.br\/index.php\/wp-json\/wp\/v2\/media?parent=2380"}],"wp:term":[{"taxonomy":"category","embeddable":true,"href":"https:\/\/jbcnews.com.br\/index.php\/wp-json\/wp\/v2\/categories?post=2380"},{"taxonomy":"post_tag","embeddable":true,"href":"https:\/\/jbcnews.com.br\/index.php\/wp-json\/wp\/v2\/tags?post=2380"}],"curies":[{"name":"wp","href":"https:\/\/api.w.org\/{rel}","templated":true}]}}