{"id":2356,"date":"2021-02-04T20:02:51","date_gmt":"2021-02-04T20:02:51","guid":{"rendered":"https:\/\/jbcnews.com.br\/?p=2356"},"modified":"2021-05-07T16:40:08","modified_gmt":"2021-05-07T16:40:08","slug":"implosao-do-dem-afeta-tabuleiro-da-candidatura-de-doria-em-2022","status":"publish","type":"post","link":"https:\/\/jbcnews.com.br\/index.php\/2021\/02\/04\/implosao-do-dem-afeta-tabuleiro-da-candidatura-de-doria-em-2022\/","title":{"rendered":"Implos\u00e3o do DEM afeta tabuleiro da candidatura de Doria em 2022"},"content":{"rendered":"\n<p>(JBCNEWS &#8211; DF) &#8211; A implos\u00e3o do DEM \u00e0s v\u00e9speras da elei\u00e7\u00e3o para o comando do Congresso afetou diretamente o tabuleiro dos estrategistas da prov\u00e1vel candidatura do governador Jo\u00e3o Doria (PSDB-SP) \u00e0 Presid\u00eancia em 2022.<\/p>\n\n\n\n<p>Um dos primeiros efeitos da crise poder\u00e1 ser a migra\u00e7\u00e3o do deputado Rodrigo Maia (DEM-RJ) para o tucanato, j\u00e1 que sua perman\u00eancia no DEM presidido pelo prefeito de Salvador, ACM Neto, \u00e9 vista como invi\u00e1vel.<\/p>\n\n\n\n<p>Os dois pol\u00edticos romperam em torno da elei\u00e7\u00e3o do sucessor de Maia como presidente da C\u00e2mara. ACM Neto preferiu liberar a bancada do partido para apoiar o candidato de Jair Bolsonaro, Arthur Lira (PP-AL), em detrimento ao nome de Maia, Baleia Rossi (MDB-SP).<\/p>\n\n\n\n<p>A ida de Maia para o PSDB j\u00e1 est\u00e1 em discuss\u00e3o. Ele e Doria formaram uma alian\u00e7a pr\u00f3xima nos dois \u00faltimos anos. Aliados de ambos viram no gesto de ACM Neto apenas o interesse imediato do baiano, que \u00e9 o de ter uma alian\u00e7a forte para tentar tirar o PT do governo de seu estado no ano que vem.<\/p>\n\n\n\n<p>O impacto para Doria n\u00e3o \u00e9 desprez\u00edvel. Ele e Maia haviam articulado, desde meados do ano passado, uma uni\u00e3o entre seus partidos e o MDB visando construir a frente para disputar com Bolsonaro, presumivelmente com o tucano na cabe\u00e7a.<\/p>\n\n\n\n<p>DEM e MDB deixaram o bloco do centr\u00e3o na C\u00e2mara e, na elei\u00e7\u00e3o para prefeitura paulistana, estiveram juntos com Bruno Covas (PSDB) -os emedebistas levaram a vaga de vice na chapa vencedora inclusive.<\/p>\n\n\n\n<p>No governo estadual, o DEM tem o vice de Doria, Rodrigo Garcia, e a promessa de que ele ser\u00e1 o candidato no ano que vem.<\/p>\n\n\n\n<p>Num primeiro momento, diz um interlocutor do governador, o racha do DEM bagun\u00e7ou todo o cen\u00e1rio. O partido agora dever\u00e1 se integrar ainda mais ao governo Bolsonaro, e a ideia de que iria de Doria ou tentaria promover um nome como Luciano Huck parece distante.<\/p>\n\n\n\n<p>H\u00e1 uma quest\u00e3o adicional: o vice-governador paulista tamb\u00e9m tende a deixar o seu partido num cen\u00e1rio de guerra civil aberta no DEM. Uma eventual ida dele ao PSDB resolveria a queixa no tucanato com a prevista perda da titularidade, caso o grupo ven\u00e7a a elei\u00e7\u00e3o paulista no ano que vem.<\/p>\n\n\n\n<p>Um outro aliado de Doria acredita, contudo, que h\u00e1 um efeito secund\u00e1rio que pode beneficiar a oposi\u00e7\u00e3o. Tal implos\u00e3o adiantou o rel\u00f3gio da disputa presidencial, que come\u00e7aria a bater mais forte no meio do segundo semestre.<\/p>\n\n\n\n<p>Ele v\u00ea a possibilidade de uma acelera\u00e7\u00e3o do processo de aglutina\u00e7\u00e3o de for\u00e7as, dentro e fora do Congresso, devido \u00e0 leitura de que o agravamento da crise sanit\u00e1ria e econ\u00f4mica na pandemia seguir\u00e1 cobrando popularidade de Bolsonaro.<\/p>\n\n\n\n<p>O movimento tamb\u00e9m dever\u00e1 ter implica\u00e7\u00f5es diretas dentro do PSDB. O grupo da chamada velha guarda, organizado em torno do ex-presidente Fernando Henrique Cardoso, considera o deputado A\u00e9cio Neves (MG) o l\u00edder da divis\u00e3o da bancada federal.<\/p>\n\n\n\n<p>A\u00e9cio contava mais de 15 dos 31 votos tucanos para Lira, apesar do apoio formal a Baleia. Na noite de domingo (31), houve um movimento para inclusive retirar a presen\u00e7a do PSDB na chapa do MDB, mas ele foi abortado na manh\u00e3 de segunda por a\u00e7\u00e3o direta de Doria junto \u00e0 bancada.<\/p>\n\n\n\n<p>O pr\u00f3ximo passo dever\u00e1 ser um expurgo nos quadros tucanos, a come\u00e7ar por aqueles que est\u00e3o na mira da Justi\u00e7a, como \u00e9 o caso de A\u00e9cio.<\/p>\n\n\n\n<p>No c\u00e1lculo dos aliados de Doria, esse processo seria virtuoso em favor da frente contra Bolsonaro. Um dirigente do centr\u00e3o tem uma avalia\u00e7\u00e3o diferente: acredita que ACM Neto conseguiu, de uma s\u00f3 vez, desestruturar o DEM e o PSDB.<\/p>\n","protected":false},"excerpt":{"rendered":"<p>(JBCNEWS &#8211; DF) &#8211; A implos\u00e3o do DEM \u00e0s v\u00e9speras da elei\u00e7\u00e3o para o comando do Congresso afetou diretamente o tabuleiro dos estrategistas da prov\u00e1vel candidatura<span class=\"excerpt-hellip\"> [\u2026]<\/span><\/p>\n","protected":false},"author":1,"featured_media":2357,"comment_status":"open","ping_status":"open","sticky":false,"template":"","format":"standard","meta":{"footnotes":""},"categories":[20],"tags":[],"yoast_head":"<!-- This site is optimized with the Yoast SEO plugin v22.6 - https:\/\/yoast.com\/wordpress\/plugins\/seo\/ -->\n<title>Implos\u00e3o do DEM afeta tabuleiro da candidatura de Doria em 2022 - JBCNews<\/title>\n<meta name=\"robots\" content=\"index, follow, max-snippet:-1, max-image-preview:large, max-video-preview:-1\" \/>\n<link rel=\"canonical\" href=\"https:\/\/jbcnews.com.br\/index.php\/2021\/02\/04\/implosao-do-dem-afeta-tabuleiro-da-candidatura-de-doria-em-2022\/\" \/>\n<meta property=\"og:locale\" content=\"pt_BR\" \/>\n<meta property=\"og:type\" content=\"article\" \/>\n<meta property=\"og:title\" content=\"Implos\u00e3o do DEM afeta tabuleiro da candidatura de Doria em 2022 - JBCNews\" \/>\n<meta property=\"og:description\" content=\"(JBCNEWS &#8211; DF) &#8211; A implos\u00e3o do DEM \u00e0s v\u00e9speras da elei\u00e7\u00e3o para o comando do Congresso afetou diretamente o tabuleiro dos estrategistas da prov\u00e1vel candidatura [\u2026]\" \/>\n<meta property=\"og:url\" content=\"https:\/\/jbcnews.com.br\/index.php\/2021\/02\/04\/implosao-do-dem-afeta-tabuleiro-da-candidatura-de-doria-em-2022\/\" \/>\n<meta property=\"og:site_name\" content=\"JBCNews\" \/>\n<meta property=\"article:published_time\" content=\"2021-02-04T20:02:51+00:00\" \/>\n<meta property=\"article:modified_time\" content=\"2021-05-07T16:40:08+00:00\" \/>\n<meta property=\"og:image\" content=\"https:\/\/jbcnews.com.br\/wp-content\/uploads\/2021\/02\/imagem-28.png\" \/>\n\t<meta property=\"og:image:width\" content=\"959\" \/>\n\t<meta property=\"og:image:height\" content=\"640\" \/>\n\t<meta property=\"og:image:type\" content=\"image\/png\" \/>\n<meta name=\"author\" content=\"admin\" \/>\n<meta name=\"twitter:card\" content=\"summary_large_image\" \/>\n<meta name=\"twitter:label1\" content=\"Escrito por\" \/>\n\t<meta name=\"twitter:data1\" content=\"admin\" \/>\n\t<meta name=\"twitter:label2\" content=\"Est. tempo de leitura\" \/>\n\t<meta name=\"twitter:data2\" content=\"3 minutos\" \/>\n<script type=\"application\/ld+json\" class=\"yoast-schema-graph\">{\"@context\":\"https:\/\/schema.org\",\"@graph\":[{\"@type\":\"WebPage\",\"@id\":\"https:\/\/jbcnews.com.br\/index.php\/2021\/02\/04\/implosao-do-dem-afeta-tabuleiro-da-candidatura-de-doria-em-2022\/\",\"url\":\"https:\/\/jbcnews.com.br\/index.php\/2021\/02\/04\/implosao-do-dem-afeta-tabuleiro-da-candidatura-de-doria-em-2022\/\",\"name\":\"Implos\u00e3o do DEM afeta tabuleiro da candidatura de Doria em 2022 - JBCNews\",\"isPartOf\":{\"@id\":\"https:\/\/jbcnews.com.br\/#website\"},\"primaryImageOfPage\":{\"@id\":\"https:\/\/jbcnews.com.br\/index.php\/2021\/02\/04\/implosao-do-dem-afeta-tabuleiro-da-candidatura-de-doria-em-2022\/#primaryimage\"},\"image\":{\"@id\":\"https:\/\/jbcnews.com.br\/index.php\/2021\/02\/04\/implosao-do-dem-afeta-tabuleiro-da-candidatura-de-doria-em-2022\/#primaryimage\"},\"thumbnailUrl\":\"https:\/\/jbcnews.com.br\/wp-content\/uploads\/2021\/02\/imagem-28.png\",\"datePublished\":\"2021-02-04T20:02:51+00:00\",\"dateModified\":\"2021-05-07T16:40:08+00:00\",\"author\":{\"@id\":\"https:\/\/jbcnews.com.br\/#\/schema\/person\/3b597ec20ccf92d0adc436057caf9bbe\"},\"breadcrumb\":{\"@id\":\"https:\/\/jbcnews.com.br\/index.php\/2021\/02\/04\/implosao-do-dem-afeta-tabuleiro-da-candidatura-de-doria-em-2022\/#breadcrumb\"},\"inLanguage\":\"pt-BR\",\"potentialAction\":[{\"@type\":\"ReadAction\",\"target\":[\"https:\/\/jbcnews.com.br\/index.php\/2021\/02\/04\/implosao-do-dem-afeta-tabuleiro-da-candidatura-de-doria-em-2022\/\"]}]},{\"@type\":\"ImageObject\",\"inLanguage\":\"pt-BR\",\"@id\":\"https:\/\/jbcnews.com.br\/index.php\/2021\/02\/04\/implosao-do-dem-afeta-tabuleiro-da-candidatura-de-doria-em-2022\/#primaryimage\",\"url\":\"https:\/\/jbcnews.com.br\/wp-content\/uploads\/2021\/02\/imagem-28.png\",\"contentUrl\":\"https:\/\/jbcnews.com.br\/wp-content\/uploads\/2021\/02\/imagem-28.png\",\"width\":959,\"height\":640},{\"@type\":\"BreadcrumbList\",\"@id\":\"https:\/\/jbcnews.com.br\/index.php\/2021\/02\/04\/implosao-do-dem-afeta-tabuleiro-da-candidatura-de-doria-em-2022\/#breadcrumb\",\"itemListElement\":[{\"@type\":\"ListItem\",\"position\":1,\"name\":\"In\u00edcio\",\"item\":\"https:\/\/jbcnews.com.br\/\"},{\"@type\":\"ListItem\",\"position\":2,\"name\":\"Implos\u00e3o do DEM afeta tabuleiro da candidatura de Doria em 2022\"}]},{\"@type\":\"WebSite\",\"@id\":\"https:\/\/jbcnews.com.br\/#website\",\"url\":\"https:\/\/jbcnews.com.br\/\",\"name\":\"JBCNews\",\"description\":\"Comunica\u00e7\u00e3o e Cultura\",\"potentialAction\":[{\"@type\":\"SearchAction\",\"target\":{\"@type\":\"EntryPoint\",\"urlTemplate\":\"https:\/\/jbcnews.com.br\/?s={search_term_string}\"},\"query-input\":\"required name=search_term_string\"}],\"inLanguage\":\"pt-BR\"},{\"@type\":\"Person\",\"@id\":\"https:\/\/jbcnews.com.br\/#\/schema\/person\/3b597ec20ccf92d0adc436057caf9bbe\",\"name\":\"admin\",\"image\":{\"@type\":\"ImageObject\",\"inLanguage\":\"pt-BR\",\"@id\":\"https:\/\/jbcnews.com.br\/#\/schema\/person\/image\/\",\"url\":\"https:\/\/secure.gravatar.com\/avatar\/fe848d2435b65c3ed1cdd3a8e8f3bb2d?s=96&d=mm&r=g\",\"contentUrl\":\"https:\/\/secure.gravatar.com\/avatar\/fe848d2435b65c3ed1cdd3a8e8f3bb2d?s=96&d=mm&r=g\",\"caption\":\"admin\"},\"sameAs\":[\"https:\/\/jbcnews.com.br\"],\"url\":\"https:\/\/jbcnews.com.br\/index.php\/author\/jbcnews\/\"}]}<\/script>\n<!-- \/ Yoast SEO plugin. -->","yoast_head_json":{"title":"Implos\u00e3o do DEM afeta tabuleiro da candidatura de Doria em 2022 - JBCNews","robots":{"index":"index","follow":"follow","max-snippet":"max-snippet:-1","max-image-preview":"max-image-preview:large","max-video-preview":"max-video-preview:-1"},"canonical":"https:\/\/jbcnews.com.br\/index.php\/2021\/02\/04\/implosao-do-dem-afeta-tabuleiro-da-candidatura-de-doria-em-2022\/","og_locale":"pt_BR","og_type":"article","og_title":"Implos\u00e3o do DEM afeta tabuleiro da candidatura de Doria em 2022 - JBCNews","og_description":"(JBCNEWS &#8211; DF) &#8211; A implos\u00e3o do DEM \u00e0s v\u00e9speras da elei\u00e7\u00e3o para o comando do Congresso afetou diretamente o tabuleiro dos estrategistas da prov\u00e1vel candidatura [\u2026]","og_url":"https:\/\/jbcnews.com.br\/index.php\/2021\/02\/04\/implosao-do-dem-afeta-tabuleiro-da-candidatura-de-doria-em-2022\/","og_site_name":"JBCNews","article_published_time":"2021-02-04T20:02:51+00:00","article_modified_time":"2021-05-07T16:40:08+00:00","og_image":[{"width":959,"height":640,"url":"https:\/\/jbcnews.com.br\/wp-content\/uploads\/2021\/02\/imagem-28.png","type":"image\/png"}],"author":"admin","twitter_card":"summary_large_image","twitter_misc":{"Escrito por":"admin","Est. tempo de leitura":"3 minutos"},"schema":{"@context":"https:\/\/schema.org","@graph":[{"@type":"WebPage","@id":"https:\/\/jbcnews.com.br\/index.php\/2021\/02\/04\/implosao-do-dem-afeta-tabuleiro-da-candidatura-de-doria-em-2022\/","url":"https:\/\/jbcnews.com.br\/index.php\/2021\/02\/04\/implosao-do-dem-afeta-tabuleiro-da-candidatura-de-doria-em-2022\/","name":"Implos\u00e3o do DEM afeta tabuleiro da candidatura de Doria em 2022 - JBCNews","isPartOf":{"@id":"https:\/\/jbcnews.com.br\/#website"},"primaryImageOfPage":{"@id":"https:\/\/jbcnews.com.br\/index.php\/2021\/02\/04\/implosao-do-dem-afeta-tabuleiro-da-candidatura-de-doria-em-2022\/#primaryimage"},"image":{"@id":"https:\/\/jbcnews.com.br\/index.php\/2021\/02\/04\/implosao-do-dem-afeta-tabuleiro-da-candidatura-de-doria-em-2022\/#primaryimage"},"thumbnailUrl":"https:\/\/jbcnews.com.br\/wp-content\/uploads\/2021\/02\/imagem-28.png","datePublished":"2021-02-04T20:02:51+00:00","dateModified":"2021-05-07T16:40:08+00:00","author":{"@id":"https:\/\/jbcnews.com.br\/#\/schema\/person\/3b597ec20ccf92d0adc436057caf9bbe"},"breadcrumb":{"@id":"https:\/\/jbcnews.com.br\/index.php\/2021\/02\/04\/implosao-do-dem-afeta-tabuleiro-da-candidatura-de-doria-em-2022\/#breadcrumb"},"inLanguage":"pt-BR","potentialAction":[{"@type":"ReadAction","target":["https:\/\/jbcnews.com.br\/index.php\/2021\/02\/04\/implosao-do-dem-afeta-tabuleiro-da-candidatura-de-doria-em-2022\/"]}]},{"@type":"ImageObject","inLanguage":"pt-BR","@id":"https:\/\/jbcnews.com.br\/index.php\/2021\/02\/04\/implosao-do-dem-afeta-tabuleiro-da-candidatura-de-doria-em-2022\/#primaryimage","url":"https:\/\/jbcnews.com.br\/wp-content\/uploads\/2021\/02\/imagem-28.png","contentUrl":"https:\/\/jbcnews.com.br\/wp-content\/uploads\/2021\/02\/imagem-28.png","width":959,"height":640},{"@type":"BreadcrumbList","@id":"https:\/\/jbcnews.com.br\/index.php\/2021\/02\/04\/implosao-do-dem-afeta-tabuleiro-da-candidatura-de-doria-em-2022\/#breadcrumb","itemListElement":[{"@type":"ListItem","position":1,"name":"In\u00edcio","item":"https:\/\/jbcnews.com.br\/"},{"@type":"ListItem","position":2,"name":"Implos\u00e3o do DEM afeta tabuleiro da candidatura de Doria em 2022"}]},{"@type":"WebSite","@id":"https:\/\/jbcnews.com.br\/#website","url":"https:\/\/jbcnews.com.br\/","name":"JBCNews","description":"Comunica\u00e7\u00e3o e Cultura","potentialAction":[{"@type":"SearchAction","target":{"@type":"EntryPoint","urlTemplate":"https:\/\/jbcnews.com.br\/?s={search_term_string}"},"query-input":"required name=search_term_string"}],"inLanguage":"pt-BR"},{"@type":"Person","@id":"https:\/\/jbcnews.com.br\/#\/schema\/person\/3b597ec20ccf92d0adc436057caf9bbe","name":"admin","image":{"@type":"ImageObject","inLanguage":"pt-BR","@id":"https:\/\/jbcnews.com.br\/#\/schema\/person\/image\/","url":"https:\/\/secure.gravatar.com\/avatar\/fe848d2435b65c3ed1cdd3a8e8f3bb2d?s=96&d=mm&r=g","contentUrl":"https:\/\/secure.gravatar.com\/avatar\/fe848d2435b65c3ed1cdd3a8e8f3bb2d?s=96&d=mm&r=g","caption":"admin"},"sameAs":["https:\/\/jbcnews.com.br"],"url":"https:\/\/jbcnews.com.br\/index.php\/author\/jbcnews\/"}]}},"_links":{"self":[{"href":"https:\/\/jbcnews.com.br\/index.php\/wp-json\/wp\/v2\/posts\/2356"}],"collection":[{"href":"https:\/\/jbcnews.com.br\/index.php\/wp-json\/wp\/v2\/posts"}],"about":[{"href":"https:\/\/jbcnews.com.br\/index.php\/wp-json\/wp\/v2\/types\/post"}],"author":[{"embeddable":true,"href":"https:\/\/jbcnews.com.br\/index.php\/wp-json\/wp\/v2\/users\/1"}],"replies":[{"embeddable":true,"href":"https:\/\/jbcnews.com.br\/index.php\/wp-json\/wp\/v2\/comments?post=2356"}],"version-history":[{"count":1,"href":"https:\/\/jbcnews.com.br\/index.php\/wp-json\/wp\/v2\/posts\/2356\/revisions"}],"predecessor-version":[{"id":2358,"href":"https:\/\/jbcnews.com.br\/index.php\/wp-json\/wp\/v2\/posts\/2356\/revisions\/2358"}],"wp:featuredmedia":[{"embeddable":true,"href":"https:\/\/jbcnews.com.br\/index.php\/wp-json\/wp\/v2\/media\/2357"}],"wp:attachment":[{"href":"https:\/\/jbcnews.com.br\/index.php\/wp-json\/wp\/v2\/media?parent=2356"}],"wp:term":[{"taxonomy":"category","embeddable":true,"href":"https:\/\/jbcnews.com.br\/index.php\/wp-json\/wp\/v2\/categories?post=2356"},{"taxonomy":"post_tag","embeddable":true,"href":"https:\/\/jbcnews.com.br\/index.php\/wp-json\/wp\/v2\/tags?post=2356"}],"curies":[{"name":"wp","href":"https:\/\/api.w.org\/{rel}","templated":true}]}}