{"id":2349,"date":"2021-02-04T19:24:12","date_gmt":"2021-02-04T19:24:12","guid":{"rendered":"https:\/\/jbcnews.com.br\/?p=2349"},"modified":"2021-05-07T16:40:58","modified_gmt":"2021-05-07T16:40:58","slug":"qual-o-balanco-da-gestao-de-maia-e-o-que-muda-com-a-presidencia-de-lira-na-camara","status":"publish","type":"post","link":"https:\/\/jbcnews.com.br\/index.php\/2021\/02\/04\/qual-o-balanco-da-gestao-de-maia-e-o-que-muda-com-a-presidencia-de-lira-na-camara\/","title":{"rendered":"Qual o balan\u00e7o da gest\u00e3o de Maia e o que muda com a presid\u00eancia de Lira na C\u00e2mara"},"content":{"rendered":"\n<p>Presidente da C\u00e2mara dos Deputados desde 2016,\u00a0<strong>Rodrigo Maia<\/strong>\u00a0(DEM)-RJ) encerrou seu mandato em 1\u00ba de fevereiro com derrota na tentativa de eleger seu sucessor. Mais que isso, foi abandonado pelo pr\u00f3prio partido no bloco &#8211; capitaneado por Maia &#8211; de apoio a\u00a0<strong>Baleia Rossi\u00a0<\/strong>(MDB-SP), para a presid\u00eancia da C\u00e2mara.<\/p>\n\n\n\n<p>O fracasso do grupo foi creditado a ele, em parte porque demorou para escolher o candidato do bloco, na esperan\u00e7a de que o Supremo Tribunal Federal (STF) autorizasse um poss\u00edvel terceiro mandato. Por outro lado, o presidente\u00a0<strong>Jair Bolsonaro<\/strong>\u00a0se empenhou pessoalmente em derrotar Maia e ofereceu cargos e libera\u00e7\u00e3o de emendas em troca do apoio a\u00a0<strong>Arthur Lira<\/strong>\u00a0(PP-AL), seu candidato preferido.<\/p>\n\n\n\n<p>Com a decis\u00e3o do DEM de deixar o bloco de apoio a Baleia Rossi, Rodrigo Maia afirmou que sua perman\u00eancia na legenda \u00e9 &#8220;insustent\u00e1vel&#8221; e deve se desfiliar do partido.<\/p>\n\n\n\n<p><strong>AGENDA<\/strong>&nbsp;LIBERAL<\/p>\n\n\n\n<p>O ex-comandante da C\u00e2mara est\u00e1 em seu sexto mandato consecutivo como deputado federal. Filho do ex-prefeito do Rio Cesar Maia &#8211; hoje vereador na capital fluminense -, ele venceu a elei\u00e7\u00e3o para a presid\u00eancia da Casa em julho de 2016, para um mandato tamp\u00e3o de seis meses.<\/p>\n\n\n\n<p>O ent\u00e3o presidente, deputado Eduardo Cunha (MDB-RJ), renunciou ao cargo por envolvimento em esc\u00e2ndalos de corrup\u00e7\u00e3o revelados pela Opera\u00e7\u00e3o Lava Jato. Dilma Roussef j\u00e1 havia sido afastada do cargo e Michel Temer comandava o pa\u00eds interinamente.<\/p>\n\n\n\n<p>Apesar de a Constitui\u00e7\u00e3o proibir reelei\u00e7\u00e3o para a presid\u00eancia da C\u00e2mara no meio da legislatura, Maia argumentou que era um mandato tamp\u00e3o, e o Supremo acatou a justificativa na \u00e9poca.<\/p>\n\n\n\n<p>Desde o in\u00edcio de seu comando, ele foi um grande defensor da agenda liberal na economia.<\/p>\n\n\n\n<p>No mandato de Temer, Rodrigo Maia comandou as vota\u00e7\u00f5es dos projetos do teto de gastos, reforma trabalhista e terceiriza\u00e7\u00e3o de trabalho nas empresas.<\/p>\n\n\n\n<p>Sob seu comando, o plen\u00e1rio da C\u00e2mara tamb\u00e9m barrou duas vezes o prosseguimento de den\u00fancias criminais contra o presidente no caso JBS.<\/p>\n\n\n\n<p>J\u00e1 no governo de Jair Bolsonaro, diante da falta de articula\u00e7\u00e3o pol\u00edtica do Planalto, foi Maia quem comandou as negocia\u00e7\u00f5es pela aprova\u00e7\u00e3o da reforma da previd\u00eancia em 2019.<\/p>\n\n\n\n<p>Como presidente da C\u00e2mara tamb\u00e9m conseguiu aprovar o pagamento do aux\u00edlio emergencial pago \u00e0 popula\u00e7\u00e3o mais pobre durante a pandemia. O governo sequer apresentou projeto para o benef\u00edcio.<\/p>\n\n\n\n<p>Embora tenha criticado a\u00e7\u00f5es e declara\u00e7\u00f5es de Bolsonaro, as rea\u00e7\u00f5es do ex-presidente da C\u00e2mara n\u00e3o passaram de notas de rep\u00fadio. Se de um lado foi cobrado pela abertura de processo de impeachment contra o presidente da Rep\u00fablica, por outro, analistas admitem que n\u00e3o existia apoio popular nem parlamentar suficiente para o afastamento.<\/p>\n\n\n\n<h2 class=\"wp-block-heading\">DONO DA PAUTA<\/h2>\n\n\n\n<p>Um dado interessante apresentado pela cientista pol\u00edtica e p\u00f3s-doutora em Comunica\u00e7\u00e3o<\/p>\n\n\n\n<p>Deysi Cioccari \u00e9 que Jair Bolsonaro \u00e9 o segundo presidente com o maior n\u00famero de medidas provis\u00f3rias caducadas, ou seja, que perderam a validade sem vota\u00e7\u00e3o no Congresso. \u00c9 o presidente da C\u00e2mara quem coloca essas medidas na pauta de vota\u00e7\u00f5es.<\/p>\n\n\n\n<p>Segundo Cioccari, dois fatores contribu\u00edram para esse dado: a falta de habilidade pol\u00edtica de Bolsonaro e o protagonismo de Maia.<\/p>\n\n\n\n<p>&#8220;As medidas perdem a validade porque n\u00e3o v\u00e3o para frente, porque o presidente n\u00e3o negocia&#8221;. &#8220;E o poder de Rodrigo Maia que n\u00e3o coloca a vota\u00e7\u00e3o para frente, supondo que entenda que nem tudo \u00e9 t\u00e3o urgente e t\u00e3o relevante. N\u00e3o podemos deixar de considerar tamb\u00e9m o racha entre ele e o presidente&#8221;, afirma.<\/p>\n\n\n\n<p>Em segundo lugar, com mais MPs caducadas, ficou o ex-presidente Michel Temer.<\/p>\n\n\n\n<p>Coincidentemente, Rodrigo Maia era o presidente da C\u00e2mara nas duas gest\u00f5es.<\/p>\n\n\n\n<p>Deysi Cioccari, que \u00e9 professora da Faculdade C\u00e1sper L\u00edbero, em S\u00e3o Paulo, analisa que a gest\u00e3o de Rodrigo Maia na presid\u00eancia da C\u00e2mara foi marcada por sua habilidade na articula\u00e7\u00e3o.<\/p>\n\n\n\n<p>&#8220;Foi uma presid\u00eancia que exerceu influ\u00eancia sobre todos os deputados. Vale lembrar que ele chegou a conseguir votos inclusive do PT, na reelei\u00e7\u00e3o. Conseguiu costurar o arco mais amplo de apoio, com 15 partidos, incluindo o PSL, ent\u00e3o partido de Bolsonaro. Maia \u00e9 um excelente articulador, operador de bastidores. \u00c9 a pol\u00edtica de coaliz\u00e3o, mesmo&#8221;, afirma.<\/p>\n\n\n\n<p>Segundo ela, o deputado &#8220;levou ao p\u00e9 da letra&#8221; o presidencialismo de coaliz\u00e3o, &#8220;fazendo inclusive muitos cientistas pol\u00edticos a falarem que viv\u00edamos um parlamentarismo branco, devido a sua influ\u00eancia&#8221;.<\/p>\n\n\n\n<p>A avalia\u00e7\u00e3o de Deysi Cioccari \u00e9 de que o fracasso de Maia na disputa pela presid\u00eancia da C\u00e2mara representa uma &#8220;mudan\u00e7a bem dr\u00e1stica na conduta&#8221; da Casa.<\/p>\n\n\n\n<p>&#8220;A gente vai ver o Centr\u00e3o com uma for\u00e7a inimagin\u00e1vel. Com a sa\u00edda de Maia, Bolsonaro ganha uma base fort\u00edssima. Maia, apesar de tudo, sabia ouvir as vozes das ruas. Com Lira a hist\u00f3ria ser\u00e1 diferente. Acredito firmemente que retalia\u00e7\u00f5es voltar\u00e3o a ser algo escancarado na pol\u00edtica brasileira. Com todos os defeitos, Rodrigo Maia presidia a C\u00e2mara com di\u00e1logo. Lira imp\u00f5e o jeito turr\u00e3o de Bolsonaro&#8221;, finaliza.<\/p>\n","protected":false},"excerpt":{"rendered":"<p>Presidente da C\u00e2mara dos Deputados desde 2016,\u00a0Rodrigo Maia\u00a0(DEM)-RJ) encerrou seu mandato em 1\u00ba de fevereiro com derrota na tentativa de eleger seu sucessor. Mais que isso,<span class=\"excerpt-hellip\"> [\u2026]<\/span><\/p>\n","protected":false},"author":1,"featured_media":2350,"comment_status":"open","ping_status":"open","sticky":false,"template":"","format":"standard","meta":{"footnotes":""},"categories":[20],"tags":[17],"yoast_head":"<!-- This site is optimized with the Yoast SEO plugin v22.6 - https:\/\/yoast.com\/wordpress\/plugins\/seo\/ -->\n<title>Qual o balan\u00e7o da gest\u00e3o de Maia e o que muda com a presid\u00eancia de Lira na C\u00e2mara - JBCNews<\/title>\n<meta name=\"robots\" content=\"index, follow, max-snippet:-1, max-image-preview:large, max-video-preview:-1\" \/>\n<link rel=\"canonical\" href=\"https:\/\/jbcnews.com.br\/index.php\/2021\/02\/04\/qual-o-balanco-da-gestao-de-maia-e-o-que-muda-com-a-presidencia-de-lira-na-camara\/\" \/>\n<meta property=\"og:locale\" content=\"pt_BR\" \/>\n<meta property=\"og:type\" content=\"article\" \/>\n<meta property=\"og:title\" content=\"Qual o balan\u00e7o da gest\u00e3o de Maia e o que muda com a presid\u00eancia de Lira na C\u00e2mara - JBCNews\" \/>\n<meta property=\"og:description\" content=\"Presidente da C\u00e2mara dos Deputados desde 2016,\u00a0Rodrigo Maia\u00a0(DEM)-RJ) encerrou seu mandato em 1\u00ba de fevereiro com derrota na tentativa de eleger seu sucessor. Mais que isso, [\u2026]\" \/>\n<meta property=\"og:url\" content=\"https:\/\/jbcnews.com.br\/index.php\/2021\/02\/04\/qual-o-balanco-da-gestao-de-maia-e-o-que-muda-com-a-presidencia-de-lira-na-camara\/\" \/>\n<meta property=\"og:site_name\" content=\"JBCNews\" \/>\n<meta property=\"article:published_time\" content=\"2021-02-04T19:24:12+00:00\" \/>\n<meta property=\"article:modified_time\" content=\"2021-05-07T16:40:58+00:00\" \/>\n<meta property=\"og:image\" content=\"https:\/\/jbcnews.com.br\/wp-content\/uploads\/2021\/02\/imagem-26.png\" \/>\n\t<meta property=\"og:image:width\" content=\"959\" \/>\n\t<meta property=\"og:image:height\" content=\"436\" \/>\n\t<meta property=\"og:image:type\" content=\"image\/png\" \/>\n<meta name=\"author\" content=\"admin\" \/>\n<meta name=\"twitter:card\" content=\"summary_large_image\" \/>\n<meta name=\"twitter:label1\" content=\"Escrito por\" \/>\n\t<meta name=\"twitter:data1\" content=\"admin\" \/>\n\t<meta name=\"twitter:label2\" content=\"Est. tempo de leitura\" \/>\n\t<meta name=\"twitter:data2\" content=\"4 minutos\" \/>\n<script type=\"application\/ld+json\" class=\"yoast-schema-graph\">{\"@context\":\"https:\/\/schema.org\",\"@graph\":[{\"@type\":\"WebPage\",\"@id\":\"https:\/\/jbcnews.com.br\/index.php\/2021\/02\/04\/qual-o-balanco-da-gestao-de-maia-e-o-que-muda-com-a-presidencia-de-lira-na-camara\/\",\"url\":\"https:\/\/jbcnews.com.br\/index.php\/2021\/02\/04\/qual-o-balanco-da-gestao-de-maia-e-o-que-muda-com-a-presidencia-de-lira-na-camara\/\",\"name\":\"Qual o balan\u00e7o da gest\u00e3o de Maia e o que muda com a presid\u00eancia de Lira na C\u00e2mara - JBCNews\",\"isPartOf\":{\"@id\":\"https:\/\/jbcnews.com.br\/#website\"},\"primaryImageOfPage\":{\"@id\":\"https:\/\/jbcnews.com.br\/index.php\/2021\/02\/04\/qual-o-balanco-da-gestao-de-maia-e-o-que-muda-com-a-presidencia-de-lira-na-camara\/#primaryimage\"},\"image\":{\"@id\":\"https:\/\/jbcnews.com.br\/index.php\/2021\/02\/04\/qual-o-balanco-da-gestao-de-maia-e-o-que-muda-com-a-presidencia-de-lira-na-camara\/#primaryimage\"},\"thumbnailUrl\":\"https:\/\/jbcnews.com.br\/wp-content\/uploads\/2021\/02\/imagem-26.png\",\"datePublished\":\"2021-02-04T19:24:12+00:00\",\"dateModified\":\"2021-05-07T16:40:58+00:00\",\"author\":{\"@id\":\"https:\/\/jbcnews.com.br\/#\/schema\/person\/3b597ec20ccf92d0adc436057caf9bbe\"},\"breadcrumb\":{\"@id\":\"https:\/\/jbcnews.com.br\/index.php\/2021\/02\/04\/qual-o-balanco-da-gestao-de-maia-e-o-que-muda-com-a-presidencia-de-lira-na-camara\/#breadcrumb\"},\"inLanguage\":\"pt-BR\",\"potentialAction\":[{\"@type\":\"ReadAction\",\"target\":[\"https:\/\/jbcnews.com.br\/index.php\/2021\/02\/04\/qual-o-balanco-da-gestao-de-maia-e-o-que-muda-com-a-presidencia-de-lira-na-camara\/\"]}]},{\"@type\":\"ImageObject\",\"inLanguage\":\"pt-BR\",\"@id\":\"https:\/\/jbcnews.com.br\/index.php\/2021\/02\/04\/qual-o-balanco-da-gestao-de-maia-e-o-que-muda-com-a-presidencia-de-lira-na-camara\/#primaryimage\",\"url\":\"https:\/\/jbcnews.com.br\/wp-content\/uploads\/2021\/02\/imagem-26.png\",\"contentUrl\":\"https:\/\/jbcnews.com.br\/wp-content\/uploads\/2021\/02\/imagem-26.png\",\"width\":959,\"height\":436},{\"@type\":\"BreadcrumbList\",\"@id\":\"https:\/\/jbcnews.com.br\/index.php\/2021\/02\/04\/qual-o-balanco-da-gestao-de-maia-e-o-que-muda-com-a-presidencia-de-lira-na-camara\/#breadcrumb\",\"itemListElement\":[{\"@type\":\"ListItem\",\"position\":1,\"name\":\"In\u00edcio\",\"item\":\"https:\/\/jbcnews.com.br\/\"},{\"@type\":\"ListItem\",\"position\":2,\"name\":\"Qual o balan\u00e7o da gest\u00e3o de Maia e o que muda com a presid\u00eancia de Lira na C\u00e2mara\"}]},{\"@type\":\"WebSite\",\"@id\":\"https:\/\/jbcnews.com.br\/#website\",\"url\":\"https:\/\/jbcnews.com.br\/\",\"name\":\"JBCNews\",\"description\":\"Comunica\u00e7\u00e3o e Cultura\",\"potentialAction\":[{\"@type\":\"SearchAction\",\"target\":{\"@type\":\"EntryPoint\",\"urlTemplate\":\"https:\/\/jbcnews.com.br\/?s={search_term_string}\"},\"query-input\":\"required name=search_term_string\"}],\"inLanguage\":\"pt-BR\"},{\"@type\":\"Person\",\"@id\":\"https:\/\/jbcnews.com.br\/#\/schema\/person\/3b597ec20ccf92d0adc436057caf9bbe\",\"name\":\"admin\",\"image\":{\"@type\":\"ImageObject\",\"inLanguage\":\"pt-BR\",\"@id\":\"https:\/\/jbcnews.com.br\/#\/schema\/person\/image\/\",\"url\":\"https:\/\/secure.gravatar.com\/avatar\/fe848d2435b65c3ed1cdd3a8e8f3bb2d?s=96&d=mm&r=g\",\"contentUrl\":\"https:\/\/secure.gravatar.com\/avatar\/fe848d2435b65c3ed1cdd3a8e8f3bb2d?s=96&d=mm&r=g\",\"caption\":\"admin\"},\"sameAs\":[\"https:\/\/jbcnews.com.br\"],\"url\":\"https:\/\/jbcnews.com.br\/index.php\/author\/jbcnews\/\"}]}<\/script>\n<!-- \/ Yoast SEO plugin. -->","yoast_head_json":{"title":"Qual o balan\u00e7o da gest\u00e3o de Maia e o que muda com a presid\u00eancia de Lira na C\u00e2mara - JBCNews","robots":{"index":"index","follow":"follow","max-snippet":"max-snippet:-1","max-image-preview":"max-image-preview:large","max-video-preview":"max-video-preview:-1"},"canonical":"https:\/\/jbcnews.com.br\/index.php\/2021\/02\/04\/qual-o-balanco-da-gestao-de-maia-e-o-que-muda-com-a-presidencia-de-lira-na-camara\/","og_locale":"pt_BR","og_type":"article","og_title":"Qual o balan\u00e7o da gest\u00e3o de Maia e o que muda com a presid\u00eancia de Lira na C\u00e2mara - JBCNews","og_description":"Presidente da C\u00e2mara dos Deputados desde 2016,\u00a0Rodrigo Maia\u00a0(DEM)-RJ) encerrou seu mandato em 1\u00ba de fevereiro com derrota na tentativa de eleger seu sucessor. Mais que isso, [\u2026]","og_url":"https:\/\/jbcnews.com.br\/index.php\/2021\/02\/04\/qual-o-balanco-da-gestao-de-maia-e-o-que-muda-com-a-presidencia-de-lira-na-camara\/","og_site_name":"JBCNews","article_published_time":"2021-02-04T19:24:12+00:00","article_modified_time":"2021-05-07T16:40:58+00:00","og_image":[{"width":959,"height":436,"url":"https:\/\/jbcnews.com.br\/wp-content\/uploads\/2021\/02\/imagem-26.png","type":"image\/png"}],"author":"admin","twitter_card":"summary_large_image","twitter_misc":{"Escrito por":"admin","Est. tempo de leitura":"4 minutos"},"schema":{"@context":"https:\/\/schema.org","@graph":[{"@type":"WebPage","@id":"https:\/\/jbcnews.com.br\/index.php\/2021\/02\/04\/qual-o-balanco-da-gestao-de-maia-e-o-que-muda-com-a-presidencia-de-lira-na-camara\/","url":"https:\/\/jbcnews.com.br\/index.php\/2021\/02\/04\/qual-o-balanco-da-gestao-de-maia-e-o-que-muda-com-a-presidencia-de-lira-na-camara\/","name":"Qual o balan\u00e7o da gest\u00e3o de Maia e o que muda com a presid\u00eancia de Lira na C\u00e2mara - JBCNews","isPartOf":{"@id":"https:\/\/jbcnews.com.br\/#website"},"primaryImageOfPage":{"@id":"https:\/\/jbcnews.com.br\/index.php\/2021\/02\/04\/qual-o-balanco-da-gestao-de-maia-e-o-que-muda-com-a-presidencia-de-lira-na-camara\/#primaryimage"},"image":{"@id":"https:\/\/jbcnews.com.br\/index.php\/2021\/02\/04\/qual-o-balanco-da-gestao-de-maia-e-o-que-muda-com-a-presidencia-de-lira-na-camara\/#primaryimage"},"thumbnailUrl":"https:\/\/jbcnews.com.br\/wp-content\/uploads\/2021\/02\/imagem-26.png","datePublished":"2021-02-04T19:24:12+00:00","dateModified":"2021-05-07T16:40:58+00:00","author":{"@id":"https:\/\/jbcnews.com.br\/#\/schema\/person\/3b597ec20ccf92d0adc436057caf9bbe"},"breadcrumb":{"@id":"https:\/\/jbcnews.com.br\/index.php\/2021\/02\/04\/qual-o-balanco-da-gestao-de-maia-e-o-que-muda-com-a-presidencia-de-lira-na-camara\/#breadcrumb"},"inLanguage":"pt-BR","potentialAction":[{"@type":"ReadAction","target":["https:\/\/jbcnews.com.br\/index.php\/2021\/02\/04\/qual-o-balanco-da-gestao-de-maia-e-o-que-muda-com-a-presidencia-de-lira-na-camara\/"]}]},{"@type":"ImageObject","inLanguage":"pt-BR","@id":"https:\/\/jbcnews.com.br\/index.php\/2021\/02\/04\/qual-o-balanco-da-gestao-de-maia-e-o-que-muda-com-a-presidencia-de-lira-na-camara\/#primaryimage","url":"https:\/\/jbcnews.com.br\/wp-content\/uploads\/2021\/02\/imagem-26.png","contentUrl":"https:\/\/jbcnews.com.br\/wp-content\/uploads\/2021\/02\/imagem-26.png","width":959,"height":436},{"@type":"BreadcrumbList","@id":"https:\/\/jbcnews.com.br\/index.php\/2021\/02\/04\/qual-o-balanco-da-gestao-de-maia-e-o-que-muda-com-a-presidencia-de-lira-na-camara\/#breadcrumb","itemListElement":[{"@type":"ListItem","position":1,"name":"In\u00edcio","item":"https:\/\/jbcnews.com.br\/"},{"@type":"ListItem","position":2,"name":"Qual o balan\u00e7o da gest\u00e3o de Maia e o que muda com a presid\u00eancia de Lira na C\u00e2mara"}]},{"@type":"WebSite","@id":"https:\/\/jbcnews.com.br\/#website","url":"https:\/\/jbcnews.com.br\/","name":"JBCNews","description":"Comunica\u00e7\u00e3o e Cultura","potentialAction":[{"@type":"SearchAction","target":{"@type":"EntryPoint","urlTemplate":"https:\/\/jbcnews.com.br\/?s={search_term_string}"},"query-input":"required name=search_term_string"}],"inLanguage":"pt-BR"},{"@type":"Person","@id":"https:\/\/jbcnews.com.br\/#\/schema\/person\/3b597ec20ccf92d0adc436057caf9bbe","name":"admin","image":{"@type":"ImageObject","inLanguage":"pt-BR","@id":"https:\/\/jbcnews.com.br\/#\/schema\/person\/image\/","url":"https:\/\/secure.gravatar.com\/avatar\/fe848d2435b65c3ed1cdd3a8e8f3bb2d?s=96&d=mm&r=g","contentUrl":"https:\/\/secure.gravatar.com\/avatar\/fe848d2435b65c3ed1cdd3a8e8f3bb2d?s=96&d=mm&r=g","caption":"admin"},"sameAs":["https:\/\/jbcnews.com.br"],"url":"https:\/\/jbcnews.com.br\/index.php\/author\/jbcnews\/"}]}},"_links":{"self":[{"href":"https:\/\/jbcnews.com.br\/index.php\/wp-json\/wp\/v2\/posts\/2349"}],"collection":[{"href":"https:\/\/jbcnews.com.br\/index.php\/wp-json\/wp\/v2\/posts"}],"about":[{"href":"https:\/\/jbcnews.com.br\/index.php\/wp-json\/wp\/v2\/types\/post"}],"author":[{"embeddable":true,"href":"https:\/\/jbcnews.com.br\/index.php\/wp-json\/wp\/v2\/users\/1"}],"replies":[{"embeddable":true,"href":"https:\/\/jbcnews.com.br\/index.php\/wp-json\/wp\/v2\/comments?post=2349"}],"version-history":[{"count":1,"href":"https:\/\/jbcnews.com.br\/index.php\/wp-json\/wp\/v2\/posts\/2349\/revisions"}],"predecessor-version":[{"id":2351,"href":"https:\/\/jbcnews.com.br\/index.php\/wp-json\/wp\/v2\/posts\/2349\/revisions\/2351"}],"wp:featuredmedia":[{"embeddable":true,"href":"https:\/\/jbcnews.com.br\/index.php\/wp-json\/wp\/v2\/media\/2350"}],"wp:attachment":[{"href":"https:\/\/jbcnews.com.br\/index.php\/wp-json\/wp\/v2\/media?parent=2349"}],"wp:term":[{"taxonomy":"category","embeddable":true,"href":"https:\/\/jbcnews.com.br\/index.php\/wp-json\/wp\/v2\/categories?post=2349"},{"taxonomy":"post_tag","embeddable":true,"href":"https:\/\/jbcnews.com.br\/index.php\/wp-json\/wp\/v2\/tags?post=2349"}],"curies":[{"name":"wp","href":"https:\/\/api.w.org\/{rel}","templated":true}]}}