{"id":2342,"date":"2021-02-04T19:07:45","date_gmt":"2021-02-04T19:07:45","guid":{"rendered":"https:\/\/jbcnews.com.br\/?p=2342"},"modified":"2021-05-07T16:41:10","modified_gmt":"2021-05-07T16:41:10","slug":"julia-chaib-ranier-bragon-e-danielle-brant","status":"publish","type":"post","link":"https:\/\/jbcnews.com.br\/index.php\/2021\/02\/04\/julia-chaib-ranier-bragon-e-danielle-brant\/","title":{"rendered":"JULIA CHAIB, RANIER BRAGON E DANIELLE BRANT"},"content":{"rendered":"\n<p>(JBCNEWS &#8211; DF) &#8211; Ap\u00f3s adotar como primeira decis\u00e3o de sua gest\u00e3o ato que retirou advers\u00e1rios do comando da C\u00e2mara e rebaixou o cargo do PT, o novo presidente da C\u00e2mara, Arthur Lira (PP-AL), tenta nesta ter\u00e7a-feira (2) fechar um acordo com a oposi\u00e7\u00e3o. Seu grupo de aliados ofereceu aos partidos que formaram o bloco derrotado de Baleia Rossi (MDB-SP) 2 dos 6 cargos na Mesa Diretora -o colegiado que forma a c\u00fapula da Casa e, juntamente com o presidente, \u00e9 respons\u00e1vel por todas as decis\u00f5es administrativas, e algumas pol\u00edticas, da C\u00e2mara. Ap\u00f3s ser eleito em primeiro turno com 302 votos, Lira deixou de lado o discurso de concilia\u00e7\u00e3o e baixou na noite desta segunda ato excluindo praticamente todos os advers\u00e1rios dos cargos de comando. Sob o argumento de que o PT perdeu por seis minutos o prazo para registrar no sistema eletr\u00f4nico sua ades\u00e3o ao bloco de Baleia Rossi, o novo presidente rebaixou o partido do terceiro posto mais importante da Mesa, a primeira-secretaria, para o \u00faltimo, a quarta-secretaria. J\u00e1 PSDB e Rede, que tamb\u00e9m integravam bloco advers\u00e1rio a Lira, perdem os postos a que teriam direito (segunda e quarta secretarias). A c\u00fapula da C\u00e2mara \u00e9 formada pela presid\u00eancia, 1\u00aa e 2\u00aa vices-presid\u00eancias, 1\u00aa, 2\u00aa, 3\u00aa e 4\u00aa secretarias. Esses cargos s\u00e3o distribu\u00eddos proporcionalmente ao tamanho dos blocos formados para a disputa da presid\u00eancia. Enquanto Lira comemorava sua vit\u00f3ria com aliados em uma festa, no Lago Sul de Bras\u00edlia, a oposi\u00e7\u00e3o e integrantes do bloco de Baleia se reuniram at\u00e9 a madrugada desta ter\u00e7a, falaram em golpe e prometeram recorrer ao Supremo Tribunal Federal. Pela tentativa de acordo costurada na manh\u00e3 desta ter\u00e7a, o PT poderia ficar com o quarto cargo mais importante, em vez do sexto (sua ades\u00e3o ao bloco de Baleia Rossi lhe dava direito ao terceiro posto mais importante), al\u00e9m de uma vaga a mais para alguma advers\u00e1rio de Lira, possivelmente o PSDB. Os demais quatro cargos ficariam, todos, com aliados de Lira -PL, PSL, Republicanos e PSD. Reunidos na manh\u00e3 e in\u00edcio da tarde, por\u00e9m, oposi\u00e7\u00e3o e aliados de Baleia manifestaram inten\u00e7\u00e3o de rejeitar a proposta e, na reuni\u00e3o de l\u00edderes partid\u00e1rios com Lira, \u00e0s 14h, defender o adiamento da sess\u00e3o que definir\u00e1 os demais cargos da Mesa, marcado para \u00e0s 18h desta ter\u00e7a. A oposi\u00e7\u00e3o mant\u00e9m a promessa de ingressar no Supremo Tribunal Federal contra a decis\u00e3o de Lira e, se n\u00e3o houver recuo mais substantivo do deputado, promover a chamada obstru\u00e7\u00e3o das vota\u00e7\u00f5es, que \u00e9 recorrer a mecanismos previstos no regimento que acabam atrasando ou at\u00e9 inviabilizando as sess\u00f5es. Nos bastidores, aliados de Baleia aconselharam Lira a buscar o acordo sob o argumento de que a canetada dada na noite de segunda foi um ato de excessivo autoritarismo e pode dificultar em muito sua presid\u00eancia. Embora os 211 deputados que n\u00e3o votaram nele sejam minoria, s\u00e3o em n\u00famero suficiente para dificultar bastante vota\u00e7\u00f5es e demais andamentos da C\u00e2mara.<\/p>\n","protected":false},"excerpt":{"rendered":"<p>(JBCNEWS &#8211; DF) &#8211; Ap\u00f3s adotar como primeira decis\u00e3o de sua gest\u00e3o ato que retirou advers\u00e1rios do comando da C\u00e2mara e rebaixou o cargo do PT,<span class=\"excerpt-hellip\"> [\u2026]<\/span><\/p>\n","protected":false},"author":1,"featured_media":2343,"comment_status":"open","ping_status":"open","sticky":false,"template":"","format":"standard","meta":{"footnotes":""},"categories":[33],"tags":[16,14,15],"yoast_head":"<!-- This site is optimized with the Yoast SEO plugin v22.6 - https:\/\/yoast.com\/wordpress\/plugins\/seo\/ -->\n<title>JULIA CHAIB, RANIER BRAGON E DANIELLE BRANT - JBCNews<\/title>\n<meta name=\"robots\" content=\"index, follow, max-snippet:-1, max-image-preview:large, max-video-preview:-1\" \/>\n<link rel=\"canonical\" href=\"https:\/\/jbcnews.com.br\/index.php\/2021\/02\/04\/julia-chaib-ranier-bragon-e-danielle-brant\/\" \/>\n<meta property=\"og:locale\" content=\"pt_BR\" \/>\n<meta property=\"og:type\" content=\"article\" \/>\n<meta property=\"og:title\" content=\"JULIA CHAIB, RANIER BRAGON E DANIELLE BRANT - JBCNews\" \/>\n<meta property=\"og:description\" content=\"(JBCNEWS &#8211; DF) &#8211; Ap\u00f3s adotar como primeira decis\u00e3o de sua gest\u00e3o ato que retirou advers\u00e1rios do comando da C\u00e2mara e rebaixou o cargo do PT, [\u2026]\" \/>\n<meta property=\"og:url\" content=\"https:\/\/jbcnews.com.br\/index.php\/2021\/02\/04\/julia-chaib-ranier-bragon-e-danielle-brant\/\" \/>\n<meta property=\"og:site_name\" content=\"JBCNews\" \/>\n<meta property=\"article:published_time\" content=\"2021-02-04T19:07:45+00:00\" \/>\n<meta property=\"article:modified_time\" content=\"2021-05-07T16:41:10+00:00\" \/>\n<meta property=\"og:image\" content=\"https:\/\/jbcnews.com.br\/wp-content\/uploads\/2021\/02\/imagem-25.png\" \/>\n\t<meta property=\"og:image:width\" content=\"720\" \/>\n\t<meta property=\"og:image:height\" content=\"388\" \/>\n\t<meta property=\"og:image:type\" content=\"image\/png\" \/>\n<meta name=\"author\" content=\"admin\" \/>\n<meta name=\"twitter:card\" content=\"summary_large_image\" \/>\n<meta name=\"twitter:label1\" content=\"Escrito por\" \/>\n\t<meta name=\"twitter:data1\" content=\"admin\" \/>\n\t<meta name=\"twitter:label2\" content=\"Est. tempo de leitura\" \/>\n\t<meta name=\"twitter:data2\" content=\"3 minutos\" \/>\n<script type=\"application\/ld+json\" class=\"yoast-schema-graph\">{\"@context\":\"https:\/\/schema.org\",\"@graph\":[{\"@type\":\"WebPage\",\"@id\":\"https:\/\/jbcnews.com.br\/index.php\/2021\/02\/04\/julia-chaib-ranier-bragon-e-danielle-brant\/\",\"url\":\"https:\/\/jbcnews.com.br\/index.php\/2021\/02\/04\/julia-chaib-ranier-bragon-e-danielle-brant\/\",\"name\":\"JULIA CHAIB, RANIER BRAGON E DANIELLE BRANT - JBCNews\",\"isPartOf\":{\"@id\":\"https:\/\/jbcnews.com.br\/#website\"},\"primaryImageOfPage\":{\"@id\":\"https:\/\/jbcnews.com.br\/index.php\/2021\/02\/04\/julia-chaib-ranier-bragon-e-danielle-brant\/#primaryimage\"},\"image\":{\"@id\":\"https:\/\/jbcnews.com.br\/index.php\/2021\/02\/04\/julia-chaib-ranier-bragon-e-danielle-brant\/#primaryimage\"},\"thumbnailUrl\":\"https:\/\/jbcnews.com.br\/wp-content\/uploads\/2021\/02\/imagem-25.png\",\"datePublished\":\"2021-02-04T19:07:45+00:00\",\"dateModified\":\"2021-05-07T16:41:10+00:00\",\"author\":{\"@id\":\"https:\/\/jbcnews.com.br\/#\/schema\/person\/3b597ec20ccf92d0adc436057caf9bbe\"},\"breadcrumb\":{\"@id\":\"https:\/\/jbcnews.com.br\/index.php\/2021\/02\/04\/julia-chaib-ranier-bragon-e-danielle-brant\/#breadcrumb\"},\"inLanguage\":\"pt-BR\",\"potentialAction\":[{\"@type\":\"ReadAction\",\"target\":[\"https:\/\/jbcnews.com.br\/index.php\/2021\/02\/04\/julia-chaib-ranier-bragon-e-danielle-brant\/\"]}]},{\"@type\":\"ImageObject\",\"inLanguage\":\"pt-BR\",\"@id\":\"https:\/\/jbcnews.com.br\/index.php\/2021\/02\/04\/julia-chaib-ranier-bragon-e-danielle-brant\/#primaryimage\",\"url\":\"https:\/\/jbcnews.com.br\/wp-content\/uploads\/2021\/02\/imagem-25.png\",\"contentUrl\":\"https:\/\/jbcnews.com.br\/wp-content\/uploads\/2021\/02\/imagem-25.png\",\"width\":720,\"height\":388},{\"@type\":\"BreadcrumbList\",\"@id\":\"https:\/\/jbcnews.com.br\/index.php\/2021\/02\/04\/julia-chaib-ranier-bragon-e-danielle-brant\/#breadcrumb\",\"itemListElement\":[{\"@type\":\"ListItem\",\"position\":1,\"name\":\"In\u00edcio\",\"item\":\"https:\/\/jbcnews.com.br\/\"},{\"@type\":\"ListItem\",\"position\":2,\"name\":\"JULIA CHAIB, RANIER BRAGON E DANIELLE BRANT\"}]},{\"@type\":\"WebSite\",\"@id\":\"https:\/\/jbcnews.com.br\/#website\",\"url\":\"https:\/\/jbcnews.com.br\/\",\"name\":\"JBCNews\",\"description\":\"Comunica\u00e7\u00e3o e Cultura\",\"potentialAction\":[{\"@type\":\"SearchAction\",\"target\":{\"@type\":\"EntryPoint\",\"urlTemplate\":\"https:\/\/jbcnews.com.br\/?s={search_term_string}\"},\"query-input\":\"required name=search_term_string\"}],\"inLanguage\":\"pt-BR\"},{\"@type\":\"Person\",\"@id\":\"https:\/\/jbcnews.com.br\/#\/schema\/person\/3b597ec20ccf92d0adc436057caf9bbe\",\"name\":\"admin\",\"image\":{\"@type\":\"ImageObject\",\"inLanguage\":\"pt-BR\",\"@id\":\"https:\/\/jbcnews.com.br\/#\/schema\/person\/image\/\",\"url\":\"https:\/\/secure.gravatar.com\/avatar\/fe848d2435b65c3ed1cdd3a8e8f3bb2d?s=96&d=mm&r=g\",\"contentUrl\":\"https:\/\/secure.gravatar.com\/avatar\/fe848d2435b65c3ed1cdd3a8e8f3bb2d?s=96&d=mm&r=g\",\"caption\":\"admin\"},\"sameAs\":[\"https:\/\/jbcnews.com.br\"],\"url\":\"https:\/\/jbcnews.com.br\/index.php\/author\/jbcnews\/\"}]}<\/script>\n<!-- \/ Yoast SEO plugin. -->","yoast_head_json":{"title":"JULIA CHAIB, RANIER BRAGON E DANIELLE BRANT - JBCNews","robots":{"index":"index","follow":"follow","max-snippet":"max-snippet:-1","max-image-preview":"max-image-preview:large","max-video-preview":"max-video-preview:-1"},"canonical":"https:\/\/jbcnews.com.br\/index.php\/2021\/02\/04\/julia-chaib-ranier-bragon-e-danielle-brant\/","og_locale":"pt_BR","og_type":"article","og_title":"JULIA CHAIB, RANIER BRAGON E DANIELLE BRANT - JBCNews","og_description":"(JBCNEWS &#8211; DF) &#8211; Ap\u00f3s adotar como primeira decis\u00e3o de sua gest\u00e3o ato que retirou advers\u00e1rios do comando da C\u00e2mara e rebaixou o cargo do PT, [\u2026]","og_url":"https:\/\/jbcnews.com.br\/index.php\/2021\/02\/04\/julia-chaib-ranier-bragon-e-danielle-brant\/","og_site_name":"JBCNews","article_published_time":"2021-02-04T19:07:45+00:00","article_modified_time":"2021-05-07T16:41:10+00:00","og_image":[{"width":720,"height":388,"url":"https:\/\/jbcnews.com.br\/wp-content\/uploads\/2021\/02\/imagem-25.png","type":"image\/png"}],"author":"admin","twitter_card":"summary_large_image","twitter_misc":{"Escrito por":"admin","Est. tempo de leitura":"3 minutos"},"schema":{"@context":"https:\/\/schema.org","@graph":[{"@type":"WebPage","@id":"https:\/\/jbcnews.com.br\/index.php\/2021\/02\/04\/julia-chaib-ranier-bragon-e-danielle-brant\/","url":"https:\/\/jbcnews.com.br\/index.php\/2021\/02\/04\/julia-chaib-ranier-bragon-e-danielle-brant\/","name":"JULIA CHAIB, RANIER BRAGON E DANIELLE BRANT - JBCNews","isPartOf":{"@id":"https:\/\/jbcnews.com.br\/#website"},"primaryImageOfPage":{"@id":"https:\/\/jbcnews.com.br\/index.php\/2021\/02\/04\/julia-chaib-ranier-bragon-e-danielle-brant\/#primaryimage"},"image":{"@id":"https:\/\/jbcnews.com.br\/index.php\/2021\/02\/04\/julia-chaib-ranier-bragon-e-danielle-brant\/#primaryimage"},"thumbnailUrl":"https:\/\/jbcnews.com.br\/wp-content\/uploads\/2021\/02\/imagem-25.png","datePublished":"2021-02-04T19:07:45+00:00","dateModified":"2021-05-07T16:41:10+00:00","author":{"@id":"https:\/\/jbcnews.com.br\/#\/schema\/person\/3b597ec20ccf92d0adc436057caf9bbe"},"breadcrumb":{"@id":"https:\/\/jbcnews.com.br\/index.php\/2021\/02\/04\/julia-chaib-ranier-bragon-e-danielle-brant\/#breadcrumb"},"inLanguage":"pt-BR","potentialAction":[{"@type":"ReadAction","target":["https:\/\/jbcnews.com.br\/index.php\/2021\/02\/04\/julia-chaib-ranier-bragon-e-danielle-brant\/"]}]},{"@type":"ImageObject","inLanguage":"pt-BR","@id":"https:\/\/jbcnews.com.br\/index.php\/2021\/02\/04\/julia-chaib-ranier-bragon-e-danielle-brant\/#primaryimage","url":"https:\/\/jbcnews.com.br\/wp-content\/uploads\/2021\/02\/imagem-25.png","contentUrl":"https:\/\/jbcnews.com.br\/wp-content\/uploads\/2021\/02\/imagem-25.png","width":720,"height":388},{"@type":"BreadcrumbList","@id":"https:\/\/jbcnews.com.br\/index.php\/2021\/02\/04\/julia-chaib-ranier-bragon-e-danielle-brant\/#breadcrumb","itemListElement":[{"@type":"ListItem","position":1,"name":"In\u00edcio","item":"https:\/\/jbcnews.com.br\/"},{"@type":"ListItem","position":2,"name":"JULIA CHAIB, RANIER BRAGON E DANIELLE BRANT"}]},{"@type":"WebSite","@id":"https:\/\/jbcnews.com.br\/#website","url":"https:\/\/jbcnews.com.br\/","name":"JBCNews","description":"Comunica\u00e7\u00e3o e Cultura","potentialAction":[{"@type":"SearchAction","target":{"@type":"EntryPoint","urlTemplate":"https:\/\/jbcnews.com.br\/?s={search_term_string}"},"query-input":"required name=search_term_string"}],"inLanguage":"pt-BR"},{"@type":"Person","@id":"https:\/\/jbcnews.com.br\/#\/schema\/person\/3b597ec20ccf92d0adc436057caf9bbe","name":"admin","image":{"@type":"ImageObject","inLanguage":"pt-BR","@id":"https:\/\/jbcnews.com.br\/#\/schema\/person\/image\/","url":"https:\/\/secure.gravatar.com\/avatar\/fe848d2435b65c3ed1cdd3a8e8f3bb2d?s=96&d=mm&r=g","contentUrl":"https:\/\/secure.gravatar.com\/avatar\/fe848d2435b65c3ed1cdd3a8e8f3bb2d?s=96&d=mm&r=g","caption":"admin"},"sameAs":["https:\/\/jbcnews.com.br"],"url":"https:\/\/jbcnews.com.br\/index.php\/author\/jbcnews\/"}]}},"_links":{"self":[{"href":"https:\/\/jbcnews.com.br\/index.php\/wp-json\/wp\/v2\/posts\/2342"}],"collection":[{"href":"https:\/\/jbcnews.com.br\/index.php\/wp-json\/wp\/v2\/posts"}],"about":[{"href":"https:\/\/jbcnews.com.br\/index.php\/wp-json\/wp\/v2\/types\/post"}],"author":[{"embeddable":true,"href":"https:\/\/jbcnews.com.br\/index.php\/wp-json\/wp\/v2\/users\/1"}],"replies":[{"embeddable":true,"href":"https:\/\/jbcnews.com.br\/index.php\/wp-json\/wp\/v2\/comments?post=2342"}],"version-history":[{"count":1,"href":"https:\/\/jbcnews.com.br\/index.php\/wp-json\/wp\/v2\/posts\/2342\/revisions"}],"predecessor-version":[{"id":2344,"href":"https:\/\/jbcnews.com.br\/index.php\/wp-json\/wp\/v2\/posts\/2342\/revisions\/2344"}],"wp:featuredmedia":[{"embeddable":true,"href":"https:\/\/jbcnews.com.br\/index.php\/wp-json\/wp\/v2\/media\/2343"}],"wp:attachment":[{"href":"https:\/\/jbcnews.com.br\/index.php\/wp-json\/wp\/v2\/media?parent=2342"}],"wp:term":[{"taxonomy":"category","embeddable":true,"href":"https:\/\/jbcnews.com.br\/index.php\/wp-json\/wp\/v2\/categories?post=2342"},{"taxonomy":"post_tag","embeddable":true,"href":"https:\/\/jbcnews.com.br\/index.php\/wp-json\/wp\/v2\/tags?post=2342"}],"curies":[{"name":"wp","href":"https:\/\/api.w.org\/{rel}","templated":true}]}}